{"id":13099,"date":"2022-02-28T05:48:32","date_gmt":"2022-02-28T04:48:32","guid":{"rendered":"https:\/\/radioleinewelle.de\/?p=13099"},"modified":"2022-02-28T05:48:32","modified_gmt":"2022-02-28T04:48:32","slug":"cdu-goettingen-nominiert-carina-hermann-als-landtagskandidatin","status":"publish","type":"post","link":"https:\/\/radioleinewelle.de\/index.php\/2022\/02\/28\/cdu-goettingen-nominiert-carina-hermann-als-landtagskandidatin\/","title":{"rendered":"CDU G\u00f6ttingen nominiert Carina Hermann als Landtagskandidatin"},"content":{"rendered":"\n<p>Die CDU G\u00f6ttingen hat auf ihrer Aufstellungsversammlung am 26. Februar Carina Hermann mit gro\u00dfer Mehrheit als Kandidatin f\u00fcr die Landtagswahl am 09. Oktober 2022 nominiert.<\/p>\n\n\n\n<p>&#8222;Mit Carina Hermann wird der Landtag in Hannover eine entschlossene und couragierte Frau erhalten. Sie ist bereit Kontroversen sachgerecht aufzuarbeiten, um die besten L\u00f6sungen auf den Weg zu bringen. Bereits als Vorsitzende des CDU Stadtverbandes hat sie Tatkraft und Engagement ausgezeichnet.&#8220;, so der CDU-Kreisvorsitzende Fritz G\u00fcntzler, MdB, der die Aufstellungsversammlung leitete.<\/p>\n\n\n\n<p>\u201eIch bedanke mich sehr f\u00fcr das gro\u00dfe Vertrauen und freue mich nun auf den bevorstehenden Wahlkampf. Es gibt viele Themen und Probleme, die wir angehen m\u00fcssen und werden!\u201c, so die frisch nominierte Landtagskandidatin Hermann.<\/p>\n\n\n\n<p>Hermann setze ihren Themenschwerpunkt in den Bereichen Sicherheit und Ordnung. In diesen kenne Sie die Themen, die Herausforderungen und den notwendigen Verbesserungsbedarf. Als Volljuristin und Richterin wisse sie, wie wichtig ein gut funktionierendes Rechtssystem f\u00fcr die Sicherheit und das Sicherheitsgef\u00fchl der B\u00fcrgerinnen und B\u00fcrger sei.<\/p>\n\n\n\n<p>Aber auch in der Wirtschaftspolitik m\u00fcsse man die zentralen Aufgaben z\u00fcgig angehen. Eine wirkliche Transformation der Wirtschaft durch Dekarbonisierung und effektiven Umweltschutz sei ebenso wichtig, wie die Wahrung von Wohlstand und Sicherung von Arbeitspl\u00e4tzen, so Hermann \u00fcber ihre Themen.<\/p>\n\n\n\n<p>Foto: CDU G\u00f6ttingen<\/p>\n","protected":false},"excerpt":{"rendered":"<p>Die CDU G\u00f6ttingen hat auf ihrer Aufstellungsversammlung am 26. Februar Carina Hermann mit gro\u00dfer Mehrheit als Kandidatin f\u00fcr die Landtagswahl am 09. Oktober 2022 nominiert. &#8222;Mit Carina Hermann wird der Landtag in Hannover eine entschlossene und couragierte Frau erhalten. Sie ist bereit Kontroversen sachgerecht aufzuarbeiten, um die besten L\u00f6sungen auf den Weg zu bringen. Bereits [&hellip;]<\/p>\n","protected":false},"author":1,"featured_media":0,"comment_status":"closed","ping_status":"closed","sticky":false,"template":"","format":"standard","meta":{"saved_in_kubio":false,"footnotes":""},"categories":[39],"tags":[339,479,2939],"class_list":["post-13099","post","type-post","status-publish","format-standard","hentry","category-lokalpolitik","tag-carina-hermann","tag-cdu-goettingen","tag-cdu-lantagskandidatin-goettingen"],"yoast_head":"<!-- This site is optimized with the Yoast SEO plugin v27.5 - https:\/\/yoast.com\/product\/yoast-seo-wordpress\/ -->\n<title>CDU G\u00f6ttingen nominiert Carina Hermann als Landtagskandidatin - Radio Leinewelle<\/title>\n<meta name=\"robots\" content=\"index, follow, max-snippet:-1, max-image-preview:large, max-video-preview:-1\" \/>\n<link rel=\"canonical\" href=\"https:\/\/radioleinewelle.de\/index.php\/2022\/02\/28\/cdu-goettingen-nominiert-carina-hermann-als-landtagskandidatin\/\" \/>\n<meta property=\"og:locale\" content=\"de_DE\" \/>\n<meta property=\"og:type\" content=\"article\" \/>\n<meta property=\"og:title\" content=\"CDU G\u00f6ttingen nominiert Carina Hermann als Landtagskandidatin - Radio Leinewelle\" \/>\n<meta property=\"og:description\" content=\"Die CDU G\u00f6ttingen hat auf ihrer Aufstellungsversammlung am 26. Februar Carina Hermann mit gro\u00dfer Mehrheit als Kandidatin f\u00fcr die Landtagswahl am 09. Oktober 2022 nominiert. &#8222;Mit Carina Hermann wird der Landtag in Hannover eine entschlossene und couragierte Frau erhalten. Sie ist bereit Kontroversen sachgerecht aufzuarbeiten, um die besten L\u00f6sungen auf den Weg zu bringen. Bereits [&hellip;]\" \/>\n<meta property=\"og:url\" content=\"https:\/\/radioleinewelle.de\/index.php\/2022\/02\/28\/cdu-goettingen-nominiert-carina-hermann-als-landtagskandidatin\/\" \/>\n<meta property=\"og:site_name\" content=\"Radio Leinewelle\" \/>\n<meta property=\"article:publisher\" content=\"https:\/\/www.facebook.com\/radioleinewelle\" \/>\n<meta property=\"article:author\" content=\"https:\/\/www.facebook.com\/radioleinewelle\" \/>\n<meta property=\"article:published_time\" content=\"2022-02-28T04:48:32+00:00\" \/>\n<meta name=\"author\" content=\"Leinewelle\" \/>\n<meta name=\"twitter:card\" content=\"summary_large_image\" \/>\n<meta name=\"twitter:creator\" content=\"@https:\/\/twitter.com\/RLeinewelle?ref_src=twsrcgoogletwcampserptwgrauthor\" \/>\n<meta name=\"twitter:site\" content=\"@RLeinewelle\" \/>\n<meta name=\"twitter:label1\" content=\"Verfasst von\" \/>\n\t<meta name=\"twitter:data1\" content=\"Leinewelle\" \/>\n\t<meta name=\"twitter:label2\" content=\"Gesch\u00e4tzte Lesezeit\" \/>\n\t<meta name=\"twitter:data2\" content=\"2\u00a0Minuten\" \/>\n<script type=\"application\/ld+json\" class=\"yoast-schema-graph\">{\"@context\":\"https:\\\/\\\/schema.org\",\"@graph\":[{\"@type\":\"Article\",\"@id\":\"https:\\\/\\\/radioleinewelle.de\\\/index.php\\\/2022\\\/02\\\/28\\\/cdu-goettingen-nominiert-carina-hermann-als-landtagskandidatin\\\/#article\",\"isPartOf\":{\"@id\":\"https:\\\/\\\/radioleinewelle.de\\\/index.php\\\/2022\\\/02\\\/28\\\/cdu-goettingen-nominiert-carina-hermann-als-landtagskandidatin\\\/\"},\"author\":{\"name\":\"Leinewelle\",\"@id\":\"https:\\\/\\\/radioleinewelle.de\\\/#\\\/schema\\\/person\\\/45606f348637df637192dc1b68399a63\"},\"headline\":\"CDU G\u00f6ttingen nominiert Carina Hermann als Landtagskandidatin\",\"datePublished\":\"2022-02-28T04:48:32+00:00\",\"mainEntityOfPage\":{\"@id\":\"https:\\\/\\\/radioleinewelle.de\\\/index.php\\\/2022\\\/02\\\/28\\\/cdu-goettingen-nominiert-carina-hermann-als-landtagskandidatin\\\/\"},\"wordCount\":218,\"publisher\":{\"@id\":\"https:\\\/\\\/radioleinewelle.de\\\/#organization\"},\"keywords\":[\"Carina Hermann\",\"CDU G\u00f6ttingen\",\"CDU Lantagskandidatin G\u00f6ttingen\"],\"articleSection\":[\"Lokalpolitik\"],\"inLanguage\":\"de\"},{\"@type\":\"WebPage\",\"@id\":\"https:\\\/\\\/radioleinewelle.de\\\/index.php\\\/2022\\\/02\\\/28\\\/cdu-goettingen-nominiert-carina-hermann-als-landtagskandidatin\\\/\",\"url\":\"https:\\\/\\\/radioleinewelle.de\\\/index.php\\\/2022\\\/02\\\/28\\\/cdu-goettingen-nominiert-carina-hermann-als-landtagskandidatin\\\/\",\"name\":\"CDU G\u00f6ttingen nominiert Carina Hermann als Landtagskandidatin - Radio Leinewelle\",\"isPartOf\":{\"@id\":\"https:\\\/\\\/radioleinewelle.de\\\/#website\"},\"datePublished\":\"2022-02-28T04:48:32+00:00\",\"breadcrumb\":{\"@id\":\"https:\\\/\\\/radioleinewelle.de\\\/index.php\\\/2022\\\/02\\\/28\\\/cdu-goettingen-nominiert-carina-hermann-als-landtagskandidatin\\\/#breadcrumb\"},\"inLanguage\":\"de\",\"potentialAction\":[{\"@type\":\"ReadAction\",\"target\":[\"https:\\\/\\\/radioleinewelle.de\\\/index.php\\\/2022\\\/02\\\/28\\\/cdu-goettingen-nominiert-carina-hermann-als-landtagskandidatin\\\/\"]}]},{\"@type\":\"BreadcrumbList\",\"@id\":\"https:\\\/\\\/radioleinewelle.de\\\/index.php\\\/2022\\\/02\\\/28\\\/cdu-goettingen-nominiert-carina-hermann-als-landtagskandidatin\\\/#breadcrumb\",\"itemListElement\":[{\"@type\":\"ListItem\",\"position\":1,\"name\":\"Startseite\",\"item\":\"https:\\\/\\\/radioleinewelle.de\\\/\"},{\"@type\":\"ListItem\",\"position\":2,\"name\":\"CDU G\u00f6ttingen nominiert Carina Hermann als Landtagskandidatin\"}]},{\"@type\":\"WebSite\",\"@id\":\"https:\\\/\\\/radioleinewelle.de\\\/#website\",\"url\":\"https:\\\/\\\/radioleinewelle.de\\\/\",\"name\":\"Radio Leinewelle\",\"description\":\"\",\"publisher\":{\"@id\":\"https:\\\/\\\/radioleinewelle.de\\\/#organization\"},\"potentialAction\":[{\"@type\":\"SearchAction\",\"target\":{\"@type\":\"EntryPoint\",\"urlTemplate\":\"https:\\\/\\\/radioleinewelle.de\\\/?s={search_term_string}\"},\"query-input\":{\"@type\":\"PropertyValueSpecification\",\"valueRequired\":true,\"valueName\":\"search_term_string\"}}],\"inLanguage\":\"de\"},{\"@type\":\"Organization\",\"@id\":\"https:\\\/\\\/radioleinewelle.de\\\/#organization\",\"name\":\"Radio Leinewelle\",\"alternateName\":\"Mein Radio f\u00fcr S\u00fcdniedersachsen\",\"url\":\"https:\\\/\\\/radioleinewelle.de\\\/\",\"logo\":{\"@type\":\"ImageObject\",\"inLanguage\":\"de\",\"@id\":\"https:\\\/\\\/radioleinewelle.de\\\/#\\\/schema\\\/logo\\\/image\\\/\",\"url\":\"https:\\\/\\\/radioleinewelle.de\\\/wp-content\\\/uploads\\\/2023\\\/11\\\/cropped-Leinewelle_Logo_weiss.png\",\"contentUrl\":\"https:\\\/\\\/radioleinewelle.de\\\/wp-content\\\/uploads\\\/2023\\\/11\\\/cropped-Leinewelle_Logo_weiss.png\",\"width\":854,\"height\":260,\"caption\":\"Radio Leinewelle\"},\"image\":{\"@id\":\"https:\\\/\\\/radioleinewelle.de\\\/#\\\/schema\\\/logo\\\/image\\\/\"},\"sameAs\":[\"https:\\\/\\\/www.facebook.com\\\/radioleinewelle\",\"https:\\\/\\\/x.com\\\/RLeinewelle\",\"https:\\\/\\\/www.instagram.com\\\/radioleinewelle\\\/?hl=de\"]},{\"@type\":\"Person\",\"@id\":\"https:\\\/\\\/radioleinewelle.de\\\/#\\\/schema\\\/person\\\/45606f348637df637192dc1b68399a63\",\"name\":\"Leinewelle\",\"image\":{\"@type\":\"ImageObject\",\"inLanguage\":\"de\",\"@id\":\"https:\\\/\\\/secure.gravatar.com\\\/avatar\\\/05c9a17bc973052ee5d91549bd32fb4dd0dc85b7b85ae94b2e2b4943476bbea5?s=96&d=blank&r=g\",\"url\":\"https:\\\/\\\/secure.gravatar.com\\\/avatar\\\/05c9a17bc973052ee5d91549bd32fb4dd0dc85b7b85ae94b2e2b4943476bbea5?s=96&d=blank&r=g\",\"contentUrl\":\"https:\\\/\\\/secure.gravatar.com\\\/avatar\\\/05c9a17bc973052ee5d91549bd32fb4dd0dc85b7b85ae94b2e2b4943476bbea5?s=96&d=blank&r=g\",\"caption\":\"Leinewelle\"},\"sameAs\":[\"http:\\\/\\\/localhost\\\/radio%20leinewelle\\\/wordpress\",\"https:\\\/\\\/www.facebook.com\\\/radioleinewelle\",\"https:\\\/\\\/www.instagram.com\\\/radioleinewelle\",\"https:\\\/\\\/x.com\\\/https:\\\/\\\/twitter.com\\\/RLeinewelle?ref_src=twsrcgoogletwcampserptwgrauthor\",\"https:\\\/\\\/soundcloud.com\\\/foerderverein-lokalradio?utm_source=clipboard&utm_medium=text&utm_campaign=social_sharing\"],\"url\":\"https:\\\/\\\/radioleinewelle.de\\\/index.php\\\/author\\\/leinewelle\\\/\"}]}<\/script>\n<!-- \/ Yoast SEO plugin. -->","yoast_head_json":{"title":"CDU G\u00f6ttingen nominiert Carina Hermann als Landtagskandidatin - Radio Leinewelle","robots":{"index":"index","follow":"follow","max-snippet":"max-snippet:-1","max-image-preview":"max-image-preview:large","max-video-preview":"max-video-preview:-1"},"canonical":"https:\/\/radioleinewelle.de\/index.php\/2022\/02\/28\/cdu-goettingen-nominiert-carina-hermann-als-landtagskandidatin\/","og_locale":"de_DE","og_type":"article","og_title":"CDU G\u00f6ttingen nominiert Carina Hermann als Landtagskandidatin - Radio Leinewelle","og_description":"Die CDU G\u00f6ttingen hat auf ihrer Aufstellungsversammlung am 26. Februar Carina Hermann mit gro\u00dfer Mehrheit als Kandidatin f\u00fcr die Landtagswahl am 09. Oktober 2022 nominiert. &#8222;Mit Carina Hermann wird der Landtag in Hannover eine entschlossene und couragierte Frau erhalten. Sie ist bereit Kontroversen sachgerecht aufzuarbeiten, um die besten L\u00f6sungen auf den Weg zu bringen. Bereits [&hellip;]","og_url":"https:\/\/radioleinewelle.de\/index.php\/2022\/02\/28\/cdu-goettingen-nominiert-carina-hermann-als-landtagskandidatin\/","og_site_name":"Radio Leinewelle","article_publisher":"https:\/\/www.facebook.com\/radioleinewelle","article_author":"https:\/\/www.facebook.com\/radioleinewelle","article_published_time":"2022-02-28T04:48:32+00:00","author":"Leinewelle","twitter_card":"summary_large_image","twitter_creator":"@https:\/\/twitter.com\/RLeinewelle?ref_src=twsrcgoogletwcampserptwgrauthor","twitter_site":"@RLeinewelle","twitter_misc":{"Verfasst von":"Leinewelle","Gesch\u00e4tzte Lesezeit":"2\u00a0Minuten"},"schema":{"@context":"https:\/\/schema.org","@graph":[{"@type":"Article","@id":"https:\/\/radioleinewelle.de\/index.php\/2022\/02\/28\/cdu-goettingen-nominiert-carina-hermann-als-landtagskandidatin\/#article","isPartOf":{"@id":"https:\/\/radioleinewelle.de\/index.php\/2022\/02\/28\/cdu-goettingen-nominiert-carina-hermann-als-landtagskandidatin\/"},"author":{"name":"Leinewelle","@id":"https:\/\/radioleinewelle.de\/#\/schema\/person\/45606f348637df637192dc1b68399a63"},"headline":"CDU G\u00f6ttingen nominiert Carina Hermann als Landtagskandidatin","datePublished":"2022-02-28T04:48:32+00:00","mainEntityOfPage":{"@id":"https:\/\/radioleinewelle.de\/index.php\/2022\/02\/28\/cdu-goettingen-nominiert-carina-hermann-als-landtagskandidatin\/"},"wordCount":218,"publisher":{"@id":"https:\/\/radioleinewelle.de\/#organization"},"keywords":["Carina Hermann","CDU G\u00f6ttingen","CDU Lantagskandidatin G\u00f6ttingen"],"articleSection":["Lokalpolitik"],"inLanguage":"de"},{"@type":"WebPage","@id":"https:\/\/radioleinewelle.de\/index.php\/2022\/02\/28\/cdu-goettingen-nominiert-carina-hermann-als-landtagskandidatin\/","url":"https:\/\/radioleinewelle.de\/index.php\/2022\/02\/28\/cdu-goettingen-nominiert-carina-hermann-als-landtagskandidatin\/","name":"CDU G\u00f6ttingen nominiert Carina Hermann als Landtagskandidatin - Radio Leinewelle","isPartOf":{"@id":"https:\/\/radioleinewelle.de\/#website"},"datePublished":"2022-02-28T04:48:32+00:00","breadcrumb":{"@id":"https:\/\/radioleinewelle.de\/index.php\/2022\/02\/28\/cdu-goettingen-nominiert-carina-hermann-als-landtagskandidatin\/#breadcrumb"},"inLanguage":"de","potentialAction":[{"@type":"ReadAction","target":["https:\/\/radioleinewelle.de\/index.php\/2022\/02\/28\/cdu-goettingen-nominiert-carina-hermann-als-landtagskandidatin\/"]}]},{"@type":"BreadcrumbList","@id":"https:\/\/radioleinewelle.de\/index.php\/2022\/02\/28\/cdu-goettingen-nominiert-carina-hermann-als-landtagskandidatin\/#breadcrumb","itemListElement":[{"@type":"ListItem","position":1,"name":"Startseite","item":"https:\/\/radioleinewelle.de\/"},{"@type":"ListItem","position":2,"name":"CDU G\u00f6ttingen nominiert Carina Hermann als Landtagskandidatin"}]},{"@type":"WebSite","@id":"https:\/\/radioleinewelle.de\/#website","url":"https:\/\/radioleinewelle.de\/","name":"Radio Leinewelle","description":"","publisher":{"@id":"https:\/\/radioleinewelle.de\/#organization"},"potentialAction":[{"@type":"SearchAction","target":{"@type":"EntryPoint","urlTemplate":"https:\/\/radioleinewelle.de\/?s={search_term_string}"},"query-input":{"@type":"PropertyValueSpecification","valueRequired":true,"valueName":"search_term_string"}}],"inLanguage":"de"},{"@type":"Organization","@id":"https:\/\/radioleinewelle.de\/#organization","name":"Radio Leinewelle","alternateName":"Mein Radio f\u00fcr S\u00fcdniedersachsen","url":"https:\/\/radioleinewelle.de\/","logo":{"@type":"ImageObject","inLanguage":"de","@id":"https:\/\/radioleinewelle.de\/#\/schema\/logo\/image\/","url":"https:\/\/radioleinewelle.de\/wp-content\/uploads\/2023\/11\/cropped-Leinewelle_Logo_weiss.png","contentUrl":"https:\/\/radioleinewelle.de\/wp-content\/uploads\/2023\/11\/cropped-Leinewelle_Logo_weiss.png","width":854,"height":260,"caption":"Radio Leinewelle"},"image":{"@id":"https:\/\/radioleinewelle.de\/#\/schema\/logo\/image\/"},"sameAs":["https:\/\/www.facebook.com\/radioleinewelle","https:\/\/x.com\/RLeinewelle","https:\/\/www.instagram.com\/radioleinewelle\/?hl=de"]},{"@type":"Person","@id":"https:\/\/radioleinewelle.de\/#\/schema\/person\/45606f348637df637192dc1b68399a63","name":"Leinewelle","image":{"@type":"ImageObject","inLanguage":"de","@id":"https:\/\/secure.gravatar.com\/avatar\/05c9a17bc973052ee5d91549bd32fb4dd0dc85b7b85ae94b2e2b4943476bbea5?s=96&d=blank&r=g","url":"https:\/\/secure.gravatar.com\/avatar\/05c9a17bc973052ee5d91549bd32fb4dd0dc85b7b85ae94b2e2b4943476bbea5?s=96&d=blank&r=g","contentUrl":"https:\/\/secure.gravatar.com\/avatar\/05c9a17bc973052ee5d91549bd32fb4dd0dc85b7b85ae94b2e2b4943476bbea5?s=96&d=blank&r=g","caption":"Leinewelle"},"sameAs":["http:\/\/localhost\/radio%20leinewelle\/wordpress","https:\/\/www.facebook.com\/radioleinewelle","https:\/\/www.instagram.com\/radioleinewelle","https:\/\/x.com\/https:\/\/twitter.com\/RLeinewelle?ref_src=twsrcgoogletwcampserptwgrauthor","https:\/\/soundcloud.com\/foerderverein-lokalradio?utm_source=clipboard&utm_medium=text&utm_campaign=social_sharing"],"url":"https:\/\/radioleinewelle.de\/index.php\/author\/leinewelle\/"}]}},"_links":{"self":[{"href":"https:\/\/radioleinewelle.de\/index.php\/wp-json\/wp\/v2\/posts\/13099","targetHints":{"allow":["GET"]}}],"collection":[{"href":"https:\/\/radioleinewelle.de\/index.php\/wp-json\/wp\/v2\/posts"}],"about":[{"href":"https:\/\/radioleinewelle.de\/index.php\/wp-json\/wp\/v2\/types\/post"}],"author":[{"embeddable":true,"href":"https:\/\/radioleinewelle.de\/index.php\/wp-json\/wp\/v2\/users\/1"}],"replies":[{"embeddable":true,"href":"https:\/\/radioleinewelle.de\/index.php\/wp-json\/wp\/v2\/comments?post=13099"}],"version-history":[{"count":0,"href":"https:\/\/radioleinewelle.de\/index.php\/wp-json\/wp\/v2\/posts\/13099\/revisions"}],"wp:attachment":[{"href":"https:\/\/radioleinewelle.de\/index.php\/wp-json\/wp\/v2\/media?parent=13099"}],"wp:term":[{"taxonomy":"category","embeddable":true,"href":"https:\/\/radioleinewelle.de\/index.php\/wp-json\/wp\/v2\/categories?post=13099"},{"taxonomy":"post_tag","embeddable":true,"href":"https:\/\/radioleinewelle.de\/index.php\/wp-json\/wp\/v2\/tags?post=13099"}],"curies":[{"name":"wp","href":"https:\/\/api.w.org\/{rel}","templated":true}]}}