{"id":13106,"date":"2022-02-28T10:42:42","date_gmt":"2022-02-28T09:42:42","guid":{"rendered":"https:\/\/radioleinewelle.de\/?p=13106"},"modified":"2022-02-28T10:42:42","modified_gmt":"2022-02-28T09:42:42","slug":"1000-buergerinnen-bei-friedensaktion-der-stadt-goettingen","status":"publish","type":"post","link":"https:\/\/radioleinewelle.de\/index.php\/2022\/02\/28\/1000-buergerinnen-bei-friedensaktion-der-stadt-goettingen\/","title":{"rendered":"1000 B\u00fcrger:innen bei Friedensaktion der Stadt G\u00f6ttingen"},"content":{"rendered":"\n<p>Es war eine beeindruckende Kundgebung gegen den Krieg in der Ukraine am vergangenen Samstag in G\u00f6ttingen. Ca. 1000 G\u00f6ttinger:innen versammelten sich schweigend vor dem neuen Rathaus. Ein Bild der Geschlossenheit und Solidarit\u00e4t von Politik, Universit\u00e4t, Kirchen und Zivilgesellschaft. Nach der Ansprache von Oberb\u00fcrgermeisterin Petra Broistedt berichtete u.a. ein Ukrainerin \u00fcber die Situation in ihrem Land. Ein \u00f6kumenisches Gebet und das Abstellen von Kerzen schlossen die Veranstaltung ab.<br \/><a href=\"https:\/\/www.facebook.com\/radioleinewelle\/\"><strong>Mehr Bilder auf Facebook<\/strong><\/a><\/p>\n\n\n\n<p>Foto: \u00a9Radio Leinewelle (ue)<\/p>\n","protected":false},"excerpt":{"rendered":"<p>Es war eine beeindruckende Kundgebung gegen den Krieg in der Ukraine am vergangenen Samstag in G\u00f6ttingen. Ca. 1000 G\u00f6ttinger:innen versammelten sich schweigend vor dem neuen Rathaus. Ein Bild der Geschlossenheit und Solidarit\u00e4t von Politik, Universit\u00e4t, Kirchen und Zivilgesellschaft. Nach der Ansprache von Oberb\u00fcrgermeisterin Petra Broistedt berichtete u.a. ein Ukrainerin \u00fcber die Situation in ihrem Land. [&hellip;]<\/p>\n","protected":false},"author":1,"featured_media":13108,"comment_status":"closed","ping_status":"closed","sticky":false,"template":"","format":"standard","meta":{"saved_in_kubio":false,"footnotes":""},"categories":[2936],"tags":[2940,176,2941],"class_list":["post-13106","post","type-post","status-publish","format-standard","has-post-thumbnail","hentry","category-ukraine","tag-friedensaktion-stadt-goettingen","tag-petra-broistedt","tag-ukraine"],"yoast_head":"<!-- This site is optimized with the Yoast SEO plugin v27.5 - https:\/\/yoast.com\/product\/yoast-seo-wordpress\/ -->\n<title>1000 B\u00fcrger:innen bei Friedensaktion der Stadt G\u00f6ttingen - Radio Leinewelle<\/title>\n<meta name=\"robots\" content=\"index, follow, max-snippet:-1, max-image-preview:large, max-video-preview:-1\" \/>\n<link rel=\"canonical\" href=\"https:\/\/radioleinewelle.de\/index.php\/2022\/02\/28\/1000-buergerinnen-bei-friedensaktion-der-stadt-goettingen\/\" \/>\n<meta property=\"og:locale\" content=\"de_DE\" \/>\n<meta property=\"og:type\" content=\"article\" \/>\n<meta property=\"og:title\" content=\"1000 B\u00fcrger:innen bei Friedensaktion der Stadt G\u00f6ttingen - Radio Leinewelle\" \/>\n<meta property=\"og:description\" content=\"Es war eine beeindruckende Kundgebung gegen den Krieg in der Ukraine am vergangenen Samstag in G\u00f6ttingen. Ca. 1000 G\u00f6ttinger:innen versammelten sich schweigend vor dem neuen Rathaus. Ein Bild der Geschlossenheit und Solidarit\u00e4t von Politik, Universit\u00e4t, Kirchen und Zivilgesellschaft. Nach der Ansprache von Oberb\u00fcrgermeisterin Petra Broistedt berichtete u.a. ein Ukrainerin \u00fcber die Situation in ihrem Land. [&hellip;]\" \/>\n<meta property=\"og:url\" content=\"https:\/\/radioleinewelle.de\/index.php\/2022\/02\/28\/1000-buergerinnen-bei-friedensaktion-der-stadt-goettingen\/\" \/>\n<meta property=\"og:site_name\" content=\"Radio Leinewelle\" \/>\n<meta property=\"article:publisher\" content=\"https:\/\/www.facebook.com\/radioleinewelle\" \/>\n<meta property=\"article:author\" content=\"https:\/\/www.facebook.com\/radioleinewelle\" \/>\n<meta property=\"article:published_time\" content=\"2022-02-28T09:42:42+00:00\" \/>\n<meta property=\"og:image\" content=\"https:\/\/radioleinewelle.de\/wp-content\/uploads\/2022\/02\/Friedensaktion-Goettingen.jpeg\" \/>\n\t<meta property=\"og:image:width\" content=\"2048\" \/>\n\t<meta property=\"og:image:height\" content=\"1152\" \/>\n\t<meta property=\"og:image:type\" content=\"image\/jpeg\" \/>\n<meta name=\"author\" content=\"Leinewelle\" \/>\n<meta name=\"twitter:card\" content=\"summary_large_image\" \/>\n<meta name=\"twitter:creator\" content=\"@https:\/\/twitter.com\/RLeinewelle?ref_src=twsrcgoogletwcampserptwgrauthor\" \/>\n<meta name=\"twitter:site\" content=\"@RLeinewelle\" \/>\n<meta name=\"twitter:label1\" content=\"Verfasst von\" \/>\n\t<meta name=\"twitter:data1\" content=\"Leinewelle\" \/>\n\t<meta name=\"twitter:label2\" content=\"Gesch\u00e4tzte Lesezeit\" \/>\n\t<meta name=\"twitter:data2\" content=\"1\u00a0Minute\" \/>\n<script type=\"application\/ld+json\" class=\"yoast-schema-graph\">{\"@context\":\"https:\\\/\\\/schema.org\",\"@graph\":[{\"@type\":\"Article\",\"@id\":\"https:\\\/\\\/radioleinewelle.de\\\/index.php\\\/2022\\\/02\\\/28\\\/1000-buergerinnen-bei-friedensaktion-der-stadt-goettingen\\\/#article\",\"isPartOf\":{\"@id\":\"https:\\\/\\\/radioleinewelle.de\\\/index.php\\\/2022\\\/02\\\/28\\\/1000-buergerinnen-bei-friedensaktion-der-stadt-goettingen\\\/\"},\"author\":{\"name\":\"Leinewelle\",\"@id\":\"https:\\\/\\\/radioleinewelle.de\\\/#\\\/schema\\\/person\\\/45606f348637df637192dc1b68399a63\"},\"headline\":\"1000 B\u00fcrger:innen bei Friedensaktion der Stadt G\u00f6ttingen\",\"datePublished\":\"2022-02-28T09:42:42+00:00\",\"mainEntityOfPage\":{\"@id\":\"https:\\\/\\\/radioleinewelle.de\\\/index.php\\\/2022\\\/02\\\/28\\\/1000-buergerinnen-bei-friedensaktion-der-stadt-goettingen\\\/\"},\"wordCount\":90,\"publisher\":{\"@id\":\"https:\\\/\\\/radioleinewelle.de\\\/#organization\"},\"image\":{\"@id\":\"https:\\\/\\\/radioleinewelle.de\\\/index.php\\\/2022\\\/02\\\/28\\\/1000-buergerinnen-bei-friedensaktion-der-stadt-goettingen\\\/#primaryimage\"},\"thumbnailUrl\":\"https:\\\/\\\/radioleinewelle.de\\\/wp-content\\\/uploads\\\/2022\\\/02\\\/Friedensaktion-Goettingen.jpeg\",\"keywords\":[\"Friedensaktion Stadt G\u00f6ttingen\",\"Petra Broistedt\",\"Ukraine\"],\"articleSection\":[\"Ukraine\"],\"inLanguage\":\"de\"},{\"@type\":\"WebPage\",\"@id\":\"https:\\\/\\\/radioleinewelle.de\\\/index.php\\\/2022\\\/02\\\/28\\\/1000-buergerinnen-bei-friedensaktion-der-stadt-goettingen\\\/\",\"url\":\"https:\\\/\\\/radioleinewelle.de\\\/index.php\\\/2022\\\/02\\\/28\\\/1000-buergerinnen-bei-friedensaktion-der-stadt-goettingen\\\/\",\"name\":\"1000 B\u00fcrger:innen bei Friedensaktion der Stadt G\u00f6ttingen - Radio Leinewelle\",\"isPartOf\":{\"@id\":\"https:\\\/\\\/radioleinewelle.de\\\/#website\"},\"primaryImageOfPage\":{\"@id\":\"https:\\\/\\\/radioleinewelle.de\\\/index.php\\\/2022\\\/02\\\/28\\\/1000-buergerinnen-bei-friedensaktion-der-stadt-goettingen\\\/#primaryimage\"},\"image\":{\"@id\":\"https:\\\/\\\/radioleinewelle.de\\\/index.php\\\/2022\\\/02\\\/28\\\/1000-buergerinnen-bei-friedensaktion-der-stadt-goettingen\\\/#primaryimage\"},\"thumbnailUrl\":\"https:\\\/\\\/radioleinewelle.de\\\/wp-content\\\/uploads\\\/2022\\\/02\\\/Friedensaktion-Goettingen.jpeg\",\"datePublished\":\"2022-02-28T09:42:42+00:00\",\"breadcrumb\":{\"@id\":\"https:\\\/\\\/radioleinewelle.de\\\/index.php\\\/2022\\\/02\\\/28\\\/1000-buergerinnen-bei-friedensaktion-der-stadt-goettingen\\\/#breadcrumb\"},\"inLanguage\":\"de\",\"potentialAction\":[{\"@type\":\"ReadAction\",\"target\":[\"https:\\\/\\\/radioleinewelle.de\\\/index.php\\\/2022\\\/02\\\/28\\\/1000-buergerinnen-bei-friedensaktion-der-stadt-goettingen\\\/\"]}]},{\"@type\":\"ImageObject\",\"inLanguage\":\"de\",\"@id\":\"https:\\\/\\\/radioleinewelle.de\\\/index.php\\\/2022\\\/02\\\/28\\\/1000-buergerinnen-bei-friedensaktion-der-stadt-goettingen\\\/#primaryimage\",\"url\":\"https:\\\/\\\/radioleinewelle.de\\\/wp-content\\\/uploads\\\/2022\\\/02\\\/Friedensaktion-Goettingen.jpeg\",\"contentUrl\":\"https:\\\/\\\/radioleinewelle.de\\\/wp-content\\\/uploads\\\/2022\\\/02\\\/Friedensaktion-Goettingen.jpeg\",\"width\":2048,\"height\":1152},{\"@type\":\"BreadcrumbList\",\"@id\":\"https:\\\/\\\/radioleinewelle.de\\\/index.php\\\/2022\\\/02\\\/28\\\/1000-buergerinnen-bei-friedensaktion-der-stadt-goettingen\\\/#breadcrumb\",\"itemListElement\":[{\"@type\":\"ListItem\",\"position\":1,\"name\":\"Startseite\",\"item\":\"https:\\\/\\\/radioleinewelle.de\\\/\"},{\"@type\":\"ListItem\",\"position\":2,\"name\":\"1000 B\u00fcrger:innen bei Friedensaktion der Stadt G\u00f6ttingen\"}]},{\"@type\":\"WebSite\",\"@id\":\"https:\\\/\\\/radioleinewelle.de\\\/#website\",\"url\":\"https:\\\/\\\/radioleinewelle.de\\\/\",\"name\":\"Radio Leinewelle\",\"description\":\"\",\"publisher\":{\"@id\":\"https:\\\/\\\/radioleinewelle.de\\\/#organization\"},\"potentialAction\":[{\"@type\":\"SearchAction\",\"target\":{\"@type\":\"EntryPoint\",\"urlTemplate\":\"https:\\\/\\\/radioleinewelle.de\\\/?s={search_term_string}\"},\"query-input\":{\"@type\":\"PropertyValueSpecification\",\"valueRequired\":true,\"valueName\":\"search_term_string\"}}],\"inLanguage\":\"de\"},{\"@type\":\"Organization\",\"@id\":\"https:\\\/\\\/radioleinewelle.de\\\/#organization\",\"name\":\"Radio Leinewelle\",\"alternateName\":\"Mein Radio f\u00fcr S\u00fcdniedersachsen\",\"url\":\"https:\\\/\\\/radioleinewelle.de\\\/\",\"logo\":{\"@type\":\"ImageObject\",\"inLanguage\":\"de\",\"@id\":\"https:\\\/\\\/radioleinewelle.de\\\/#\\\/schema\\\/logo\\\/image\\\/\",\"url\":\"https:\\\/\\\/radioleinewelle.de\\\/wp-content\\\/uploads\\\/2023\\\/11\\\/cropped-Leinewelle_Logo_weiss.png\",\"contentUrl\":\"https:\\\/\\\/radioleinewelle.de\\\/wp-content\\\/uploads\\\/2023\\\/11\\\/cropped-Leinewelle_Logo_weiss.png\",\"width\":854,\"height\":260,\"caption\":\"Radio Leinewelle\"},\"image\":{\"@id\":\"https:\\\/\\\/radioleinewelle.de\\\/#\\\/schema\\\/logo\\\/image\\\/\"},\"sameAs\":[\"https:\\\/\\\/www.facebook.com\\\/radioleinewelle\",\"https:\\\/\\\/x.com\\\/RLeinewelle\",\"https:\\\/\\\/www.instagram.com\\\/radioleinewelle\\\/?hl=de\"]},{\"@type\":\"Person\",\"@id\":\"https:\\\/\\\/radioleinewelle.de\\\/#\\\/schema\\\/person\\\/45606f348637df637192dc1b68399a63\",\"name\":\"Leinewelle\",\"image\":{\"@type\":\"ImageObject\",\"inLanguage\":\"de\",\"@id\":\"https:\\\/\\\/secure.gravatar.com\\\/avatar\\\/05c9a17bc973052ee5d91549bd32fb4dd0dc85b7b85ae94b2e2b4943476bbea5?s=96&d=blank&r=g\",\"url\":\"https:\\\/\\\/secure.gravatar.com\\\/avatar\\\/05c9a17bc973052ee5d91549bd32fb4dd0dc85b7b85ae94b2e2b4943476bbea5?s=96&d=blank&r=g\",\"contentUrl\":\"https:\\\/\\\/secure.gravatar.com\\\/avatar\\\/05c9a17bc973052ee5d91549bd32fb4dd0dc85b7b85ae94b2e2b4943476bbea5?s=96&d=blank&r=g\",\"caption\":\"Leinewelle\"},\"sameAs\":[\"http:\\\/\\\/localhost\\\/radio%20leinewelle\\\/wordpress\",\"https:\\\/\\\/www.facebook.com\\\/radioleinewelle\",\"https:\\\/\\\/www.instagram.com\\\/radioleinewelle\",\"https:\\\/\\\/x.com\\\/https:\\\/\\\/twitter.com\\\/RLeinewelle?ref_src=twsrcgoogletwcampserptwgrauthor\",\"https:\\\/\\\/soundcloud.com\\\/foerderverein-lokalradio?utm_source=clipboard&utm_medium=text&utm_campaign=social_sharing\"],\"url\":\"https:\\\/\\\/radioleinewelle.de\\\/index.php\\\/author\\\/leinewelle\\\/\"}]}<\/script>\n<!-- \/ Yoast SEO plugin. -->","yoast_head_json":{"title":"1000 B\u00fcrger:innen bei Friedensaktion der Stadt G\u00f6ttingen - Radio Leinewelle","robots":{"index":"index","follow":"follow","max-snippet":"max-snippet:-1","max-image-preview":"max-image-preview:large","max-video-preview":"max-video-preview:-1"},"canonical":"https:\/\/radioleinewelle.de\/index.php\/2022\/02\/28\/1000-buergerinnen-bei-friedensaktion-der-stadt-goettingen\/","og_locale":"de_DE","og_type":"article","og_title":"1000 B\u00fcrger:innen bei Friedensaktion der Stadt G\u00f6ttingen - Radio Leinewelle","og_description":"Es war eine beeindruckende Kundgebung gegen den Krieg in der Ukraine am vergangenen Samstag in G\u00f6ttingen. Ca. 1000 G\u00f6ttinger:innen versammelten sich schweigend vor dem neuen Rathaus. Ein Bild der Geschlossenheit und Solidarit\u00e4t von Politik, Universit\u00e4t, Kirchen und Zivilgesellschaft. Nach der Ansprache von Oberb\u00fcrgermeisterin Petra Broistedt berichtete u.a. ein Ukrainerin \u00fcber die Situation in ihrem Land. [&hellip;]","og_url":"https:\/\/radioleinewelle.de\/index.php\/2022\/02\/28\/1000-buergerinnen-bei-friedensaktion-der-stadt-goettingen\/","og_site_name":"Radio Leinewelle","article_publisher":"https:\/\/www.facebook.com\/radioleinewelle","article_author":"https:\/\/www.facebook.com\/radioleinewelle","article_published_time":"2022-02-28T09:42:42+00:00","og_image":[{"width":2048,"height":1152,"url":"https:\/\/radioleinewelle.de\/wp-content\/uploads\/2022\/02\/Friedensaktion-Goettingen.jpeg","type":"image\/jpeg"}],"author":"Leinewelle","twitter_card":"summary_large_image","twitter_creator":"@https:\/\/twitter.com\/RLeinewelle?ref_src=twsrcgoogletwcampserptwgrauthor","twitter_site":"@RLeinewelle","twitter_misc":{"Verfasst von":"Leinewelle","Gesch\u00e4tzte Lesezeit":"1\u00a0Minute"},"schema":{"@context":"https:\/\/schema.org","@graph":[{"@type":"Article","@id":"https:\/\/radioleinewelle.de\/index.php\/2022\/02\/28\/1000-buergerinnen-bei-friedensaktion-der-stadt-goettingen\/#article","isPartOf":{"@id":"https:\/\/radioleinewelle.de\/index.php\/2022\/02\/28\/1000-buergerinnen-bei-friedensaktion-der-stadt-goettingen\/"},"author":{"name":"Leinewelle","@id":"https:\/\/radioleinewelle.de\/#\/schema\/person\/45606f348637df637192dc1b68399a63"},"headline":"1000 B\u00fcrger:innen bei Friedensaktion der Stadt G\u00f6ttingen","datePublished":"2022-02-28T09:42:42+00:00","mainEntityOfPage":{"@id":"https:\/\/radioleinewelle.de\/index.php\/2022\/02\/28\/1000-buergerinnen-bei-friedensaktion-der-stadt-goettingen\/"},"wordCount":90,"publisher":{"@id":"https:\/\/radioleinewelle.de\/#organization"},"image":{"@id":"https:\/\/radioleinewelle.de\/index.php\/2022\/02\/28\/1000-buergerinnen-bei-friedensaktion-der-stadt-goettingen\/#primaryimage"},"thumbnailUrl":"https:\/\/radioleinewelle.de\/wp-content\/uploads\/2022\/02\/Friedensaktion-Goettingen.jpeg","keywords":["Friedensaktion Stadt G\u00f6ttingen","Petra Broistedt","Ukraine"],"articleSection":["Ukraine"],"inLanguage":"de"},{"@type":"WebPage","@id":"https:\/\/radioleinewelle.de\/index.php\/2022\/02\/28\/1000-buergerinnen-bei-friedensaktion-der-stadt-goettingen\/","url":"https:\/\/radioleinewelle.de\/index.php\/2022\/02\/28\/1000-buergerinnen-bei-friedensaktion-der-stadt-goettingen\/","name":"1000 B\u00fcrger:innen bei Friedensaktion der Stadt G\u00f6ttingen - Radio Leinewelle","isPartOf":{"@id":"https:\/\/radioleinewelle.de\/#website"},"primaryImageOfPage":{"@id":"https:\/\/radioleinewelle.de\/index.php\/2022\/02\/28\/1000-buergerinnen-bei-friedensaktion-der-stadt-goettingen\/#primaryimage"},"image":{"@id":"https:\/\/radioleinewelle.de\/index.php\/2022\/02\/28\/1000-buergerinnen-bei-friedensaktion-der-stadt-goettingen\/#primaryimage"},"thumbnailUrl":"https:\/\/radioleinewelle.de\/wp-content\/uploads\/2022\/02\/Friedensaktion-Goettingen.jpeg","datePublished":"2022-02-28T09:42:42+00:00","breadcrumb":{"@id":"https:\/\/radioleinewelle.de\/index.php\/2022\/02\/28\/1000-buergerinnen-bei-friedensaktion-der-stadt-goettingen\/#breadcrumb"},"inLanguage":"de","potentialAction":[{"@type":"ReadAction","target":["https:\/\/radioleinewelle.de\/index.php\/2022\/02\/28\/1000-buergerinnen-bei-friedensaktion-der-stadt-goettingen\/"]}]},{"@type":"ImageObject","inLanguage":"de","@id":"https:\/\/radioleinewelle.de\/index.php\/2022\/02\/28\/1000-buergerinnen-bei-friedensaktion-der-stadt-goettingen\/#primaryimage","url":"https:\/\/radioleinewelle.de\/wp-content\/uploads\/2022\/02\/Friedensaktion-Goettingen.jpeg","contentUrl":"https:\/\/radioleinewelle.de\/wp-content\/uploads\/2022\/02\/Friedensaktion-Goettingen.jpeg","width":2048,"height":1152},{"@type":"BreadcrumbList","@id":"https:\/\/radioleinewelle.de\/index.php\/2022\/02\/28\/1000-buergerinnen-bei-friedensaktion-der-stadt-goettingen\/#breadcrumb","itemListElement":[{"@type":"ListItem","position":1,"name":"Startseite","item":"https:\/\/radioleinewelle.de\/"},{"@type":"ListItem","position":2,"name":"1000 B\u00fcrger:innen bei Friedensaktion der Stadt G\u00f6ttingen"}]},{"@type":"WebSite","@id":"https:\/\/radioleinewelle.de\/#website","url":"https:\/\/radioleinewelle.de\/","name":"Radio Leinewelle","description":"","publisher":{"@id":"https:\/\/radioleinewelle.de\/#organization"},"potentialAction":[{"@type":"SearchAction","target":{"@type":"EntryPoint","urlTemplate":"https:\/\/radioleinewelle.de\/?s={search_term_string}"},"query-input":{"@type":"PropertyValueSpecification","valueRequired":true,"valueName":"search_term_string"}}],"inLanguage":"de"},{"@type":"Organization","@id":"https:\/\/radioleinewelle.de\/#organization","name":"Radio Leinewelle","alternateName":"Mein Radio f\u00fcr S\u00fcdniedersachsen","url":"https:\/\/radioleinewelle.de\/","logo":{"@type":"ImageObject","inLanguage":"de","@id":"https:\/\/radioleinewelle.de\/#\/schema\/logo\/image\/","url":"https:\/\/radioleinewelle.de\/wp-content\/uploads\/2023\/11\/cropped-Leinewelle_Logo_weiss.png","contentUrl":"https:\/\/radioleinewelle.de\/wp-content\/uploads\/2023\/11\/cropped-Leinewelle_Logo_weiss.png","width":854,"height":260,"caption":"Radio Leinewelle"},"image":{"@id":"https:\/\/radioleinewelle.de\/#\/schema\/logo\/image\/"},"sameAs":["https:\/\/www.facebook.com\/radioleinewelle","https:\/\/x.com\/RLeinewelle","https:\/\/www.instagram.com\/radioleinewelle\/?hl=de"]},{"@type":"Person","@id":"https:\/\/radioleinewelle.de\/#\/schema\/person\/45606f348637df637192dc1b68399a63","name":"Leinewelle","image":{"@type":"ImageObject","inLanguage":"de","@id":"https:\/\/secure.gravatar.com\/avatar\/05c9a17bc973052ee5d91549bd32fb4dd0dc85b7b85ae94b2e2b4943476bbea5?s=96&d=blank&r=g","url":"https:\/\/secure.gravatar.com\/avatar\/05c9a17bc973052ee5d91549bd32fb4dd0dc85b7b85ae94b2e2b4943476bbea5?s=96&d=blank&r=g","contentUrl":"https:\/\/secure.gravatar.com\/avatar\/05c9a17bc973052ee5d91549bd32fb4dd0dc85b7b85ae94b2e2b4943476bbea5?s=96&d=blank&r=g","caption":"Leinewelle"},"sameAs":["http:\/\/localhost\/radio%20leinewelle\/wordpress","https:\/\/www.facebook.com\/radioleinewelle","https:\/\/www.instagram.com\/radioleinewelle","https:\/\/x.com\/https:\/\/twitter.com\/RLeinewelle?ref_src=twsrcgoogletwcampserptwgrauthor","https:\/\/soundcloud.com\/foerderverein-lokalradio?utm_source=clipboard&utm_medium=text&utm_campaign=social_sharing"],"url":"https:\/\/radioleinewelle.de\/index.php\/author\/leinewelle\/"}]}},"_links":{"self":[{"href":"https:\/\/radioleinewelle.de\/index.php\/wp-json\/wp\/v2\/posts\/13106","targetHints":{"allow":["GET"]}}],"collection":[{"href":"https:\/\/radioleinewelle.de\/index.php\/wp-json\/wp\/v2\/posts"}],"about":[{"href":"https:\/\/radioleinewelle.de\/index.php\/wp-json\/wp\/v2\/types\/post"}],"author":[{"embeddable":true,"href":"https:\/\/radioleinewelle.de\/index.php\/wp-json\/wp\/v2\/users\/1"}],"replies":[{"embeddable":true,"href":"https:\/\/radioleinewelle.de\/index.php\/wp-json\/wp\/v2\/comments?post=13106"}],"version-history":[{"count":0,"href":"https:\/\/radioleinewelle.de\/index.php\/wp-json\/wp\/v2\/posts\/13106\/revisions"}],"wp:featuredmedia":[{"embeddable":true,"href":"https:\/\/radioleinewelle.de\/index.php\/wp-json\/wp\/v2\/media\/13108"}],"wp:attachment":[{"href":"https:\/\/radioleinewelle.de\/index.php\/wp-json\/wp\/v2\/media?parent=13106"}],"wp:term":[{"taxonomy":"category","embeddable":true,"href":"https:\/\/radioleinewelle.de\/index.php\/wp-json\/wp\/v2\/categories?post=13106"},{"taxonomy":"post_tag","embeddable":true,"href":"https:\/\/radioleinewelle.de\/index.php\/wp-json\/wp\/v2\/tags?post=13106"}],"curies":[{"name":"wp","href":"https:\/\/api.w.org\/{rel}","templated":true}]}}