{"id":13130,"date":"2022-03-02T05:26:04","date_gmt":"2022-03-02T04:26:04","guid":{"rendered":"https:\/\/radioleinewelle.de\/?p=13130"},"modified":"2022-03-02T05:26:04","modified_gmt":"2022-03-02T04:26:04","slug":"umg-sorgt-sich-um-zivilbevoelkerung-im-ukraine-krieg","status":"publish","type":"post","link":"https:\/\/radioleinewelle.de\/index.php\/2022\/03\/02\/umg-sorgt-sich-um-zivilbevoelkerung-im-ukraine-krieg\/","title":{"rendered":"UMG sorgt sich um Zivilbev\u00f6lkerung im Ukraine-Krieg"},"content":{"rendered":"\n<p>(umg) Der Vorstand der Universit\u00e4tsmedizin G\u00f6ttingen (UMG) verurteilt Aggression und Gewalt gegen Leib und Leben der Menschen in der Ukraine. \u201eDie UMG sorgt sich um die Zivilbev\u00f6lkerung in der Ukraine, die jetzt um ihr Leben und ihre Unversehrtheit f\u00fcrchten muss\u201c, sagt Professor Dr. Wolfgang Br\u00fcck, Sprecher des Vorstandes der UMG. \u201eWir werden die medizinische Versorgung vor Ort mit Verbandsmaterial und n\u00f6tigen medizinischen Hilfsg\u00fctern unterst\u00fctzen. Au\u00dferdem steht die UMG \u00fcber ihre Klinik f\u00fcr Unfallchirurgie, Orthop\u00e4die und Plastische Chirurgie in enger Abstimmung mit dem Traumanetzwerk der Deutschen Gesellschaft f\u00fcr Unfallchirurgie f\u00fcr die \u00dcbernahme und Versorgung schwerverletzter ukrainischer Menschen bereit. Dieses Angebot in der Notlage der ukrainischen Bev\u00f6lkerung und ihres Gesundheitssystems hat die UMG umgehend der koordinierenden Landesregierung gemacht.\u201c<\/p>\n\n\n\n<p>Die UMG lehrt, forscht und arbeitet international, allein rund 700 Mitarbeitende stammen aus 96 L\u00e4ndern. \u201eF\u00fcr Forschung und Studium ist das internationale Zusammenwirken unserer Wissenschaftler*innen, Dozierenden und Studierenden elementar. Das schlie\u00dft jede Form von Gewalt und Diskriminierung gem\u00e4\u00df dem Genfer Gel\u00f6bnis aus\u201c, sagt Vorstandssprecher Prof. Wolfgang Br\u00fcck. Etwa 30 ukrainische Mitarbeitende, Forschende und Medizinstudierende arbeiten, lehren und lernen an der UMG. \u201eWir f\u00fchlen mit ihnen in ihrer Sorge um ihre Angeh\u00f6rigen und bei ihrer Ohnmacht, nicht helfen und Sicherheit herstellen zu k\u00f6nnen\u201c, so Wolfgang Br\u00fcck.<\/p>\n\n\n\n<p>Foto:\u00a9UMG Michael Mehle (Drohnenaufnahme)<\/p>\n","protected":false},"excerpt":{"rendered":"<p>(umg) Der Vorstand der Universit\u00e4tsmedizin G\u00f6ttingen (UMG) verurteilt Aggression und Gewalt gegen Leib und Leben der Menschen in der Ukraine. \u201eDie UMG sorgt sich um die Zivilbev\u00f6lkerung in der Ukraine, die jetzt um ihr Leben und ihre Unversehrtheit f\u00fcrchten muss\u201c, sagt Professor Dr. Wolfgang Br\u00fcck, Sprecher des Vorstandes der UMG. \u201eWir werden die medizinische Versorgung [&hellip;]<\/p>\n","protected":false},"author":1,"featured_media":13132,"comment_status":"closed","ping_status":"closed","sticky":false,"template":"","format":"standard","meta":{"saved_in_kubio":false,"footnotes":""},"categories":[2936],"tags":[2947],"class_list":["post-13130","post","type-post","status-publish","format-standard","has-post-thumbnail","hentry","category-ukraine","tag-verletztenversorgung-ukraine"],"yoast_head":"<!-- This site is optimized with the Yoast SEO plugin v27.5 - https:\/\/yoast.com\/product\/yoast-seo-wordpress\/ -->\n<title>UMG sorgt sich um Zivilbev\u00f6lkerung im Ukraine-Krieg - Radio Leinewelle<\/title>\n<meta name=\"robots\" content=\"index, follow, max-snippet:-1, max-image-preview:large, max-video-preview:-1\" \/>\n<link rel=\"canonical\" href=\"https:\/\/radioleinewelle.de\/index.php\/2022\/03\/02\/umg-sorgt-sich-um-zivilbevoelkerung-im-ukraine-krieg\/\" \/>\n<meta property=\"og:locale\" content=\"de_DE\" \/>\n<meta property=\"og:type\" content=\"article\" \/>\n<meta property=\"og:title\" content=\"UMG sorgt sich um Zivilbev\u00f6lkerung im Ukraine-Krieg - Radio Leinewelle\" \/>\n<meta property=\"og:description\" content=\"(umg) Der Vorstand der Universit\u00e4tsmedizin G\u00f6ttingen (UMG) verurteilt Aggression und Gewalt gegen Leib und Leben der Menschen in der Ukraine. \u201eDie UMG sorgt sich um die Zivilbev\u00f6lkerung in der Ukraine, die jetzt um ihr Leben und ihre Unversehrtheit f\u00fcrchten muss\u201c, sagt Professor Dr. Wolfgang Br\u00fcck, Sprecher des Vorstandes der UMG. \u201eWir werden die medizinische Versorgung [&hellip;]\" \/>\n<meta property=\"og:url\" content=\"https:\/\/radioleinewelle.de\/index.php\/2022\/03\/02\/umg-sorgt-sich-um-zivilbevoelkerung-im-ukraine-krieg\/\" \/>\n<meta property=\"og:site_name\" content=\"Radio Leinewelle\" \/>\n<meta property=\"article:publisher\" content=\"https:\/\/www.facebook.com\/radioleinewelle\" \/>\n<meta property=\"article:author\" content=\"https:\/\/www.facebook.com\/radioleinewelle\" \/>\n<meta property=\"article:published_time\" content=\"2022-03-02T04:26:04+00:00\" \/>\n<meta property=\"og:image\" content=\"https:\/\/radioleinewelle.de\/wp-content\/uploads\/2022\/03\/Klinikum_Aussen_NordSued-Achse_Drohne_06-2015_eng_1_300dpi.jpg\" \/>\n\t<meta property=\"og:image:width\" content=\"1772\" \/>\n\t<meta property=\"og:image:height\" content=\"961\" \/>\n\t<meta property=\"og:image:type\" content=\"image\/jpeg\" \/>\n<meta name=\"author\" content=\"Leinewelle\" \/>\n<meta name=\"twitter:card\" content=\"summary_large_image\" \/>\n<meta name=\"twitter:creator\" content=\"@https:\/\/twitter.com\/RLeinewelle?ref_src=twsrcgoogletwcampserptwgrauthor\" \/>\n<meta name=\"twitter:site\" content=\"@RLeinewelle\" \/>\n<meta name=\"twitter:label1\" content=\"Verfasst von\" \/>\n\t<meta name=\"twitter:data1\" content=\"Leinewelle\" \/>\n\t<meta name=\"twitter:label2\" content=\"Gesch\u00e4tzte Lesezeit\" \/>\n\t<meta name=\"twitter:data2\" content=\"2\u00a0Minuten\" \/>\n<script type=\"application\/ld+json\" class=\"yoast-schema-graph\">{\"@context\":\"https:\\\/\\\/schema.org\",\"@graph\":[{\"@type\":\"Article\",\"@id\":\"https:\\\/\\\/radioleinewelle.de\\\/index.php\\\/2022\\\/03\\\/02\\\/umg-sorgt-sich-um-zivilbevoelkerung-im-ukraine-krieg\\\/#article\",\"isPartOf\":{\"@id\":\"https:\\\/\\\/radioleinewelle.de\\\/index.php\\\/2022\\\/03\\\/02\\\/umg-sorgt-sich-um-zivilbevoelkerung-im-ukraine-krieg\\\/\"},\"author\":{\"name\":\"Leinewelle\",\"@id\":\"https:\\\/\\\/radioleinewelle.de\\\/#\\\/schema\\\/person\\\/45606f348637df637192dc1b68399a63\"},\"headline\":\"UMG sorgt sich um Zivilbev\u00f6lkerung im Ukraine-Krieg\",\"datePublished\":\"2022-03-02T04:26:04+00:00\",\"mainEntityOfPage\":{\"@id\":\"https:\\\/\\\/radioleinewelle.de\\\/index.php\\\/2022\\\/03\\\/02\\\/umg-sorgt-sich-um-zivilbevoelkerung-im-ukraine-krieg\\\/\"},\"wordCount\":235,\"publisher\":{\"@id\":\"https:\\\/\\\/radioleinewelle.de\\\/#organization\"},\"image\":{\"@id\":\"https:\\\/\\\/radioleinewelle.de\\\/index.php\\\/2022\\\/03\\\/02\\\/umg-sorgt-sich-um-zivilbevoelkerung-im-ukraine-krieg\\\/#primaryimage\"},\"thumbnailUrl\":\"https:\\\/\\\/radioleinewelle.de\\\/wp-content\\\/uploads\\\/2022\\\/03\\\/Klinikum_Aussen_NordSued-Achse_Drohne_06-2015_eng_1_300dpi.jpg\",\"keywords\":[\"Verletztenversorgung Ukraine\"],\"articleSection\":[\"Ukraine\"],\"inLanguage\":\"de\"},{\"@type\":\"WebPage\",\"@id\":\"https:\\\/\\\/radioleinewelle.de\\\/index.php\\\/2022\\\/03\\\/02\\\/umg-sorgt-sich-um-zivilbevoelkerung-im-ukraine-krieg\\\/\",\"url\":\"https:\\\/\\\/radioleinewelle.de\\\/index.php\\\/2022\\\/03\\\/02\\\/umg-sorgt-sich-um-zivilbevoelkerung-im-ukraine-krieg\\\/\",\"name\":\"UMG sorgt sich um Zivilbev\u00f6lkerung im Ukraine-Krieg - Radio Leinewelle\",\"isPartOf\":{\"@id\":\"https:\\\/\\\/radioleinewelle.de\\\/#website\"},\"primaryImageOfPage\":{\"@id\":\"https:\\\/\\\/radioleinewelle.de\\\/index.php\\\/2022\\\/03\\\/02\\\/umg-sorgt-sich-um-zivilbevoelkerung-im-ukraine-krieg\\\/#primaryimage\"},\"image\":{\"@id\":\"https:\\\/\\\/radioleinewelle.de\\\/index.php\\\/2022\\\/03\\\/02\\\/umg-sorgt-sich-um-zivilbevoelkerung-im-ukraine-krieg\\\/#primaryimage\"},\"thumbnailUrl\":\"https:\\\/\\\/radioleinewelle.de\\\/wp-content\\\/uploads\\\/2022\\\/03\\\/Klinikum_Aussen_NordSued-Achse_Drohne_06-2015_eng_1_300dpi.jpg\",\"datePublished\":\"2022-03-02T04:26:04+00:00\",\"breadcrumb\":{\"@id\":\"https:\\\/\\\/radioleinewelle.de\\\/index.php\\\/2022\\\/03\\\/02\\\/umg-sorgt-sich-um-zivilbevoelkerung-im-ukraine-krieg\\\/#breadcrumb\"},\"inLanguage\":\"de\",\"potentialAction\":[{\"@type\":\"ReadAction\",\"target\":[\"https:\\\/\\\/radioleinewelle.de\\\/index.php\\\/2022\\\/03\\\/02\\\/umg-sorgt-sich-um-zivilbevoelkerung-im-ukraine-krieg\\\/\"]}]},{\"@type\":\"ImageObject\",\"inLanguage\":\"de\",\"@id\":\"https:\\\/\\\/radioleinewelle.de\\\/index.php\\\/2022\\\/03\\\/02\\\/umg-sorgt-sich-um-zivilbevoelkerung-im-ukraine-krieg\\\/#primaryimage\",\"url\":\"https:\\\/\\\/radioleinewelle.de\\\/wp-content\\\/uploads\\\/2022\\\/03\\\/Klinikum_Aussen_NordSued-Achse_Drohne_06-2015_eng_1_300dpi.jpg\",\"contentUrl\":\"https:\\\/\\\/radioleinewelle.de\\\/wp-content\\\/uploads\\\/2022\\\/03\\\/Klinikum_Aussen_NordSued-Achse_Drohne_06-2015_eng_1_300dpi.jpg\",\"width\":1772,\"height\":961,\"caption\":\"Foto: Michael Mehle\"},{\"@type\":\"BreadcrumbList\",\"@id\":\"https:\\\/\\\/radioleinewelle.de\\\/index.php\\\/2022\\\/03\\\/02\\\/umg-sorgt-sich-um-zivilbevoelkerung-im-ukraine-krieg\\\/#breadcrumb\",\"itemListElement\":[{\"@type\":\"ListItem\",\"position\":1,\"name\":\"Startseite\",\"item\":\"https:\\\/\\\/radioleinewelle.de\\\/\"},{\"@type\":\"ListItem\",\"position\":2,\"name\":\"UMG sorgt sich um Zivilbev\u00f6lkerung im Ukraine-Krieg\"}]},{\"@type\":\"WebSite\",\"@id\":\"https:\\\/\\\/radioleinewelle.de\\\/#website\",\"url\":\"https:\\\/\\\/radioleinewelle.de\\\/\",\"name\":\"Radio Leinewelle\",\"description\":\"\",\"publisher\":{\"@id\":\"https:\\\/\\\/radioleinewelle.de\\\/#organization\"},\"potentialAction\":[{\"@type\":\"SearchAction\",\"target\":{\"@type\":\"EntryPoint\",\"urlTemplate\":\"https:\\\/\\\/radioleinewelle.de\\\/?s={search_term_string}\"},\"query-input\":{\"@type\":\"PropertyValueSpecification\",\"valueRequired\":true,\"valueName\":\"search_term_string\"}}],\"inLanguage\":\"de\"},{\"@type\":\"Organization\",\"@id\":\"https:\\\/\\\/radioleinewelle.de\\\/#organization\",\"name\":\"Radio Leinewelle\",\"alternateName\":\"Mein Radio f\u00fcr S\u00fcdniedersachsen\",\"url\":\"https:\\\/\\\/radioleinewelle.de\\\/\",\"logo\":{\"@type\":\"ImageObject\",\"inLanguage\":\"de\",\"@id\":\"https:\\\/\\\/radioleinewelle.de\\\/#\\\/schema\\\/logo\\\/image\\\/\",\"url\":\"https:\\\/\\\/radioleinewelle.de\\\/wp-content\\\/uploads\\\/2023\\\/11\\\/cropped-Leinewelle_Logo_weiss.png\",\"contentUrl\":\"https:\\\/\\\/radioleinewelle.de\\\/wp-content\\\/uploads\\\/2023\\\/11\\\/cropped-Leinewelle_Logo_weiss.png\",\"width\":854,\"height\":260,\"caption\":\"Radio Leinewelle\"},\"image\":{\"@id\":\"https:\\\/\\\/radioleinewelle.de\\\/#\\\/schema\\\/logo\\\/image\\\/\"},\"sameAs\":[\"https:\\\/\\\/www.facebook.com\\\/radioleinewelle\",\"https:\\\/\\\/x.com\\\/RLeinewelle\",\"https:\\\/\\\/www.instagram.com\\\/radioleinewelle\\\/?hl=de\"]},{\"@type\":\"Person\",\"@id\":\"https:\\\/\\\/radioleinewelle.de\\\/#\\\/schema\\\/person\\\/45606f348637df637192dc1b68399a63\",\"name\":\"Leinewelle\",\"image\":{\"@type\":\"ImageObject\",\"inLanguage\":\"de\",\"@id\":\"https:\\\/\\\/secure.gravatar.com\\\/avatar\\\/05c9a17bc973052ee5d91549bd32fb4dd0dc85b7b85ae94b2e2b4943476bbea5?s=96&d=blank&r=g\",\"url\":\"https:\\\/\\\/secure.gravatar.com\\\/avatar\\\/05c9a17bc973052ee5d91549bd32fb4dd0dc85b7b85ae94b2e2b4943476bbea5?s=96&d=blank&r=g\",\"contentUrl\":\"https:\\\/\\\/secure.gravatar.com\\\/avatar\\\/05c9a17bc973052ee5d91549bd32fb4dd0dc85b7b85ae94b2e2b4943476bbea5?s=96&d=blank&r=g\",\"caption\":\"Leinewelle\"},\"sameAs\":[\"http:\\\/\\\/localhost\\\/radio%20leinewelle\\\/wordpress\",\"https:\\\/\\\/www.facebook.com\\\/radioleinewelle\",\"https:\\\/\\\/www.instagram.com\\\/radioleinewelle\",\"https:\\\/\\\/x.com\\\/https:\\\/\\\/twitter.com\\\/RLeinewelle?ref_src=twsrcgoogletwcampserptwgrauthor\",\"https:\\\/\\\/soundcloud.com\\\/foerderverein-lokalradio?utm_source=clipboard&utm_medium=text&utm_campaign=social_sharing\"],\"url\":\"https:\\\/\\\/radioleinewelle.de\\\/index.php\\\/author\\\/leinewelle\\\/\"}]}<\/script>\n<!-- \/ Yoast SEO plugin. -->","yoast_head_json":{"title":"UMG sorgt sich um Zivilbev\u00f6lkerung im Ukraine-Krieg - Radio Leinewelle","robots":{"index":"index","follow":"follow","max-snippet":"max-snippet:-1","max-image-preview":"max-image-preview:large","max-video-preview":"max-video-preview:-1"},"canonical":"https:\/\/radioleinewelle.de\/index.php\/2022\/03\/02\/umg-sorgt-sich-um-zivilbevoelkerung-im-ukraine-krieg\/","og_locale":"de_DE","og_type":"article","og_title":"UMG sorgt sich um Zivilbev\u00f6lkerung im Ukraine-Krieg - Radio Leinewelle","og_description":"(umg) Der Vorstand der Universit\u00e4tsmedizin G\u00f6ttingen (UMG) verurteilt Aggression und Gewalt gegen Leib und Leben der Menschen in der Ukraine. \u201eDie UMG sorgt sich um die Zivilbev\u00f6lkerung in der Ukraine, die jetzt um ihr Leben und ihre Unversehrtheit f\u00fcrchten muss\u201c, sagt Professor Dr. Wolfgang Br\u00fcck, Sprecher des Vorstandes der UMG. \u201eWir werden die medizinische Versorgung [&hellip;]","og_url":"https:\/\/radioleinewelle.de\/index.php\/2022\/03\/02\/umg-sorgt-sich-um-zivilbevoelkerung-im-ukraine-krieg\/","og_site_name":"Radio Leinewelle","article_publisher":"https:\/\/www.facebook.com\/radioleinewelle","article_author":"https:\/\/www.facebook.com\/radioleinewelle","article_published_time":"2022-03-02T04:26:04+00:00","og_image":[{"width":1772,"height":961,"url":"https:\/\/radioleinewelle.de\/wp-content\/uploads\/2022\/03\/Klinikum_Aussen_NordSued-Achse_Drohne_06-2015_eng_1_300dpi.jpg","type":"image\/jpeg"}],"author":"Leinewelle","twitter_card":"summary_large_image","twitter_creator":"@https:\/\/twitter.com\/RLeinewelle?ref_src=twsrcgoogletwcampserptwgrauthor","twitter_site":"@RLeinewelle","twitter_misc":{"Verfasst von":"Leinewelle","Gesch\u00e4tzte Lesezeit":"2\u00a0Minuten"},"schema":{"@context":"https:\/\/schema.org","@graph":[{"@type":"Article","@id":"https:\/\/radioleinewelle.de\/index.php\/2022\/03\/02\/umg-sorgt-sich-um-zivilbevoelkerung-im-ukraine-krieg\/#article","isPartOf":{"@id":"https:\/\/radioleinewelle.de\/index.php\/2022\/03\/02\/umg-sorgt-sich-um-zivilbevoelkerung-im-ukraine-krieg\/"},"author":{"name":"Leinewelle","@id":"https:\/\/radioleinewelle.de\/#\/schema\/person\/45606f348637df637192dc1b68399a63"},"headline":"UMG sorgt sich um Zivilbev\u00f6lkerung im Ukraine-Krieg","datePublished":"2022-03-02T04:26:04+00:00","mainEntityOfPage":{"@id":"https:\/\/radioleinewelle.de\/index.php\/2022\/03\/02\/umg-sorgt-sich-um-zivilbevoelkerung-im-ukraine-krieg\/"},"wordCount":235,"publisher":{"@id":"https:\/\/radioleinewelle.de\/#organization"},"image":{"@id":"https:\/\/radioleinewelle.de\/index.php\/2022\/03\/02\/umg-sorgt-sich-um-zivilbevoelkerung-im-ukraine-krieg\/#primaryimage"},"thumbnailUrl":"https:\/\/radioleinewelle.de\/wp-content\/uploads\/2022\/03\/Klinikum_Aussen_NordSued-Achse_Drohne_06-2015_eng_1_300dpi.jpg","keywords":["Verletztenversorgung Ukraine"],"articleSection":["Ukraine"],"inLanguage":"de"},{"@type":"WebPage","@id":"https:\/\/radioleinewelle.de\/index.php\/2022\/03\/02\/umg-sorgt-sich-um-zivilbevoelkerung-im-ukraine-krieg\/","url":"https:\/\/radioleinewelle.de\/index.php\/2022\/03\/02\/umg-sorgt-sich-um-zivilbevoelkerung-im-ukraine-krieg\/","name":"UMG sorgt sich um Zivilbev\u00f6lkerung im Ukraine-Krieg - Radio Leinewelle","isPartOf":{"@id":"https:\/\/radioleinewelle.de\/#website"},"primaryImageOfPage":{"@id":"https:\/\/radioleinewelle.de\/index.php\/2022\/03\/02\/umg-sorgt-sich-um-zivilbevoelkerung-im-ukraine-krieg\/#primaryimage"},"image":{"@id":"https:\/\/radioleinewelle.de\/index.php\/2022\/03\/02\/umg-sorgt-sich-um-zivilbevoelkerung-im-ukraine-krieg\/#primaryimage"},"thumbnailUrl":"https:\/\/radioleinewelle.de\/wp-content\/uploads\/2022\/03\/Klinikum_Aussen_NordSued-Achse_Drohne_06-2015_eng_1_300dpi.jpg","datePublished":"2022-03-02T04:26:04+00:00","breadcrumb":{"@id":"https:\/\/radioleinewelle.de\/index.php\/2022\/03\/02\/umg-sorgt-sich-um-zivilbevoelkerung-im-ukraine-krieg\/#breadcrumb"},"inLanguage":"de","potentialAction":[{"@type":"ReadAction","target":["https:\/\/radioleinewelle.de\/index.php\/2022\/03\/02\/umg-sorgt-sich-um-zivilbevoelkerung-im-ukraine-krieg\/"]}]},{"@type":"ImageObject","inLanguage":"de","@id":"https:\/\/radioleinewelle.de\/index.php\/2022\/03\/02\/umg-sorgt-sich-um-zivilbevoelkerung-im-ukraine-krieg\/#primaryimage","url":"https:\/\/radioleinewelle.de\/wp-content\/uploads\/2022\/03\/Klinikum_Aussen_NordSued-Achse_Drohne_06-2015_eng_1_300dpi.jpg","contentUrl":"https:\/\/radioleinewelle.de\/wp-content\/uploads\/2022\/03\/Klinikum_Aussen_NordSued-Achse_Drohne_06-2015_eng_1_300dpi.jpg","width":1772,"height":961,"caption":"Foto: Michael Mehle"},{"@type":"BreadcrumbList","@id":"https:\/\/radioleinewelle.de\/index.php\/2022\/03\/02\/umg-sorgt-sich-um-zivilbevoelkerung-im-ukraine-krieg\/#breadcrumb","itemListElement":[{"@type":"ListItem","position":1,"name":"Startseite","item":"https:\/\/radioleinewelle.de\/"},{"@type":"ListItem","position":2,"name":"UMG sorgt sich um Zivilbev\u00f6lkerung im Ukraine-Krieg"}]},{"@type":"WebSite","@id":"https:\/\/radioleinewelle.de\/#website","url":"https:\/\/radioleinewelle.de\/","name":"Radio Leinewelle","description":"","publisher":{"@id":"https:\/\/radioleinewelle.de\/#organization"},"potentialAction":[{"@type":"SearchAction","target":{"@type":"EntryPoint","urlTemplate":"https:\/\/radioleinewelle.de\/?s={search_term_string}"},"query-input":{"@type":"PropertyValueSpecification","valueRequired":true,"valueName":"search_term_string"}}],"inLanguage":"de"},{"@type":"Organization","@id":"https:\/\/radioleinewelle.de\/#organization","name":"Radio Leinewelle","alternateName":"Mein Radio f\u00fcr S\u00fcdniedersachsen","url":"https:\/\/radioleinewelle.de\/","logo":{"@type":"ImageObject","inLanguage":"de","@id":"https:\/\/radioleinewelle.de\/#\/schema\/logo\/image\/","url":"https:\/\/radioleinewelle.de\/wp-content\/uploads\/2023\/11\/cropped-Leinewelle_Logo_weiss.png","contentUrl":"https:\/\/radioleinewelle.de\/wp-content\/uploads\/2023\/11\/cropped-Leinewelle_Logo_weiss.png","width":854,"height":260,"caption":"Radio Leinewelle"},"image":{"@id":"https:\/\/radioleinewelle.de\/#\/schema\/logo\/image\/"},"sameAs":["https:\/\/www.facebook.com\/radioleinewelle","https:\/\/x.com\/RLeinewelle","https:\/\/www.instagram.com\/radioleinewelle\/?hl=de"]},{"@type":"Person","@id":"https:\/\/radioleinewelle.de\/#\/schema\/person\/45606f348637df637192dc1b68399a63","name":"Leinewelle","image":{"@type":"ImageObject","inLanguage":"de","@id":"https:\/\/secure.gravatar.com\/avatar\/05c9a17bc973052ee5d91549bd32fb4dd0dc85b7b85ae94b2e2b4943476bbea5?s=96&d=blank&r=g","url":"https:\/\/secure.gravatar.com\/avatar\/05c9a17bc973052ee5d91549bd32fb4dd0dc85b7b85ae94b2e2b4943476bbea5?s=96&d=blank&r=g","contentUrl":"https:\/\/secure.gravatar.com\/avatar\/05c9a17bc973052ee5d91549bd32fb4dd0dc85b7b85ae94b2e2b4943476bbea5?s=96&d=blank&r=g","caption":"Leinewelle"},"sameAs":["http:\/\/localhost\/radio%20leinewelle\/wordpress","https:\/\/www.facebook.com\/radioleinewelle","https:\/\/www.instagram.com\/radioleinewelle","https:\/\/x.com\/https:\/\/twitter.com\/RLeinewelle?ref_src=twsrcgoogletwcampserptwgrauthor","https:\/\/soundcloud.com\/foerderverein-lokalradio?utm_source=clipboard&utm_medium=text&utm_campaign=social_sharing"],"url":"https:\/\/radioleinewelle.de\/index.php\/author\/leinewelle\/"}]}},"_links":{"self":[{"href":"https:\/\/radioleinewelle.de\/index.php\/wp-json\/wp\/v2\/posts\/13130","targetHints":{"allow":["GET"]}}],"collection":[{"href":"https:\/\/radioleinewelle.de\/index.php\/wp-json\/wp\/v2\/posts"}],"about":[{"href":"https:\/\/radioleinewelle.de\/index.php\/wp-json\/wp\/v2\/types\/post"}],"author":[{"embeddable":true,"href":"https:\/\/radioleinewelle.de\/index.php\/wp-json\/wp\/v2\/users\/1"}],"replies":[{"embeddable":true,"href":"https:\/\/radioleinewelle.de\/index.php\/wp-json\/wp\/v2\/comments?post=13130"}],"version-history":[{"count":0,"href":"https:\/\/radioleinewelle.de\/index.php\/wp-json\/wp\/v2\/posts\/13130\/revisions"}],"wp:featuredmedia":[{"embeddable":true,"href":"https:\/\/radioleinewelle.de\/index.php\/wp-json\/wp\/v2\/media\/13132"}],"wp:attachment":[{"href":"https:\/\/radioleinewelle.de\/index.php\/wp-json\/wp\/v2\/media?parent=13130"}],"wp:term":[{"taxonomy":"category","embeddable":true,"href":"https:\/\/radioleinewelle.de\/index.php\/wp-json\/wp\/v2\/categories?post=13130"},{"taxonomy":"post_tag","embeddable":true,"href":"https:\/\/radioleinewelle.de\/index.php\/wp-json\/wp\/v2\/tags?post=13130"}],"curies":[{"name":"wp","href":"https:\/\/api.w.org\/{rel}","templated":true}]}}