{"id":1320,"date":"2020-08-27T21:56:42","date_gmt":"2020-08-27T19:56:42","guid":{"rendered":"https:\/\/radioleinewelle.de\/?p=1320"},"modified":"2020-08-27T21:56:42","modified_gmt":"2020-08-27T19:56:42","slug":"goslar-startet-musikalisch-in-das-erste-veranstaltungswochenende-des-jahres","status":"publish","type":"post","link":"https:\/\/radioleinewelle.de\/index.php\/2020\/08\/27\/goslar-startet-musikalisch-in-das-erste-veranstaltungswochenende-des-jahres\/","title":{"rendered":"Goslar startet musikalisch in das erste Veranstaltungswochenende des Jahres"},"content":{"rendered":"<p>Mit geballter Kraft beginnt in Goslar an vier aufeinanderfolgenden Tagen die musikalische Veranstaltungssaison \u2013 die Vorfreude bei G\u00e4sten und Veranstaltern ist gro\u00df! Den Auftakt macht heute, am 27. August, das beliebte Veranstaltungsformat der Open Stage am Rammelsberg und die zahlreichen Anmeldungen zeigen, dass sich die G\u00e4ste mit den getroffenen Hygienema\u00dfnahmen und Abstandsregeln gut aufgehoben f\u00fchlen. Am Freitag und Samstag freut sich die GOSLAR marketing gmbh auf Konzerte auf dem Schulhof des Ratsgymnasiums, die ein bisschen Altstadtfest-Feeling aufkommen lassen. Kostenlose Tickets k\u00f6nnen \u00fcber folgende Links erhalten werden: <a href=\"https:\/\/goslarboerney.eventbrite.de\/\">https:\/\/goslarboerney.eventbrite.de<\/a> und<a href=\"https:\/\/goslartwovoices.eventbrite.de\/\">https:\/\/goslartwovoices.eventbrite.de<\/a>. \u201eOn Air\u201c geht am Wochenende auch das Kulturkraftwerk mit der Acapella Pop Show \u201eIdentity\u201c. Ein ganz neues Konzept pr\u00e4sentiert sich am Samstag an den Terrassenstufen des Vienenburger Sees mit \u201eParty in the Box\u201c, ein Partykonzept, das Feiern mit Freunden auch w\u00e4hrend der Coronazeit m\u00f6glich macht. In Einer Misch-Box mit Bierzeltgarnitur k\u00f6nnen bis zu 10 Leute gemeinsam feiern, den Abend am See genie\u00dfen und in Erinnerungen an das Vienenburger Seefest schwelgen. Tickets gibt es unter<a href=\"https:\/\/www.party-in-the-box.de\/tickets_goslar.html\">https:\/\/www.party-in-the-box.de\/tickets_goslar.html<\/a>.<\/p>\n","protected":false},"excerpt":{"rendered":"<p>Mit geballter Kraft beginnt in Goslar an vier aufeinanderfolgenden Tagen die musikalische Veranstaltungssaison \u2013 die Vorfreude bei G\u00e4sten und Veranstaltern ist gro\u00df! Den Auftakt macht heute, am 27. August, das beliebte Veranstaltungsformat der Open Stage am Rammelsberg und die zahlreichen Anmeldungen zeigen, dass sich die G\u00e4ste mit den getroffenen Hygienema\u00dfnahmen und Abstandsregeln gut aufgehoben f\u00fchlen. [&hellip;]<\/p>\n","protected":false},"author":1,"featured_media":1321,"comment_status":"closed","ping_status":"closed","sticky":false,"template":"","format":"standard","meta":{"saved_in_kubio":false,"footnotes":""},"categories":[1],"tags":[],"class_list":["post-1320","post","type-post","status-publish","format-standard","has-post-thumbnail","hentry","category-allgemein"],"yoast_head":"<!-- This site is optimized with the Yoast SEO plugin v27.5 - https:\/\/yoast.com\/product\/yoast-seo-wordpress\/ -->\n<title>Goslar startet musikalisch in das erste Veranstaltungswochenende des Jahres - Radio Leinewelle<\/title>\n<meta name=\"robots\" content=\"index, follow, max-snippet:-1, max-image-preview:large, max-video-preview:-1\" \/>\n<link rel=\"canonical\" href=\"https:\/\/radioleinewelle.de\/index.php\/2020\/08\/27\/goslar-startet-musikalisch-in-das-erste-veranstaltungswochenende-des-jahres\/\" \/>\n<meta property=\"og:locale\" content=\"de_DE\" \/>\n<meta property=\"og:type\" content=\"article\" \/>\n<meta property=\"og:title\" content=\"Goslar startet musikalisch in das erste Veranstaltungswochenende des Jahres - Radio Leinewelle\" \/>\n<meta property=\"og:description\" content=\"Mit geballter Kraft beginnt in Goslar an vier aufeinanderfolgenden Tagen die musikalische Veranstaltungssaison \u2013 die Vorfreude bei G\u00e4sten und Veranstaltern ist gro\u00df! Den Auftakt macht heute, am 27. August, das beliebte Veranstaltungsformat der Open Stage am Rammelsberg und die zahlreichen Anmeldungen zeigen, dass sich die G\u00e4ste mit den getroffenen Hygienema\u00dfnahmen und Abstandsregeln gut aufgehoben f\u00fchlen. [&hellip;]\" \/>\n<meta property=\"og:url\" content=\"https:\/\/radioleinewelle.de\/index.php\/2020\/08\/27\/goslar-startet-musikalisch-in-das-erste-veranstaltungswochenende-des-jahres\/\" \/>\n<meta property=\"og:site_name\" content=\"Radio Leinewelle\" \/>\n<meta property=\"article:publisher\" content=\"https:\/\/www.facebook.com\/radioleinewelle\" \/>\n<meta property=\"article:author\" content=\"https:\/\/www.facebook.com\/radioleinewelle\" \/>\n<meta property=\"article:published_time\" content=\"2020-08-27T19:56:42+00:00\" \/>\n<meta property=\"og:image\" content=\"https:\/\/radioleinewelle.de\/wp-content\/uploads\/2020\/08\/Boerney-Partyband-Stadtfest-Firmenfeier-big-01-e1598558129150.jpg\" \/>\n\t<meta property=\"og:image:width\" content=\"300\" \/>\n\t<meta property=\"og:image:height\" content=\"169\" \/>\n\t<meta property=\"og:image:type\" content=\"image\/jpeg\" \/>\n<meta name=\"author\" content=\"Leinewelle\" \/>\n<meta name=\"twitter:card\" content=\"summary_large_image\" \/>\n<meta name=\"twitter:creator\" content=\"@https:\/\/twitter.com\/RLeinewelle?ref_src=twsrcgoogletwcampserptwgrauthor\" \/>\n<meta name=\"twitter:site\" content=\"@RLeinewelle\" \/>\n<meta name=\"twitter:label1\" content=\"Verfasst von\" \/>\n\t<meta name=\"twitter:data1\" content=\"Leinewelle\" \/>\n\t<meta name=\"twitter:label2\" content=\"Gesch\u00e4tzte Lesezeit\" \/>\n\t<meta name=\"twitter:data2\" content=\"1\u00a0Minute\" \/>\n<script type=\"application\/ld+json\" class=\"yoast-schema-graph\">{\"@context\":\"https:\\\/\\\/schema.org\",\"@graph\":[{\"@type\":\"Article\",\"@id\":\"https:\\\/\\\/radioleinewelle.de\\\/index.php\\\/2020\\\/08\\\/27\\\/goslar-startet-musikalisch-in-das-erste-veranstaltungswochenende-des-jahres\\\/#article\",\"isPartOf\":{\"@id\":\"https:\\\/\\\/radioleinewelle.de\\\/index.php\\\/2020\\\/08\\\/27\\\/goslar-startet-musikalisch-in-das-erste-veranstaltungswochenende-des-jahres\\\/\"},\"author\":{\"name\":\"Leinewelle\",\"@id\":\"https:\\\/\\\/radioleinewelle.de\\\/#\\\/schema\\\/person\\\/45606f348637df637192dc1b68399a63\"},\"headline\":\"Goslar startet musikalisch in das erste Veranstaltungswochenende des Jahres\",\"datePublished\":\"2020-08-27T19:56:42+00:00\",\"mainEntityOfPage\":{\"@id\":\"https:\\\/\\\/radioleinewelle.de\\\/index.php\\\/2020\\\/08\\\/27\\\/goslar-startet-musikalisch-in-das-erste-veranstaltungswochenende-des-jahres\\\/\"},\"wordCount\":190,\"publisher\":{\"@id\":\"https:\\\/\\\/radioleinewelle.de\\\/#organization\"},\"image\":{\"@id\":\"https:\\\/\\\/radioleinewelle.de\\\/index.php\\\/2020\\\/08\\\/27\\\/goslar-startet-musikalisch-in-das-erste-veranstaltungswochenende-des-jahres\\\/#primaryimage\"},\"thumbnailUrl\":\"https:\\\/\\\/radioleinewelle.de\\\/wp-content\\\/uploads\\\/2020\\\/08\\\/Boerney-Partyband-Stadtfest-Firmenfeier-big-01-e1598558129150.jpg\",\"inLanguage\":\"de\"},{\"@type\":\"WebPage\",\"@id\":\"https:\\\/\\\/radioleinewelle.de\\\/index.php\\\/2020\\\/08\\\/27\\\/goslar-startet-musikalisch-in-das-erste-veranstaltungswochenende-des-jahres\\\/\",\"url\":\"https:\\\/\\\/radioleinewelle.de\\\/index.php\\\/2020\\\/08\\\/27\\\/goslar-startet-musikalisch-in-das-erste-veranstaltungswochenende-des-jahres\\\/\",\"name\":\"Goslar startet musikalisch in das erste Veranstaltungswochenende des Jahres - Radio Leinewelle\",\"isPartOf\":{\"@id\":\"https:\\\/\\\/radioleinewelle.de\\\/#website\"},\"primaryImageOfPage\":{\"@id\":\"https:\\\/\\\/radioleinewelle.de\\\/index.php\\\/2020\\\/08\\\/27\\\/goslar-startet-musikalisch-in-das-erste-veranstaltungswochenende-des-jahres\\\/#primaryimage\"},\"image\":{\"@id\":\"https:\\\/\\\/radioleinewelle.de\\\/index.php\\\/2020\\\/08\\\/27\\\/goslar-startet-musikalisch-in-das-erste-veranstaltungswochenende-des-jahres\\\/#primaryimage\"},\"thumbnailUrl\":\"https:\\\/\\\/radioleinewelle.de\\\/wp-content\\\/uploads\\\/2020\\\/08\\\/Boerney-Partyband-Stadtfest-Firmenfeier-big-01-e1598558129150.jpg\",\"datePublished\":\"2020-08-27T19:56:42+00:00\",\"breadcrumb\":{\"@id\":\"https:\\\/\\\/radioleinewelle.de\\\/index.php\\\/2020\\\/08\\\/27\\\/goslar-startet-musikalisch-in-das-erste-veranstaltungswochenende-des-jahres\\\/#breadcrumb\"},\"inLanguage\":\"de\",\"potentialAction\":[{\"@type\":\"ReadAction\",\"target\":[\"https:\\\/\\\/radioleinewelle.de\\\/index.php\\\/2020\\\/08\\\/27\\\/goslar-startet-musikalisch-in-das-erste-veranstaltungswochenende-des-jahres\\\/\"]}]},{\"@type\":\"ImageObject\",\"inLanguage\":\"de\",\"@id\":\"https:\\\/\\\/radioleinewelle.de\\\/index.php\\\/2020\\\/08\\\/27\\\/goslar-startet-musikalisch-in-das-erste-veranstaltungswochenende-des-jahres\\\/#primaryimage\",\"url\":\"https:\\\/\\\/radioleinewelle.de\\\/wp-content\\\/uploads\\\/2020\\\/08\\\/Boerney-Partyband-Stadtfest-Firmenfeier-big-01-e1598558129150.jpg\",\"contentUrl\":\"https:\\\/\\\/radioleinewelle.de\\\/wp-content\\\/uploads\\\/2020\\\/08\\\/Boerney-Partyband-Stadtfest-Firmenfeier-big-01-e1598558129150.jpg\",\"width\":300,\"height\":169},{\"@type\":\"BreadcrumbList\",\"@id\":\"https:\\\/\\\/radioleinewelle.de\\\/index.php\\\/2020\\\/08\\\/27\\\/goslar-startet-musikalisch-in-das-erste-veranstaltungswochenende-des-jahres\\\/#breadcrumb\",\"itemListElement\":[{\"@type\":\"ListItem\",\"position\":1,\"name\":\"Startseite\",\"item\":\"https:\\\/\\\/radioleinewelle.de\\\/\"},{\"@type\":\"ListItem\",\"position\":2,\"name\":\"Goslar startet musikalisch in das erste Veranstaltungswochenende des Jahres\"}]},{\"@type\":\"WebSite\",\"@id\":\"https:\\\/\\\/radioleinewelle.de\\\/#website\",\"url\":\"https:\\\/\\\/radioleinewelle.de\\\/\",\"name\":\"Radio Leinewelle\",\"description\":\"\",\"publisher\":{\"@id\":\"https:\\\/\\\/radioleinewelle.de\\\/#organization\"},\"potentialAction\":[{\"@type\":\"SearchAction\",\"target\":{\"@type\":\"EntryPoint\",\"urlTemplate\":\"https:\\\/\\\/radioleinewelle.de\\\/?s={search_term_string}\"},\"query-input\":{\"@type\":\"PropertyValueSpecification\",\"valueRequired\":true,\"valueName\":\"search_term_string\"}}],\"inLanguage\":\"de\"},{\"@type\":\"Organization\",\"@id\":\"https:\\\/\\\/radioleinewelle.de\\\/#organization\",\"name\":\"Radio Leinewelle\",\"alternateName\":\"Mein Radio f\u00fcr S\u00fcdniedersachsen\",\"url\":\"https:\\\/\\\/radioleinewelle.de\\\/\",\"logo\":{\"@type\":\"ImageObject\",\"inLanguage\":\"de\",\"@id\":\"https:\\\/\\\/radioleinewelle.de\\\/#\\\/schema\\\/logo\\\/image\\\/\",\"url\":\"https:\\\/\\\/radioleinewelle.de\\\/wp-content\\\/uploads\\\/2023\\\/11\\\/cropped-Leinewelle_Logo_weiss.png\",\"contentUrl\":\"https:\\\/\\\/radioleinewelle.de\\\/wp-content\\\/uploads\\\/2023\\\/11\\\/cropped-Leinewelle_Logo_weiss.png\",\"width\":854,\"height\":260,\"caption\":\"Radio Leinewelle\"},\"image\":{\"@id\":\"https:\\\/\\\/radioleinewelle.de\\\/#\\\/schema\\\/logo\\\/image\\\/\"},\"sameAs\":[\"https:\\\/\\\/www.facebook.com\\\/radioleinewelle\",\"https:\\\/\\\/x.com\\\/RLeinewelle\",\"https:\\\/\\\/www.instagram.com\\\/radioleinewelle\\\/?hl=de\"]},{\"@type\":\"Person\",\"@id\":\"https:\\\/\\\/radioleinewelle.de\\\/#\\\/schema\\\/person\\\/45606f348637df637192dc1b68399a63\",\"name\":\"Leinewelle\",\"image\":{\"@type\":\"ImageObject\",\"inLanguage\":\"de\",\"@id\":\"https:\\\/\\\/secure.gravatar.com\\\/avatar\\\/05c9a17bc973052ee5d91549bd32fb4dd0dc85b7b85ae94b2e2b4943476bbea5?s=96&d=blank&r=g\",\"url\":\"https:\\\/\\\/secure.gravatar.com\\\/avatar\\\/05c9a17bc973052ee5d91549bd32fb4dd0dc85b7b85ae94b2e2b4943476bbea5?s=96&d=blank&r=g\",\"contentUrl\":\"https:\\\/\\\/secure.gravatar.com\\\/avatar\\\/05c9a17bc973052ee5d91549bd32fb4dd0dc85b7b85ae94b2e2b4943476bbea5?s=96&d=blank&r=g\",\"caption\":\"Leinewelle\"},\"sameAs\":[\"http:\\\/\\\/localhost\\\/radio%20leinewelle\\\/wordpress\",\"https:\\\/\\\/www.facebook.com\\\/radioleinewelle\",\"https:\\\/\\\/www.instagram.com\\\/radioleinewelle\",\"https:\\\/\\\/x.com\\\/https:\\\/\\\/twitter.com\\\/RLeinewelle?ref_src=twsrcgoogletwcampserptwgrauthor\",\"https:\\\/\\\/soundcloud.com\\\/foerderverein-lokalradio?utm_source=clipboard&utm_medium=text&utm_campaign=social_sharing\"],\"url\":\"https:\\\/\\\/radioleinewelle.de\\\/index.php\\\/author\\\/leinewelle\\\/\"}]}<\/script>\n<!-- \/ Yoast SEO plugin. -->","yoast_head_json":{"title":"Goslar startet musikalisch in das erste Veranstaltungswochenende des Jahres - Radio Leinewelle","robots":{"index":"index","follow":"follow","max-snippet":"max-snippet:-1","max-image-preview":"max-image-preview:large","max-video-preview":"max-video-preview:-1"},"canonical":"https:\/\/radioleinewelle.de\/index.php\/2020\/08\/27\/goslar-startet-musikalisch-in-das-erste-veranstaltungswochenende-des-jahres\/","og_locale":"de_DE","og_type":"article","og_title":"Goslar startet musikalisch in das erste Veranstaltungswochenende des Jahres - Radio Leinewelle","og_description":"Mit geballter Kraft beginnt in Goslar an vier aufeinanderfolgenden Tagen die musikalische Veranstaltungssaison \u2013 die Vorfreude bei G\u00e4sten und Veranstaltern ist gro\u00df! Den Auftakt macht heute, am 27. August, das beliebte Veranstaltungsformat der Open Stage am Rammelsberg und die zahlreichen Anmeldungen zeigen, dass sich die G\u00e4ste mit den getroffenen Hygienema\u00dfnahmen und Abstandsregeln gut aufgehoben f\u00fchlen. [&hellip;]","og_url":"https:\/\/radioleinewelle.de\/index.php\/2020\/08\/27\/goslar-startet-musikalisch-in-das-erste-veranstaltungswochenende-des-jahres\/","og_site_name":"Radio Leinewelle","article_publisher":"https:\/\/www.facebook.com\/radioleinewelle","article_author":"https:\/\/www.facebook.com\/radioleinewelle","article_published_time":"2020-08-27T19:56:42+00:00","og_image":[{"width":300,"height":169,"url":"https:\/\/radioleinewelle.de\/wp-content\/uploads\/2020\/08\/Boerney-Partyband-Stadtfest-Firmenfeier-big-01-e1598558129150.jpg","type":"image\/jpeg"}],"author":"Leinewelle","twitter_card":"summary_large_image","twitter_creator":"@https:\/\/twitter.com\/RLeinewelle?ref_src=twsrcgoogletwcampserptwgrauthor","twitter_site":"@RLeinewelle","twitter_misc":{"Verfasst von":"Leinewelle","Gesch\u00e4tzte Lesezeit":"1\u00a0Minute"},"schema":{"@context":"https:\/\/schema.org","@graph":[{"@type":"Article","@id":"https:\/\/radioleinewelle.de\/index.php\/2020\/08\/27\/goslar-startet-musikalisch-in-das-erste-veranstaltungswochenende-des-jahres\/#article","isPartOf":{"@id":"https:\/\/radioleinewelle.de\/index.php\/2020\/08\/27\/goslar-startet-musikalisch-in-das-erste-veranstaltungswochenende-des-jahres\/"},"author":{"name":"Leinewelle","@id":"https:\/\/radioleinewelle.de\/#\/schema\/person\/45606f348637df637192dc1b68399a63"},"headline":"Goslar startet musikalisch in das erste Veranstaltungswochenende des Jahres","datePublished":"2020-08-27T19:56:42+00:00","mainEntityOfPage":{"@id":"https:\/\/radioleinewelle.de\/index.php\/2020\/08\/27\/goslar-startet-musikalisch-in-das-erste-veranstaltungswochenende-des-jahres\/"},"wordCount":190,"publisher":{"@id":"https:\/\/radioleinewelle.de\/#organization"},"image":{"@id":"https:\/\/radioleinewelle.de\/index.php\/2020\/08\/27\/goslar-startet-musikalisch-in-das-erste-veranstaltungswochenende-des-jahres\/#primaryimage"},"thumbnailUrl":"https:\/\/radioleinewelle.de\/wp-content\/uploads\/2020\/08\/Boerney-Partyband-Stadtfest-Firmenfeier-big-01-e1598558129150.jpg","inLanguage":"de"},{"@type":"WebPage","@id":"https:\/\/radioleinewelle.de\/index.php\/2020\/08\/27\/goslar-startet-musikalisch-in-das-erste-veranstaltungswochenende-des-jahres\/","url":"https:\/\/radioleinewelle.de\/index.php\/2020\/08\/27\/goslar-startet-musikalisch-in-das-erste-veranstaltungswochenende-des-jahres\/","name":"Goslar startet musikalisch in das erste Veranstaltungswochenende des Jahres - Radio Leinewelle","isPartOf":{"@id":"https:\/\/radioleinewelle.de\/#website"},"primaryImageOfPage":{"@id":"https:\/\/radioleinewelle.de\/index.php\/2020\/08\/27\/goslar-startet-musikalisch-in-das-erste-veranstaltungswochenende-des-jahres\/#primaryimage"},"image":{"@id":"https:\/\/radioleinewelle.de\/index.php\/2020\/08\/27\/goslar-startet-musikalisch-in-das-erste-veranstaltungswochenende-des-jahres\/#primaryimage"},"thumbnailUrl":"https:\/\/radioleinewelle.de\/wp-content\/uploads\/2020\/08\/Boerney-Partyband-Stadtfest-Firmenfeier-big-01-e1598558129150.jpg","datePublished":"2020-08-27T19:56:42+00:00","breadcrumb":{"@id":"https:\/\/radioleinewelle.de\/index.php\/2020\/08\/27\/goslar-startet-musikalisch-in-das-erste-veranstaltungswochenende-des-jahres\/#breadcrumb"},"inLanguage":"de","potentialAction":[{"@type":"ReadAction","target":["https:\/\/radioleinewelle.de\/index.php\/2020\/08\/27\/goslar-startet-musikalisch-in-das-erste-veranstaltungswochenende-des-jahres\/"]}]},{"@type":"ImageObject","inLanguage":"de","@id":"https:\/\/radioleinewelle.de\/index.php\/2020\/08\/27\/goslar-startet-musikalisch-in-das-erste-veranstaltungswochenende-des-jahres\/#primaryimage","url":"https:\/\/radioleinewelle.de\/wp-content\/uploads\/2020\/08\/Boerney-Partyband-Stadtfest-Firmenfeier-big-01-e1598558129150.jpg","contentUrl":"https:\/\/radioleinewelle.de\/wp-content\/uploads\/2020\/08\/Boerney-Partyband-Stadtfest-Firmenfeier-big-01-e1598558129150.jpg","width":300,"height":169},{"@type":"BreadcrumbList","@id":"https:\/\/radioleinewelle.de\/index.php\/2020\/08\/27\/goslar-startet-musikalisch-in-das-erste-veranstaltungswochenende-des-jahres\/#breadcrumb","itemListElement":[{"@type":"ListItem","position":1,"name":"Startseite","item":"https:\/\/radioleinewelle.de\/"},{"@type":"ListItem","position":2,"name":"Goslar startet musikalisch in das erste Veranstaltungswochenende des Jahres"}]},{"@type":"WebSite","@id":"https:\/\/radioleinewelle.de\/#website","url":"https:\/\/radioleinewelle.de\/","name":"Radio Leinewelle","description":"","publisher":{"@id":"https:\/\/radioleinewelle.de\/#organization"},"potentialAction":[{"@type":"SearchAction","target":{"@type":"EntryPoint","urlTemplate":"https:\/\/radioleinewelle.de\/?s={search_term_string}"},"query-input":{"@type":"PropertyValueSpecification","valueRequired":true,"valueName":"search_term_string"}}],"inLanguage":"de"},{"@type":"Organization","@id":"https:\/\/radioleinewelle.de\/#organization","name":"Radio Leinewelle","alternateName":"Mein Radio f\u00fcr S\u00fcdniedersachsen","url":"https:\/\/radioleinewelle.de\/","logo":{"@type":"ImageObject","inLanguage":"de","@id":"https:\/\/radioleinewelle.de\/#\/schema\/logo\/image\/","url":"https:\/\/radioleinewelle.de\/wp-content\/uploads\/2023\/11\/cropped-Leinewelle_Logo_weiss.png","contentUrl":"https:\/\/radioleinewelle.de\/wp-content\/uploads\/2023\/11\/cropped-Leinewelle_Logo_weiss.png","width":854,"height":260,"caption":"Radio Leinewelle"},"image":{"@id":"https:\/\/radioleinewelle.de\/#\/schema\/logo\/image\/"},"sameAs":["https:\/\/www.facebook.com\/radioleinewelle","https:\/\/x.com\/RLeinewelle","https:\/\/www.instagram.com\/radioleinewelle\/?hl=de"]},{"@type":"Person","@id":"https:\/\/radioleinewelle.de\/#\/schema\/person\/45606f348637df637192dc1b68399a63","name":"Leinewelle","image":{"@type":"ImageObject","inLanguage":"de","@id":"https:\/\/secure.gravatar.com\/avatar\/05c9a17bc973052ee5d91549bd32fb4dd0dc85b7b85ae94b2e2b4943476bbea5?s=96&d=blank&r=g","url":"https:\/\/secure.gravatar.com\/avatar\/05c9a17bc973052ee5d91549bd32fb4dd0dc85b7b85ae94b2e2b4943476bbea5?s=96&d=blank&r=g","contentUrl":"https:\/\/secure.gravatar.com\/avatar\/05c9a17bc973052ee5d91549bd32fb4dd0dc85b7b85ae94b2e2b4943476bbea5?s=96&d=blank&r=g","caption":"Leinewelle"},"sameAs":["http:\/\/localhost\/radio%20leinewelle\/wordpress","https:\/\/www.facebook.com\/radioleinewelle","https:\/\/www.instagram.com\/radioleinewelle","https:\/\/x.com\/https:\/\/twitter.com\/RLeinewelle?ref_src=twsrcgoogletwcampserptwgrauthor","https:\/\/soundcloud.com\/foerderverein-lokalradio?utm_source=clipboard&utm_medium=text&utm_campaign=social_sharing"],"url":"https:\/\/radioleinewelle.de\/index.php\/author\/leinewelle\/"}]}},"_links":{"self":[{"href":"https:\/\/radioleinewelle.de\/index.php\/wp-json\/wp\/v2\/posts\/1320","targetHints":{"allow":["GET"]}}],"collection":[{"href":"https:\/\/radioleinewelle.de\/index.php\/wp-json\/wp\/v2\/posts"}],"about":[{"href":"https:\/\/radioleinewelle.de\/index.php\/wp-json\/wp\/v2\/types\/post"}],"author":[{"embeddable":true,"href":"https:\/\/radioleinewelle.de\/index.php\/wp-json\/wp\/v2\/users\/1"}],"replies":[{"embeddable":true,"href":"https:\/\/radioleinewelle.de\/index.php\/wp-json\/wp\/v2\/comments?post=1320"}],"version-history":[{"count":0,"href":"https:\/\/radioleinewelle.de\/index.php\/wp-json\/wp\/v2\/posts\/1320\/revisions"}],"wp:featuredmedia":[{"embeddable":true,"href":"https:\/\/radioleinewelle.de\/index.php\/wp-json\/wp\/v2\/media\/1321"}],"wp:attachment":[{"href":"https:\/\/radioleinewelle.de\/index.php\/wp-json\/wp\/v2\/media?parent=1320"}],"wp:term":[{"taxonomy":"category","embeddable":true,"href":"https:\/\/radioleinewelle.de\/index.php\/wp-json\/wp\/v2\/categories?post=1320"},{"taxonomy":"post_tag","embeddable":true,"href":"https:\/\/radioleinewelle.de\/index.php\/wp-json\/wp\/v2\/tags?post=1320"}],"curies":[{"name":"wp","href":"https:\/\/api.w.org\/{rel}","templated":true}]}}