{"id":13230,"date":"2022-03-10T06:50:27","date_gmt":"2022-03-10T05:50:27","guid":{"rendered":"https:\/\/radioleinewelle.de\/?p=13230"},"modified":"2022-03-10T06:50:27","modified_gmt":"2022-03-10T05:50:27","slug":"mitgefuehrtes-transparent-bei-corona-montagsdemo-sorgt-fuer-diskussionen","status":"publish","type":"post","link":"https:\/\/radioleinewelle.de\/index.php\/2022\/03\/10\/mitgefuehrtes-transparent-bei-corona-montagsdemo-sorgt-fuer-diskussionen\/","title":{"rendered":"Mitgef\u00fchrtes Transparent bei Corona Montagsdemo sorgt f\u00fcr Diskussionen"},"content":{"rendered":"\n<p>Im Nachgang zu einer angezeigten <strong><a href=\"https:\/\/radioleinewelle.de\/wp-admin\/post.php?post=13202&amp;action=edit\">Demonstration von Corona-Ma\u00dfnahmengegnern<\/a><\/strong> am Montagabend in G\u00f6ttingen, sorgt derzeit ein von einem der Teilnehmer im Aufzug mitgef\u00fchrtes Plakat in den Sozialen Medien f\u00fcr Diskussionen. Ausl\u00f6ser ist, dass das Transparent u. a. \u00fcber einen Onlineshop mit Sitz in Sachsen-Anhalt bezogen werden kann, der nach hiesigen Erkenntnissen von einem Angeh\u00f6rigen der rechten Szene betrieben wird.<\/p>\n\n\n\n<p>Das Plakat, auf dem u. a. die Frage &#8222;Willst du ein Versuchskaninchen sein?&#8220; abgedruckt ist, wurde am Montagabend mit Beginn der Versammlung von Einsatzkr\u00e4ften festgestellt und einer Bewertung unterzogen. Diese ergab, dass die abgebildeten Inhalte nicht von strafrechtlicher Relevanz sind. <\/p>\n\n\n\n<p>Ein polizeiliches Einschreiten gegen dessen Tr\u00e4ger war deshalb nicht erforderlich bzw. mangels Rechtsgrundlage auch nicht zul\u00e4ssig, teilte die Polizeiinspektion G\u00f6ttingen in einer Pressemitteilung mit.<\/p>\n","protected":false},"excerpt":{"rendered":"<p>Im Nachgang zu einer angezeigten Demonstration von Corona-Ma\u00dfnahmengegnern am Montagabend in G\u00f6ttingen, sorgt derzeit ein von einem der Teilnehmer im Aufzug mitgef\u00fchrtes Plakat in den Sozialen Medien f\u00fcr Diskussionen. Ausl\u00f6ser ist, dass das Transparent u. a. \u00fcber einen Onlineshop mit Sitz in Sachsen-Anhalt bezogen werden kann, der nach hiesigen Erkenntnissen von einem Angeh\u00f6rigen der rechten [&hellip;]<\/p>\n","protected":false},"author":1,"featured_media":0,"comment_status":"closed","ping_status":"closed","sticky":false,"template":"","format":"standard","meta":{"saved_in_kubio":false,"footnotes":""},"categories":[24],"tags":[],"class_list":["post-13230","post","type-post","status-publish","format-standard","hentry","category-news"],"yoast_head":"<!-- This site is optimized with the Yoast SEO plugin v27.5 - https:\/\/yoast.com\/product\/yoast-seo-wordpress\/ -->\n<title>Mitgef\u00fchrtes Transparent bei Corona Montagsdemo sorgt f\u00fcr Diskussionen - Radio Leinewelle<\/title>\n<meta name=\"robots\" content=\"index, follow, max-snippet:-1, max-image-preview:large, max-video-preview:-1\" \/>\n<link rel=\"canonical\" href=\"https:\/\/radioleinewelle.de\/index.php\/2022\/03\/10\/mitgefuehrtes-transparent-bei-corona-montagsdemo-sorgt-fuer-diskussionen\/\" \/>\n<meta property=\"og:locale\" content=\"de_DE\" \/>\n<meta property=\"og:type\" content=\"article\" \/>\n<meta property=\"og:title\" content=\"Mitgef\u00fchrtes Transparent bei Corona Montagsdemo sorgt f\u00fcr Diskussionen - Radio Leinewelle\" \/>\n<meta property=\"og:description\" content=\"Im Nachgang zu einer angezeigten Demonstration von Corona-Ma\u00dfnahmengegnern am Montagabend in G\u00f6ttingen, sorgt derzeit ein von einem der Teilnehmer im Aufzug mitgef\u00fchrtes Plakat in den Sozialen Medien f\u00fcr Diskussionen. Ausl\u00f6ser ist, dass das Transparent u. a. \u00fcber einen Onlineshop mit Sitz in Sachsen-Anhalt bezogen werden kann, der nach hiesigen Erkenntnissen von einem Angeh\u00f6rigen der rechten [&hellip;]\" \/>\n<meta property=\"og:url\" content=\"https:\/\/radioleinewelle.de\/index.php\/2022\/03\/10\/mitgefuehrtes-transparent-bei-corona-montagsdemo-sorgt-fuer-diskussionen\/\" \/>\n<meta property=\"og:site_name\" content=\"Radio Leinewelle\" \/>\n<meta property=\"article:publisher\" content=\"https:\/\/www.facebook.com\/radioleinewelle\" \/>\n<meta property=\"article:author\" content=\"https:\/\/www.facebook.com\/radioleinewelle\" \/>\n<meta property=\"article:published_time\" content=\"2022-03-10T05:50:27+00:00\" \/>\n<meta name=\"author\" content=\"Leinewelle\" \/>\n<meta name=\"twitter:card\" content=\"summary_large_image\" \/>\n<meta name=\"twitter:creator\" content=\"@https:\/\/twitter.com\/RLeinewelle?ref_src=twsrcgoogletwcampserptwgrauthor\" \/>\n<meta name=\"twitter:site\" content=\"@RLeinewelle\" \/>\n<meta name=\"twitter:label1\" content=\"Verfasst von\" \/>\n\t<meta name=\"twitter:data1\" content=\"Leinewelle\" \/>\n\t<meta name=\"twitter:label2\" content=\"Gesch\u00e4tzte Lesezeit\" \/>\n\t<meta name=\"twitter:data2\" content=\"1\u00a0Minute\" \/>\n<script type=\"application\/ld+json\" class=\"yoast-schema-graph\">{\"@context\":\"https:\\\/\\\/schema.org\",\"@graph\":[{\"@type\":\"Article\",\"@id\":\"https:\\\/\\\/radioleinewelle.de\\\/index.php\\\/2022\\\/03\\\/10\\\/mitgefuehrtes-transparent-bei-corona-montagsdemo-sorgt-fuer-diskussionen\\\/#article\",\"isPartOf\":{\"@id\":\"https:\\\/\\\/radioleinewelle.de\\\/index.php\\\/2022\\\/03\\\/10\\\/mitgefuehrtes-transparent-bei-corona-montagsdemo-sorgt-fuer-diskussionen\\\/\"},\"author\":{\"name\":\"Leinewelle\",\"@id\":\"https:\\\/\\\/radioleinewelle.de\\\/#\\\/schema\\\/person\\\/45606f348637df637192dc1b68399a63\"},\"headline\":\"Mitgef\u00fchrtes Transparent bei Corona Montagsdemo sorgt f\u00fcr Diskussionen\",\"datePublished\":\"2022-03-10T05:50:27+00:00\",\"mainEntityOfPage\":{\"@id\":\"https:\\\/\\\/radioleinewelle.de\\\/index.php\\\/2022\\\/03\\\/10\\\/mitgefuehrtes-transparent-bei-corona-montagsdemo-sorgt-fuer-diskussionen\\\/\"},\"wordCount\":142,\"publisher\":{\"@id\":\"https:\\\/\\\/radioleinewelle.de\\\/#organization\"},\"articleSection\":[\"Aktuelle Nachrichten\"],\"inLanguage\":\"de\"},{\"@type\":\"WebPage\",\"@id\":\"https:\\\/\\\/radioleinewelle.de\\\/index.php\\\/2022\\\/03\\\/10\\\/mitgefuehrtes-transparent-bei-corona-montagsdemo-sorgt-fuer-diskussionen\\\/\",\"url\":\"https:\\\/\\\/radioleinewelle.de\\\/index.php\\\/2022\\\/03\\\/10\\\/mitgefuehrtes-transparent-bei-corona-montagsdemo-sorgt-fuer-diskussionen\\\/\",\"name\":\"Mitgef\u00fchrtes Transparent bei Corona Montagsdemo sorgt f\u00fcr Diskussionen - Radio Leinewelle\",\"isPartOf\":{\"@id\":\"https:\\\/\\\/radioleinewelle.de\\\/#website\"},\"datePublished\":\"2022-03-10T05:50:27+00:00\",\"breadcrumb\":{\"@id\":\"https:\\\/\\\/radioleinewelle.de\\\/index.php\\\/2022\\\/03\\\/10\\\/mitgefuehrtes-transparent-bei-corona-montagsdemo-sorgt-fuer-diskussionen\\\/#breadcrumb\"},\"inLanguage\":\"de\",\"potentialAction\":[{\"@type\":\"ReadAction\",\"target\":[\"https:\\\/\\\/radioleinewelle.de\\\/index.php\\\/2022\\\/03\\\/10\\\/mitgefuehrtes-transparent-bei-corona-montagsdemo-sorgt-fuer-diskussionen\\\/\"]}]},{\"@type\":\"BreadcrumbList\",\"@id\":\"https:\\\/\\\/radioleinewelle.de\\\/index.php\\\/2022\\\/03\\\/10\\\/mitgefuehrtes-transparent-bei-corona-montagsdemo-sorgt-fuer-diskussionen\\\/#breadcrumb\",\"itemListElement\":[{\"@type\":\"ListItem\",\"position\":1,\"name\":\"Startseite\",\"item\":\"https:\\\/\\\/radioleinewelle.de\\\/\"},{\"@type\":\"ListItem\",\"position\":2,\"name\":\"Mitgef\u00fchrtes Transparent bei Corona Montagsdemo sorgt f\u00fcr Diskussionen\"}]},{\"@type\":\"WebSite\",\"@id\":\"https:\\\/\\\/radioleinewelle.de\\\/#website\",\"url\":\"https:\\\/\\\/radioleinewelle.de\\\/\",\"name\":\"Radio Leinewelle\",\"description\":\"\",\"publisher\":{\"@id\":\"https:\\\/\\\/radioleinewelle.de\\\/#organization\"},\"potentialAction\":[{\"@type\":\"SearchAction\",\"target\":{\"@type\":\"EntryPoint\",\"urlTemplate\":\"https:\\\/\\\/radioleinewelle.de\\\/?s={search_term_string}\"},\"query-input\":{\"@type\":\"PropertyValueSpecification\",\"valueRequired\":true,\"valueName\":\"search_term_string\"}}],\"inLanguage\":\"de\"},{\"@type\":\"Organization\",\"@id\":\"https:\\\/\\\/radioleinewelle.de\\\/#organization\",\"name\":\"Radio Leinewelle\",\"alternateName\":\"Mein Radio f\u00fcr S\u00fcdniedersachsen\",\"url\":\"https:\\\/\\\/radioleinewelle.de\\\/\",\"logo\":{\"@type\":\"ImageObject\",\"inLanguage\":\"de\",\"@id\":\"https:\\\/\\\/radioleinewelle.de\\\/#\\\/schema\\\/logo\\\/image\\\/\",\"url\":\"https:\\\/\\\/radioleinewelle.de\\\/wp-content\\\/uploads\\\/2023\\\/11\\\/cropped-Leinewelle_Logo_weiss.png\",\"contentUrl\":\"https:\\\/\\\/radioleinewelle.de\\\/wp-content\\\/uploads\\\/2023\\\/11\\\/cropped-Leinewelle_Logo_weiss.png\",\"width\":854,\"height\":260,\"caption\":\"Radio Leinewelle\"},\"image\":{\"@id\":\"https:\\\/\\\/radioleinewelle.de\\\/#\\\/schema\\\/logo\\\/image\\\/\"},\"sameAs\":[\"https:\\\/\\\/www.facebook.com\\\/radioleinewelle\",\"https:\\\/\\\/x.com\\\/RLeinewelle\",\"https:\\\/\\\/www.instagram.com\\\/radioleinewelle\\\/?hl=de\"]},{\"@type\":\"Person\",\"@id\":\"https:\\\/\\\/radioleinewelle.de\\\/#\\\/schema\\\/person\\\/45606f348637df637192dc1b68399a63\",\"name\":\"Leinewelle\",\"image\":{\"@type\":\"ImageObject\",\"inLanguage\":\"de\",\"@id\":\"https:\\\/\\\/secure.gravatar.com\\\/avatar\\\/05c9a17bc973052ee5d91549bd32fb4dd0dc85b7b85ae94b2e2b4943476bbea5?s=96&d=blank&r=g\",\"url\":\"https:\\\/\\\/secure.gravatar.com\\\/avatar\\\/05c9a17bc973052ee5d91549bd32fb4dd0dc85b7b85ae94b2e2b4943476bbea5?s=96&d=blank&r=g\",\"contentUrl\":\"https:\\\/\\\/secure.gravatar.com\\\/avatar\\\/05c9a17bc973052ee5d91549bd32fb4dd0dc85b7b85ae94b2e2b4943476bbea5?s=96&d=blank&r=g\",\"caption\":\"Leinewelle\"},\"sameAs\":[\"http:\\\/\\\/localhost\\\/radio%20leinewelle\\\/wordpress\",\"https:\\\/\\\/www.facebook.com\\\/radioleinewelle\",\"https:\\\/\\\/www.instagram.com\\\/radioleinewelle\",\"https:\\\/\\\/x.com\\\/https:\\\/\\\/twitter.com\\\/RLeinewelle?ref_src=twsrcgoogletwcampserptwgrauthor\",\"https:\\\/\\\/soundcloud.com\\\/foerderverein-lokalradio?utm_source=clipboard&utm_medium=text&utm_campaign=social_sharing\"],\"url\":\"https:\\\/\\\/radioleinewelle.de\\\/index.php\\\/author\\\/leinewelle\\\/\"}]}<\/script>\n<!-- \/ Yoast SEO plugin. -->","yoast_head_json":{"title":"Mitgef\u00fchrtes Transparent bei Corona Montagsdemo sorgt f\u00fcr Diskussionen - Radio Leinewelle","robots":{"index":"index","follow":"follow","max-snippet":"max-snippet:-1","max-image-preview":"max-image-preview:large","max-video-preview":"max-video-preview:-1"},"canonical":"https:\/\/radioleinewelle.de\/index.php\/2022\/03\/10\/mitgefuehrtes-transparent-bei-corona-montagsdemo-sorgt-fuer-diskussionen\/","og_locale":"de_DE","og_type":"article","og_title":"Mitgef\u00fchrtes Transparent bei Corona Montagsdemo sorgt f\u00fcr Diskussionen - Radio Leinewelle","og_description":"Im Nachgang zu einer angezeigten Demonstration von Corona-Ma\u00dfnahmengegnern am Montagabend in G\u00f6ttingen, sorgt derzeit ein von einem der Teilnehmer im Aufzug mitgef\u00fchrtes Plakat in den Sozialen Medien f\u00fcr Diskussionen. Ausl\u00f6ser ist, dass das Transparent u. a. \u00fcber einen Onlineshop mit Sitz in Sachsen-Anhalt bezogen werden kann, der nach hiesigen Erkenntnissen von einem Angeh\u00f6rigen der rechten [&hellip;]","og_url":"https:\/\/radioleinewelle.de\/index.php\/2022\/03\/10\/mitgefuehrtes-transparent-bei-corona-montagsdemo-sorgt-fuer-diskussionen\/","og_site_name":"Radio Leinewelle","article_publisher":"https:\/\/www.facebook.com\/radioleinewelle","article_author":"https:\/\/www.facebook.com\/radioleinewelle","article_published_time":"2022-03-10T05:50:27+00:00","author":"Leinewelle","twitter_card":"summary_large_image","twitter_creator":"@https:\/\/twitter.com\/RLeinewelle?ref_src=twsrcgoogletwcampserptwgrauthor","twitter_site":"@RLeinewelle","twitter_misc":{"Verfasst von":"Leinewelle","Gesch\u00e4tzte Lesezeit":"1\u00a0Minute"},"schema":{"@context":"https:\/\/schema.org","@graph":[{"@type":"Article","@id":"https:\/\/radioleinewelle.de\/index.php\/2022\/03\/10\/mitgefuehrtes-transparent-bei-corona-montagsdemo-sorgt-fuer-diskussionen\/#article","isPartOf":{"@id":"https:\/\/radioleinewelle.de\/index.php\/2022\/03\/10\/mitgefuehrtes-transparent-bei-corona-montagsdemo-sorgt-fuer-diskussionen\/"},"author":{"name":"Leinewelle","@id":"https:\/\/radioleinewelle.de\/#\/schema\/person\/45606f348637df637192dc1b68399a63"},"headline":"Mitgef\u00fchrtes Transparent bei Corona Montagsdemo sorgt f\u00fcr Diskussionen","datePublished":"2022-03-10T05:50:27+00:00","mainEntityOfPage":{"@id":"https:\/\/radioleinewelle.de\/index.php\/2022\/03\/10\/mitgefuehrtes-transparent-bei-corona-montagsdemo-sorgt-fuer-diskussionen\/"},"wordCount":142,"publisher":{"@id":"https:\/\/radioleinewelle.de\/#organization"},"articleSection":["Aktuelle Nachrichten"],"inLanguage":"de"},{"@type":"WebPage","@id":"https:\/\/radioleinewelle.de\/index.php\/2022\/03\/10\/mitgefuehrtes-transparent-bei-corona-montagsdemo-sorgt-fuer-diskussionen\/","url":"https:\/\/radioleinewelle.de\/index.php\/2022\/03\/10\/mitgefuehrtes-transparent-bei-corona-montagsdemo-sorgt-fuer-diskussionen\/","name":"Mitgef\u00fchrtes Transparent bei Corona Montagsdemo sorgt f\u00fcr Diskussionen - Radio Leinewelle","isPartOf":{"@id":"https:\/\/radioleinewelle.de\/#website"},"datePublished":"2022-03-10T05:50:27+00:00","breadcrumb":{"@id":"https:\/\/radioleinewelle.de\/index.php\/2022\/03\/10\/mitgefuehrtes-transparent-bei-corona-montagsdemo-sorgt-fuer-diskussionen\/#breadcrumb"},"inLanguage":"de","potentialAction":[{"@type":"ReadAction","target":["https:\/\/radioleinewelle.de\/index.php\/2022\/03\/10\/mitgefuehrtes-transparent-bei-corona-montagsdemo-sorgt-fuer-diskussionen\/"]}]},{"@type":"BreadcrumbList","@id":"https:\/\/radioleinewelle.de\/index.php\/2022\/03\/10\/mitgefuehrtes-transparent-bei-corona-montagsdemo-sorgt-fuer-diskussionen\/#breadcrumb","itemListElement":[{"@type":"ListItem","position":1,"name":"Startseite","item":"https:\/\/radioleinewelle.de\/"},{"@type":"ListItem","position":2,"name":"Mitgef\u00fchrtes Transparent bei Corona Montagsdemo sorgt f\u00fcr Diskussionen"}]},{"@type":"WebSite","@id":"https:\/\/radioleinewelle.de\/#website","url":"https:\/\/radioleinewelle.de\/","name":"Radio Leinewelle","description":"","publisher":{"@id":"https:\/\/radioleinewelle.de\/#organization"},"potentialAction":[{"@type":"SearchAction","target":{"@type":"EntryPoint","urlTemplate":"https:\/\/radioleinewelle.de\/?s={search_term_string}"},"query-input":{"@type":"PropertyValueSpecification","valueRequired":true,"valueName":"search_term_string"}}],"inLanguage":"de"},{"@type":"Organization","@id":"https:\/\/radioleinewelle.de\/#organization","name":"Radio Leinewelle","alternateName":"Mein Radio f\u00fcr S\u00fcdniedersachsen","url":"https:\/\/radioleinewelle.de\/","logo":{"@type":"ImageObject","inLanguage":"de","@id":"https:\/\/radioleinewelle.de\/#\/schema\/logo\/image\/","url":"https:\/\/radioleinewelle.de\/wp-content\/uploads\/2023\/11\/cropped-Leinewelle_Logo_weiss.png","contentUrl":"https:\/\/radioleinewelle.de\/wp-content\/uploads\/2023\/11\/cropped-Leinewelle_Logo_weiss.png","width":854,"height":260,"caption":"Radio Leinewelle"},"image":{"@id":"https:\/\/radioleinewelle.de\/#\/schema\/logo\/image\/"},"sameAs":["https:\/\/www.facebook.com\/radioleinewelle","https:\/\/x.com\/RLeinewelle","https:\/\/www.instagram.com\/radioleinewelle\/?hl=de"]},{"@type":"Person","@id":"https:\/\/radioleinewelle.de\/#\/schema\/person\/45606f348637df637192dc1b68399a63","name":"Leinewelle","image":{"@type":"ImageObject","inLanguage":"de","@id":"https:\/\/secure.gravatar.com\/avatar\/05c9a17bc973052ee5d91549bd32fb4dd0dc85b7b85ae94b2e2b4943476bbea5?s=96&d=blank&r=g","url":"https:\/\/secure.gravatar.com\/avatar\/05c9a17bc973052ee5d91549bd32fb4dd0dc85b7b85ae94b2e2b4943476bbea5?s=96&d=blank&r=g","contentUrl":"https:\/\/secure.gravatar.com\/avatar\/05c9a17bc973052ee5d91549bd32fb4dd0dc85b7b85ae94b2e2b4943476bbea5?s=96&d=blank&r=g","caption":"Leinewelle"},"sameAs":["http:\/\/localhost\/radio%20leinewelle\/wordpress","https:\/\/www.facebook.com\/radioleinewelle","https:\/\/www.instagram.com\/radioleinewelle","https:\/\/x.com\/https:\/\/twitter.com\/RLeinewelle?ref_src=twsrcgoogletwcampserptwgrauthor","https:\/\/soundcloud.com\/foerderverein-lokalradio?utm_source=clipboard&utm_medium=text&utm_campaign=social_sharing"],"url":"https:\/\/radioleinewelle.de\/index.php\/author\/leinewelle\/"}]}},"_links":{"self":[{"href":"https:\/\/radioleinewelle.de\/index.php\/wp-json\/wp\/v2\/posts\/13230","targetHints":{"allow":["GET"]}}],"collection":[{"href":"https:\/\/radioleinewelle.de\/index.php\/wp-json\/wp\/v2\/posts"}],"about":[{"href":"https:\/\/radioleinewelle.de\/index.php\/wp-json\/wp\/v2\/types\/post"}],"author":[{"embeddable":true,"href":"https:\/\/radioleinewelle.de\/index.php\/wp-json\/wp\/v2\/users\/1"}],"replies":[{"embeddable":true,"href":"https:\/\/radioleinewelle.de\/index.php\/wp-json\/wp\/v2\/comments?post=13230"}],"version-history":[{"count":0,"href":"https:\/\/radioleinewelle.de\/index.php\/wp-json\/wp\/v2\/posts\/13230\/revisions"}],"wp:attachment":[{"href":"https:\/\/radioleinewelle.de\/index.php\/wp-json\/wp\/v2\/media?parent=13230"}],"wp:term":[{"taxonomy":"category","embeddable":true,"href":"https:\/\/radioleinewelle.de\/index.php\/wp-json\/wp\/v2\/categories?post=13230"},{"taxonomy":"post_tag","embeddable":true,"href":"https:\/\/radioleinewelle.de\/index.php\/wp-json\/wp\/v2\/tags?post=13230"}],"curies":[{"name":"wp","href":"https:\/\/api.w.org\/{rel}","templated":true}]}}