{"id":1325,"date":"2020-08-28T06:00:22","date_gmt":"2020-08-28T04:00:22","guid":{"rendered":"https:\/\/radioleinewelle.de\/?p=1325"},"modified":"2020-08-28T06:00:22","modified_gmt":"2020-08-28T04:00:22","slug":"1325","status":"publish","type":"post","link":"https:\/\/radioleinewelle.de\/index.php\/2020\/08\/28\/1325\/","title":{"rendered":"24 Auszubildende machen ihren Abschluss an der Universit\u00e4tsmedizin G\u00f6ttingen"},"content":{"rendered":"<p>(umg) Nach drei Jahren haben sie es geschafft: 24 Auszubildende aus 10 unterschiedlichen Berufsfeldern haben ihre Ausbildung an der Universit\u00e4tsmedizin G\u00f6ttingen (UMG) erfolgreich abgeschlossen. Drei Viertel von ihnen werden direkt als neue Mitarbeiterinnen und Mitarbeiter von der UMG \u00fcbernommen.\u00a0Wegen der Corona-Krise konnte in diesem Jahr leider keine Abschlussfeier in der Osthalle der Universit\u00e4tsmedizin G\u00f6ttingen stattfinden. Die \u00dcbergabe der Geschenke und Blumen an die Absolventen fand im kleinen Kreis auf der Wiese an den Bettenh\u00e4usern statt. Jens Finke, komm. Vorstand Wirtschaftsf\u00fchrung und Administration, Benjamin Zilles, Sachgebietsleiter Personalentwicklung (G3-25), und Anna-Lena Wauker, Personalentwicklung (G3-25), gratulierten den ehemaligen Azubis zur erfolgreich abgeschlossenen Ausbildung.<br \/>\nDie Universit\u00e4tsmedizin G\u00f6ttingen (UMG) bildet seit vielen Jahren erfolgreich in 15 dualen Ausbildungsg\u00e4ngen aus, hinzukommen \u00fcber 500 Sch\u00fclerinnen und Sch\u00fcler in den acht Schulen f\u00fcr Fachberufe im Gesundheitswesen der Bildungsakademie der UMG. Die Ausbildung dauert drei Jahre, in einigen Berufen dreieinhalb Jahre.<\/p>\n<p class=\"UMGPIFLIESSTEXT\"><strong>DIE AUSBILDUNGSBERUFE IN DER UNIVERSIT\u00c4TSMEDIZIN G\u00d6TTINGEN<\/strong><\/p>\n<p class=\"UMGPIFLIESSTEXT\"><strong>Betriebliche Berufsausbildungen<\/strong><br \/>\nBusiness Administration (B.A.)<br \/>\nBauzeichner*in<br \/>\nBiologielaborant*in<br \/>\nElektroniker*in f\u00fcr Energie- und Geb\u00e4udetechnik<br \/>\nFachkraft f\u00fcr Lagerlogistik<br \/>\nFachkraft f\u00fcr Systemgastronomie (mit der UMG Gastronomie GmbH)<br \/>\nFachinformatiker*in f\u00fcr Systemintegration<br \/>\nKaufleute im Gesundheitswesen<br \/>\nKoch\/K\u00f6chin (mit der UMG Gastronomie GmbH)<br \/>\nMechatroniker*in f\u00fcr Betriebstechnik<br \/>\nMedizinische*r Fachangestellte*r<br \/>\nPharmazeutisch-Kaufm.-Angestellte*r<br \/>\nTechnische*r Systemplaner*in<br \/>\nTierpfleger*in in Klinik und Forschung<br \/>\nZahnmedizinische*r Fachangestellte*r<\/p>\n<p class=\"UMGPIFLIESSTEXT\"><strong>Bildungsakademie, Humboldtallee 11:<\/strong><br \/>\nBerufsfachschule Pflege<br \/>\nHebammenschule<br \/>\nMTA-Schule Funktionsdiagnostik<br \/>\nMTA-Schule Labor<br \/>\nMTA-Schule Radiologie<br \/>\nSchule f\u00fcr An\u00e4sthesietechnische und Operationstechnische Assistenz<br \/>\nSchule f\u00fcr Logop\u00e4die<br \/>\nSchule f\u00fcr Physiotherapie<\/p>\n<p class=\"UMGPIFLIESSTEXT\">WEITERE INFORMATIONEN ZUR AUSBILDUNG AN DER UMG:<br \/>\n<a href=\"https:\/\/ausbildung.umg.eu\/\" target=\"_blank\" rel=\"noopener\">www.umg.eu\/karriere\/ausbildung-an-der-umg\/<br \/>\nhttps:\/\/ausbildung.umg.eu\/<\/a><\/p>\n<p>&nbsp;<\/p>\n<p>&#8212;&#8212;&#8212;&#8212;&#8212;&#8212;&#8212;&#8212;&#8212;&#8212;&#8212;&#8212;&#8212;&#8212;&#8212;&#8212;&#8212;&#8212;&#8212;&#8212;&#8212;&#8212;&#8212;&#8212;&#8212;&#8212;&#8212;&#8212;&#8212;&#8212;&#8212;&#8212;&#8212;&#8212;&#8212;&#8212;&#8212;&#8212;&#8212;&#8212;&#8212;&#8212;&#8212;&#8211;<\/p>\n<p>Foto: Erfolgreiches Examen \u2013 die Auszubildenden 2020 mit Jens Finke, (komm.) Vorstand Wirtschaftsf\u00fchrung und Administration (2. v.l.), Benjamin Zilles (3. v.l.) und Anna-Lena Wauker (1. v.l.), Personalentwicklung. Das Foto wurde unter Einhaltung der Abstandsregelung aufgenommen. Foto: umg\/spf\u00f6rtner<\/p>\n","protected":false},"excerpt":{"rendered":"<p>(umg) Nach drei Jahren haben sie es geschafft: 24 Auszubildende aus 10 unterschiedlichen Berufsfeldern haben ihre Ausbildung an der Universit\u00e4tsmedizin G\u00f6ttingen (UMG) erfolgreich abgeschlossen. Drei Viertel von ihnen werden direkt als neue Mitarbeiterinnen und Mitarbeiter von der UMG \u00fcbernommen.\u00a0Wegen der Corona-Krise konnte in diesem Jahr leider keine Abschlussfeier in der Osthalle der Universit\u00e4tsmedizin G\u00f6ttingen stattfinden. [&hellip;]<\/p>\n","protected":false},"author":1,"featured_media":1327,"comment_status":"closed","ping_status":"closed","sticky":false,"template":"","format":"standard","meta":{"saved_in_kubio":false,"footnotes":""},"categories":[1],"tags":[],"class_list":["post-1325","post","type-post","status-publish","format-standard","has-post-thumbnail","hentry","category-allgemein"],"yoast_head":"<!-- This site is optimized with the Yoast SEO plugin v27.5 - https:\/\/yoast.com\/product\/yoast-seo-wordpress\/ -->\n<title>24 Auszubildende machen ihren Abschluss an der Universit\u00e4tsmedizin G\u00f6ttingen - Radio Leinewelle<\/title>\n<meta name=\"robots\" content=\"index, follow, max-snippet:-1, max-image-preview:large, max-video-preview:-1\" \/>\n<link rel=\"canonical\" href=\"https:\/\/radioleinewelle.de\/index.php\/2020\/08\/28\/1325\/\" \/>\n<meta property=\"og:locale\" content=\"de_DE\" \/>\n<meta property=\"og:type\" content=\"article\" \/>\n<meta property=\"og:title\" content=\"24 Auszubildende machen ihren Abschluss an der Universit\u00e4tsmedizin G\u00f6ttingen - Radio Leinewelle\" \/>\n<meta property=\"og:description\" content=\"(umg) Nach drei Jahren haben sie es geschafft: 24 Auszubildende aus 10 unterschiedlichen Berufsfeldern haben ihre Ausbildung an der Universit\u00e4tsmedizin G\u00f6ttingen (UMG) erfolgreich abgeschlossen. Drei Viertel von ihnen werden direkt als neue Mitarbeiterinnen und Mitarbeiter von der UMG \u00fcbernommen.\u00a0Wegen der Corona-Krise konnte in diesem Jahr leider keine Abschlussfeier in der Osthalle der Universit\u00e4tsmedizin G\u00f6ttingen stattfinden. [&hellip;]\" \/>\n<meta property=\"og:url\" content=\"https:\/\/radioleinewelle.de\/index.php\/2020\/08\/28\/1325\/\" \/>\n<meta property=\"og:site_name\" content=\"Radio Leinewelle\" \/>\n<meta property=\"article:publisher\" content=\"https:\/\/www.facebook.com\/radioleinewelle\" \/>\n<meta property=\"article:author\" content=\"https:\/\/www.facebook.com\/radioleinewelle\" \/>\n<meta property=\"article:published_time\" content=\"2020-08-28T04:00:22+00:00\" \/>\n<meta property=\"og:image\" content=\"https:\/\/radioleinewelle.de\/wp-content\/uploads\/2020\/08\/csm_PIC-096-Azubis_2020_82e0e67504-e1598560063347.jpg\" \/>\n\t<meta property=\"og:image:width\" content=\"300\" \/>\n\t<meta property=\"og:image:height\" content=\"200\" \/>\n\t<meta property=\"og:image:type\" content=\"image\/jpeg\" \/>\n<meta name=\"author\" content=\"Leinewelle\" \/>\n<meta name=\"twitter:card\" content=\"summary_large_image\" \/>\n<meta name=\"twitter:creator\" content=\"@https:\/\/twitter.com\/RLeinewelle?ref_src=twsrcgoogletwcampserptwgrauthor\" \/>\n<meta name=\"twitter:site\" content=\"@RLeinewelle\" \/>\n<meta name=\"twitter:label1\" content=\"Verfasst von\" \/>\n\t<meta name=\"twitter:data1\" content=\"Leinewelle\" \/>\n\t<meta name=\"twitter:label2\" content=\"Gesch\u00e4tzte Lesezeit\" \/>\n\t<meta name=\"twitter:data2\" content=\"2\u00a0Minuten\" \/>\n<script type=\"application\/ld+json\" class=\"yoast-schema-graph\">{\"@context\":\"https:\\\/\\\/schema.org\",\"@graph\":[{\"@type\":\"Article\",\"@id\":\"https:\\\/\\\/radioleinewelle.de\\\/index.php\\\/2020\\\/08\\\/28\\\/1325\\\/#article\",\"isPartOf\":{\"@id\":\"https:\\\/\\\/radioleinewelle.de\\\/index.php\\\/2020\\\/08\\\/28\\\/1325\\\/\"},\"author\":{\"name\":\"Leinewelle\",\"@id\":\"https:\\\/\\\/radioleinewelle.de\\\/#\\\/schema\\\/person\\\/45606f348637df637192dc1b68399a63\"},\"headline\":\"24 Auszubildende machen ihren Abschluss an der Universit\u00e4tsmedizin G\u00f6ttingen\",\"datePublished\":\"2020-08-28T04:00:22+00:00\",\"mainEntityOfPage\":{\"@id\":\"https:\\\/\\\/radioleinewelle.de\\\/index.php\\\/2020\\\/08\\\/28\\\/1325\\\/\"},\"wordCount\":328,\"publisher\":{\"@id\":\"https:\\\/\\\/radioleinewelle.de\\\/#organization\"},\"image\":{\"@id\":\"https:\\\/\\\/radioleinewelle.de\\\/index.php\\\/2020\\\/08\\\/28\\\/1325\\\/#primaryimage\"},\"thumbnailUrl\":\"https:\\\/\\\/radioleinewelle.de\\\/wp-content\\\/uploads\\\/2020\\\/08\\\/csm_PIC-096-Azubis_2020_82e0e67504-e1598560063347.jpg\",\"inLanguage\":\"de\"},{\"@type\":\"WebPage\",\"@id\":\"https:\\\/\\\/radioleinewelle.de\\\/index.php\\\/2020\\\/08\\\/28\\\/1325\\\/\",\"url\":\"https:\\\/\\\/radioleinewelle.de\\\/index.php\\\/2020\\\/08\\\/28\\\/1325\\\/\",\"name\":\"24 Auszubildende machen ihren Abschluss an der Universit\u00e4tsmedizin G\u00f6ttingen - Radio Leinewelle\",\"isPartOf\":{\"@id\":\"https:\\\/\\\/radioleinewelle.de\\\/#website\"},\"primaryImageOfPage\":{\"@id\":\"https:\\\/\\\/radioleinewelle.de\\\/index.php\\\/2020\\\/08\\\/28\\\/1325\\\/#primaryimage\"},\"image\":{\"@id\":\"https:\\\/\\\/radioleinewelle.de\\\/index.php\\\/2020\\\/08\\\/28\\\/1325\\\/#primaryimage\"},\"thumbnailUrl\":\"https:\\\/\\\/radioleinewelle.de\\\/wp-content\\\/uploads\\\/2020\\\/08\\\/csm_PIC-096-Azubis_2020_82e0e67504-e1598560063347.jpg\",\"datePublished\":\"2020-08-28T04:00:22+00:00\",\"breadcrumb\":{\"@id\":\"https:\\\/\\\/radioleinewelle.de\\\/index.php\\\/2020\\\/08\\\/28\\\/1325\\\/#breadcrumb\"},\"inLanguage\":\"de\",\"potentialAction\":[{\"@type\":\"ReadAction\",\"target\":[\"https:\\\/\\\/radioleinewelle.de\\\/index.php\\\/2020\\\/08\\\/28\\\/1325\\\/\"]}]},{\"@type\":\"ImageObject\",\"inLanguage\":\"de\",\"@id\":\"https:\\\/\\\/radioleinewelle.de\\\/index.php\\\/2020\\\/08\\\/28\\\/1325\\\/#primaryimage\",\"url\":\"https:\\\/\\\/radioleinewelle.de\\\/wp-content\\\/uploads\\\/2020\\\/08\\\/csm_PIC-096-Azubis_2020_82e0e67504-e1598560063347.jpg\",\"contentUrl\":\"https:\\\/\\\/radioleinewelle.de\\\/wp-content\\\/uploads\\\/2020\\\/08\\\/csm_PIC-096-Azubis_2020_82e0e67504-e1598560063347.jpg\",\"width\":300,\"height\":200},{\"@type\":\"BreadcrumbList\",\"@id\":\"https:\\\/\\\/radioleinewelle.de\\\/index.php\\\/2020\\\/08\\\/28\\\/1325\\\/#breadcrumb\",\"itemListElement\":[{\"@type\":\"ListItem\",\"position\":1,\"name\":\"Startseite\",\"item\":\"https:\\\/\\\/radioleinewelle.de\\\/\"},{\"@type\":\"ListItem\",\"position\":2,\"name\":\"24 Auszubildende machen ihren Abschluss an der Universit\u00e4tsmedizin G\u00f6ttingen\"}]},{\"@type\":\"WebSite\",\"@id\":\"https:\\\/\\\/radioleinewelle.de\\\/#website\",\"url\":\"https:\\\/\\\/radioleinewelle.de\\\/\",\"name\":\"Radio Leinewelle\",\"description\":\"\",\"publisher\":{\"@id\":\"https:\\\/\\\/radioleinewelle.de\\\/#organization\"},\"potentialAction\":[{\"@type\":\"SearchAction\",\"target\":{\"@type\":\"EntryPoint\",\"urlTemplate\":\"https:\\\/\\\/radioleinewelle.de\\\/?s={search_term_string}\"},\"query-input\":{\"@type\":\"PropertyValueSpecification\",\"valueRequired\":true,\"valueName\":\"search_term_string\"}}],\"inLanguage\":\"de\"},{\"@type\":\"Organization\",\"@id\":\"https:\\\/\\\/radioleinewelle.de\\\/#organization\",\"name\":\"Radio Leinewelle\",\"alternateName\":\"Mein Radio f\u00fcr S\u00fcdniedersachsen\",\"url\":\"https:\\\/\\\/radioleinewelle.de\\\/\",\"logo\":{\"@type\":\"ImageObject\",\"inLanguage\":\"de\",\"@id\":\"https:\\\/\\\/radioleinewelle.de\\\/#\\\/schema\\\/logo\\\/image\\\/\",\"url\":\"https:\\\/\\\/radioleinewelle.de\\\/wp-content\\\/uploads\\\/2023\\\/11\\\/cropped-Leinewelle_Logo_weiss.png\",\"contentUrl\":\"https:\\\/\\\/radioleinewelle.de\\\/wp-content\\\/uploads\\\/2023\\\/11\\\/cropped-Leinewelle_Logo_weiss.png\",\"width\":854,\"height\":260,\"caption\":\"Radio Leinewelle\"},\"image\":{\"@id\":\"https:\\\/\\\/radioleinewelle.de\\\/#\\\/schema\\\/logo\\\/image\\\/\"},\"sameAs\":[\"https:\\\/\\\/www.facebook.com\\\/radioleinewelle\",\"https:\\\/\\\/x.com\\\/RLeinewelle\",\"https:\\\/\\\/www.instagram.com\\\/radioleinewelle\\\/?hl=de\"]},{\"@type\":\"Person\",\"@id\":\"https:\\\/\\\/radioleinewelle.de\\\/#\\\/schema\\\/person\\\/45606f348637df637192dc1b68399a63\",\"name\":\"Leinewelle\",\"image\":{\"@type\":\"ImageObject\",\"inLanguage\":\"de\",\"@id\":\"https:\\\/\\\/secure.gravatar.com\\\/avatar\\\/05c9a17bc973052ee5d91549bd32fb4dd0dc85b7b85ae94b2e2b4943476bbea5?s=96&d=blank&r=g\",\"url\":\"https:\\\/\\\/secure.gravatar.com\\\/avatar\\\/05c9a17bc973052ee5d91549bd32fb4dd0dc85b7b85ae94b2e2b4943476bbea5?s=96&d=blank&r=g\",\"contentUrl\":\"https:\\\/\\\/secure.gravatar.com\\\/avatar\\\/05c9a17bc973052ee5d91549bd32fb4dd0dc85b7b85ae94b2e2b4943476bbea5?s=96&d=blank&r=g\",\"caption\":\"Leinewelle\"},\"sameAs\":[\"http:\\\/\\\/localhost\\\/radio%20leinewelle\\\/wordpress\",\"https:\\\/\\\/www.facebook.com\\\/radioleinewelle\",\"https:\\\/\\\/www.instagram.com\\\/radioleinewelle\",\"https:\\\/\\\/x.com\\\/https:\\\/\\\/twitter.com\\\/RLeinewelle?ref_src=twsrcgoogletwcampserptwgrauthor\",\"https:\\\/\\\/soundcloud.com\\\/foerderverein-lokalradio?utm_source=clipboard&utm_medium=text&utm_campaign=social_sharing\"],\"url\":\"https:\\\/\\\/radioleinewelle.de\\\/index.php\\\/author\\\/leinewelle\\\/\"}]}<\/script>\n<!-- \/ Yoast SEO plugin. -->","yoast_head_json":{"title":"24 Auszubildende machen ihren Abschluss an der Universit\u00e4tsmedizin G\u00f6ttingen - Radio Leinewelle","robots":{"index":"index","follow":"follow","max-snippet":"max-snippet:-1","max-image-preview":"max-image-preview:large","max-video-preview":"max-video-preview:-1"},"canonical":"https:\/\/radioleinewelle.de\/index.php\/2020\/08\/28\/1325\/","og_locale":"de_DE","og_type":"article","og_title":"24 Auszubildende machen ihren Abschluss an der Universit\u00e4tsmedizin G\u00f6ttingen - Radio Leinewelle","og_description":"(umg) Nach drei Jahren haben sie es geschafft: 24 Auszubildende aus 10 unterschiedlichen Berufsfeldern haben ihre Ausbildung an der Universit\u00e4tsmedizin G\u00f6ttingen (UMG) erfolgreich abgeschlossen. Drei Viertel von ihnen werden direkt als neue Mitarbeiterinnen und Mitarbeiter von der UMG \u00fcbernommen.\u00a0Wegen der Corona-Krise konnte in diesem Jahr leider keine Abschlussfeier in der Osthalle der Universit\u00e4tsmedizin G\u00f6ttingen stattfinden. [&hellip;]","og_url":"https:\/\/radioleinewelle.de\/index.php\/2020\/08\/28\/1325\/","og_site_name":"Radio Leinewelle","article_publisher":"https:\/\/www.facebook.com\/radioleinewelle","article_author":"https:\/\/www.facebook.com\/radioleinewelle","article_published_time":"2020-08-28T04:00:22+00:00","og_image":[{"width":300,"height":200,"url":"https:\/\/radioleinewelle.de\/wp-content\/uploads\/2020\/08\/csm_PIC-096-Azubis_2020_82e0e67504-e1598560063347.jpg","type":"image\/jpeg"}],"author":"Leinewelle","twitter_card":"summary_large_image","twitter_creator":"@https:\/\/twitter.com\/RLeinewelle?ref_src=twsrcgoogletwcampserptwgrauthor","twitter_site":"@RLeinewelle","twitter_misc":{"Verfasst von":"Leinewelle","Gesch\u00e4tzte Lesezeit":"2\u00a0Minuten"},"schema":{"@context":"https:\/\/schema.org","@graph":[{"@type":"Article","@id":"https:\/\/radioleinewelle.de\/index.php\/2020\/08\/28\/1325\/#article","isPartOf":{"@id":"https:\/\/radioleinewelle.de\/index.php\/2020\/08\/28\/1325\/"},"author":{"name":"Leinewelle","@id":"https:\/\/radioleinewelle.de\/#\/schema\/person\/45606f348637df637192dc1b68399a63"},"headline":"24 Auszubildende machen ihren Abschluss an der Universit\u00e4tsmedizin G\u00f6ttingen","datePublished":"2020-08-28T04:00:22+00:00","mainEntityOfPage":{"@id":"https:\/\/radioleinewelle.de\/index.php\/2020\/08\/28\/1325\/"},"wordCount":328,"publisher":{"@id":"https:\/\/radioleinewelle.de\/#organization"},"image":{"@id":"https:\/\/radioleinewelle.de\/index.php\/2020\/08\/28\/1325\/#primaryimage"},"thumbnailUrl":"https:\/\/radioleinewelle.de\/wp-content\/uploads\/2020\/08\/csm_PIC-096-Azubis_2020_82e0e67504-e1598560063347.jpg","inLanguage":"de"},{"@type":"WebPage","@id":"https:\/\/radioleinewelle.de\/index.php\/2020\/08\/28\/1325\/","url":"https:\/\/radioleinewelle.de\/index.php\/2020\/08\/28\/1325\/","name":"24 Auszubildende machen ihren Abschluss an der Universit\u00e4tsmedizin G\u00f6ttingen - Radio Leinewelle","isPartOf":{"@id":"https:\/\/radioleinewelle.de\/#website"},"primaryImageOfPage":{"@id":"https:\/\/radioleinewelle.de\/index.php\/2020\/08\/28\/1325\/#primaryimage"},"image":{"@id":"https:\/\/radioleinewelle.de\/index.php\/2020\/08\/28\/1325\/#primaryimage"},"thumbnailUrl":"https:\/\/radioleinewelle.de\/wp-content\/uploads\/2020\/08\/csm_PIC-096-Azubis_2020_82e0e67504-e1598560063347.jpg","datePublished":"2020-08-28T04:00:22+00:00","breadcrumb":{"@id":"https:\/\/radioleinewelle.de\/index.php\/2020\/08\/28\/1325\/#breadcrumb"},"inLanguage":"de","potentialAction":[{"@type":"ReadAction","target":["https:\/\/radioleinewelle.de\/index.php\/2020\/08\/28\/1325\/"]}]},{"@type":"ImageObject","inLanguage":"de","@id":"https:\/\/radioleinewelle.de\/index.php\/2020\/08\/28\/1325\/#primaryimage","url":"https:\/\/radioleinewelle.de\/wp-content\/uploads\/2020\/08\/csm_PIC-096-Azubis_2020_82e0e67504-e1598560063347.jpg","contentUrl":"https:\/\/radioleinewelle.de\/wp-content\/uploads\/2020\/08\/csm_PIC-096-Azubis_2020_82e0e67504-e1598560063347.jpg","width":300,"height":200},{"@type":"BreadcrumbList","@id":"https:\/\/radioleinewelle.de\/index.php\/2020\/08\/28\/1325\/#breadcrumb","itemListElement":[{"@type":"ListItem","position":1,"name":"Startseite","item":"https:\/\/radioleinewelle.de\/"},{"@type":"ListItem","position":2,"name":"24 Auszubildende machen ihren Abschluss an der Universit\u00e4tsmedizin G\u00f6ttingen"}]},{"@type":"WebSite","@id":"https:\/\/radioleinewelle.de\/#website","url":"https:\/\/radioleinewelle.de\/","name":"Radio Leinewelle","description":"","publisher":{"@id":"https:\/\/radioleinewelle.de\/#organization"},"potentialAction":[{"@type":"SearchAction","target":{"@type":"EntryPoint","urlTemplate":"https:\/\/radioleinewelle.de\/?s={search_term_string}"},"query-input":{"@type":"PropertyValueSpecification","valueRequired":true,"valueName":"search_term_string"}}],"inLanguage":"de"},{"@type":"Organization","@id":"https:\/\/radioleinewelle.de\/#organization","name":"Radio Leinewelle","alternateName":"Mein Radio f\u00fcr S\u00fcdniedersachsen","url":"https:\/\/radioleinewelle.de\/","logo":{"@type":"ImageObject","inLanguage":"de","@id":"https:\/\/radioleinewelle.de\/#\/schema\/logo\/image\/","url":"https:\/\/radioleinewelle.de\/wp-content\/uploads\/2023\/11\/cropped-Leinewelle_Logo_weiss.png","contentUrl":"https:\/\/radioleinewelle.de\/wp-content\/uploads\/2023\/11\/cropped-Leinewelle_Logo_weiss.png","width":854,"height":260,"caption":"Radio Leinewelle"},"image":{"@id":"https:\/\/radioleinewelle.de\/#\/schema\/logo\/image\/"},"sameAs":["https:\/\/www.facebook.com\/radioleinewelle","https:\/\/x.com\/RLeinewelle","https:\/\/www.instagram.com\/radioleinewelle\/?hl=de"]},{"@type":"Person","@id":"https:\/\/radioleinewelle.de\/#\/schema\/person\/45606f348637df637192dc1b68399a63","name":"Leinewelle","image":{"@type":"ImageObject","inLanguage":"de","@id":"https:\/\/secure.gravatar.com\/avatar\/05c9a17bc973052ee5d91549bd32fb4dd0dc85b7b85ae94b2e2b4943476bbea5?s=96&d=blank&r=g","url":"https:\/\/secure.gravatar.com\/avatar\/05c9a17bc973052ee5d91549bd32fb4dd0dc85b7b85ae94b2e2b4943476bbea5?s=96&d=blank&r=g","contentUrl":"https:\/\/secure.gravatar.com\/avatar\/05c9a17bc973052ee5d91549bd32fb4dd0dc85b7b85ae94b2e2b4943476bbea5?s=96&d=blank&r=g","caption":"Leinewelle"},"sameAs":["http:\/\/localhost\/radio%20leinewelle\/wordpress","https:\/\/www.facebook.com\/radioleinewelle","https:\/\/www.instagram.com\/radioleinewelle","https:\/\/x.com\/https:\/\/twitter.com\/RLeinewelle?ref_src=twsrcgoogletwcampserptwgrauthor","https:\/\/soundcloud.com\/foerderverein-lokalradio?utm_source=clipboard&utm_medium=text&utm_campaign=social_sharing"],"url":"https:\/\/radioleinewelle.de\/index.php\/author\/leinewelle\/"}]}},"_links":{"self":[{"href":"https:\/\/radioleinewelle.de\/index.php\/wp-json\/wp\/v2\/posts\/1325","targetHints":{"allow":["GET"]}}],"collection":[{"href":"https:\/\/radioleinewelle.de\/index.php\/wp-json\/wp\/v2\/posts"}],"about":[{"href":"https:\/\/radioleinewelle.de\/index.php\/wp-json\/wp\/v2\/types\/post"}],"author":[{"embeddable":true,"href":"https:\/\/radioleinewelle.de\/index.php\/wp-json\/wp\/v2\/users\/1"}],"replies":[{"embeddable":true,"href":"https:\/\/radioleinewelle.de\/index.php\/wp-json\/wp\/v2\/comments?post=1325"}],"version-history":[{"count":0,"href":"https:\/\/radioleinewelle.de\/index.php\/wp-json\/wp\/v2\/posts\/1325\/revisions"}],"wp:featuredmedia":[{"embeddable":true,"href":"https:\/\/radioleinewelle.de\/index.php\/wp-json\/wp\/v2\/media\/1327"}],"wp:attachment":[{"href":"https:\/\/radioleinewelle.de\/index.php\/wp-json\/wp\/v2\/media?parent=1325"}],"wp:term":[{"taxonomy":"category","embeddable":true,"href":"https:\/\/radioleinewelle.de\/index.php\/wp-json\/wp\/v2\/categories?post=1325"},{"taxonomy":"post_tag","embeddable":true,"href":"https:\/\/radioleinewelle.de\/index.php\/wp-json\/wp\/v2\/tags?post=1325"}],"curies":[{"name":"wp","href":"https:\/\/api.w.org\/{rel}","templated":true}]}}