{"id":1334,"date":"2020-09-03T05:30:17","date_gmt":"2020-09-03T03:30:17","guid":{"rendered":"https:\/\/radioleinewelle.de\/?p=1334"},"modified":"2020-09-03T05:30:17","modified_gmt":"2020-09-03T03:30:17","slug":"aktionswoche-deutschland-rettet-lebensmittel","status":"publish","type":"post","link":"https:\/\/radioleinewelle.de\/index.php\/2020\/09\/03\/aktionswoche-deutschland-rettet-lebensmittel\/","title":{"rendered":"Aktionswoche &#8222;Deutschland rettet Lebensmittel&#8220;"},"content":{"rendered":"<p class=\"margt0\"><span class=\"c1\">Hannover<\/span><span class=\"c1\">.<\/span> <span class=\"c3\">Die Lebensmittelverschwendung nimmt immer gr\u00f6\u00dfere Ausma\u00dfe an. Niedersachsen beteiligt sich daher an der ersten Aktionswoche \u201eDeutschland rettet Lebensmittel!\u201c vom 22. bis zum 29. September. Das Zentrum f\u00fcr Ern\u00e4hrung und Hauswirtschaft Niedersachsen (ZEHN) koordiniert die unterschiedlichen Projekte im Land und initiiert selbst das Ernteprojekt \u201eGelbes Band\u201c. Aufgerufen dazu sind Obstbaumbesitzer in ganz Niedersachsen, die ihre B\u00e4ume oder Str\u00e4ucher nicht selbst abernten. Mit einem Gelben Band am Baumstamm k\u00f6nnen sie signalisieren, dass die Fr\u00fcchte allen zug\u00e4nglich sind und f\u00fcr den Eigenbedarf geerntet werden d\u00fcrfen \u2013 auch \u00fcber den Aktionszeitraum hinaus.<br \/>\n<\/span>\u201eViele haben nicht die Zeit oder sind nicht in der Lage, das ganze Obst abzuernten, das jetzt in den G\u00e4rten und Obstwiesen reif wird. Da ist es eine tolle Idee, seine Obstb\u00e4ume f\u00fcr andere zum Ernten frei zu geben\u201c, sagt die Nieders\u00e4chsische Ern\u00e4hrungsministerin Barbara Otte-Kinast. \u201eEs handelt sich schlie\u00dflich um gesunde, heimische Produkte. Helfen Sie mit, dass das Obst genutzt wird und nicht zu Abfall wird!\u201c Rike Bullwinkel, Leiterin des ZEHN in Oldenburg erg\u00e4nzt: \u201eWer frisches Obst selbst erntet, lernt Lebensmittel neu wertzusch\u00e4tzen. Mit unserem Ernteprojekt wird nicht nur Obst verwertet, das sonst verderben w\u00fcrde. Die Menschen erhalten auch einen anderen Bezug zum Lebensmittel.\u201c<br \/>\nBei der erstmalig von Bund und L\u00e4ndern organisierten Aktionswoche \u201eDeutschland rettet Lebensmittel!\u201c setzen Privatpersonen, Unternehmen, Kommunen oder Verb\u00e4nde ein Zeichen gegen Lebensmittelverschwendung. Dazu k\u00f6nnen auch Materialien der Kampagne \u201eZu gut f\u00fcr die Tonne!\u201c genutzt werden. Geplant sind zahlreiche bundesweite und regionale Aktionen. Sie reichen vom \u201edigitalen Tisch\u201c mit Akteuren der Lebensmittelwertsch\u00e4tzung \u00fcber Online-Kochkurse zur Resteverwertung bis hin zum Podcast f\u00fcr Kinder unter dem Motto \u201eWirf mich nicht weg\u201c.<br \/>\nIn Niedersachsen werden nicht nur Obstb\u00e4ume mit gelben B\u00e4ndern gekennzeichnet. Weitere Projekte sind unter anderem: Die \u201eEmder Brotretter*innen\u201c verteilen selbstgen\u00e4hte Baumwollbeutel, in denen sich Brot l\u00e4nger h\u00e4lt. Die Kindertafel Osnabr\u00fcck ruft bundesweit zum Malwettbewerb auf, Landfrauen organisieren Infost\u00e4nde zusammen mit Lebensmitteleinzelh\u00e4ndlern, die Kantine einer Bank startet eine Nachhaltigkeitsoffensive mit regionalen Lebensmitteln.<\/p>\n<div class=\"group section noline span3of4\">\n<p class=\"c6\"><span class=\"c5\">So geht\u00b4s:<br \/>\n<\/span><span class=\"c5\">Wer als privater oder \u00f6ffentlicher Eigent\u00fcmer eines Gartens, einer Obstwiese oder Obstallee seine Ernte mit anderen teilen m\u00f6chte, kann sich unter <a class=\"download\" href=\"http:\/\/www.zehn-niedersachsen.de\/gelbesband\" target=\"target=\" rel=\"noopener\">www.zehn-niedersachsen.de\/gelbesband<\/a> beim \u201eGelben Band\u201c anmelden oder sich unter Tel. 0441 801-576 informieren. Ab September findet sich auf der Website des ZEHN eine \u00dcbersicht aller Obstb\u00e4ume und Fl\u00e4chen, wo geerntet werden darf.\u00a0<\/span><span class=\"c5\">Beim ZEHN k\u00f6nnen auch weitere Initiativen f\u00fcr die Aktionswoche gemeldet werden. Auf der Internetseite <a class=\"download\" href=\"http:\/\/www.zehn-niedersachsen.de\/aktionswoche\" target=\"target=\" rel=\"noopener\">www.zehn-niedersachsen.de\/aktionswoche<\/a> und unter <a class=\"download\" href=\"http:\/\/www.zugutfuerdietonne.de\/ueber-uns\/aktionswoche\" target=\"target=\" rel=\"noopener\">www.zugutfuerdietonne.de\/ueber-uns\/aktionswoche<\/a> gibt es Informationen \u00fcber die Teilnahme. Eine Auflistung aller bisher gemeldeten Aktionen in Niedersachsen findet sich unter<a class=\"download\" href=\"https:\/\/zehn-niedersachsen.de\/thema\/272_Aktionen_in_Niedersachsen.\" target=\"target=\" rel=\"noopener\">https:\/\/zehn-niedersachsen.de\/thema\/272_Aktionen_in_Niedersachsen.<\/a><\/span><\/p>\n<p class=\"c4\"><span class=\"c5\"><b>Hintergrund:<br \/>\n<\/b><\/span><span class=\"c5\">Derzeit fallen in Deutschland j\u00e4hrlich etwa zw\u00f6lf Millionen Tonnen Lebensmittelabfall an, so Sch\u00e4tzungen des Bundes. Mehr als die H\u00e4lfe davon geht auf das Konto der privaten Haushalte. Die bundesweite Aktionswoche f\u00fcr mehr Lebensmittelwertsch\u00e4tzung ist eine gemeinsame Initiative der Kampagne \u201eZu gut f\u00fcr die Tonne!\u201c des Bundesministeriums f\u00fcr Ern\u00e4hrung und Landwirtschaft und der Ministerien der L\u00e4nder. Sie ist Teil der Nationalen Strategie zur Reduzierung der Lebensmittelverschwendung. Ein Ziel der Strategie ist es, auf Handels- und Verbraucherebene den Lebensmittelabfall pro Kopf bis 2030 zu halbieren.<\/span><\/p>\n<p>Bild von <a href=\"https:\/\/pixabay.com\/de\/users\/dbreen-1643989\/?utm_source=link-attribution&amp;utm_medium=referral&amp;utm_campaign=image&amp;utm_content=1085063\">Deborah Breen Whiting<\/a> auf <a href=\"https:\/\/pixabay.com\/de\/?utm_source=link-attribution&amp;utm_medium=referral&amp;utm_campaign=image&amp;utm_content=1085063\">Pixabay<\/a><\/p>\n<\/div>\n","protected":false},"excerpt":{"rendered":"<p>Hannover. Die Lebensmittelverschwendung nimmt immer gr\u00f6\u00dfere Ausma\u00dfe an. Niedersachsen beteiligt sich daher an der ersten Aktionswoche \u201eDeutschland rettet Lebensmittel!\u201c vom 22. bis zum 29. September. Das Zentrum f\u00fcr Ern\u00e4hrung und Hauswirtschaft Niedersachsen (ZEHN) koordiniert die unterschiedlichen Projekte im Land und initiiert selbst das Ernteprojekt \u201eGelbes Band\u201c. Aufgerufen dazu sind Obstbaumbesitzer in ganz Niedersachsen, die ihre [&hellip;]<\/p>\n","protected":false},"author":1,"featured_media":1411,"comment_status":"closed","ping_status":"closed","sticky":false,"template":"","format":"standard","meta":{"saved_in_kubio":false,"footnotes":""},"categories":[1],"tags":[],"class_list":["post-1334","post","type-post","status-publish","format-standard","has-post-thumbnail","hentry","category-allgemein"],"yoast_head":"<!-- This site is optimized with the Yoast SEO plugin v27.5 - https:\/\/yoast.com\/product\/yoast-seo-wordpress\/ -->\n<title>Aktionswoche &quot;Deutschland rettet Lebensmittel&quot; - Radio Leinewelle<\/title>\n<meta name=\"robots\" content=\"index, follow, max-snippet:-1, max-image-preview:large, max-video-preview:-1\" \/>\n<link rel=\"canonical\" href=\"https:\/\/radioleinewelle.de\/index.php\/2020\/09\/03\/aktionswoche-deutschland-rettet-lebensmittel\/\" \/>\n<meta property=\"og:locale\" content=\"de_DE\" \/>\n<meta property=\"og:type\" content=\"article\" \/>\n<meta property=\"og:title\" content=\"Aktionswoche &quot;Deutschland rettet Lebensmittel&quot; - Radio Leinewelle\" \/>\n<meta property=\"og:description\" content=\"Hannover. Die Lebensmittelverschwendung nimmt immer gr\u00f6\u00dfere Ausma\u00dfe an. Niedersachsen beteiligt sich daher an der ersten Aktionswoche \u201eDeutschland rettet Lebensmittel!\u201c vom 22. bis zum 29. September. Das Zentrum f\u00fcr Ern\u00e4hrung und Hauswirtschaft Niedersachsen (ZEHN) koordiniert die unterschiedlichen Projekte im Land und initiiert selbst das Ernteprojekt \u201eGelbes Band\u201c. Aufgerufen dazu sind Obstbaumbesitzer in ganz Niedersachsen, die ihre [&hellip;]\" \/>\n<meta property=\"og:url\" content=\"https:\/\/radioleinewelle.de\/index.php\/2020\/09\/03\/aktionswoche-deutschland-rettet-lebensmittel\/\" \/>\n<meta property=\"og:site_name\" content=\"Radio Leinewelle\" \/>\n<meta property=\"article:publisher\" content=\"https:\/\/www.facebook.com\/radioleinewelle\" \/>\n<meta property=\"article:author\" content=\"https:\/\/www.facebook.com\/radioleinewelle\" \/>\n<meta property=\"article:published_time\" content=\"2020-09-03T03:30:17+00:00\" \/>\n<meta property=\"og:image\" content=\"https:\/\/radioleinewelle.de\/wp-content\/uploads\/2020\/09\/vegetables-1085063_640.jpg\" \/>\n\t<meta property=\"og:image:width\" content=\"640\" \/>\n\t<meta property=\"og:image:height\" content=\"422\" \/>\n\t<meta property=\"og:image:type\" content=\"image\/jpeg\" \/>\n<meta name=\"author\" content=\"Leinewelle\" \/>\n<meta name=\"twitter:card\" content=\"summary_large_image\" \/>\n<meta name=\"twitter:creator\" content=\"@https:\/\/twitter.com\/RLeinewelle?ref_src=twsrcgoogletwcampserptwgrauthor\" \/>\n<meta name=\"twitter:site\" content=\"@RLeinewelle\" \/>\n<meta name=\"twitter:label1\" content=\"Verfasst von\" \/>\n\t<meta name=\"twitter:data1\" content=\"Leinewelle\" \/>\n\t<meta name=\"twitter:label2\" content=\"Gesch\u00e4tzte Lesezeit\" \/>\n\t<meta name=\"twitter:data2\" content=\"3\u00a0Minuten\" \/>\n<script type=\"application\/ld+json\" class=\"yoast-schema-graph\">{\"@context\":\"https:\\\/\\\/schema.org\",\"@graph\":[{\"@type\":\"Article\",\"@id\":\"https:\\\/\\\/radioleinewelle.de\\\/index.php\\\/2020\\\/09\\\/03\\\/aktionswoche-deutschland-rettet-lebensmittel\\\/#article\",\"isPartOf\":{\"@id\":\"https:\\\/\\\/radioleinewelle.de\\\/index.php\\\/2020\\\/09\\\/03\\\/aktionswoche-deutschland-rettet-lebensmittel\\\/\"},\"author\":{\"name\":\"Leinewelle\",\"@id\":\"https:\\\/\\\/radioleinewelle.de\\\/#\\\/schema\\\/person\\\/45606f348637df637192dc1b68399a63\"},\"headline\":\"Aktionswoche &#8222;Deutschland rettet Lebensmittel&#8220;\",\"datePublished\":\"2020-09-03T03:30:17+00:00\",\"mainEntityOfPage\":{\"@id\":\"https:\\\/\\\/radioleinewelle.de\\\/index.php\\\/2020\\\/09\\\/03\\\/aktionswoche-deutschland-rettet-lebensmittel\\\/\"},\"wordCount\":559,\"publisher\":{\"@id\":\"https:\\\/\\\/radioleinewelle.de\\\/#organization\"},\"image\":{\"@id\":\"https:\\\/\\\/radioleinewelle.de\\\/index.php\\\/2020\\\/09\\\/03\\\/aktionswoche-deutschland-rettet-lebensmittel\\\/#primaryimage\"},\"thumbnailUrl\":\"https:\\\/\\\/radioleinewelle.de\\\/wp-content\\\/uploads\\\/2020\\\/09\\\/vegetables-1085063_640.jpg\",\"inLanguage\":\"de\"},{\"@type\":\"WebPage\",\"@id\":\"https:\\\/\\\/radioleinewelle.de\\\/index.php\\\/2020\\\/09\\\/03\\\/aktionswoche-deutschland-rettet-lebensmittel\\\/\",\"url\":\"https:\\\/\\\/radioleinewelle.de\\\/index.php\\\/2020\\\/09\\\/03\\\/aktionswoche-deutschland-rettet-lebensmittel\\\/\",\"name\":\"Aktionswoche \\\"Deutschland rettet Lebensmittel\\\" - Radio Leinewelle\",\"isPartOf\":{\"@id\":\"https:\\\/\\\/radioleinewelle.de\\\/#website\"},\"primaryImageOfPage\":{\"@id\":\"https:\\\/\\\/radioleinewelle.de\\\/index.php\\\/2020\\\/09\\\/03\\\/aktionswoche-deutschland-rettet-lebensmittel\\\/#primaryimage\"},\"image\":{\"@id\":\"https:\\\/\\\/radioleinewelle.de\\\/index.php\\\/2020\\\/09\\\/03\\\/aktionswoche-deutschland-rettet-lebensmittel\\\/#primaryimage\"},\"thumbnailUrl\":\"https:\\\/\\\/radioleinewelle.de\\\/wp-content\\\/uploads\\\/2020\\\/09\\\/vegetables-1085063_640.jpg\",\"datePublished\":\"2020-09-03T03:30:17+00:00\",\"breadcrumb\":{\"@id\":\"https:\\\/\\\/radioleinewelle.de\\\/index.php\\\/2020\\\/09\\\/03\\\/aktionswoche-deutschland-rettet-lebensmittel\\\/#breadcrumb\"},\"inLanguage\":\"de\",\"potentialAction\":[{\"@type\":\"ReadAction\",\"target\":[\"https:\\\/\\\/radioleinewelle.de\\\/index.php\\\/2020\\\/09\\\/03\\\/aktionswoche-deutschland-rettet-lebensmittel\\\/\"]}]},{\"@type\":\"ImageObject\",\"inLanguage\":\"de\",\"@id\":\"https:\\\/\\\/radioleinewelle.de\\\/index.php\\\/2020\\\/09\\\/03\\\/aktionswoche-deutschland-rettet-lebensmittel\\\/#primaryimage\",\"url\":\"https:\\\/\\\/radioleinewelle.de\\\/wp-content\\\/uploads\\\/2020\\\/09\\\/vegetables-1085063_640.jpg\",\"contentUrl\":\"https:\\\/\\\/radioleinewelle.de\\\/wp-content\\\/uploads\\\/2020\\\/09\\\/vegetables-1085063_640.jpg\",\"width\":640,\"height\":422},{\"@type\":\"BreadcrumbList\",\"@id\":\"https:\\\/\\\/radioleinewelle.de\\\/index.php\\\/2020\\\/09\\\/03\\\/aktionswoche-deutschland-rettet-lebensmittel\\\/#breadcrumb\",\"itemListElement\":[{\"@type\":\"ListItem\",\"position\":1,\"name\":\"Startseite\",\"item\":\"https:\\\/\\\/radioleinewelle.de\\\/\"},{\"@type\":\"ListItem\",\"position\":2,\"name\":\"Aktionswoche &#8222;Deutschland rettet Lebensmittel&#8220;\"}]},{\"@type\":\"WebSite\",\"@id\":\"https:\\\/\\\/radioleinewelle.de\\\/#website\",\"url\":\"https:\\\/\\\/radioleinewelle.de\\\/\",\"name\":\"Radio Leinewelle\",\"description\":\"\",\"publisher\":{\"@id\":\"https:\\\/\\\/radioleinewelle.de\\\/#organization\"},\"potentialAction\":[{\"@type\":\"SearchAction\",\"target\":{\"@type\":\"EntryPoint\",\"urlTemplate\":\"https:\\\/\\\/radioleinewelle.de\\\/?s={search_term_string}\"},\"query-input\":{\"@type\":\"PropertyValueSpecification\",\"valueRequired\":true,\"valueName\":\"search_term_string\"}}],\"inLanguage\":\"de\"},{\"@type\":\"Organization\",\"@id\":\"https:\\\/\\\/radioleinewelle.de\\\/#organization\",\"name\":\"Radio Leinewelle\",\"alternateName\":\"Mein Radio f\u00fcr S\u00fcdniedersachsen\",\"url\":\"https:\\\/\\\/radioleinewelle.de\\\/\",\"logo\":{\"@type\":\"ImageObject\",\"inLanguage\":\"de\",\"@id\":\"https:\\\/\\\/radioleinewelle.de\\\/#\\\/schema\\\/logo\\\/image\\\/\",\"url\":\"https:\\\/\\\/radioleinewelle.de\\\/wp-content\\\/uploads\\\/2023\\\/11\\\/cropped-Leinewelle_Logo_weiss.png\",\"contentUrl\":\"https:\\\/\\\/radioleinewelle.de\\\/wp-content\\\/uploads\\\/2023\\\/11\\\/cropped-Leinewelle_Logo_weiss.png\",\"width\":854,\"height\":260,\"caption\":\"Radio Leinewelle\"},\"image\":{\"@id\":\"https:\\\/\\\/radioleinewelle.de\\\/#\\\/schema\\\/logo\\\/image\\\/\"},\"sameAs\":[\"https:\\\/\\\/www.facebook.com\\\/radioleinewelle\",\"https:\\\/\\\/x.com\\\/RLeinewelle\",\"https:\\\/\\\/www.instagram.com\\\/radioleinewelle\\\/?hl=de\"]},{\"@type\":\"Person\",\"@id\":\"https:\\\/\\\/radioleinewelle.de\\\/#\\\/schema\\\/person\\\/45606f348637df637192dc1b68399a63\",\"name\":\"Leinewelle\",\"image\":{\"@type\":\"ImageObject\",\"inLanguage\":\"de\",\"@id\":\"https:\\\/\\\/secure.gravatar.com\\\/avatar\\\/05c9a17bc973052ee5d91549bd32fb4dd0dc85b7b85ae94b2e2b4943476bbea5?s=96&d=blank&r=g\",\"url\":\"https:\\\/\\\/secure.gravatar.com\\\/avatar\\\/05c9a17bc973052ee5d91549bd32fb4dd0dc85b7b85ae94b2e2b4943476bbea5?s=96&d=blank&r=g\",\"contentUrl\":\"https:\\\/\\\/secure.gravatar.com\\\/avatar\\\/05c9a17bc973052ee5d91549bd32fb4dd0dc85b7b85ae94b2e2b4943476bbea5?s=96&d=blank&r=g\",\"caption\":\"Leinewelle\"},\"sameAs\":[\"http:\\\/\\\/localhost\\\/radio%20leinewelle\\\/wordpress\",\"https:\\\/\\\/www.facebook.com\\\/radioleinewelle\",\"https:\\\/\\\/www.instagram.com\\\/radioleinewelle\",\"https:\\\/\\\/x.com\\\/https:\\\/\\\/twitter.com\\\/RLeinewelle?ref_src=twsrcgoogletwcampserptwgrauthor\",\"https:\\\/\\\/soundcloud.com\\\/foerderverein-lokalradio?utm_source=clipboard&utm_medium=text&utm_campaign=social_sharing\"],\"url\":\"https:\\\/\\\/radioleinewelle.de\\\/index.php\\\/author\\\/leinewelle\\\/\"}]}<\/script>\n<!-- \/ Yoast SEO plugin. -->","yoast_head_json":{"title":"Aktionswoche \"Deutschland rettet Lebensmittel\" - Radio Leinewelle","robots":{"index":"index","follow":"follow","max-snippet":"max-snippet:-1","max-image-preview":"max-image-preview:large","max-video-preview":"max-video-preview:-1"},"canonical":"https:\/\/radioleinewelle.de\/index.php\/2020\/09\/03\/aktionswoche-deutschland-rettet-lebensmittel\/","og_locale":"de_DE","og_type":"article","og_title":"Aktionswoche \"Deutschland rettet Lebensmittel\" - Radio Leinewelle","og_description":"Hannover. Die Lebensmittelverschwendung nimmt immer gr\u00f6\u00dfere Ausma\u00dfe an. Niedersachsen beteiligt sich daher an der ersten Aktionswoche \u201eDeutschland rettet Lebensmittel!\u201c vom 22. bis zum 29. September. Das Zentrum f\u00fcr Ern\u00e4hrung und Hauswirtschaft Niedersachsen (ZEHN) koordiniert die unterschiedlichen Projekte im Land und initiiert selbst das Ernteprojekt \u201eGelbes Band\u201c. Aufgerufen dazu sind Obstbaumbesitzer in ganz Niedersachsen, die ihre [&hellip;]","og_url":"https:\/\/radioleinewelle.de\/index.php\/2020\/09\/03\/aktionswoche-deutschland-rettet-lebensmittel\/","og_site_name":"Radio Leinewelle","article_publisher":"https:\/\/www.facebook.com\/radioleinewelle","article_author":"https:\/\/www.facebook.com\/radioleinewelle","article_published_time":"2020-09-03T03:30:17+00:00","og_image":[{"width":640,"height":422,"url":"https:\/\/radioleinewelle.de\/wp-content\/uploads\/2020\/09\/vegetables-1085063_640.jpg","type":"image\/jpeg"}],"author":"Leinewelle","twitter_card":"summary_large_image","twitter_creator":"@https:\/\/twitter.com\/RLeinewelle?ref_src=twsrcgoogletwcampserptwgrauthor","twitter_site":"@RLeinewelle","twitter_misc":{"Verfasst von":"Leinewelle","Gesch\u00e4tzte Lesezeit":"3\u00a0Minuten"},"schema":{"@context":"https:\/\/schema.org","@graph":[{"@type":"Article","@id":"https:\/\/radioleinewelle.de\/index.php\/2020\/09\/03\/aktionswoche-deutschland-rettet-lebensmittel\/#article","isPartOf":{"@id":"https:\/\/radioleinewelle.de\/index.php\/2020\/09\/03\/aktionswoche-deutschland-rettet-lebensmittel\/"},"author":{"name":"Leinewelle","@id":"https:\/\/radioleinewelle.de\/#\/schema\/person\/45606f348637df637192dc1b68399a63"},"headline":"Aktionswoche &#8222;Deutschland rettet Lebensmittel&#8220;","datePublished":"2020-09-03T03:30:17+00:00","mainEntityOfPage":{"@id":"https:\/\/radioleinewelle.de\/index.php\/2020\/09\/03\/aktionswoche-deutschland-rettet-lebensmittel\/"},"wordCount":559,"publisher":{"@id":"https:\/\/radioleinewelle.de\/#organization"},"image":{"@id":"https:\/\/radioleinewelle.de\/index.php\/2020\/09\/03\/aktionswoche-deutschland-rettet-lebensmittel\/#primaryimage"},"thumbnailUrl":"https:\/\/radioleinewelle.de\/wp-content\/uploads\/2020\/09\/vegetables-1085063_640.jpg","inLanguage":"de"},{"@type":"WebPage","@id":"https:\/\/radioleinewelle.de\/index.php\/2020\/09\/03\/aktionswoche-deutschland-rettet-lebensmittel\/","url":"https:\/\/radioleinewelle.de\/index.php\/2020\/09\/03\/aktionswoche-deutschland-rettet-lebensmittel\/","name":"Aktionswoche \"Deutschland rettet Lebensmittel\" - Radio Leinewelle","isPartOf":{"@id":"https:\/\/radioleinewelle.de\/#website"},"primaryImageOfPage":{"@id":"https:\/\/radioleinewelle.de\/index.php\/2020\/09\/03\/aktionswoche-deutschland-rettet-lebensmittel\/#primaryimage"},"image":{"@id":"https:\/\/radioleinewelle.de\/index.php\/2020\/09\/03\/aktionswoche-deutschland-rettet-lebensmittel\/#primaryimage"},"thumbnailUrl":"https:\/\/radioleinewelle.de\/wp-content\/uploads\/2020\/09\/vegetables-1085063_640.jpg","datePublished":"2020-09-03T03:30:17+00:00","breadcrumb":{"@id":"https:\/\/radioleinewelle.de\/index.php\/2020\/09\/03\/aktionswoche-deutschland-rettet-lebensmittel\/#breadcrumb"},"inLanguage":"de","potentialAction":[{"@type":"ReadAction","target":["https:\/\/radioleinewelle.de\/index.php\/2020\/09\/03\/aktionswoche-deutschland-rettet-lebensmittel\/"]}]},{"@type":"ImageObject","inLanguage":"de","@id":"https:\/\/radioleinewelle.de\/index.php\/2020\/09\/03\/aktionswoche-deutschland-rettet-lebensmittel\/#primaryimage","url":"https:\/\/radioleinewelle.de\/wp-content\/uploads\/2020\/09\/vegetables-1085063_640.jpg","contentUrl":"https:\/\/radioleinewelle.de\/wp-content\/uploads\/2020\/09\/vegetables-1085063_640.jpg","width":640,"height":422},{"@type":"BreadcrumbList","@id":"https:\/\/radioleinewelle.de\/index.php\/2020\/09\/03\/aktionswoche-deutschland-rettet-lebensmittel\/#breadcrumb","itemListElement":[{"@type":"ListItem","position":1,"name":"Startseite","item":"https:\/\/radioleinewelle.de\/"},{"@type":"ListItem","position":2,"name":"Aktionswoche &#8222;Deutschland rettet Lebensmittel&#8220;"}]},{"@type":"WebSite","@id":"https:\/\/radioleinewelle.de\/#website","url":"https:\/\/radioleinewelle.de\/","name":"Radio Leinewelle","description":"","publisher":{"@id":"https:\/\/radioleinewelle.de\/#organization"},"potentialAction":[{"@type":"SearchAction","target":{"@type":"EntryPoint","urlTemplate":"https:\/\/radioleinewelle.de\/?s={search_term_string}"},"query-input":{"@type":"PropertyValueSpecification","valueRequired":true,"valueName":"search_term_string"}}],"inLanguage":"de"},{"@type":"Organization","@id":"https:\/\/radioleinewelle.de\/#organization","name":"Radio Leinewelle","alternateName":"Mein Radio f\u00fcr S\u00fcdniedersachsen","url":"https:\/\/radioleinewelle.de\/","logo":{"@type":"ImageObject","inLanguage":"de","@id":"https:\/\/radioleinewelle.de\/#\/schema\/logo\/image\/","url":"https:\/\/radioleinewelle.de\/wp-content\/uploads\/2023\/11\/cropped-Leinewelle_Logo_weiss.png","contentUrl":"https:\/\/radioleinewelle.de\/wp-content\/uploads\/2023\/11\/cropped-Leinewelle_Logo_weiss.png","width":854,"height":260,"caption":"Radio Leinewelle"},"image":{"@id":"https:\/\/radioleinewelle.de\/#\/schema\/logo\/image\/"},"sameAs":["https:\/\/www.facebook.com\/radioleinewelle","https:\/\/x.com\/RLeinewelle","https:\/\/www.instagram.com\/radioleinewelle\/?hl=de"]},{"@type":"Person","@id":"https:\/\/radioleinewelle.de\/#\/schema\/person\/45606f348637df637192dc1b68399a63","name":"Leinewelle","image":{"@type":"ImageObject","inLanguage":"de","@id":"https:\/\/secure.gravatar.com\/avatar\/05c9a17bc973052ee5d91549bd32fb4dd0dc85b7b85ae94b2e2b4943476bbea5?s=96&d=blank&r=g","url":"https:\/\/secure.gravatar.com\/avatar\/05c9a17bc973052ee5d91549bd32fb4dd0dc85b7b85ae94b2e2b4943476bbea5?s=96&d=blank&r=g","contentUrl":"https:\/\/secure.gravatar.com\/avatar\/05c9a17bc973052ee5d91549bd32fb4dd0dc85b7b85ae94b2e2b4943476bbea5?s=96&d=blank&r=g","caption":"Leinewelle"},"sameAs":["http:\/\/localhost\/radio%20leinewelle\/wordpress","https:\/\/www.facebook.com\/radioleinewelle","https:\/\/www.instagram.com\/radioleinewelle","https:\/\/x.com\/https:\/\/twitter.com\/RLeinewelle?ref_src=twsrcgoogletwcampserptwgrauthor","https:\/\/soundcloud.com\/foerderverein-lokalradio?utm_source=clipboard&utm_medium=text&utm_campaign=social_sharing"],"url":"https:\/\/radioleinewelle.de\/index.php\/author\/leinewelle\/"}]}},"_links":{"self":[{"href":"https:\/\/radioleinewelle.de\/index.php\/wp-json\/wp\/v2\/posts\/1334","targetHints":{"allow":["GET"]}}],"collection":[{"href":"https:\/\/radioleinewelle.de\/index.php\/wp-json\/wp\/v2\/posts"}],"about":[{"href":"https:\/\/radioleinewelle.de\/index.php\/wp-json\/wp\/v2\/types\/post"}],"author":[{"embeddable":true,"href":"https:\/\/radioleinewelle.de\/index.php\/wp-json\/wp\/v2\/users\/1"}],"replies":[{"embeddable":true,"href":"https:\/\/radioleinewelle.de\/index.php\/wp-json\/wp\/v2\/comments?post=1334"}],"version-history":[{"count":0,"href":"https:\/\/radioleinewelle.de\/index.php\/wp-json\/wp\/v2\/posts\/1334\/revisions"}],"wp:featuredmedia":[{"embeddable":true,"href":"https:\/\/radioleinewelle.de\/index.php\/wp-json\/wp\/v2\/media\/1411"}],"wp:attachment":[{"href":"https:\/\/radioleinewelle.de\/index.php\/wp-json\/wp\/v2\/media?parent=1334"}],"wp:term":[{"taxonomy":"category","embeddable":true,"href":"https:\/\/radioleinewelle.de\/index.php\/wp-json\/wp\/v2\/categories?post=1334"},{"taxonomy":"post_tag","embeddable":true,"href":"https:\/\/radioleinewelle.de\/index.php\/wp-json\/wp\/v2\/tags?post=1334"}],"curies":[{"name":"wp","href":"https:\/\/api.w.org\/{rel}","templated":true}]}}