{"id":13368,"date":"2022-03-18T06:38:52","date_gmt":"2022-03-18T05:38:52","guid":{"rendered":"https:\/\/radioleinewelle.de\/?p=13368"},"modified":"2022-03-18T06:38:52","modified_gmt":"2022-03-18T05:38:52","slug":"niedersachsen-foerdert-stadtradeln-2022-mit-150-000-euro","status":"publish","type":"post","link":"https:\/\/radioleinewelle.de\/index.php\/2022\/03\/18\/niedersachsen-foerdert-stadtradeln-2022-mit-150-000-euro\/","title":{"rendered":"Niedersachsen f\u00f6rdert \u201eStadtradeln\u201c 2022 mit 150.000 Euro"},"content":{"rendered":"\n<p>Um die Attraktivit\u00e4t des Radverkehrs und den Radverkehrsanteil zu steigern, f\u00f6rdert das Nieders\u00e4chsische Verkehrsministerium auch in diesem Jahr den Wettbewerb \u201eStadtradeln\u201c mit 150.000 Euro. Ziel des Wettbewerbs ist es, dass Radfahrende in einem dreiw\u00f6chigen Zeitraum m\u00f6glichst viele Kilometer f\u00fcr ihr Team und ihre Kommune zur\u00fccklegen.<\/p>\n\n\n\n<p>Im Rahmen der F\u00f6rderung werden die Anmeldegeb\u00fchren bis zu einer Gesamtsumme von 150.000 Euro \u00fcbernommen. Die Kommunen m\u00fcssen hierf\u00fcr keinen F\u00f6rderantrag stellen.<\/p>\n\n\n\n<p>Die Aktion \u201eStadtradeln\u201c war im Jahr 2021, auch durch die F\u00f6rderung des Landes, ein voller Erfolg. Mit insgesamt 20.594.773 Kilometern wurde deutlich mehr gefahren als noch im Jahr zuvor (12.249.464 Kilometer). Au\u00dferdem haben 2021 205 Kommunen an dem Wettbewerb teilgenommen \u2013 mehr als doppelt so viele wie 2020 (101). Dadurch ist die Zahl der Radfahrenden insgesamt von 57.834 (2020) auf 109.054 (2021) deutlich angestiegen.<\/p>\n\n\n\n<p><strong>Hintergrund<\/strong>:<\/p>\n\n\n\n<p>Das \u201eStadtradeln\u201c als kommunen\u00fcbergreifender Wettbewerb f\u00fcr ganz Deutschland wurde 2008 zum ersten Mal durch das Klima-B\u00fcndnis angeboten. Mit der Aktion soll in den Kommunen, auf lokaler Ebene f\u00fcr nachhaltige Mobilit\u00e4t geworben werden. Zwischen Mai und September sollen in einem Zeitraum von drei Wochen m\u00f6glichst viele Fahrradkilometer gesammelt werden. Dabei wird jede Strecke gez\u00e4hlt und jeder B\u00fcrger und jede B\u00fcrgerin kann teilnehmen. Au\u00dferdem k\u00f6nnen beispielsweise Unternehmen, Parteien, Vereine etc. in Teams um die Wette fahren, aber auch St\u00e4dte, Gemeinden und Landkreise sich untereinander vergleichen.<\/p>\n\n\n\n<p>Bild von&nbsp;<a href=\"https:\/\/pixabay.com\/de\/users\/surprising_shots-11873433\/?utm_source=link-attribution&amp;utm_medium=referral&amp;utm_campaign=image&amp;utm_content=6868755\">Mircea &#8211; See my collections<\/a>&nbsp;auf&nbsp;<a href=\"https:\/\/pixabay.com\/de\/?utm_source=link-attribution&amp;utm_medium=referral&amp;utm_campaign=image&amp;utm_content=6868755\">Pixabay<\/a><\/p>\n","protected":false},"excerpt":{"rendered":"<p>Um die Attraktivit\u00e4t des Radverkehrs und den Radverkehrsanteil zu steigern, f\u00f6rdert das Nieders\u00e4chsische Verkehrsministerium auch in diesem Jahr den Wettbewerb \u201eStadtradeln\u201c mit 150.000 Euro. Ziel des Wettbewerbs ist es, dass Radfahrende in einem dreiw\u00f6chigen Zeitraum m\u00f6glichst viele Kilometer f\u00fcr ihr Team und ihre Kommune zur\u00fccklegen. Im Rahmen der F\u00f6rderung werden die Anmeldegeb\u00fchren bis zu einer [&hellip;]<\/p>\n","protected":false},"author":1,"featured_media":0,"comment_status":"closed","ping_status":"closed","sticky":false,"template":"","format":"standard","meta":{"saved_in_kubio":false,"footnotes":""},"categories":[32],"tags":[801,2990],"class_list":["post-13368","post","type-post","status-publish","format-standard","hentry","category-natur-umwelt","tag-stadtradeln","tag-verkehrsministerium-niedersachsen"],"yoast_head":"<!-- This site is optimized with the Yoast SEO plugin v27.4 - https:\/\/yoast.com\/product\/yoast-seo-wordpress\/ -->\n<title>Niedersachsen f\u00f6rdert \u201eStadtradeln\u201c 2022 mit 150.000 Euro - Radio Leinewelle<\/title>\n<meta name=\"robots\" content=\"index, follow, max-snippet:-1, max-image-preview:large, max-video-preview:-1\" \/>\n<link rel=\"canonical\" href=\"https:\/\/radioleinewelle.de\/index.php\/2022\/03\/18\/niedersachsen-foerdert-stadtradeln-2022-mit-150-000-euro\/\" \/>\n<meta property=\"og:locale\" content=\"de_DE\" \/>\n<meta property=\"og:type\" content=\"article\" \/>\n<meta property=\"og:title\" content=\"Niedersachsen f\u00f6rdert \u201eStadtradeln\u201c 2022 mit 150.000 Euro - Radio Leinewelle\" \/>\n<meta property=\"og:description\" content=\"Um die Attraktivit\u00e4t des Radverkehrs und den Radverkehrsanteil zu steigern, f\u00f6rdert das Nieders\u00e4chsische Verkehrsministerium auch in diesem Jahr den Wettbewerb \u201eStadtradeln\u201c mit 150.000 Euro. Ziel des Wettbewerbs ist es, dass Radfahrende in einem dreiw\u00f6chigen Zeitraum m\u00f6glichst viele Kilometer f\u00fcr ihr Team und ihre Kommune zur\u00fccklegen. Im Rahmen der F\u00f6rderung werden die Anmeldegeb\u00fchren bis zu einer [&hellip;]\" \/>\n<meta property=\"og:url\" content=\"https:\/\/radioleinewelle.de\/index.php\/2022\/03\/18\/niedersachsen-foerdert-stadtradeln-2022-mit-150-000-euro\/\" \/>\n<meta property=\"og:site_name\" content=\"Radio Leinewelle\" \/>\n<meta property=\"article:publisher\" content=\"https:\/\/www.facebook.com\/radioleinewelle\" \/>\n<meta property=\"article:author\" content=\"https:\/\/www.facebook.com\/radioleinewelle\" \/>\n<meta property=\"article:published_time\" content=\"2022-03-18T05:38:52+00:00\" \/>\n<meta name=\"author\" content=\"Leinewelle\" \/>\n<meta name=\"twitter:card\" content=\"summary_large_image\" \/>\n<meta name=\"twitter:creator\" content=\"@https:\/\/twitter.com\/RLeinewelle?ref_src=twsrcgoogletwcampserptwgrauthor\" \/>\n<meta name=\"twitter:site\" content=\"@RLeinewelle\" \/>\n<meta name=\"twitter:label1\" content=\"Verfasst von\" \/>\n\t<meta name=\"twitter:data1\" content=\"Leinewelle\" \/>\n\t<meta name=\"twitter:label2\" content=\"Gesch\u00e4tzte Lesezeit\" \/>\n\t<meta name=\"twitter:data2\" content=\"2\u00a0Minuten\" \/>\n<script type=\"application\/ld+json\" class=\"yoast-schema-graph\">{\"@context\":\"https:\\\/\\\/schema.org\",\"@graph\":[{\"@type\":\"Article\",\"@id\":\"https:\\\/\\\/radioleinewelle.de\\\/index.php\\\/2022\\\/03\\\/18\\\/niedersachsen-foerdert-stadtradeln-2022-mit-150-000-euro\\\/#article\",\"isPartOf\":{\"@id\":\"https:\\\/\\\/radioleinewelle.de\\\/index.php\\\/2022\\\/03\\\/18\\\/niedersachsen-foerdert-stadtradeln-2022-mit-150-000-euro\\\/\"},\"author\":{\"name\":\"Leinewelle\",\"@id\":\"https:\\\/\\\/radioleinewelle.de\\\/#\\\/schema\\\/person\\\/45606f348637df637192dc1b68399a63\"},\"headline\":\"Niedersachsen f\u00f6rdert \u201eStadtradeln\u201c 2022 mit 150.000 Euro\",\"datePublished\":\"2022-03-18T05:38:52+00:00\",\"mainEntityOfPage\":{\"@id\":\"https:\\\/\\\/radioleinewelle.de\\\/index.php\\\/2022\\\/03\\\/18\\\/niedersachsen-foerdert-stadtradeln-2022-mit-150-000-euro\\\/\"},\"wordCount\":244,\"publisher\":{\"@id\":\"https:\\\/\\\/radioleinewelle.de\\\/#organization\"},\"keywords\":[\"Stadtradeln\",\"Verkehrsministerium Niedersachsen\"],\"articleSection\":[\"Natur &amp; Umwelt\"],\"inLanguage\":\"de\"},{\"@type\":\"WebPage\",\"@id\":\"https:\\\/\\\/radioleinewelle.de\\\/index.php\\\/2022\\\/03\\\/18\\\/niedersachsen-foerdert-stadtradeln-2022-mit-150-000-euro\\\/\",\"url\":\"https:\\\/\\\/radioleinewelle.de\\\/index.php\\\/2022\\\/03\\\/18\\\/niedersachsen-foerdert-stadtradeln-2022-mit-150-000-euro\\\/\",\"name\":\"Niedersachsen f\u00f6rdert \u201eStadtradeln\u201c 2022 mit 150.000 Euro - Radio Leinewelle\",\"isPartOf\":{\"@id\":\"https:\\\/\\\/radioleinewelle.de\\\/#website\"},\"datePublished\":\"2022-03-18T05:38:52+00:00\",\"breadcrumb\":{\"@id\":\"https:\\\/\\\/radioleinewelle.de\\\/index.php\\\/2022\\\/03\\\/18\\\/niedersachsen-foerdert-stadtradeln-2022-mit-150-000-euro\\\/#breadcrumb\"},\"inLanguage\":\"de\",\"potentialAction\":[{\"@type\":\"ReadAction\",\"target\":[\"https:\\\/\\\/radioleinewelle.de\\\/index.php\\\/2022\\\/03\\\/18\\\/niedersachsen-foerdert-stadtradeln-2022-mit-150-000-euro\\\/\"]}]},{\"@type\":\"BreadcrumbList\",\"@id\":\"https:\\\/\\\/radioleinewelle.de\\\/index.php\\\/2022\\\/03\\\/18\\\/niedersachsen-foerdert-stadtradeln-2022-mit-150-000-euro\\\/#breadcrumb\",\"itemListElement\":[{\"@type\":\"ListItem\",\"position\":1,\"name\":\"Startseite\",\"item\":\"https:\\\/\\\/radioleinewelle.de\\\/\"},{\"@type\":\"ListItem\",\"position\":2,\"name\":\"Niedersachsen f\u00f6rdert \u201eStadtradeln\u201c 2022 mit 150.000 Euro\"}]},{\"@type\":\"WebSite\",\"@id\":\"https:\\\/\\\/radioleinewelle.de\\\/#website\",\"url\":\"https:\\\/\\\/radioleinewelle.de\\\/\",\"name\":\"Radio Leinewelle\",\"description\":\"\",\"publisher\":{\"@id\":\"https:\\\/\\\/radioleinewelle.de\\\/#organization\"},\"potentialAction\":[{\"@type\":\"SearchAction\",\"target\":{\"@type\":\"EntryPoint\",\"urlTemplate\":\"https:\\\/\\\/radioleinewelle.de\\\/?s={search_term_string}\"},\"query-input\":{\"@type\":\"PropertyValueSpecification\",\"valueRequired\":true,\"valueName\":\"search_term_string\"}}],\"inLanguage\":\"de\"},{\"@type\":\"Organization\",\"@id\":\"https:\\\/\\\/radioleinewelle.de\\\/#organization\",\"name\":\"Radio Leinewelle\",\"alternateName\":\"Mein Radio f\u00fcr S\u00fcdniedersachsen\",\"url\":\"https:\\\/\\\/radioleinewelle.de\\\/\",\"logo\":{\"@type\":\"ImageObject\",\"inLanguage\":\"de\",\"@id\":\"https:\\\/\\\/radioleinewelle.de\\\/#\\\/schema\\\/logo\\\/image\\\/\",\"url\":\"https:\\\/\\\/radioleinewelle.de\\\/wp-content\\\/uploads\\\/2023\\\/11\\\/cropped-Leinewelle_Logo_weiss.png\",\"contentUrl\":\"https:\\\/\\\/radioleinewelle.de\\\/wp-content\\\/uploads\\\/2023\\\/11\\\/cropped-Leinewelle_Logo_weiss.png\",\"width\":854,\"height\":260,\"caption\":\"Radio Leinewelle\"},\"image\":{\"@id\":\"https:\\\/\\\/radioleinewelle.de\\\/#\\\/schema\\\/logo\\\/image\\\/\"},\"sameAs\":[\"https:\\\/\\\/www.facebook.com\\\/radioleinewelle\",\"https:\\\/\\\/x.com\\\/RLeinewelle\",\"https:\\\/\\\/www.instagram.com\\\/radioleinewelle\\\/?hl=de\"]},{\"@type\":\"Person\",\"@id\":\"https:\\\/\\\/radioleinewelle.de\\\/#\\\/schema\\\/person\\\/45606f348637df637192dc1b68399a63\",\"name\":\"Leinewelle\",\"image\":{\"@type\":\"ImageObject\",\"inLanguage\":\"de\",\"@id\":\"https:\\\/\\\/secure.gravatar.com\\\/avatar\\\/05c9a17bc973052ee5d91549bd32fb4dd0dc85b7b85ae94b2e2b4943476bbea5?s=96&d=blank&r=g\",\"url\":\"https:\\\/\\\/secure.gravatar.com\\\/avatar\\\/05c9a17bc973052ee5d91549bd32fb4dd0dc85b7b85ae94b2e2b4943476bbea5?s=96&d=blank&r=g\",\"contentUrl\":\"https:\\\/\\\/secure.gravatar.com\\\/avatar\\\/05c9a17bc973052ee5d91549bd32fb4dd0dc85b7b85ae94b2e2b4943476bbea5?s=96&d=blank&r=g\",\"caption\":\"Leinewelle\"},\"sameAs\":[\"http:\\\/\\\/localhost\\\/radio%20leinewelle\\\/wordpress\",\"https:\\\/\\\/www.facebook.com\\\/radioleinewelle\",\"https:\\\/\\\/www.instagram.com\\\/radioleinewelle\",\"https:\\\/\\\/x.com\\\/https:\\\/\\\/twitter.com\\\/RLeinewelle?ref_src=twsrcgoogletwcampserptwgrauthor\",\"https:\\\/\\\/soundcloud.com\\\/foerderverein-lokalradio?utm_source=clipboard&utm_medium=text&utm_campaign=social_sharing\"],\"url\":\"https:\\\/\\\/radioleinewelle.de\\\/index.php\\\/author\\\/leinewelle\\\/\"}]}<\/script>\n<!-- \/ Yoast SEO plugin. -->","yoast_head_json":{"title":"Niedersachsen f\u00f6rdert \u201eStadtradeln\u201c 2022 mit 150.000 Euro - Radio Leinewelle","robots":{"index":"index","follow":"follow","max-snippet":"max-snippet:-1","max-image-preview":"max-image-preview:large","max-video-preview":"max-video-preview:-1"},"canonical":"https:\/\/radioleinewelle.de\/index.php\/2022\/03\/18\/niedersachsen-foerdert-stadtradeln-2022-mit-150-000-euro\/","og_locale":"de_DE","og_type":"article","og_title":"Niedersachsen f\u00f6rdert \u201eStadtradeln\u201c 2022 mit 150.000 Euro - Radio Leinewelle","og_description":"Um die Attraktivit\u00e4t des Radverkehrs und den Radverkehrsanteil zu steigern, f\u00f6rdert das Nieders\u00e4chsische Verkehrsministerium auch in diesem Jahr den Wettbewerb \u201eStadtradeln\u201c mit 150.000 Euro. Ziel des Wettbewerbs ist es, dass Radfahrende in einem dreiw\u00f6chigen Zeitraum m\u00f6glichst viele Kilometer f\u00fcr ihr Team und ihre Kommune zur\u00fccklegen. Im Rahmen der F\u00f6rderung werden die Anmeldegeb\u00fchren bis zu einer [&hellip;]","og_url":"https:\/\/radioleinewelle.de\/index.php\/2022\/03\/18\/niedersachsen-foerdert-stadtradeln-2022-mit-150-000-euro\/","og_site_name":"Radio Leinewelle","article_publisher":"https:\/\/www.facebook.com\/radioleinewelle","article_author":"https:\/\/www.facebook.com\/radioleinewelle","article_published_time":"2022-03-18T05:38:52+00:00","author":"Leinewelle","twitter_card":"summary_large_image","twitter_creator":"@https:\/\/twitter.com\/RLeinewelle?ref_src=twsrcgoogletwcampserptwgrauthor","twitter_site":"@RLeinewelle","twitter_misc":{"Verfasst von":"Leinewelle","Gesch\u00e4tzte Lesezeit":"2\u00a0Minuten"},"schema":{"@context":"https:\/\/schema.org","@graph":[{"@type":"Article","@id":"https:\/\/radioleinewelle.de\/index.php\/2022\/03\/18\/niedersachsen-foerdert-stadtradeln-2022-mit-150-000-euro\/#article","isPartOf":{"@id":"https:\/\/radioleinewelle.de\/index.php\/2022\/03\/18\/niedersachsen-foerdert-stadtradeln-2022-mit-150-000-euro\/"},"author":{"name":"Leinewelle","@id":"https:\/\/radioleinewelle.de\/#\/schema\/person\/45606f348637df637192dc1b68399a63"},"headline":"Niedersachsen f\u00f6rdert \u201eStadtradeln\u201c 2022 mit 150.000 Euro","datePublished":"2022-03-18T05:38:52+00:00","mainEntityOfPage":{"@id":"https:\/\/radioleinewelle.de\/index.php\/2022\/03\/18\/niedersachsen-foerdert-stadtradeln-2022-mit-150-000-euro\/"},"wordCount":244,"publisher":{"@id":"https:\/\/radioleinewelle.de\/#organization"},"keywords":["Stadtradeln","Verkehrsministerium Niedersachsen"],"articleSection":["Natur &amp; Umwelt"],"inLanguage":"de"},{"@type":"WebPage","@id":"https:\/\/radioleinewelle.de\/index.php\/2022\/03\/18\/niedersachsen-foerdert-stadtradeln-2022-mit-150-000-euro\/","url":"https:\/\/radioleinewelle.de\/index.php\/2022\/03\/18\/niedersachsen-foerdert-stadtradeln-2022-mit-150-000-euro\/","name":"Niedersachsen f\u00f6rdert \u201eStadtradeln\u201c 2022 mit 150.000 Euro - Radio Leinewelle","isPartOf":{"@id":"https:\/\/radioleinewelle.de\/#website"},"datePublished":"2022-03-18T05:38:52+00:00","breadcrumb":{"@id":"https:\/\/radioleinewelle.de\/index.php\/2022\/03\/18\/niedersachsen-foerdert-stadtradeln-2022-mit-150-000-euro\/#breadcrumb"},"inLanguage":"de","potentialAction":[{"@type":"ReadAction","target":["https:\/\/radioleinewelle.de\/index.php\/2022\/03\/18\/niedersachsen-foerdert-stadtradeln-2022-mit-150-000-euro\/"]}]},{"@type":"BreadcrumbList","@id":"https:\/\/radioleinewelle.de\/index.php\/2022\/03\/18\/niedersachsen-foerdert-stadtradeln-2022-mit-150-000-euro\/#breadcrumb","itemListElement":[{"@type":"ListItem","position":1,"name":"Startseite","item":"https:\/\/radioleinewelle.de\/"},{"@type":"ListItem","position":2,"name":"Niedersachsen f\u00f6rdert \u201eStadtradeln\u201c 2022 mit 150.000 Euro"}]},{"@type":"WebSite","@id":"https:\/\/radioleinewelle.de\/#website","url":"https:\/\/radioleinewelle.de\/","name":"Radio Leinewelle","description":"","publisher":{"@id":"https:\/\/radioleinewelle.de\/#organization"},"potentialAction":[{"@type":"SearchAction","target":{"@type":"EntryPoint","urlTemplate":"https:\/\/radioleinewelle.de\/?s={search_term_string}"},"query-input":{"@type":"PropertyValueSpecification","valueRequired":true,"valueName":"search_term_string"}}],"inLanguage":"de"},{"@type":"Organization","@id":"https:\/\/radioleinewelle.de\/#organization","name":"Radio Leinewelle","alternateName":"Mein Radio f\u00fcr S\u00fcdniedersachsen","url":"https:\/\/radioleinewelle.de\/","logo":{"@type":"ImageObject","inLanguage":"de","@id":"https:\/\/radioleinewelle.de\/#\/schema\/logo\/image\/","url":"https:\/\/radioleinewelle.de\/wp-content\/uploads\/2023\/11\/cropped-Leinewelle_Logo_weiss.png","contentUrl":"https:\/\/radioleinewelle.de\/wp-content\/uploads\/2023\/11\/cropped-Leinewelle_Logo_weiss.png","width":854,"height":260,"caption":"Radio Leinewelle"},"image":{"@id":"https:\/\/radioleinewelle.de\/#\/schema\/logo\/image\/"},"sameAs":["https:\/\/www.facebook.com\/radioleinewelle","https:\/\/x.com\/RLeinewelle","https:\/\/www.instagram.com\/radioleinewelle\/?hl=de"]},{"@type":"Person","@id":"https:\/\/radioleinewelle.de\/#\/schema\/person\/45606f348637df637192dc1b68399a63","name":"Leinewelle","image":{"@type":"ImageObject","inLanguage":"de","@id":"https:\/\/secure.gravatar.com\/avatar\/05c9a17bc973052ee5d91549bd32fb4dd0dc85b7b85ae94b2e2b4943476bbea5?s=96&d=blank&r=g","url":"https:\/\/secure.gravatar.com\/avatar\/05c9a17bc973052ee5d91549bd32fb4dd0dc85b7b85ae94b2e2b4943476bbea5?s=96&d=blank&r=g","contentUrl":"https:\/\/secure.gravatar.com\/avatar\/05c9a17bc973052ee5d91549bd32fb4dd0dc85b7b85ae94b2e2b4943476bbea5?s=96&d=blank&r=g","caption":"Leinewelle"},"sameAs":["http:\/\/localhost\/radio%20leinewelle\/wordpress","https:\/\/www.facebook.com\/radioleinewelle","https:\/\/www.instagram.com\/radioleinewelle","https:\/\/x.com\/https:\/\/twitter.com\/RLeinewelle?ref_src=twsrcgoogletwcampserptwgrauthor","https:\/\/soundcloud.com\/foerderverein-lokalradio?utm_source=clipboard&utm_medium=text&utm_campaign=social_sharing"],"url":"https:\/\/radioleinewelle.de\/index.php\/author\/leinewelle\/"}]}},"_links":{"self":[{"href":"https:\/\/radioleinewelle.de\/index.php\/wp-json\/wp\/v2\/posts\/13368","targetHints":{"allow":["GET"]}}],"collection":[{"href":"https:\/\/radioleinewelle.de\/index.php\/wp-json\/wp\/v2\/posts"}],"about":[{"href":"https:\/\/radioleinewelle.de\/index.php\/wp-json\/wp\/v2\/types\/post"}],"author":[{"embeddable":true,"href":"https:\/\/radioleinewelle.de\/index.php\/wp-json\/wp\/v2\/users\/1"}],"replies":[{"embeddable":true,"href":"https:\/\/radioleinewelle.de\/index.php\/wp-json\/wp\/v2\/comments?post=13368"}],"version-history":[{"count":0,"href":"https:\/\/radioleinewelle.de\/index.php\/wp-json\/wp\/v2\/posts\/13368\/revisions"}],"wp:attachment":[{"href":"https:\/\/radioleinewelle.de\/index.php\/wp-json\/wp\/v2\/media?parent=13368"}],"wp:term":[{"taxonomy":"category","embeddable":true,"href":"https:\/\/radioleinewelle.de\/index.php\/wp-json\/wp\/v2\/categories?post=13368"},{"taxonomy":"post_tag","embeddable":true,"href":"https:\/\/radioleinewelle.de\/index.php\/wp-json\/wp\/v2\/tags?post=13368"}],"curies":[{"name":"wp","href":"https:\/\/api.w.org\/{rel}","templated":true}]}}