{"id":13372,"date":"2022-03-18T07:49:44","date_gmt":"2022-03-18T06:49:44","guid":{"rendered":"https:\/\/radioleinewelle.de\/?p=13372"},"modified":"2022-03-18T07:49:44","modified_gmt":"2022-03-18T06:49:44","slug":"ideenwettbewerb-smart-city-geht-in-die-endrunde","status":"publish","type":"post","link":"https:\/\/radioleinewelle.de\/index.php\/2022\/03\/18\/ideenwettbewerb-smart-city-geht-in-die-endrunde\/","title":{"rendered":"Ideenwettbewerb Smart City geht in die Endrunde"},"content":{"rendered":"\n<p>Mit dem Ideenwettbewerb Smart City hat die Stadt G\u00f6ttingen die B\u00fcrgerinnen und B\u00fcrger G\u00f6ttingens dazu aufgerufen, ihre Ideen f\u00fcr eine nachhaltige und digitale Stadt einzureichen. Die Teilnehmerinnen und Teilnehmer mit den kreativsten Ideen haben Ende April 2022 die Chance, der \u00d6ffentlichkeit ihre Visionen f\u00fcr ein digitales und nachhaltiges G\u00f6ttingen vorzustellen. Wer als Gast an der Veranstaltung teilnehmen, f\u00fcr seinen Favoriten abstimmen und so mitentscheiden m\u00f6chte, f\u00fcr welche Projekte es weitergehen soll, kann sich ab sofort anmelden.<\/p>\n\n\n\n<p>Pr\u00e4miert wird in f\u00fcnf Kategorien: Digitale Stadtgesellschaft, Nachhaltigkeit, Technologie und Daten, Jugendpreis und Publikumspreis. W\u00e4hrend die ersten vier Auszeichnungen durch eine Fachjury unter der Leitung von G\u00f6ttingens Oberb\u00fcrgermeisterin Petra Broistedt verliehen werden, haben alle Anwesenden die M\u00f6glichkeit, beim Publikumspreis f\u00fcr ihren Favoriten live abzustimmen. Insgesamt werden 5.000 \u20ac Preisgeld an die besten Ideen ausgesch\u00fcttet. Weiteres Highlight: Die besten Ideen werden die in die Smart City-Strategie der Stadt G\u00f6ttingen aufgenommen und umgesetzt.<\/p>\n\n\n\n<p>\u201eDer Wettbewerb ist eine gute Gelegenheit f\u00fcr die Menschen in unserer Stadt, sich mit dem Thema Digitalisierung auseinander zu setzen und sich aktiv am Prozess zu beteiligen. Es freut mich, dass viele tolle Vorschl\u00e4ge f\u00fcr ein digitales Update f\u00fcr G\u00f6ttingen eingereicht wurden. Der Pitch verspricht, spannend zu werden\u201c, so die Oberb\u00fcrgermeisterin.<\/p>\n\n\n\n<p>Den Weg zur Smart City zu f\u00f6rdern und zu unterst\u00fctzen haben sich die Stadt G\u00f6ttingen und die GWG Gesellschaft f\u00fcr Wirtschaftsf\u00f6rderung und Stadtentwicklung G\u00f6ttingen auf die Fahnen geschrieben. \u201eDie Digitalisierung ist ein entscheidender Standortvorteil im Wettbewerb um kluge K\u00f6pfe und Unternehmen. Die Weiterentwicklung G\u00f6ttingens in diesem Bereich liegt uns daher sehr am Herzen. Gemeinsam mit der Stadt arbeiten wir Hand in Hand um die Smart City G\u00f6ttingen auf unterschiedlichen Ebenen voranzubringen\u201c, so Jens D\u00fcwel, Gesch\u00e4ftsf\u00fchrer der GWG.<\/p>\n\n\n\n<p>Der <strong>Smart City Pitch findet am 28. April 2022 ab 18.00 Uhr im StartRaum (Friedrichstra\u00dfe 3 &#8211; 4, G\u00f6ttingen)<\/strong> statt. Der Pitch ist als Pr\u00e4senz-Veranstaltung geplant. Je nach pandemischer Lage entscheiden die Veranstalter, ob er hybrid oder ausschlie\u00dflich digital stattfindet. Falls er in (Teil-)Pr\u00e4senz stattfinden kann, gilt bei Einlass die 2G-Regel. F\u00fcr den Fall, dass der Pitch teilweise oder ausschlie\u00dflich online stattfinden kann, wird rechtzeitig ein Link f\u00fcr einen Videostream an alle angemeldeten Teilnehmenden gesendet. Eine&nbsp;<a href=\"https:\/\/goettingen.digital\/veranstaltung\/smart-city-pitch\/\" target=\"_blank\" rel=\"noreferrer noopener\">Online-Anmeldung&nbsp;<\/a>&nbsp;ist zwingend erforderlich.<\/p>\n\n\n\n<p>Der Smart City Pitch ist die erste Veranstaltung im Rahmen des&nbsp;<a href=\"https:\/\/goettingen.digital\/smart-city-goettingen\/\" target=\"_blank\" rel=\"noreferrer noopener\">goettingen.digital&nbsp;<\/a>&nbsp;Stadtlabors \u2013 einem Begegnungs-, Diskussions- und Partizipationsraum f\u00fcr die gesamte Stadtgesellschaft zu allen Smart City Themen.<\/p>\n\n\n\n<p>Bild von&nbsp;<a href=\"https:\/\/pixabay.com\/de\/users\/geralt-9301\/?utm_source=link-attribution&amp;utm_medium=referral&amp;utm_campaign=image&amp;utm_content=6734182\">Gerd Altmann<\/a>&nbsp;auf&nbsp;<a href=\"https:\/\/pixabay.com\/de\/?utm_source=link-attribution&amp;utm_medium=referral&amp;utm_campaign=image&amp;utm_content=6734182\">Pixabay<\/a>&nbsp;<\/p>\n","protected":false},"excerpt":{"rendered":"<p>Mit dem Ideenwettbewerb Smart City hat die Stadt G\u00f6ttingen die B\u00fcrgerinnen und B\u00fcrger G\u00f6ttingens dazu aufgerufen, ihre Ideen f\u00fcr eine nachhaltige und digitale Stadt einzureichen. Die Teilnehmerinnen und Teilnehmer mit den kreativsten Ideen haben Ende April 2022 die Chance, der \u00d6ffentlichkeit ihre Visionen f\u00fcr ein digitales und nachhaltiges G\u00f6ttingen vorzustellen. Wer als Gast an der [&hellip;]<\/p>\n","protected":false},"author":1,"featured_media":13374,"comment_status":"closed","ping_status":"closed","sticky":false,"template":"","format":"standard","meta":{"saved_in_kubio":false,"footnotes":""},"categories":[520],"tags":[2991,2992,2993],"class_list":["post-13372","post","type-post","status-publish","format-standard","has-post-thumbnail","hentry","category-klimawandel","tag-smart-city-goettingen","tag-smart-city-pitch","tag-startraum"],"yoast_head":"<!-- This site is optimized with the Yoast SEO plugin v27.4 - https:\/\/yoast.com\/product\/yoast-seo-wordpress\/ -->\n<title>Ideenwettbewerb Smart City geht in die Endrunde - Radio Leinewelle<\/title>\n<meta name=\"robots\" content=\"index, follow, max-snippet:-1, max-image-preview:large, max-video-preview:-1\" \/>\n<link rel=\"canonical\" href=\"https:\/\/radioleinewelle.de\/index.php\/2022\/03\/18\/ideenwettbewerb-smart-city-geht-in-die-endrunde\/\" \/>\n<meta property=\"og:locale\" content=\"de_DE\" \/>\n<meta property=\"og:type\" content=\"article\" \/>\n<meta property=\"og:title\" content=\"Ideenwettbewerb Smart City geht in die Endrunde - Radio Leinewelle\" \/>\n<meta property=\"og:description\" content=\"Mit dem Ideenwettbewerb Smart City hat die Stadt G\u00f6ttingen die B\u00fcrgerinnen und B\u00fcrger G\u00f6ttingens dazu aufgerufen, ihre Ideen f\u00fcr eine nachhaltige und digitale Stadt einzureichen. Die Teilnehmerinnen und Teilnehmer mit den kreativsten Ideen haben Ende April 2022 die Chance, der \u00d6ffentlichkeit ihre Visionen f\u00fcr ein digitales und nachhaltiges G\u00f6ttingen vorzustellen. Wer als Gast an der [&hellip;]\" \/>\n<meta property=\"og:url\" content=\"https:\/\/radioleinewelle.de\/index.php\/2022\/03\/18\/ideenwettbewerb-smart-city-geht-in-die-endrunde\/\" \/>\n<meta property=\"og:site_name\" content=\"Radio Leinewelle\" \/>\n<meta property=\"article:publisher\" content=\"https:\/\/www.facebook.com\/radioleinewelle\" \/>\n<meta property=\"article:author\" content=\"https:\/\/www.facebook.com\/radioleinewelle\" \/>\n<meta property=\"article:published_time\" content=\"2022-03-18T06:49:44+00:00\" \/>\n<meta property=\"og:image\" content=\"https:\/\/radioleinewelle.de\/wp-content\/uploads\/2022\/03\/nature-reserve-g2b7352ac8_640.jpg\" \/>\n\t<meta property=\"og:image:width\" content=\"640\" \/>\n\t<meta property=\"og:image:height\" content=\"427\" \/>\n\t<meta property=\"og:image:type\" content=\"image\/jpeg\" \/>\n<meta name=\"author\" content=\"Leinewelle\" \/>\n<meta name=\"twitter:card\" content=\"summary_large_image\" \/>\n<meta name=\"twitter:creator\" content=\"@https:\/\/twitter.com\/RLeinewelle?ref_src=twsrcgoogletwcampserptwgrauthor\" \/>\n<meta name=\"twitter:site\" content=\"@RLeinewelle\" \/>\n<meta name=\"twitter:label1\" content=\"Verfasst von\" \/>\n\t<meta name=\"twitter:data1\" content=\"Leinewelle\" \/>\n\t<meta name=\"twitter:label2\" content=\"Gesch\u00e4tzte Lesezeit\" \/>\n\t<meta name=\"twitter:data2\" content=\"3\u00a0Minuten\" \/>\n<script type=\"application\/ld+json\" class=\"yoast-schema-graph\">{\"@context\":\"https:\\\/\\\/schema.org\",\"@graph\":[{\"@type\":\"Article\",\"@id\":\"https:\\\/\\\/radioleinewelle.de\\\/index.php\\\/2022\\\/03\\\/18\\\/ideenwettbewerb-smart-city-geht-in-die-endrunde\\\/#article\",\"isPartOf\":{\"@id\":\"https:\\\/\\\/radioleinewelle.de\\\/index.php\\\/2022\\\/03\\\/18\\\/ideenwettbewerb-smart-city-geht-in-die-endrunde\\\/\"},\"author\":{\"name\":\"Leinewelle\",\"@id\":\"https:\\\/\\\/radioleinewelle.de\\\/#\\\/schema\\\/person\\\/45606f348637df637192dc1b68399a63\"},\"headline\":\"Ideenwettbewerb Smart City geht in die Endrunde\",\"datePublished\":\"2022-03-18T06:49:44+00:00\",\"mainEntityOfPage\":{\"@id\":\"https:\\\/\\\/radioleinewelle.de\\\/index.php\\\/2022\\\/03\\\/18\\\/ideenwettbewerb-smart-city-geht-in-die-endrunde\\\/\"},\"wordCount\":445,\"publisher\":{\"@id\":\"https:\\\/\\\/radioleinewelle.de\\\/#organization\"},\"image\":{\"@id\":\"https:\\\/\\\/radioleinewelle.de\\\/index.php\\\/2022\\\/03\\\/18\\\/ideenwettbewerb-smart-city-geht-in-die-endrunde\\\/#primaryimage\"},\"thumbnailUrl\":\"https:\\\/\\\/radioleinewelle.de\\\/wp-content\\\/uploads\\\/2022\\\/03\\\/nature-reserve-g2b7352ac8_640.jpg\",\"keywords\":[\"Smart City G\u00f6ttingen\",\"Smart City pitch\",\"Startraum\"],\"articleSection\":[\"Klimawandel\"],\"inLanguage\":\"de\"},{\"@type\":\"WebPage\",\"@id\":\"https:\\\/\\\/radioleinewelle.de\\\/index.php\\\/2022\\\/03\\\/18\\\/ideenwettbewerb-smart-city-geht-in-die-endrunde\\\/\",\"url\":\"https:\\\/\\\/radioleinewelle.de\\\/index.php\\\/2022\\\/03\\\/18\\\/ideenwettbewerb-smart-city-geht-in-die-endrunde\\\/\",\"name\":\"Ideenwettbewerb Smart City geht in die Endrunde - Radio Leinewelle\",\"isPartOf\":{\"@id\":\"https:\\\/\\\/radioleinewelle.de\\\/#website\"},\"primaryImageOfPage\":{\"@id\":\"https:\\\/\\\/radioleinewelle.de\\\/index.php\\\/2022\\\/03\\\/18\\\/ideenwettbewerb-smart-city-geht-in-die-endrunde\\\/#primaryimage\"},\"image\":{\"@id\":\"https:\\\/\\\/radioleinewelle.de\\\/index.php\\\/2022\\\/03\\\/18\\\/ideenwettbewerb-smart-city-geht-in-die-endrunde\\\/#primaryimage\"},\"thumbnailUrl\":\"https:\\\/\\\/radioleinewelle.de\\\/wp-content\\\/uploads\\\/2022\\\/03\\\/nature-reserve-g2b7352ac8_640.jpg\",\"datePublished\":\"2022-03-18T06:49:44+00:00\",\"breadcrumb\":{\"@id\":\"https:\\\/\\\/radioleinewelle.de\\\/index.php\\\/2022\\\/03\\\/18\\\/ideenwettbewerb-smart-city-geht-in-die-endrunde\\\/#breadcrumb\"},\"inLanguage\":\"de\",\"potentialAction\":[{\"@type\":\"ReadAction\",\"target\":[\"https:\\\/\\\/radioleinewelle.de\\\/index.php\\\/2022\\\/03\\\/18\\\/ideenwettbewerb-smart-city-geht-in-die-endrunde\\\/\"]}]},{\"@type\":\"ImageObject\",\"inLanguage\":\"de\",\"@id\":\"https:\\\/\\\/radioleinewelle.de\\\/index.php\\\/2022\\\/03\\\/18\\\/ideenwettbewerb-smart-city-geht-in-die-endrunde\\\/#primaryimage\",\"url\":\"https:\\\/\\\/radioleinewelle.de\\\/wp-content\\\/uploads\\\/2022\\\/03\\\/nature-reserve-g2b7352ac8_640.jpg\",\"contentUrl\":\"https:\\\/\\\/radioleinewelle.de\\\/wp-content\\\/uploads\\\/2022\\\/03\\\/nature-reserve-g2b7352ac8_640.jpg\",\"width\":640,\"height\":427},{\"@type\":\"BreadcrumbList\",\"@id\":\"https:\\\/\\\/radioleinewelle.de\\\/index.php\\\/2022\\\/03\\\/18\\\/ideenwettbewerb-smart-city-geht-in-die-endrunde\\\/#breadcrumb\",\"itemListElement\":[{\"@type\":\"ListItem\",\"position\":1,\"name\":\"Startseite\",\"item\":\"https:\\\/\\\/radioleinewelle.de\\\/\"},{\"@type\":\"ListItem\",\"position\":2,\"name\":\"Ideenwettbewerb Smart City geht in die Endrunde\"}]},{\"@type\":\"WebSite\",\"@id\":\"https:\\\/\\\/radioleinewelle.de\\\/#website\",\"url\":\"https:\\\/\\\/radioleinewelle.de\\\/\",\"name\":\"Radio Leinewelle\",\"description\":\"\",\"publisher\":{\"@id\":\"https:\\\/\\\/radioleinewelle.de\\\/#organization\"},\"potentialAction\":[{\"@type\":\"SearchAction\",\"target\":{\"@type\":\"EntryPoint\",\"urlTemplate\":\"https:\\\/\\\/radioleinewelle.de\\\/?s={search_term_string}\"},\"query-input\":{\"@type\":\"PropertyValueSpecification\",\"valueRequired\":true,\"valueName\":\"search_term_string\"}}],\"inLanguage\":\"de\"},{\"@type\":\"Organization\",\"@id\":\"https:\\\/\\\/radioleinewelle.de\\\/#organization\",\"name\":\"Radio Leinewelle\",\"alternateName\":\"Mein Radio f\u00fcr S\u00fcdniedersachsen\",\"url\":\"https:\\\/\\\/radioleinewelle.de\\\/\",\"logo\":{\"@type\":\"ImageObject\",\"inLanguage\":\"de\",\"@id\":\"https:\\\/\\\/radioleinewelle.de\\\/#\\\/schema\\\/logo\\\/image\\\/\",\"url\":\"https:\\\/\\\/radioleinewelle.de\\\/wp-content\\\/uploads\\\/2023\\\/11\\\/cropped-Leinewelle_Logo_weiss.png\",\"contentUrl\":\"https:\\\/\\\/radioleinewelle.de\\\/wp-content\\\/uploads\\\/2023\\\/11\\\/cropped-Leinewelle_Logo_weiss.png\",\"width\":854,\"height\":260,\"caption\":\"Radio Leinewelle\"},\"image\":{\"@id\":\"https:\\\/\\\/radioleinewelle.de\\\/#\\\/schema\\\/logo\\\/image\\\/\"},\"sameAs\":[\"https:\\\/\\\/www.facebook.com\\\/radioleinewelle\",\"https:\\\/\\\/x.com\\\/RLeinewelle\",\"https:\\\/\\\/www.instagram.com\\\/radioleinewelle\\\/?hl=de\"]},{\"@type\":\"Person\",\"@id\":\"https:\\\/\\\/radioleinewelle.de\\\/#\\\/schema\\\/person\\\/45606f348637df637192dc1b68399a63\",\"name\":\"Leinewelle\",\"image\":{\"@type\":\"ImageObject\",\"inLanguage\":\"de\",\"@id\":\"https:\\\/\\\/secure.gravatar.com\\\/avatar\\\/05c9a17bc973052ee5d91549bd32fb4dd0dc85b7b85ae94b2e2b4943476bbea5?s=96&d=blank&r=g\",\"url\":\"https:\\\/\\\/secure.gravatar.com\\\/avatar\\\/05c9a17bc973052ee5d91549bd32fb4dd0dc85b7b85ae94b2e2b4943476bbea5?s=96&d=blank&r=g\",\"contentUrl\":\"https:\\\/\\\/secure.gravatar.com\\\/avatar\\\/05c9a17bc973052ee5d91549bd32fb4dd0dc85b7b85ae94b2e2b4943476bbea5?s=96&d=blank&r=g\",\"caption\":\"Leinewelle\"},\"sameAs\":[\"http:\\\/\\\/localhost\\\/radio%20leinewelle\\\/wordpress\",\"https:\\\/\\\/www.facebook.com\\\/radioleinewelle\",\"https:\\\/\\\/www.instagram.com\\\/radioleinewelle\",\"https:\\\/\\\/x.com\\\/https:\\\/\\\/twitter.com\\\/RLeinewelle?ref_src=twsrcgoogletwcampserptwgrauthor\",\"https:\\\/\\\/soundcloud.com\\\/foerderverein-lokalradio?utm_source=clipboard&utm_medium=text&utm_campaign=social_sharing\"],\"url\":\"https:\\\/\\\/radioleinewelle.de\\\/index.php\\\/author\\\/leinewelle\\\/\"}]}<\/script>\n<!-- \/ Yoast SEO plugin. -->","yoast_head_json":{"title":"Ideenwettbewerb Smart City geht in die Endrunde - Radio Leinewelle","robots":{"index":"index","follow":"follow","max-snippet":"max-snippet:-1","max-image-preview":"max-image-preview:large","max-video-preview":"max-video-preview:-1"},"canonical":"https:\/\/radioleinewelle.de\/index.php\/2022\/03\/18\/ideenwettbewerb-smart-city-geht-in-die-endrunde\/","og_locale":"de_DE","og_type":"article","og_title":"Ideenwettbewerb Smart City geht in die Endrunde - Radio Leinewelle","og_description":"Mit dem Ideenwettbewerb Smart City hat die Stadt G\u00f6ttingen die B\u00fcrgerinnen und B\u00fcrger G\u00f6ttingens dazu aufgerufen, ihre Ideen f\u00fcr eine nachhaltige und digitale Stadt einzureichen. Die Teilnehmerinnen und Teilnehmer mit den kreativsten Ideen haben Ende April 2022 die Chance, der \u00d6ffentlichkeit ihre Visionen f\u00fcr ein digitales und nachhaltiges G\u00f6ttingen vorzustellen. Wer als Gast an der [&hellip;]","og_url":"https:\/\/radioleinewelle.de\/index.php\/2022\/03\/18\/ideenwettbewerb-smart-city-geht-in-die-endrunde\/","og_site_name":"Radio Leinewelle","article_publisher":"https:\/\/www.facebook.com\/radioleinewelle","article_author":"https:\/\/www.facebook.com\/radioleinewelle","article_published_time":"2022-03-18T06:49:44+00:00","og_image":[{"width":640,"height":427,"url":"https:\/\/radioleinewelle.de\/wp-content\/uploads\/2022\/03\/nature-reserve-g2b7352ac8_640.jpg","type":"image\/jpeg"}],"author":"Leinewelle","twitter_card":"summary_large_image","twitter_creator":"@https:\/\/twitter.com\/RLeinewelle?ref_src=twsrcgoogletwcampserptwgrauthor","twitter_site":"@RLeinewelle","twitter_misc":{"Verfasst von":"Leinewelle","Gesch\u00e4tzte Lesezeit":"3\u00a0Minuten"},"schema":{"@context":"https:\/\/schema.org","@graph":[{"@type":"Article","@id":"https:\/\/radioleinewelle.de\/index.php\/2022\/03\/18\/ideenwettbewerb-smart-city-geht-in-die-endrunde\/#article","isPartOf":{"@id":"https:\/\/radioleinewelle.de\/index.php\/2022\/03\/18\/ideenwettbewerb-smart-city-geht-in-die-endrunde\/"},"author":{"name":"Leinewelle","@id":"https:\/\/radioleinewelle.de\/#\/schema\/person\/45606f348637df637192dc1b68399a63"},"headline":"Ideenwettbewerb Smart City geht in die Endrunde","datePublished":"2022-03-18T06:49:44+00:00","mainEntityOfPage":{"@id":"https:\/\/radioleinewelle.de\/index.php\/2022\/03\/18\/ideenwettbewerb-smart-city-geht-in-die-endrunde\/"},"wordCount":445,"publisher":{"@id":"https:\/\/radioleinewelle.de\/#organization"},"image":{"@id":"https:\/\/radioleinewelle.de\/index.php\/2022\/03\/18\/ideenwettbewerb-smart-city-geht-in-die-endrunde\/#primaryimage"},"thumbnailUrl":"https:\/\/radioleinewelle.de\/wp-content\/uploads\/2022\/03\/nature-reserve-g2b7352ac8_640.jpg","keywords":["Smart City G\u00f6ttingen","Smart City pitch","Startraum"],"articleSection":["Klimawandel"],"inLanguage":"de"},{"@type":"WebPage","@id":"https:\/\/radioleinewelle.de\/index.php\/2022\/03\/18\/ideenwettbewerb-smart-city-geht-in-die-endrunde\/","url":"https:\/\/radioleinewelle.de\/index.php\/2022\/03\/18\/ideenwettbewerb-smart-city-geht-in-die-endrunde\/","name":"Ideenwettbewerb Smart City geht in die Endrunde - Radio Leinewelle","isPartOf":{"@id":"https:\/\/radioleinewelle.de\/#website"},"primaryImageOfPage":{"@id":"https:\/\/radioleinewelle.de\/index.php\/2022\/03\/18\/ideenwettbewerb-smart-city-geht-in-die-endrunde\/#primaryimage"},"image":{"@id":"https:\/\/radioleinewelle.de\/index.php\/2022\/03\/18\/ideenwettbewerb-smart-city-geht-in-die-endrunde\/#primaryimage"},"thumbnailUrl":"https:\/\/radioleinewelle.de\/wp-content\/uploads\/2022\/03\/nature-reserve-g2b7352ac8_640.jpg","datePublished":"2022-03-18T06:49:44+00:00","breadcrumb":{"@id":"https:\/\/radioleinewelle.de\/index.php\/2022\/03\/18\/ideenwettbewerb-smart-city-geht-in-die-endrunde\/#breadcrumb"},"inLanguage":"de","potentialAction":[{"@type":"ReadAction","target":["https:\/\/radioleinewelle.de\/index.php\/2022\/03\/18\/ideenwettbewerb-smart-city-geht-in-die-endrunde\/"]}]},{"@type":"ImageObject","inLanguage":"de","@id":"https:\/\/radioleinewelle.de\/index.php\/2022\/03\/18\/ideenwettbewerb-smart-city-geht-in-die-endrunde\/#primaryimage","url":"https:\/\/radioleinewelle.de\/wp-content\/uploads\/2022\/03\/nature-reserve-g2b7352ac8_640.jpg","contentUrl":"https:\/\/radioleinewelle.de\/wp-content\/uploads\/2022\/03\/nature-reserve-g2b7352ac8_640.jpg","width":640,"height":427},{"@type":"BreadcrumbList","@id":"https:\/\/radioleinewelle.de\/index.php\/2022\/03\/18\/ideenwettbewerb-smart-city-geht-in-die-endrunde\/#breadcrumb","itemListElement":[{"@type":"ListItem","position":1,"name":"Startseite","item":"https:\/\/radioleinewelle.de\/"},{"@type":"ListItem","position":2,"name":"Ideenwettbewerb Smart City geht in die Endrunde"}]},{"@type":"WebSite","@id":"https:\/\/radioleinewelle.de\/#website","url":"https:\/\/radioleinewelle.de\/","name":"Radio Leinewelle","description":"","publisher":{"@id":"https:\/\/radioleinewelle.de\/#organization"},"potentialAction":[{"@type":"SearchAction","target":{"@type":"EntryPoint","urlTemplate":"https:\/\/radioleinewelle.de\/?s={search_term_string}"},"query-input":{"@type":"PropertyValueSpecification","valueRequired":true,"valueName":"search_term_string"}}],"inLanguage":"de"},{"@type":"Organization","@id":"https:\/\/radioleinewelle.de\/#organization","name":"Radio Leinewelle","alternateName":"Mein Radio f\u00fcr S\u00fcdniedersachsen","url":"https:\/\/radioleinewelle.de\/","logo":{"@type":"ImageObject","inLanguage":"de","@id":"https:\/\/radioleinewelle.de\/#\/schema\/logo\/image\/","url":"https:\/\/radioleinewelle.de\/wp-content\/uploads\/2023\/11\/cropped-Leinewelle_Logo_weiss.png","contentUrl":"https:\/\/radioleinewelle.de\/wp-content\/uploads\/2023\/11\/cropped-Leinewelle_Logo_weiss.png","width":854,"height":260,"caption":"Radio Leinewelle"},"image":{"@id":"https:\/\/radioleinewelle.de\/#\/schema\/logo\/image\/"},"sameAs":["https:\/\/www.facebook.com\/radioleinewelle","https:\/\/x.com\/RLeinewelle","https:\/\/www.instagram.com\/radioleinewelle\/?hl=de"]},{"@type":"Person","@id":"https:\/\/radioleinewelle.de\/#\/schema\/person\/45606f348637df637192dc1b68399a63","name":"Leinewelle","image":{"@type":"ImageObject","inLanguage":"de","@id":"https:\/\/secure.gravatar.com\/avatar\/05c9a17bc973052ee5d91549bd32fb4dd0dc85b7b85ae94b2e2b4943476bbea5?s=96&d=blank&r=g","url":"https:\/\/secure.gravatar.com\/avatar\/05c9a17bc973052ee5d91549bd32fb4dd0dc85b7b85ae94b2e2b4943476bbea5?s=96&d=blank&r=g","contentUrl":"https:\/\/secure.gravatar.com\/avatar\/05c9a17bc973052ee5d91549bd32fb4dd0dc85b7b85ae94b2e2b4943476bbea5?s=96&d=blank&r=g","caption":"Leinewelle"},"sameAs":["http:\/\/localhost\/radio%20leinewelle\/wordpress","https:\/\/www.facebook.com\/radioleinewelle","https:\/\/www.instagram.com\/radioleinewelle","https:\/\/x.com\/https:\/\/twitter.com\/RLeinewelle?ref_src=twsrcgoogletwcampserptwgrauthor","https:\/\/soundcloud.com\/foerderverein-lokalradio?utm_source=clipboard&utm_medium=text&utm_campaign=social_sharing"],"url":"https:\/\/radioleinewelle.de\/index.php\/author\/leinewelle\/"}]}},"_links":{"self":[{"href":"https:\/\/radioleinewelle.de\/index.php\/wp-json\/wp\/v2\/posts\/13372","targetHints":{"allow":["GET"]}}],"collection":[{"href":"https:\/\/radioleinewelle.de\/index.php\/wp-json\/wp\/v2\/posts"}],"about":[{"href":"https:\/\/radioleinewelle.de\/index.php\/wp-json\/wp\/v2\/types\/post"}],"author":[{"embeddable":true,"href":"https:\/\/radioleinewelle.de\/index.php\/wp-json\/wp\/v2\/users\/1"}],"replies":[{"embeddable":true,"href":"https:\/\/radioleinewelle.de\/index.php\/wp-json\/wp\/v2\/comments?post=13372"}],"version-history":[{"count":0,"href":"https:\/\/radioleinewelle.de\/index.php\/wp-json\/wp\/v2\/posts\/13372\/revisions"}],"wp:featuredmedia":[{"embeddable":true,"href":"https:\/\/radioleinewelle.de\/index.php\/wp-json\/wp\/v2\/media\/13374"}],"wp:attachment":[{"href":"https:\/\/radioleinewelle.de\/index.php\/wp-json\/wp\/v2\/media?parent=13372"}],"wp:term":[{"taxonomy":"category","embeddable":true,"href":"https:\/\/radioleinewelle.de\/index.php\/wp-json\/wp\/v2\/categories?post=13372"},{"taxonomy":"post_tag","embeddable":true,"href":"https:\/\/radioleinewelle.de\/index.php\/wp-json\/wp\/v2\/tags?post=13372"}],"curies":[{"name":"wp","href":"https:\/\/api.w.org\/{rel}","templated":true}]}}