{"id":13383,"date":"2022-03-19T09:41:13","date_gmt":"2022-03-19T08:41:13","guid":{"rendered":"https:\/\/radioleinewelle.de\/?p=13383"},"modified":"2022-03-19T09:41:13","modified_gmt":"2022-03-19T08:41:13","slug":"gespraechsreihe-des-dgb-suedniedersachsen-wurde-mit-abgeordneten-der-gruenen-fortgesetzt","status":"publish","type":"post","link":"https:\/\/radioleinewelle.de\/index.php\/2022\/03\/19\/gespraechsreihe-des-dgb-suedniedersachsen-wurde-mit-abgeordneten-der-gruenen-fortgesetzt\/","title":{"rendered":"Gespr\u00e4chsreihe des DGB S\u00fcdniedersachsen wurde mit Abgeordneten der Gr\u00fcnen fortgesetzt"},"content":{"rendered":"\n<p>Unter dem #rechnetmituns trafen im M\u00e4rz die Bundestagsabgeordneten B\u00fcndnis 90\/ DIE GR\u00dcNEN Karoline Otte aus dem Wahlkreis Goslar &#8211; Northeim &#8211; Osterode und J\u00fcrgen Trittin, Wahlkreis G\u00f6ttingen, Gewerkschafter*innen im DGB.<\/p>\n\n\n\n<p>Die tagespolitische Aktualit\u00e4t des Krieges und seiner Auswirkungen auf Pl\u00e4ne zu bundesdeutschen Milit\u00e4rausgaben war Thema der Runde, ebenso wie Kernthemen Tarifbindung und \u00f6ffentliche Investitionen in S\u00fcdniedersachsen.<\/p>\n\n\n\n<p>Gastgeberin&nbsp;<strong>Agnieszka Zimowska, DGB Regionsgesch\u00e4ftsf\u00fchrerin<\/strong>, stellte die Bedeutung von Ma\u00dfnahmen f\u00fcr gute Arbeitsbedingungen als Ansatz f\u00fcr S\u00fcdniedersachsen heraus. \u201eIch m\u00f6chte, dass gute Arbeit das Markenzeichen dieser Region ist. Diese Worte sollen kein Feigenblatt sein, sondern wir erwarten konkrete Ma\u00dfnahmen im Zuge des Programms Zukunftsregion,\u201c so Zimowska. Dazu z\u00e4hlen F\u00f6rderma\u00dfnahmen, die den sozial gerechten Ausbau der Energiewende vorantreiben.<\/p>\n\n\n\n<p>Am 18.3.2022 folgte ein vertiefendes Gespr\u00e4ch des DGB &nbsp;mit der Landtagsabgeordneten der GR\u00dcNEN, Marie Kollenrott. Hierbei lag der Schwerpunkt auf Zusammenarbeit in Fragen der Demokratie und Arbeit gegen extreme Rechte in der Region. Gleichzeitig sprachen Landtagsabgeordnete Kollenrott und Gesch\u00e4ftsf\u00fchrerin Zimowska \u00fcber die Arbeitsbedingungen von Polizeikr\u00e4ften, insbesondere von Ausstattung und Entlastung.<\/p>\n\n\n\n<p>Als weiteren herausfordernden Punkt sch\u00e4tzten die Gespr\u00e4chspartnerinnen die Frage des Abbaus von Baustoffen in der Region ein, wo \u00f6konomische und \u00f6kologische Interesse abgeglichen werden. Die &nbsp;Gewerkschafterin Zimowska hob die Bedeutung von F\u00f6rdermitteln aus Bund und Land f\u00fcr Unternehmen in Transformation in der Region hervor. Hierbei sei Mittelvergabe an mitbestimmte Betriebe ein wichtiges Signal f\u00fcr Mitbestimmungsstrukturen.<\/p>\n\n\n\n<p>Foto: Agnieszka Zimowska und MdL Marie Kollenrott \u00a9DGB S\u00fcdniedersachsen<\/p>\n","protected":false},"excerpt":{"rendered":"<p>Unter dem #rechnetmituns trafen im M\u00e4rz die Bundestagsabgeordneten B\u00fcndnis 90\/ DIE GR\u00dcNEN Karoline Otte aus dem Wahlkreis Goslar &#8211; Northeim &#8211; Osterode und J\u00fcrgen Trittin, Wahlkreis G\u00f6ttingen, Gewerkschafter*innen im DGB. Die tagespolitische Aktualit\u00e4t des Krieges und seiner Auswirkungen auf Pl\u00e4ne zu bundesdeutschen Milit\u00e4rausgaben war Thema der Runde, ebenso wie Kernthemen Tarifbindung und \u00f6ffentliche Investitionen in [&hellip;]<\/p>\n","protected":false},"author":1,"featured_media":0,"comment_status":"closed","ping_status":"closed","sticky":false,"template":"","format":"standard","meta":{"saved_in_kubio":false,"footnotes":""},"categories":[39],"tags":[928,925,428],"class_list":["post-13383","post","type-post","status-publish","format-standard","hentry","category-lokalpolitik","tag-agnieszka-zimowska","tag-dgb-suedniedersachsen","tag-marie-kollenrott"],"yoast_head":"<!-- This site is optimized with the Yoast SEO plugin v27.5 - https:\/\/yoast.com\/product\/yoast-seo-wordpress\/ -->\n<title>Gespr\u00e4chsreihe des DGB S\u00fcdniedersachsen wurde mit Abgeordneten der Gr\u00fcnen fortgesetzt - Radio Leinewelle<\/title>\n<meta name=\"robots\" content=\"index, follow, max-snippet:-1, max-image-preview:large, max-video-preview:-1\" \/>\n<link rel=\"canonical\" href=\"https:\/\/radioleinewelle.de\/index.php\/2022\/03\/19\/gespraechsreihe-des-dgb-suedniedersachsen-wurde-mit-abgeordneten-der-gruenen-fortgesetzt\/\" \/>\n<meta property=\"og:locale\" content=\"de_DE\" \/>\n<meta property=\"og:type\" content=\"article\" \/>\n<meta property=\"og:title\" content=\"Gespr\u00e4chsreihe des DGB S\u00fcdniedersachsen wurde mit Abgeordneten der Gr\u00fcnen fortgesetzt - Radio Leinewelle\" \/>\n<meta property=\"og:description\" content=\"Unter dem #rechnetmituns trafen im M\u00e4rz die Bundestagsabgeordneten B\u00fcndnis 90\/ DIE GR\u00dcNEN Karoline Otte aus dem Wahlkreis Goslar &#8211; Northeim &#8211; Osterode und J\u00fcrgen Trittin, Wahlkreis G\u00f6ttingen, Gewerkschafter*innen im DGB. Die tagespolitische Aktualit\u00e4t des Krieges und seiner Auswirkungen auf Pl\u00e4ne zu bundesdeutschen Milit\u00e4rausgaben war Thema der Runde, ebenso wie Kernthemen Tarifbindung und \u00f6ffentliche Investitionen in [&hellip;]\" \/>\n<meta property=\"og:url\" content=\"https:\/\/radioleinewelle.de\/index.php\/2022\/03\/19\/gespraechsreihe-des-dgb-suedniedersachsen-wurde-mit-abgeordneten-der-gruenen-fortgesetzt\/\" \/>\n<meta property=\"og:site_name\" content=\"Radio Leinewelle\" \/>\n<meta property=\"article:publisher\" content=\"https:\/\/www.facebook.com\/radioleinewelle\" \/>\n<meta property=\"article:author\" content=\"https:\/\/www.facebook.com\/radioleinewelle\" \/>\n<meta property=\"article:published_time\" content=\"2022-03-19T08:41:13+00:00\" \/>\n<meta name=\"author\" content=\"Leinewelle\" \/>\n<meta name=\"twitter:card\" content=\"summary_large_image\" \/>\n<meta name=\"twitter:creator\" content=\"@https:\/\/twitter.com\/RLeinewelle?ref_src=twsrcgoogletwcampserptwgrauthor\" \/>\n<meta name=\"twitter:site\" content=\"@RLeinewelle\" \/>\n<meta name=\"twitter:label1\" content=\"Verfasst von\" \/>\n\t<meta name=\"twitter:data1\" content=\"Leinewelle\" \/>\n\t<meta name=\"twitter:label2\" content=\"Gesch\u00e4tzte Lesezeit\" \/>\n\t<meta name=\"twitter:data2\" content=\"2\u00a0Minuten\" \/>\n<script type=\"application\/ld+json\" class=\"yoast-schema-graph\">{\"@context\":\"https:\\\/\\\/schema.org\",\"@graph\":[{\"@type\":\"Article\",\"@id\":\"https:\\\/\\\/radioleinewelle.de\\\/index.php\\\/2022\\\/03\\\/19\\\/gespraechsreihe-des-dgb-suedniedersachsen-wurde-mit-abgeordneten-der-gruenen-fortgesetzt\\\/#article\",\"isPartOf\":{\"@id\":\"https:\\\/\\\/radioleinewelle.de\\\/index.php\\\/2022\\\/03\\\/19\\\/gespraechsreihe-des-dgb-suedniedersachsen-wurde-mit-abgeordneten-der-gruenen-fortgesetzt\\\/\"},\"author\":{\"name\":\"Leinewelle\",\"@id\":\"https:\\\/\\\/radioleinewelle.de\\\/#\\\/schema\\\/person\\\/45606f348637df637192dc1b68399a63\"},\"headline\":\"Gespr\u00e4chsreihe des DGB S\u00fcdniedersachsen wurde mit Abgeordneten der Gr\u00fcnen fortgesetzt\",\"datePublished\":\"2022-03-19T08:41:13+00:00\",\"mainEntityOfPage\":{\"@id\":\"https:\\\/\\\/radioleinewelle.de\\\/index.php\\\/2022\\\/03\\\/19\\\/gespraechsreihe-des-dgb-suedniedersachsen-wurde-mit-abgeordneten-der-gruenen-fortgesetzt\\\/\"},\"wordCount\":273,\"publisher\":{\"@id\":\"https:\\\/\\\/radioleinewelle.de\\\/#organization\"},\"keywords\":[\"Agnieszka Zimowska\",\"DGB S\u00fcdniedersachsen\",\"Marie Kollenrott\"],\"articleSection\":[\"Lokalpolitik\"],\"inLanguage\":\"de\"},{\"@type\":\"WebPage\",\"@id\":\"https:\\\/\\\/radioleinewelle.de\\\/index.php\\\/2022\\\/03\\\/19\\\/gespraechsreihe-des-dgb-suedniedersachsen-wurde-mit-abgeordneten-der-gruenen-fortgesetzt\\\/\",\"url\":\"https:\\\/\\\/radioleinewelle.de\\\/index.php\\\/2022\\\/03\\\/19\\\/gespraechsreihe-des-dgb-suedniedersachsen-wurde-mit-abgeordneten-der-gruenen-fortgesetzt\\\/\",\"name\":\"Gespr\u00e4chsreihe des DGB S\u00fcdniedersachsen wurde mit Abgeordneten der Gr\u00fcnen fortgesetzt - Radio Leinewelle\",\"isPartOf\":{\"@id\":\"https:\\\/\\\/radioleinewelle.de\\\/#website\"},\"datePublished\":\"2022-03-19T08:41:13+00:00\",\"breadcrumb\":{\"@id\":\"https:\\\/\\\/radioleinewelle.de\\\/index.php\\\/2022\\\/03\\\/19\\\/gespraechsreihe-des-dgb-suedniedersachsen-wurde-mit-abgeordneten-der-gruenen-fortgesetzt\\\/#breadcrumb\"},\"inLanguage\":\"de\",\"potentialAction\":[{\"@type\":\"ReadAction\",\"target\":[\"https:\\\/\\\/radioleinewelle.de\\\/index.php\\\/2022\\\/03\\\/19\\\/gespraechsreihe-des-dgb-suedniedersachsen-wurde-mit-abgeordneten-der-gruenen-fortgesetzt\\\/\"]}]},{\"@type\":\"BreadcrumbList\",\"@id\":\"https:\\\/\\\/radioleinewelle.de\\\/index.php\\\/2022\\\/03\\\/19\\\/gespraechsreihe-des-dgb-suedniedersachsen-wurde-mit-abgeordneten-der-gruenen-fortgesetzt\\\/#breadcrumb\",\"itemListElement\":[{\"@type\":\"ListItem\",\"position\":1,\"name\":\"Startseite\",\"item\":\"https:\\\/\\\/radioleinewelle.de\\\/\"},{\"@type\":\"ListItem\",\"position\":2,\"name\":\"Gespr\u00e4chsreihe des DGB S\u00fcdniedersachsen wurde mit Abgeordneten der Gr\u00fcnen fortgesetzt\"}]},{\"@type\":\"WebSite\",\"@id\":\"https:\\\/\\\/radioleinewelle.de\\\/#website\",\"url\":\"https:\\\/\\\/radioleinewelle.de\\\/\",\"name\":\"Radio Leinewelle\",\"description\":\"\",\"publisher\":{\"@id\":\"https:\\\/\\\/radioleinewelle.de\\\/#organization\"},\"potentialAction\":[{\"@type\":\"SearchAction\",\"target\":{\"@type\":\"EntryPoint\",\"urlTemplate\":\"https:\\\/\\\/radioleinewelle.de\\\/?s={search_term_string}\"},\"query-input\":{\"@type\":\"PropertyValueSpecification\",\"valueRequired\":true,\"valueName\":\"search_term_string\"}}],\"inLanguage\":\"de\"},{\"@type\":\"Organization\",\"@id\":\"https:\\\/\\\/radioleinewelle.de\\\/#organization\",\"name\":\"Radio Leinewelle\",\"alternateName\":\"Mein Radio f\u00fcr S\u00fcdniedersachsen\",\"url\":\"https:\\\/\\\/radioleinewelle.de\\\/\",\"logo\":{\"@type\":\"ImageObject\",\"inLanguage\":\"de\",\"@id\":\"https:\\\/\\\/radioleinewelle.de\\\/#\\\/schema\\\/logo\\\/image\\\/\",\"url\":\"https:\\\/\\\/radioleinewelle.de\\\/wp-content\\\/uploads\\\/2023\\\/11\\\/cropped-Leinewelle_Logo_weiss.png\",\"contentUrl\":\"https:\\\/\\\/radioleinewelle.de\\\/wp-content\\\/uploads\\\/2023\\\/11\\\/cropped-Leinewelle_Logo_weiss.png\",\"width\":854,\"height\":260,\"caption\":\"Radio Leinewelle\"},\"image\":{\"@id\":\"https:\\\/\\\/radioleinewelle.de\\\/#\\\/schema\\\/logo\\\/image\\\/\"},\"sameAs\":[\"https:\\\/\\\/www.facebook.com\\\/radioleinewelle\",\"https:\\\/\\\/x.com\\\/RLeinewelle\",\"https:\\\/\\\/www.instagram.com\\\/radioleinewelle\\\/?hl=de\"]},{\"@type\":\"Person\",\"@id\":\"https:\\\/\\\/radioleinewelle.de\\\/#\\\/schema\\\/person\\\/45606f348637df637192dc1b68399a63\",\"name\":\"Leinewelle\",\"image\":{\"@type\":\"ImageObject\",\"inLanguage\":\"de\",\"@id\":\"https:\\\/\\\/secure.gravatar.com\\\/avatar\\\/05c9a17bc973052ee5d91549bd32fb4dd0dc85b7b85ae94b2e2b4943476bbea5?s=96&d=blank&r=g\",\"url\":\"https:\\\/\\\/secure.gravatar.com\\\/avatar\\\/05c9a17bc973052ee5d91549bd32fb4dd0dc85b7b85ae94b2e2b4943476bbea5?s=96&d=blank&r=g\",\"contentUrl\":\"https:\\\/\\\/secure.gravatar.com\\\/avatar\\\/05c9a17bc973052ee5d91549bd32fb4dd0dc85b7b85ae94b2e2b4943476bbea5?s=96&d=blank&r=g\",\"caption\":\"Leinewelle\"},\"sameAs\":[\"http:\\\/\\\/localhost\\\/radio%20leinewelle\\\/wordpress\",\"https:\\\/\\\/www.facebook.com\\\/radioleinewelle\",\"https:\\\/\\\/www.instagram.com\\\/radioleinewelle\",\"https:\\\/\\\/x.com\\\/https:\\\/\\\/twitter.com\\\/RLeinewelle?ref_src=twsrcgoogletwcampserptwgrauthor\",\"https:\\\/\\\/soundcloud.com\\\/foerderverein-lokalradio?utm_source=clipboard&utm_medium=text&utm_campaign=social_sharing\"],\"url\":\"https:\\\/\\\/radioleinewelle.de\\\/index.php\\\/author\\\/leinewelle\\\/\"}]}<\/script>\n<!-- \/ Yoast SEO plugin. -->","yoast_head_json":{"title":"Gespr\u00e4chsreihe des DGB S\u00fcdniedersachsen wurde mit Abgeordneten der Gr\u00fcnen fortgesetzt - Radio Leinewelle","robots":{"index":"index","follow":"follow","max-snippet":"max-snippet:-1","max-image-preview":"max-image-preview:large","max-video-preview":"max-video-preview:-1"},"canonical":"https:\/\/radioleinewelle.de\/index.php\/2022\/03\/19\/gespraechsreihe-des-dgb-suedniedersachsen-wurde-mit-abgeordneten-der-gruenen-fortgesetzt\/","og_locale":"de_DE","og_type":"article","og_title":"Gespr\u00e4chsreihe des DGB S\u00fcdniedersachsen wurde mit Abgeordneten der Gr\u00fcnen fortgesetzt - Radio Leinewelle","og_description":"Unter dem #rechnetmituns trafen im M\u00e4rz die Bundestagsabgeordneten B\u00fcndnis 90\/ DIE GR\u00dcNEN Karoline Otte aus dem Wahlkreis Goslar &#8211; Northeim &#8211; Osterode und J\u00fcrgen Trittin, Wahlkreis G\u00f6ttingen, Gewerkschafter*innen im DGB. Die tagespolitische Aktualit\u00e4t des Krieges und seiner Auswirkungen auf Pl\u00e4ne zu bundesdeutschen Milit\u00e4rausgaben war Thema der Runde, ebenso wie Kernthemen Tarifbindung und \u00f6ffentliche Investitionen in [&hellip;]","og_url":"https:\/\/radioleinewelle.de\/index.php\/2022\/03\/19\/gespraechsreihe-des-dgb-suedniedersachsen-wurde-mit-abgeordneten-der-gruenen-fortgesetzt\/","og_site_name":"Radio Leinewelle","article_publisher":"https:\/\/www.facebook.com\/radioleinewelle","article_author":"https:\/\/www.facebook.com\/radioleinewelle","article_published_time":"2022-03-19T08:41:13+00:00","author":"Leinewelle","twitter_card":"summary_large_image","twitter_creator":"@https:\/\/twitter.com\/RLeinewelle?ref_src=twsrcgoogletwcampserptwgrauthor","twitter_site":"@RLeinewelle","twitter_misc":{"Verfasst von":"Leinewelle","Gesch\u00e4tzte Lesezeit":"2\u00a0Minuten"},"schema":{"@context":"https:\/\/schema.org","@graph":[{"@type":"Article","@id":"https:\/\/radioleinewelle.de\/index.php\/2022\/03\/19\/gespraechsreihe-des-dgb-suedniedersachsen-wurde-mit-abgeordneten-der-gruenen-fortgesetzt\/#article","isPartOf":{"@id":"https:\/\/radioleinewelle.de\/index.php\/2022\/03\/19\/gespraechsreihe-des-dgb-suedniedersachsen-wurde-mit-abgeordneten-der-gruenen-fortgesetzt\/"},"author":{"name":"Leinewelle","@id":"https:\/\/radioleinewelle.de\/#\/schema\/person\/45606f348637df637192dc1b68399a63"},"headline":"Gespr\u00e4chsreihe des DGB S\u00fcdniedersachsen wurde mit Abgeordneten der Gr\u00fcnen fortgesetzt","datePublished":"2022-03-19T08:41:13+00:00","mainEntityOfPage":{"@id":"https:\/\/radioleinewelle.de\/index.php\/2022\/03\/19\/gespraechsreihe-des-dgb-suedniedersachsen-wurde-mit-abgeordneten-der-gruenen-fortgesetzt\/"},"wordCount":273,"publisher":{"@id":"https:\/\/radioleinewelle.de\/#organization"},"keywords":["Agnieszka Zimowska","DGB S\u00fcdniedersachsen","Marie Kollenrott"],"articleSection":["Lokalpolitik"],"inLanguage":"de"},{"@type":"WebPage","@id":"https:\/\/radioleinewelle.de\/index.php\/2022\/03\/19\/gespraechsreihe-des-dgb-suedniedersachsen-wurde-mit-abgeordneten-der-gruenen-fortgesetzt\/","url":"https:\/\/radioleinewelle.de\/index.php\/2022\/03\/19\/gespraechsreihe-des-dgb-suedniedersachsen-wurde-mit-abgeordneten-der-gruenen-fortgesetzt\/","name":"Gespr\u00e4chsreihe des DGB S\u00fcdniedersachsen wurde mit Abgeordneten der Gr\u00fcnen fortgesetzt - Radio Leinewelle","isPartOf":{"@id":"https:\/\/radioleinewelle.de\/#website"},"datePublished":"2022-03-19T08:41:13+00:00","breadcrumb":{"@id":"https:\/\/radioleinewelle.de\/index.php\/2022\/03\/19\/gespraechsreihe-des-dgb-suedniedersachsen-wurde-mit-abgeordneten-der-gruenen-fortgesetzt\/#breadcrumb"},"inLanguage":"de","potentialAction":[{"@type":"ReadAction","target":["https:\/\/radioleinewelle.de\/index.php\/2022\/03\/19\/gespraechsreihe-des-dgb-suedniedersachsen-wurde-mit-abgeordneten-der-gruenen-fortgesetzt\/"]}]},{"@type":"BreadcrumbList","@id":"https:\/\/radioleinewelle.de\/index.php\/2022\/03\/19\/gespraechsreihe-des-dgb-suedniedersachsen-wurde-mit-abgeordneten-der-gruenen-fortgesetzt\/#breadcrumb","itemListElement":[{"@type":"ListItem","position":1,"name":"Startseite","item":"https:\/\/radioleinewelle.de\/"},{"@type":"ListItem","position":2,"name":"Gespr\u00e4chsreihe des DGB S\u00fcdniedersachsen wurde mit Abgeordneten der Gr\u00fcnen fortgesetzt"}]},{"@type":"WebSite","@id":"https:\/\/radioleinewelle.de\/#website","url":"https:\/\/radioleinewelle.de\/","name":"Radio Leinewelle","description":"","publisher":{"@id":"https:\/\/radioleinewelle.de\/#organization"},"potentialAction":[{"@type":"SearchAction","target":{"@type":"EntryPoint","urlTemplate":"https:\/\/radioleinewelle.de\/?s={search_term_string}"},"query-input":{"@type":"PropertyValueSpecification","valueRequired":true,"valueName":"search_term_string"}}],"inLanguage":"de"},{"@type":"Organization","@id":"https:\/\/radioleinewelle.de\/#organization","name":"Radio Leinewelle","alternateName":"Mein Radio f\u00fcr S\u00fcdniedersachsen","url":"https:\/\/radioleinewelle.de\/","logo":{"@type":"ImageObject","inLanguage":"de","@id":"https:\/\/radioleinewelle.de\/#\/schema\/logo\/image\/","url":"https:\/\/radioleinewelle.de\/wp-content\/uploads\/2023\/11\/cropped-Leinewelle_Logo_weiss.png","contentUrl":"https:\/\/radioleinewelle.de\/wp-content\/uploads\/2023\/11\/cropped-Leinewelle_Logo_weiss.png","width":854,"height":260,"caption":"Radio Leinewelle"},"image":{"@id":"https:\/\/radioleinewelle.de\/#\/schema\/logo\/image\/"},"sameAs":["https:\/\/www.facebook.com\/radioleinewelle","https:\/\/x.com\/RLeinewelle","https:\/\/www.instagram.com\/radioleinewelle\/?hl=de"]},{"@type":"Person","@id":"https:\/\/radioleinewelle.de\/#\/schema\/person\/45606f348637df637192dc1b68399a63","name":"Leinewelle","image":{"@type":"ImageObject","inLanguage":"de","@id":"https:\/\/secure.gravatar.com\/avatar\/05c9a17bc973052ee5d91549bd32fb4dd0dc85b7b85ae94b2e2b4943476bbea5?s=96&d=blank&r=g","url":"https:\/\/secure.gravatar.com\/avatar\/05c9a17bc973052ee5d91549bd32fb4dd0dc85b7b85ae94b2e2b4943476bbea5?s=96&d=blank&r=g","contentUrl":"https:\/\/secure.gravatar.com\/avatar\/05c9a17bc973052ee5d91549bd32fb4dd0dc85b7b85ae94b2e2b4943476bbea5?s=96&d=blank&r=g","caption":"Leinewelle"},"sameAs":["http:\/\/localhost\/radio%20leinewelle\/wordpress","https:\/\/www.facebook.com\/radioleinewelle","https:\/\/www.instagram.com\/radioleinewelle","https:\/\/x.com\/https:\/\/twitter.com\/RLeinewelle?ref_src=twsrcgoogletwcampserptwgrauthor","https:\/\/soundcloud.com\/foerderverein-lokalradio?utm_source=clipboard&utm_medium=text&utm_campaign=social_sharing"],"url":"https:\/\/radioleinewelle.de\/index.php\/author\/leinewelle\/"}]}},"_links":{"self":[{"href":"https:\/\/radioleinewelle.de\/index.php\/wp-json\/wp\/v2\/posts\/13383","targetHints":{"allow":["GET"]}}],"collection":[{"href":"https:\/\/radioleinewelle.de\/index.php\/wp-json\/wp\/v2\/posts"}],"about":[{"href":"https:\/\/radioleinewelle.de\/index.php\/wp-json\/wp\/v2\/types\/post"}],"author":[{"embeddable":true,"href":"https:\/\/radioleinewelle.de\/index.php\/wp-json\/wp\/v2\/users\/1"}],"replies":[{"embeddable":true,"href":"https:\/\/radioleinewelle.de\/index.php\/wp-json\/wp\/v2\/comments?post=13383"}],"version-history":[{"count":0,"href":"https:\/\/radioleinewelle.de\/index.php\/wp-json\/wp\/v2\/posts\/13383\/revisions"}],"wp:attachment":[{"href":"https:\/\/radioleinewelle.de\/index.php\/wp-json\/wp\/v2\/media?parent=13383"}],"wp:term":[{"taxonomy":"category","embeddable":true,"href":"https:\/\/radioleinewelle.de\/index.php\/wp-json\/wp\/v2\/categories?post=13383"},{"taxonomy":"post_tag","embeddable":true,"href":"https:\/\/radioleinewelle.de\/index.php\/wp-json\/wp\/v2\/tags?post=13383"}],"curies":[{"name":"wp","href":"https:\/\/api.w.org\/{rel}","templated":true}]}}