{"id":1354,"date":"2020-08-30T17:29:34","date_gmt":"2020-08-30T15:29:34","guid":{"rendered":"https:\/\/radioleinewelle.de\/?p=1354"},"modified":"2020-08-30T17:29:34","modified_gmt":"2020-08-30T15:29:34","slug":"duderstadt-bestaetigte-corona-infektionen-in-der-kita-st-klaus","status":"publish","type":"post","link":"https:\/\/radioleinewelle.de\/index.php\/2020\/08\/30\/duderstadt-bestaetigte-corona-infektionen-in-der-kita-st-klaus\/","title":{"rendered":"Duderstadt: Best\u00e4tigte Corona Infektionen in der Kita St. Klaus"},"content":{"rendered":"<div class=\"page\" title=\"Page 1\">\n<div class=\"layoutArea\">\n<div class=\"column\">\n<p>Die Kindertagesst\u00e4tte St. Klaus in Duderstadt bleibt bis auf weiteres geschlossen. Aufgrund best\u00e4tigter Infektionen mit dem Corona-Virus bei Be- sch\u00e4ftigten und Kindern wird der Betrieb vorsorglich eingestellt. Das hat der Caritasverband S\u00fcdniedersachsen als Tr\u00e4ger der Einrichtung in der Ledder- gasse in Abstimmung mit dem Gesundheitsamt und dem Krisenstab des Landkreises G\u00f6ttingen beschlossen. \u201eDer Schutz der Menschen hat Vorrang. Deshalb haben wir uns zu diesem Schritt entschlossen. Jetzt greifen die f\u00fcr einen solchen Fall vorbereiteten Ma\u00dfnahmen\u201c, erl\u00e4utert Ralf Regenhardt, Vorstandssprecher des Caritasverbands.\u00a0Nachdem bei einer Person mit Verbindung zur Kita St. Klaus eine Corona- Infektion festgestellt worden war, wurde f\u00fcr Kontaktpersonen unverz\u00fcglich h\u00e4usliche Quarant\u00e4ne angeordnet und ein Reihentest durchgef\u00fchrt. Da die Ergebnisse am Freitag noch nicht vorlagen, blieb die Kita bereits an diesem Tag geschlossen. Inzwischen wurden sechs weitere Infektionen bei Erzieherinnen und Kindern festgestellt. F\u00fcr Anfang kommender Woche ist ein wei- terer Reihentest organisiert. Alle Kinder und Besch\u00e4ftigte der Einrichtung und weitere Kontaktpersonen, bis zu 100 Personen, werden getestet. \u201eDamit gewinnen wir ein klares Bild vom Infektionsgeschehen. Wir k\u00f6nnen Infi- zierten schnellstm\u00f6glich helfen und Nichtinfizierte effektiv sch\u00fctzen\u201c, f\u00fchrt Kreisr\u00e4tin Marlies Dornieden, Leiterin des Krisenstabs, aus.<br \/>\nCaritasverband, Gesundheitsamt und Krisenstab sind in engem Austausch. Die aktive Information der \u00d6ffentlichkeit durch den Landkreis erfolgt auf Bitte des Caritasverbandes f\u00fcr ein transparentes und nachvollziehbares Vorgehen.<\/p>\n<\/div>\n<\/div>\n<\/div>\n","protected":false},"excerpt":{"rendered":"<p>Die Kindertagesst\u00e4tte St. Klaus in Duderstadt bleibt bis auf weiteres geschlossen. Aufgrund best\u00e4tigter Infektionen mit dem Corona-Virus bei Be- sch\u00e4ftigten und Kindern wird der Betrieb vorsorglich eingestellt. Das hat der Caritasverband S\u00fcdniedersachsen als Tr\u00e4ger der Einrichtung in der Ledder- gasse in Abstimmung mit dem Gesundheitsamt und dem Krisenstab des Landkreises G\u00f6ttingen beschlossen. \u201eDer Schutz der [&hellip;]<\/p>\n","protected":false},"author":1,"featured_media":1359,"comment_status":"closed","ping_status":"closed","sticky":false,"template":"","format":"standard","meta":{"saved_in_kubio":false,"footnotes":""},"categories":[1],"tags":[],"class_list":["post-1354","post","type-post","status-publish","format-standard","has-post-thumbnail","hentry","category-allgemein"],"yoast_head":"<!-- This site is optimized with the Yoast SEO plugin v27.5 - https:\/\/yoast.com\/product\/yoast-seo-wordpress\/ -->\n<title>Duderstadt: Best\u00e4tigte Corona Infektionen in der Kita St. Klaus - Radio Leinewelle<\/title>\n<meta name=\"robots\" content=\"index, follow, max-snippet:-1, max-image-preview:large, max-video-preview:-1\" \/>\n<link rel=\"canonical\" href=\"https:\/\/radioleinewelle.de\/index.php\/2020\/08\/30\/duderstadt-bestaetigte-corona-infektionen-in-der-kita-st-klaus\/\" \/>\n<meta property=\"og:locale\" content=\"de_DE\" \/>\n<meta property=\"og:type\" content=\"article\" \/>\n<meta property=\"og:title\" content=\"Duderstadt: Best\u00e4tigte Corona Infektionen in der Kita St. Klaus - Radio Leinewelle\" \/>\n<meta property=\"og:description\" content=\"Die Kindertagesst\u00e4tte St. Klaus in Duderstadt bleibt bis auf weiteres geschlossen. Aufgrund best\u00e4tigter Infektionen mit dem Corona-Virus bei Be- sch\u00e4ftigten und Kindern wird der Betrieb vorsorglich eingestellt. Das hat der Caritasverband S\u00fcdniedersachsen als Tr\u00e4ger der Einrichtung in der Ledder- gasse in Abstimmung mit dem Gesundheitsamt und dem Krisenstab des Landkreises G\u00f6ttingen beschlossen. \u201eDer Schutz der [&hellip;]\" \/>\n<meta property=\"og:url\" content=\"https:\/\/radioleinewelle.de\/index.php\/2020\/08\/30\/duderstadt-bestaetigte-corona-infektionen-in-der-kita-st-klaus\/\" \/>\n<meta property=\"og:site_name\" content=\"Radio Leinewelle\" \/>\n<meta property=\"article:publisher\" content=\"https:\/\/www.facebook.com\/radioleinewelle\" \/>\n<meta property=\"article:author\" content=\"https:\/\/www.facebook.com\/radioleinewelle\" \/>\n<meta property=\"article:published_time\" content=\"2020-08-30T15:29:34+00:00\" \/>\n<meta property=\"og:image\" content=\"https:\/\/radioleinewelle.de\/wp-content\/uploads\/2020\/08\/Duderstadt-Rathaus-e1598801339712.jpg\" \/>\n\t<meta property=\"og:image:width\" content=\"300\" \/>\n\t<meta property=\"og:image:height\" content=\"169\" \/>\n\t<meta property=\"og:image:type\" content=\"image\/jpeg\" \/>\n<meta name=\"author\" content=\"Leinewelle\" \/>\n<meta name=\"twitter:card\" content=\"summary_large_image\" \/>\n<meta name=\"twitter:creator\" content=\"@https:\/\/twitter.com\/RLeinewelle?ref_src=twsrcgoogletwcampserptwgrauthor\" \/>\n<meta name=\"twitter:site\" content=\"@RLeinewelle\" \/>\n<meta name=\"twitter:label1\" content=\"Verfasst von\" \/>\n\t<meta name=\"twitter:data1\" content=\"Leinewelle\" \/>\n\t<meta name=\"twitter:label2\" content=\"Gesch\u00e4tzte Lesezeit\" \/>\n\t<meta name=\"twitter:data2\" content=\"1\u00a0Minute\" \/>\n<script type=\"application\/ld+json\" class=\"yoast-schema-graph\">{\"@context\":\"https:\\\/\\\/schema.org\",\"@graph\":[{\"@type\":\"Article\",\"@id\":\"https:\\\/\\\/radioleinewelle.de\\\/index.php\\\/2020\\\/08\\\/30\\\/duderstadt-bestaetigte-corona-infektionen-in-der-kita-st-klaus\\\/#article\",\"isPartOf\":{\"@id\":\"https:\\\/\\\/radioleinewelle.de\\\/index.php\\\/2020\\\/08\\\/30\\\/duderstadt-bestaetigte-corona-infektionen-in-der-kita-st-klaus\\\/\"},\"author\":{\"name\":\"Leinewelle\",\"@id\":\"https:\\\/\\\/radioleinewelle.de\\\/#\\\/schema\\\/person\\\/45606f348637df637192dc1b68399a63\"},\"headline\":\"Duderstadt: Best\u00e4tigte Corona Infektionen in der Kita St. Klaus\",\"datePublished\":\"2020-08-30T15:29:34+00:00\",\"mainEntityOfPage\":{\"@id\":\"https:\\\/\\\/radioleinewelle.de\\\/index.php\\\/2020\\\/08\\\/30\\\/duderstadt-bestaetigte-corona-infektionen-in-der-kita-st-klaus\\\/\"},\"wordCount\":243,\"publisher\":{\"@id\":\"https:\\\/\\\/radioleinewelle.de\\\/#organization\"},\"image\":{\"@id\":\"https:\\\/\\\/radioleinewelle.de\\\/index.php\\\/2020\\\/08\\\/30\\\/duderstadt-bestaetigte-corona-infektionen-in-der-kita-st-klaus\\\/#primaryimage\"},\"thumbnailUrl\":\"https:\\\/\\\/radioleinewelle.de\\\/wp-content\\\/uploads\\\/2020\\\/08\\\/Duderstadt-Rathaus-e1598801339712.jpg\",\"inLanguage\":\"de\"},{\"@type\":\"WebPage\",\"@id\":\"https:\\\/\\\/radioleinewelle.de\\\/index.php\\\/2020\\\/08\\\/30\\\/duderstadt-bestaetigte-corona-infektionen-in-der-kita-st-klaus\\\/\",\"url\":\"https:\\\/\\\/radioleinewelle.de\\\/index.php\\\/2020\\\/08\\\/30\\\/duderstadt-bestaetigte-corona-infektionen-in-der-kita-st-klaus\\\/\",\"name\":\"Duderstadt: Best\u00e4tigte Corona Infektionen in der Kita St. Klaus - Radio Leinewelle\",\"isPartOf\":{\"@id\":\"https:\\\/\\\/radioleinewelle.de\\\/#website\"},\"primaryImageOfPage\":{\"@id\":\"https:\\\/\\\/radioleinewelle.de\\\/index.php\\\/2020\\\/08\\\/30\\\/duderstadt-bestaetigte-corona-infektionen-in-der-kita-st-klaus\\\/#primaryimage\"},\"image\":{\"@id\":\"https:\\\/\\\/radioleinewelle.de\\\/index.php\\\/2020\\\/08\\\/30\\\/duderstadt-bestaetigte-corona-infektionen-in-der-kita-st-klaus\\\/#primaryimage\"},\"thumbnailUrl\":\"https:\\\/\\\/radioleinewelle.de\\\/wp-content\\\/uploads\\\/2020\\\/08\\\/Duderstadt-Rathaus-e1598801339712.jpg\",\"datePublished\":\"2020-08-30T15:29:34+00:00\",\"breadcrumb\":{\"@id\":\"https:\\\/\\\/radioleinewelle.de\\\/index.php\\\/2020\\\/08\\\/30\\\/duderstadt-bestaetigte-corona-infektionen-in-der-kita-st-klaus\\\/#breadcrumb\"},\"inLanguage\":\"de\",\"potentialAction\":[{\"@type\":\"ReadAction\",\"target\":[\"https:\\\/\\\/radioleinewelle.de\\\/index.php\\\/2020\\\/08\\\/30\\\/duderstadt-bestaetigte-corona-infektionen-in-der-kita-st-klaus\\\/\"]}]},{\"@type\":\"ImageObject\",\"inLanguage\":\"de\",\"@id\":\"https:\\\/\\\/radioleinewelle.de\\\/index.php\\\/2020\\\/08\\\/30\\\/duderstadt-bestaetigte-corona-infektionen-in-der-kita-st-klaus\\\/#primaryimage\",\"url\":\"https:\\\/\\\/radioleinewelle.de\\\/wp-content\\\/uploads\\\/2020\\\/08\\\/Duderstadt-Rathaus-e1598801339712.jpg\",\"contentUrl\":\"https:\\\/\\\/radioleinewelle.de\\\/wp-content\\\/uploads\\\/2020\\\/08\\\/Duderstadt-Rathaus-e1598801339712.jpg\",\"width\":300,\"height\":169},{\"@type\":\"BreadcrumbList\",\"@id\":\"https:\\\/\\\/radioleinewelle.de\\\/index.php\\\/2020\\\/08\\\/30\\\/duderstadt-bestaetigte-corona-infektionen-in-der-kita-st-klaus\\\/#breadcrumb\",\"itemListElement\":[{\"@type\":\"ListItem\",\"position\":1,\"name\":\"Startseite\",\"item\":\"https:\\\/\\\/radioleinewelle.de\\\/\"},{\"@type\":\"ListItem\",\"position\":2,\"name\":\"Duderstadt: Best\u00e4tigte Corona Infektionen in der Kita St. Klaus\"}]},{\"@type\":\"WebSite\",\"@id\":\"https:\\\/\\\/radioleinewelle.de\\\/#website\",\"url\":\"https:\\\/\\\/radioleinewelle.de\\\/\",\"name\":\"Radio Leinewelle\",\"description\":\"\",\"publisher\":{\"@id\":\"https:\\\/\\\/radioleinewelle.de\\\/#organization\"},\"potentialAction\":[{\"@type\":\"SearchAction\",\"target\":{\"@type\":\"EntryPoint\",\"urlTemplate\":\"https:\\\/\\\/radioleinewelle.de\\\/?s={search_term_string}\"},\"query-input\":{\"@type\":\"PropertyValueSpecification\",\"valueRequired\":true,\"valueName\":\"search_term_string\"}}],\"inLanguage\":\"de\"},{\"@type\":\"Organization\",\"@id\":\"https:\\\/\\\/radioleinewelle.de\\\/#organization\",\"name\":\"Radio Leinewelle\",\"alternateName\":\"Mein Radio f\u00fcr S\u00fcdniedersachsen\",\"url\":\"https:\\\/\\\/radioleinewelle.de\\\/\",\"logo\":{\"@type\":\"ImageObject\",\"inLanguage\":\"de\",\"@id\":\"https:\\\/\\\/radioleinewelle.de\\\/#\\\/schema\\\/logo\\\/image\\\/\",\"url\":\"https:\\\/\\\/radioleinewelle.de\\\/wp-content\\\/uploads\\\/2023\\\/11\\\/cropped-Leinewelle_Logo_weiss.png\",\"contentUrl\":\"https:\\\/\\\/radioleinewelle.de\\\/wp-content\\\/uploads\\\/2023\\\/11\\\/cropped-Leinewelle_Logo_weiss.png\",\"width\":854,\"height\":260,\"caption\":\"Radio Leinewelle\"},\"image\":{\"@id\":\"https:\\\/\\\/radioleinewelle.de\\\/#\\\/schema\\\/logo\\\/image\\\/\"},\"sameAs\":[\"https:\\\/\\\/www.facebook.com\\\/radioleinewelle\",\"https:\\\/\\\/x.com\\\/RLeinewelle\",\"https:\\\/\\\/www.instagram.com\\\/radioleinewelle\\\/?hl=de\"]},{\"@type\":\"Person\",\"@id\":\"https:\\\/\\\/radioleinewelle.de\\\/#\\\/schema\\\/person\\\/45606f348637df637192dc1b68399a63\",\"name\":\"Leinewelle\",\"image\":{\"@type\":\"ImageObject\",\"inLanguage\":\"de\",\"@id\":\"https:\\\/\\\/secure.gravatar.com\\\/avatar\\\/05c9a17bc973052ee5d91549bd32fb4dd0dc85b7b85ae94b2e2b4943476bbea5?s=96&d=blank&r=g\",\"url\":\"https:\\\/\\\/secure.gravatar.com\\\/avatar\\\/05c9a17bc973052ee5d91549bd32fb4dd0dc85b7b85ae94b2e2b4943476bbea5?s=96&d=blank&r=g\",\"contentUrl\":\"https:\\\/\\\/secure.gravatar.com\\\/avatar\\\/05c9a17bc973052ee5d91549bd32fb4dd0dc85b7b85ae94b2e2b4943476bbea5?s=96&d=blank&r=g\",\"caption\":\"Leinewelle\"},\"sameAs\":[\"http:\\\/\\\/localhost\\\/radio%20leinewelle\\\/wordpress\",\"https:\\\/\\\/www.facebook.com\\\/radioleinewelle\",\"https:\\\/\\\/www.instagram.com\\\/radioleinewelle\",\"https:\\\/\\\/x.com\\\/https:\\\/\\\/twitter.com\\\/RLeinewelle?ref_src=twsrcgoogletwcampserptwgrauthor\",\"https:\\\/\\\/soundcloud.com\\\/foerderverein-lokalradio?utm_source=clipboard&utm_medium=text&utm_campaign=social_sharing\"],\"url\":\"https:\\\/\\\/radioleinewelle.de\\\/index.php\\\/author\\\/leinewelle\\\/\"}]}<\/script>\n<!-- \/ Yoast SEO plugin. -->","yoast_head_json":{"title":"Duderstadt: Best\u00e4tigte Corona Infektionen in der Kita St. Klaus - Radio Leinewelle","robots":{"index":"index","follow":"follow","max-snippet":"max-snippet:-1","max-image-preview":"max-image-preview:large","max-video-preview":"max-video-preview:-1"},"canonical":"https:\/\/radioleinewelle.de\/index.php\/2020\/08\/30\/duderstadt-bestaetigte-corona-infektionen-in-der-kita-st-klaus\/","og_locale":"de_DE","og_type":"article","og_title":"Duderstadt: Best\u00e4tigte Corona Infektionen in der Kita St. Klaus - Radio Leinewelle","og_description":"Die Kindertagesst\u00e4tte St. Klaus in Duderstadt bleibt bis auf weiteres geschlossen. Aufgrund best\u00e4tigter Infektionen mit dem Corona-Virus bei Be- sch\u00e4ftigten und Kindern wird der Betrieb vorsorglich eingestellt. Das hat der Caritasverband S\u00fcdniedersachsen als Tr\u00e4ger der Einrichtung in der Ledder- gasse in Abstimmung mit dem Gesundheitsamt und dem Krisenstab des Landkreises G\u00f6ttingen beschlossen. \u201eDer Schutz der [&hellip;]","og_url":"https:\/\/radioleinewelle.de\/index.php\/2020\/08\/30\/duderstadt-bestaetigte-corona-infektionen-in-der-kita-st-klaus\/","og_site_name":"Radio Leinewelle","article_publisher":"https:\/\/www.facebook.com\/radioleinewelle","article_author":"https:\/\/www.facebook.com\/radioleinewelle","article_published_time":"2020-08-30T15:29:34+00:00","og_image":[{"width":300,"height":169,"url":"https:\/\/radioleinewelle.de\/wp-content\/uploads\/2020\/08\/Duderstadt-Rathaus-e1598801339712.jpg","type":"image\/jpeg"}],"author":"Leinewelle","twitter_card":"summary_large_image","twitter_creator":"@https:\/\/twitter.com\/RLeinewelle?ref_src=twsrcgoogletwcampserptwgrauthor","twitter_site":"@RLeinewelle","twitter_misc":{"Verfasst von":"Leinewelle","Gesch\u00e4tzte Lesezeit":"1\u00a0Minute"},"schema":{"@context":"https:\/\/schema.org","@graph":[{"@type":"Article","@id":"https:\/\/radioleinewelle.de\/index.php\/2020\/08\/30\/duderstadt-bestaetigte-corona-infektionen-in-der-kita-st-klaus\/#article","isPartOf":{"@id":"https:\/\/radioleinewelle.de\/index.php\/2020\/08\/30\/duderstadt-bestaetigte-corona-infektionen-in-der-kita-st-klaus\/"},"author":{"name":"Leinewelle","@id":"https:\/\/radioleinewelle.de\/#\/schema\/person\/45606f348637df637192dc1b68399a63"},"headline":"Duderstadt: Best\u00e4tigte Corona Infektionen in der Kita St. Klaus","datePublished":"2020-08-30T15:29:34+00:00","mainEntityOfPage":{"@id":"https:\/\/radioleinewelle.de\/index.php\/2020\/08\/30\/duderstadt-bestaetigte-corona-infektionen-in-der-kita-st-klaus\/"},"wordCount":243,"publisher":{"@id":"https:\/\/radioleinewelle.de\/#organization"},"image":{"@id":"https:\/\/radioleinewelle.de\/index.php\/2020\/08\/30\/duderstadt-bestaetigte-corona-infektionen-in-der-kita-st-klaus\/#primaryimage"},"thumbnailUrl":"https:\/\/radioleinewelle.de\/wp-content\/uploads\/2020\/08\/Duderstadt-Rathaus-e1598801339712.jpg","inLanguage":"de"},{"@type":"WebPage","@id":"https:\/\/radioleinewelle.de\/index.php\/2020\/08\/30\/duderstadt-bestaetigte-corona-infektionen-in-der-kita-st-klaus\/","url":"https:\/\/radioleinewelle.de\/index.php\/2020\/08\/30\/duderstadt-bestaetigte-corona-infektionen-in-der-kita-st-klaus\/","name":"Duderstadt: Best\u00e4tigte Corona Infektionen in der Kita St. Klaus - Radio Leinewelle","isPartOf":{"@id":"https:\/\/radioleinewelle.de\/#website"},"primaryImageOfPage":{"@id":"https:\/\/radioleinewelle.de\/index.php\/2020\/08\/30\/duderstadt-bestaetigte-corona-infektionen-in-der-kita-st-klaus\/#primaryimage"},"image":{"@id":"https:\/\/radioleinewelle.de\/index.php\/2020\/08\/30\/duderstadt-bestaetigte-corona-infektionen-in-der-kita-st-klaus\/#primaryimage"},"thumbnailUrl":"https:\/\/radioleinewelle.de\/wp-content\/uploads\/2020\/08\/Duderstadt-Rathaus-e1598801339712.jpg","datePublished":"2020-08-30T15:29:34+00:00","breadcrumb":{"@id":"https:\/\/radioleinewelle.de\/index.php\/2020\/08\/30\/duderstadt-bestaetigte-corona-infektionen-in-der-kita-st-klaus\/#breadcrumb"},"inLanguage":"de","potentialAction":[{"@type":"ReadAction","target":["https:\/\/radioleinewelle.de\/index.php\/2020\/08\/30\/duderstadt-bestaetigte-corona-infektionen-in-der-kita-st-klaus\/"]}]},{"@type":"ImageObject","inLanguage":"de","@id":"https:\/\/radioleinewelle.de\/index.php\/2020\/08\/30\/duderstadt-bestaetigte-corona-infektionen-in-der-kita-st-klaus\/#primaryimage","url":"https:\/\/radioleinewelle.de\/wp-content\/uploads\/2020\/08\/Duderstadt-Rathaus-e1598801339712.jpg","contentUrl":"https:\/\/radioleinewelle.de\/wp-content\/uploads\/2020\/08\/Duderstadt-Rathaus-e1598801339712.jpg","width":300,"height":169},{"@type":"BreadcrumbList","@id":"https:\/\/radioleinewelle.de\/index.php\/2020\/08\/30\/duderstadt-bestaetigte-corona-infektionen-in-der-kita-st-klaus\/#breadcrumb","itemListElement":[{"@type":"ListItem","position":1,"name":"Startseite","item":"https:\/\/radioleinewelle.de\/"},{"@type":"ListItem","position":2,"name":"Duderstadt: Best\u00e4tigte Corona Infektionen in der Kita St. Klaus"}]},{"@type":"WebSite","@id":"https:\/\/radioleinewelle.de\/#website","url":"https:\/\/radioleinewelle.de\/","name":"Radio Leinewelle","description":"","publisher":{"@id":"https:\/\/radioleinewelle.de\/#organization"},"potentialAction":[{"@type":"SearchAction","target":{"@type":"EntryPoint","urlTemplate":"https:\/\/radioleinewelle.de\/?s={search_term_string}"},"query-input":{"@type":"PropertyValueSpecification","valueRequired":true,"valueName":"search_term_string"}}],"inLanguage":"de"},{"@type":"Organization","@id":"https:\/\/radioleinewelle.de\/#organization","name":"Radio Leinewelle","alternateName":"Mein Radio f\u00fcr S\u00fcdniedersachsen","url":"https:\/\/radioleinewelle.de\/","logo":{"@type":"ImageObject","inLanguage":"de","@id":"https:\/\/radioleinewelle.de\/#\/schema\/logo\/image\/","url":"https:\/\/radioleinewelle.de\/wp-content\/uploads\/2023\/11\/cropped-Leinewelle_Logo_weiss.png","contentUrl":"https:\/\/radioleinewelle.de\/wp-content\/uploads\/2023\/11\/cropped-Leinewelle_Logo_weiss.png","width":854,"height":260,"caption":"Radio Leinewelle"},"image":{"@id":"https:\/\/radioleinewelle.de\/#\/schema\/logo\/image\/"},"sameAs":["https:\/\/www.facebook.com\/radioleinewelle","https:\/\/x.com\/RLeinewelle","https:\/\/www.instagram.com\/radioleinewelle\/?hl=de"]},{"@type":"Person","@id":"https:\/\/radioleinewelle.de\/#\/schema\/person\/45606f348637df637192dc1b68399a63","name":"Leinewelle","image":{"@type":"ImageObject","inLanguage":"de","@id":"https:\/\/secure.gravatar.com\/avatar\/05c9a17bc973052ee5d91549bd32fb4dd0dc85b7b85ae94b2e2b4943476bbea5?s=96&d=blank&r=g","url":"https:\/\/secure.gravatar.com\/avatar\/05c9a17bc973052ee5d91549bd32fb4dd0dc85b7b85ae94b2e2b4943476bbea5?s=96&d=blank&r=g","contentUrl":"https:\/\/secure.gravatar.com\/avatar\/05c9a17bc973052ee5d91549bd32fb4dd0dc85b7b85ae94b2e2b4943476bbea5?s=96&d=blank&r=g","caption":"Leinewelle"},"sameAs":["http:\/\/localhost\/radio%20leinewelle\/wordpress","https:\/\/www.facebook.com\/radioleinewelle","https:\/\/www.instagram.com\/radioleinewelle","https:\/\/x.com\/https:\/\/twitter.com\/RLeinewelle?ref_src=twsrcgoogletwcampserptwgrauthor","https:\/\/soundcloud.com\/foerderverein-lokalradio?utm_source=clipboard&utm_medium=text&utm_campaign=social_sharing"],"url":"https:\/\/radioleinewelle.de\/index.php\/author\/leinewelle\/"}]}},"_links":{"self":[{"href":"https:\/\/radioleinewelle.de\/index.php\/wp-json\/wp\/v2\/posts\/1354","targetHints":{"allow":["GET"]}}],"collection":[{"href":"https:\/\/radioleinewelle.de\/index.php\/wp-json\/wp\/v2\/posts"}],"about":[{"href":"https:\/\/radioleinewelle.de\/index.php\/wp-json\/wp\/v2\/types\/post"}],"author":[{"embeddable":true,"href":"https:\/\/radioleinewelle.de\/index.php\/wp-json\/wp\/v2\/users\/1"}],"replies":[{"embeddable":true,"href":"https:\/\/radioleinewelle.de\/index.php\/wp-json\/wp\/v2\/comments?post=1354"}],"version-history":[{"count":0,"href":"https:\/\/radioleinewelle.de\/index.php\/wp-json\/wp\/v2\/posts\/1354\/revisions"}],"wp:featuredmedia":[{"embeddable":true,"href":"https:\/\/radioleinewelle.de\/index.php\/wp-json\/wp\/v2\/media\/1359"}],"wp:attachment":[{"href":"https:\/\/radioleinewelle.de\/index.php\/wp-json\/wp\/v2\/media?parent=1354"}],"wp:term":[{"taxonomy":"category","embeddable":true,"href":"https:\/\/radioleinewelle.de\/index.php\/wp-json\/wp\/v2\/categories?post=1354"},{"taxonomy":"post_tag","embeddable":true,"href":"https:\/\/radioleinewelle.de\/index.php\/wp-json\/wp\/v2\/tags?post=1354"}],"curies":[{"name":"wp","href":"https:\/\/api.w.org\/{rel}","templated":true}]}}