{"id":13546,"date":"2022-03-31T07:06:55","date_gmt":"2022-03-31T05:06:55","guid":{"rendered":"https:\/\/radioleinewelle.de\/?p=13546"},"modified":"2022-03-31T07:06:55","modified_gmt":"2022-03-31T05:06:55","slug":"die-regionalen-schlagzeilen-am-31-03","status":"publish","type":"post","link":"https:\/\/radioleinewelle.de\/index.php\/2022\/03\/31\/die-regionalen-schlagzeilen-am-31-03\/","title":{"rendered":"Die regionalen Schlagzeilen am 31.03."},"content":{"rendered":"\n<p>+++ Laut polizeilicher Kriminalstatistik 2021 der Polizeiinspektion G\u00f6ttingen ist das  Straftatenaufkommen leicht gestiegen, die Aufkl\u00e4rungsquote in Stadt und Landkreis liegt aber wieder \u00fcber dem Landesdurchschnitt +++ Landgericht G\u00f6ttingen: Ein G\u00f6ttinger Professor der Universit\u00e4t wurde wegen k\u00f6rperlicher \u00dcbergriffe auf Untergebene zu einer Strafe von 11 Monaten auf Bew\u00e4hrung verurteilt +++ Unter dem Motto \u201eImpfen an der Autobahn\u201c f\u00fchrt ein mobiles Impfteam aus G\u00f6ttingen am Sonntag, 3. April 2022, von 9.00 Uhr bis 13.00 Uhr am Autohof Lutterberg an der A7 eine Impfaktion f\u00fcr Fernfahrende, Urlaubsreisende und alle anderen Interessierten durch. +++ Aufgrund der aktuellen Ereignisse in der Ukraine unterst\u00fctzt die optimierte Beratungsplattform HEDI fl\u00fcchtende Familien, werdende M\u00fctter und Familien mit kleinen Kindern schnell und unb\u00fcrokratisch. HEDI ist kostenlos, werbefrei und mehrsprachig f\u00fcr Schwangere, junge Eltern, Hebammen, Gyn\u00e4kolog*innen, Kinder\u00e4rzt*innen und soziale Anlaufstellen. <strong>Ab 30. M\u00e4rz 2022<\/strong>&nbsp;kann HEDI Familien und Beratende in Deutsch, Ukrainisch, Englisch, Franz\u00f6sisch und Persisch kostenfrei unterst\u00fctzen. Alle Inhalte stehen auch als Audio zu Verf\u00fcgung. +++ Pro-City fragt zu Ostern wieder: Wo ist die Goldene Gans? Beim Ostergewinnspiel von Pro-City gilt es, dem G\u00e4nseliesel zu helfen und vom 9. bis zum 20. April in der G\u00f6ttinger Innenstadt Hinweise auf das Versteck der Goldenen Gans zu finden. Den Entdeckern winken attraktive Preise. +++<\/p>\n","protected":false},"excerpt":{"rendered":"<p>+++ Laut polizeilicher Kriminalstatistik 2021 der Polizeiinspektion G\u00f6ttingen ist das Straftatenaufkommen leicht gestiegen, die Aufkl\u00e4rungsquote in Stadt und Landkreis liegt aber wieder \u00fcber dem Landesdurchschnitt +++ Landgericht G\u00f6ttingen: Ein G\u00f6ttinger Professor der Universit\u00e4t wurde wegen k\u00f6rperlicher \u00dcbergriffe auf Untergebene zu einer Strafe von 11 Monaten auf Bew\u00e4hrung verurteilt +++ Unter dem Motto \u201eImpfen an der [&hellip;]<\/p>\n","protected":false},"author":1,"featured_media":0,"comment_status":"closed","ping_status":"closed","sticky":false,"template":"","format":"standard","meta":{"saved_in_kubio":false,"footnotes":""},"categories":[24],"tags":[],"class_list":["post-13546","post","type-post","status-publish","format-standard","hentry","category-news"],"yoast_head":"<!-- This site is optimized with the Yoast SEO plugin v27.4 - https:\/\/yoast.com\/product\/yoast-seo-wordpress\/ -->\n<title>Die regionalen Schlagzeilen am 31.03. - Radio Leinewelle<\/title>\n<meta name=\"robots\" content=\"index, follow, max-snippet:-1, max-image-preview:large, max-video-preview:-1\" \/>\n<link rel=\"canonical\" href=\"https:\/\/radioleinewelle.de\/index.php\/2022\/03\/31\/die-regionalen-schlagzeilen-am-31-03\/\" \/>\n<meta property=\"og:locale\" content=\"de_DE\" \/>\n<meta property=\"og:type\" content=\"article\" \/>\n<meta property=\"og:title\" content=\"Die regionalen Schlagzeilen am 31.03. - Radio Leinewelle\" \/>\n<meta property=\"og:description\" content=\"+++ Laut polizeilicher Kriminalstatistik 2021 der Polizeiinspektion G\u00f6ttingen ist das Straftatenaufkommen leicht gestiegen, die Aufkl\u00e4rungsquote in Stadt und Landkreis liegt aber wieder \u00fcber dem Landesdurchschnitt +++ Landgericht G\u00f6ttingen: Ein G\u00f6ttinger Professor der Universit\u00e4t wurde wegen k\u00f6rperlicher \u00dcbergriffe auf Untergebene zu einer Strafe von 11 Monaten auf Bew\u00e4hrung verurteilt +++ Unter dem Motto \u201eImpfen an der [&hellip;]\" \/>\n<meta property=\"og:url\" content=\"https:\/\/radioleinewelle.de\/index.php\/2022\/03\/31\/die-regionalen-schlagzeilen-am-31-03\/\" \/>\n<meta property=\"og:site_name\" content=\"Radio Leinewelle\" \/>\n<meta property=\"article:publisher\" content=\"https:\/\/www.facebook.com\/radioleinewelle\" \/>\n<meta property=\"article:author\" content=\"https:\/\/www.facebook.com\/radioleinewelle\" \/>\n<meta property=\"article:published_time\" content=\"2022-03-31T05:06:55+00:00\" \/>\n<meta name=\"author\" content=\"Leinewelle\" \/>\n<meta name=\"twitter:card\" content=\"summary_large_image\" \/>\n<meta name=\"twitter:creator\" content=\"@https:\/\/twitter.com\/RLeinewelle?ref_src=twsrcgoogletwcampserptwgrauthor\" \/>\n<meta name=\"twitter:site\" content=\"@RLeinewelle\" \/>\n<meta name=\"twitter:label1\" content=\"Verfasst von\" \/>\n\t<meta name=\"twitter:data1\" content=\"Leinewelle\" \/>\n\t<meta name=\"twitter:label2\" content=\"Gesch\u00e4tzte Lesezeit\" \/>\n\t<meta name=\"twitter:data2\" content=\"2\u00a0Minuten\" \/>\n<script type=\"application\/ld+json\" class=\"yoast-schema-graph\">{\"@context\":\"https:\\\/\\\/schema.org\",\"@graph\":[{\"@type\":\"Article\",\"@id\":\"https:\\\/\\\/radioleinewelle.de\\\/index.php\\\/2022\\\/03\\\/31\\\/die-regionalen-schlagzeilen-am-31-03\\\/#article\",\"isPartOf\":{\"@id\":\"https:\\\/\\\/radioleinewelle.de\\\/index.php\\\/2022\\\/03\\\/31\\\/die-regionalen-schlagzeilen-am-31-03\\\/\"},\"author\":{\"name\":\"Leinewelle\",\"@id\":\"https:\\\/\\\/radioleinewelle.de\\\/#\\\/schema\\\/person\\\/45606f348637df637192dc1b68399a63\"},\"headline\":\"Die regionalen Schlagzeilen am 31.03.\",\"datePublished\":\"2022-03-31T05:06:55+00:00\",\"mainEntityOfPage\":{\"@id\":\"https:\\\/\\\/radioleinewelle.de\\\/index.php\\\/2022\\\/03\\\/31\\\/die-regionalen-schlagzeilen-am-31-03\\\/\"},\"wordCount\":217,\"publisher\":{\"@id\":\"https:\\\/\\\/radioleinewelle.de\\\/#organization\"},\"articleSection\":[\"Aktuelle Nachrichten\"],\"inLanguage\":\"de\"},{\"@type\":\"WebPage\",\"@id\":\"https:\\\/\\\/radioleinewelle.de\\\/index.php\\\/2022\\\/03\\\/31\\\/die-regionalen-schlagzeilen-am-31-03\\\/\",\"url\":\"https:\\\/\\\/radioleinewelle.de\\\/index.php\\\/2022\\\/03\\\/31\\\/die-regionalen-schlagzeilen-am-31-03\\\/\",\"name\":\"Die regionalen Schlagzeilen am 31.03. - Radio Leinewelle\",\"isPartOf\":{\"@id\":\"https:\\\/\\\/radioleinewelle.de\\\/#website\"},\"datePublished\":\"2022-03-31T05:06:55+00:00\",\"breadcrumb\":{\"@id\":\"https:\\\/\\\/radioleinewelle.de\\\/index.php\\\/2022\\\/03\\\/31\\\/die-regionalen-schlagzeilen-am-31-03\\\/#breadcrumb\"},\"inLanguage\":\"de\",\"potentialAction\":[{\"@type\":\"ReadAction\",\"target\":[\"https:\\\/\\\/radioleinewelle.de\\\/index.php\\\/2022\\\/03\\\/31\\\/die-regionalen-schlagzeilen-am-31-03\\\/\"]}]},{\"@type\":\"BreadcrumbList\",\"@id\":\"https:\\\/\\\/radioleinewelle.de\\\/index.php\\\/2022\\\/03\\\/31\\\/die-regionalen-schlagzeilen-am-31-03\\\/#breadcrumb\",\"itemListElement\":[{\"@type\":\"ListItem\",\"position\":1,\"name\":\"Startseite\",\"item\":\"https:\\\/\\\/radioleinewelle.de\\\/\"},{\"@type\":\"ListItem\",\"position\":2,\"name\":\"Die regionalen Schlagzeilen am 31.03.\"}]},{\"@type\":\"WebSite\",\"@id\":\"https:\\\/\\\/radioleinewelle.de\\\/#website\",\"url\":\"https:\\\/\\\/radioleinewelle.de\\\/\",\"name\":\"Radio Leinewelle\",\"description\":\"\",\"publisher\":{\"@id\":\"https:\\\/\\\/radioleinewelle.de\\\/#organization\"},\"potentialAction\":[{\"@type\":\"SearchAction\",\"target\":{\"@type\":\"EntryPoint\",\"urlTemplate\":\"https:\\\/\\\/radioleinewelle.de\\\/?s={search_term_string}\"},\"query-input\":{\"@type\":\"PropertyValueSpecification\",\"valueRequired\":true,\"valueName\":\"search_term_string\"}}],\"inLanguage\":\"de\"},{\"@type\":\"Organization\",\"@id\":\"https:\\\/\\\/radioleinewelle.de\\\/#organization\",\"name\":\"Radio Leinewelle\",\"alternateName\":\"Mein Radio f\u00fcr S\u00fcdniedersachsen\",\"url\":\"https:\\\/\\\/radioleinewelle.de\\\/\",\"logo\":{\"@type\":\"ImageObject\",\"inLanguage\":\"de\",\"@id\":\"https:\\\/\\\/radioleinewelle.de\\\/#\\\/schema\\\/logo\\\/image\\\/\",\"url\":\"https:\\\/\\\/radioleinewelle.de\\\/wp-content\\\/uploads\\\/2023\\\/11\\\/cropped-Leinewelle_Logo_weiss.png\",\"contentUrl\":\"https:\\\/\\\/radioleinewelle.de\\\/wp-content\\\/uploads\\\/2023\\\/11\\\/cropped-Leinewelle_Logo_weiss.png\",\"width\":854,\"height\":260,\"caption\":\"Radio Leinewelle\"},\"image\":{\"@id\":\"https:\\\/\\\/radioleinewelle.de\\\/#\\\/schema\\\/logo\\\/image\\\/\"},\"sameAs\":[\"https:\\\/\\\/www.facebook.com\\\/radioleinewelle\",\"https:\\\/\\\/x.com\\\/RLeinewelle\",\"https:\\\/\\\/www.instagram.com\\\/radioleinewelle\\\/?hl=de\"]},{\"@type\":\"Person\",\"@id\":\"https:\\\/\\\/radioleinewelle.de\\\/#\\\/schema\\\/person\\\/45606f348637df637192dc1b68399a63\",\"name\":\"Leinewelle\",\"image\":{\"@type\":\"ImageObject\",\"inLanguage\":\"de\",\"@id\":\"https:\\\/\\\/secure.gravatar.com\\\/avatar\\\/05c9a17bc973052ee5d91549bd32fb4dd0dc85b7b85ae94b2e2b4943476bbea5?s=96&d=blank&r=g\",\"url\":\"https:\\\/\\\/secure.gravatar.com\\\/avatar\\\/05c9a17bc973052ee5d91549bd32fb4dd0dc85b7b85ae94b2e2b4943476bbea5?s=96&d=blank&r=g\",\"contentUrl\":\"https:\\\/\\\/secure.gravatar.com\\\/avatar\\\/05c9a17bc973052ee5d91549bd32fb4dd0dc85b7b85ae94b2e2b4943476bbea5?s=96&d=blank&r=g\",\"caption\":\"Leinewelle\"},\"sameAs\":[\"http:\\\/\\\/localhost\\\/radio%20leinewelle\\\/wordpress\",\"https:\\\/\\\/www.facebook.com\\\/radioleinewelle\",\"https:\\\/\\\/www.instagram.com\\\/radioleinewelle\",\"https:\\\/\\\/x.com\\\/https:\\\/\\\/twitter.com\\\/RLeinewelle?ref_src=twsrcgoogletwcampserptwgrauthor\",\"https:\\\/\\\/soundcloud.com\\\/foerderverein-lokalradio?utm_source=clipboard&utm_medium=text&utm_campaign=social_sharing\"],\"url\":\"https:\\\/\\\/radioleinewelle.de\\\/index.php\\\/author\\\/leinewelle\\\/\"}]}<\/script>\n<!-- \/ Yoast SEO plugin. -->","yoast_head_json":{"title":"Die regionalen Schlagzeilen am 31.03. - Radio Leinewelle","robots":{"index":"index","follow":"follow","max-snippet":"max-snippet:-1","max-image-preview":"max-image-preview:large","max-video-preview":"max-video-preview:-1"},"canonical":"https:\/\/radioleinewelle.de\/index.php\/2022\/03\/31\/die-regionalen-schlagzeilen-am-31-03\/","og_locale":"de_DE","og_type":"article","og_title":"Die regionalen Schlagzeilen am 31.03. - Radio Leinewelle","og_description":"+++ Laut polizeilicher Kriminalstatistik 2021 der Polizeiinspektion G\u00f6ttingen ist das Straftatenaufkommen leicht gestiegen, die Aufkl\u00e4rungsquote in Stadt und Landkreis liegt aber wieder \u00fcber dem Landesdurchschnitt +++ Landgericht G\u00f6ttingen: Ein G\u00f6ttinger Professor der Universit\u00e4t wurde wegen k\u00f6rperlicher \u00dcbergriffe auf Untergebene zu einer Strafe von 11 Monaten auf Bew\u00e4hrung verurteilt +++ Unter dem Motto \u201eImpfen an der [&hellip;]","og_url":"https:\/\/radioleinewelle.de\/index.php\/2022\/03\/31\/die-regionalen-schlagzeilen-am-31-03\/","og_site_name":"Radio Leinewelle","article_publisher":"https:\/\/www.facebook.com\/radioleinewelle","article_author":"https:\/\/www.facebook.com\/radioleinewelle","article_published_time":"2022-03-31T05:06:55+00:00","author":"Leinewelle","twitter_card":"summary_large_image","twitter_creator":"@https:\/\/twitter.com\/RLeinewelle?ref_src=twsrcgoogletwcampserptwgrauthor","twitter_site":"@RLeinewelle","twitter_misc":{"Verfasst von":"Leinewelle","Gesch\u00e4tzte Lesezeit":"2\u00a0Minuten"},"schema":{"@context":"https:\/\/schema.org","@graph":[{"@type":"Article","@id":"https:\/\/radioleinewelle.de\/index.php\/2022\/03\/31\/die-regionalen-schlagzeilen-am-31-03\/#article","isPartOf":{"@id":"https:\/\/radioleinewelle.de\/index.php\/2022\/03\/31\/die-regionalen-schlagzeilen-am-31-03\/"},"author":{"name":"Leinewelle","@id":"https:\/\/radioleinewelle.de\/#\/schema\/person\/45606f348637df637192dc1b68399a63"},"headline":"Die regionalen Schlagzeilen am 31.03.","datePublished":"2022-03-31T05:06:55+00:00","mainEntityOfPage":{"@id":"https:\/\/radioleinewelle.de\/index.php\/2022\/03\/31\/die-regionalen-schlagzeilen-am-31-03\/"},"wordCount":217,"publisher":{"@id":"https:\/\/radioleinewelle.de\/#organization"},"articleSection":["Aktuelle Nachrichten"],"inLanguage":"de"},{"@type":"WebPage","@id":"https:\/\/radioleinewelle.de\/index.php\/2022\/03\/31\/die-regionalen-schlagzeilen-am-31-03\/","url":"https:\/\/radioleinewelle.de\/index.php\/2022\/03\/31\/die-regionalen-schlagzeilen-am-31-03\/","name":"Die regionalen Schlagzeilen am 31.03. - Radio Leinewelle","isPartOf":{"@id":"https:\/\/radioleinewelle.de\/#website"},"datePublished":"2022-03-31T05:06:55+00:00","breadcrumb":{"@id":"https:\/\/radioleinewelle.de\/index.php\/2022\/03\/31\/die-regionalen-schlagzeilen-am-31-03\/#breadcrumb"},"inLanguage":"de","potentialAction":[{"@type":"ReadAction","target":["https:\/\/radioleinewelle.de\/index.php\/2022\/03\/31\/die-regionalen-schlagzeilen-am-31-03\/"]}]},{"@type":"BreadcrumbList","@id":"https:\/\/radioleinewelle.de\/index.php\/2022\/03\/31\/die-regionalen-schlagzeilen-am-31-03\/#breadcrumb","itemListElement":[{"@type":"ListItem","position":1,"name":"Startseite","item":"https:\/\/radioleinewelle.de\/"},{"@type":"ListItem","position":2,"name":"Die regionalen Schlagzeilen am 31.03."}]},{"@type":"WebSite","@id":"https:\/\/radioleinewelle.de\/#website","url":"https:\/\/radioleinewelle.de\/","name":"Radio Leinewelle","description":"","publisher":{"@id":"https:\/\/radioleinewelle.de\/#organization"},"potentialAction":[{"@type":"SearchAction","target":{"@type":"EntryPoint","urlTemplate":"https:\/\/radioleinewelle.de\/?s={search_term_string}"},"query-input":{"@type":"PropertyValueSpecification","valueRequired":true,"valueName":"search_term_string"}}],"inLanguage":"de"},{"@type":"Organization","@id":"https:\/\/radioleinewelle.de\/#organization","name":"Radio Leinewelle","alternateName":"Mein Radio f\u00fcr S\u00fcdniedersachsen","url":"https:\/\/radioleinewelle.de\/","logo":{"@type":"ImageObject","inLanguage":"de","@id":"https:\/\/radioleinewelle.de\/#\/schema\/logo\/image\/","url":"https:\/\/radioleinewelle.de\/wp-content\/uploads\/2023\/11\/cropped-Leinewelle_Logo_weiss.png","contentUrl":"https:\/\/radioleinewelle.de\/wp-content\/uploads\/2023\/11\/cropped-Leinewelle_Logo_weiss.png","width":854,"height":260,"caption":"Radio Leinewelle"},"image":{"@id":"https:\/\/radioleinewelle.de\/#\/schema\/logo\/image\/"},"sameAs":["https:\/\/www.facebook.com\/radioleinewelle","https:\/\/x.com\/RLeinewelle","https:\/\/www.instagram.com\/radioleinewelle\/?hl=de"]},{"@type":"Person","@id":"https:\/\/radioleinewelle.de\/#\/schema\/person\/45606f348637df637192dc1b68399a63","name":"Leinewelle","image":{"@type":"ImageObject","inLanguage":"de","@id":"https:\/\/secure.gravatar.com\/avatar\/05c9a17bc973052ee5d91549bd32fb4dd0dc85b7b85ae94b2e2b4943476bbea5?s=96&d=blank&r=g","url":"https:\/\/secure.gravatar.com\/avatar\/05c9a17bc973052ee5d91549bd32fb4dd0dc85b7b85ae94b2e2b4943476bbea5?s=96&d=blank&r=g","contentUrl":"https:\/\/secure.gravatar.com\/avatar\/05c9a17bc973052ee5d91549bd32fb4dd0dc85b7b85ae94b2e2b4943476bbea5?s=96&d=blank&r=g","caption":"Leinewelle"},"sameAs":["http:\/\/localhost\/radio%20leinewelle\/wordpress","https:\/\/www.facebook.com\/radioleinewelle","https:\/\/www.instagram.com\/radioleinewelle","https:\/\/x.com\/https:\/\/twitter.com\/RLeinewelle?ref_src=twsrcgoogletwcampserptwgrauthor","https:\/\/soundcloud.com\/foerderverein-lokalradio?utm_source=clipboard&utm_medium=text&utm_campaign=social_sharing"],"url":"https:\/\/radioleinewelle.de\/index.php\/author\/leinewelle\/"}]}},"_links":{"self":[{"href":"https:\/\/radioleinewelle.de\/index.php\/wp-json\/wp\/v2\/posts\/13546","targetHints":{"allow":["GET"]}}],"collection":[{"href":"https:\/\/radioleinewelle.de\/index.php\/wp-json\/wp\/v2\/posts"}],"about":[{"href":"https:\/\/radioleinewelle.de\/index.php\/wp-json\/wp\/v2\/types\/post"}],"author":[{"embeddable":true,"href":"https:\/\/radioleinewelle.de\/index.php\/wp-json\/wp\/v2\/users\/1"}],"replies":[{"embeddable":true,"href":"https:\/\/radioleinewelle.de\/index.php\/wp-json\/wp\/v2\/comments?post=13546"}],"version-history":[{"count":0,"href":"https:\/\/radioleinewelle.de\/index.php\/wp-json\/wp\/v2\/posts\/13546\/revisions"}],"wp:attachment":[{"href":"https:\/\/radioleinewelle.de\/index.php\/wp-json\/wp\/v2\/media?parent=13546"}],"wp:term":[{"taxonomy":"category","embeddable":true,"href":"https:\/\/radioleinewelle.de\/index.php\/wp-json\/wp\/v2\/categories?post=13546"},{"taxonomy":"post_tag","embeddable":true,"href":"https:\/\/radioleinewelle.de\/index.php\/wp-json\/wp\/v2\/tags?post=13546"}],"curies":[{"name":"wp","href":"https:\/\/api.w.org\/{rel}","templated":true}]}}