{"id":1360,"date":"2020-08-31T05:15:01","date_gmt":"2020-08-31T03:15:01","guid":{"rendered":"https:\/\/radioleinewelle.de\/?p=1360"},"modified":"2020-08-31T05:15:01","modified_gmt":"2020-08-31T03:15:01","slug":"das-wissenschaftsprogramm-beim-goettinger-literaturherbst","status":"publish","type":"post","link":"https:\/\/radioleinewelle.de\/index.php\/2020\/08\/31\/das-wissenschaftsprogramm-beim-goettinger-literaturherbst\/","title":{"rendered":"Das Wissenschaftsprogramm beim G\u00f6ttinger Literaturherbst"},"content":{"rendered":"<p>Neun international renommierte Wissenschaftlerinnen und Wissenschaftler sowie Sachbuchautoren sind vom 18. bis 27. Oktober 2019 zu Gast in der Vortragsreihe Wissenschaft beim G\u00f6ttinger Literaturherbst. Neunmal pr\u00e4sentieren die Vortragenden jeweils um 19 Uhr in der G\u00f6ttinger Paulinerkirche allgemein verst\u00e4ndlich ihr Forschungs- oder Sachgebiet und geben den Zuh\u00f6rerinnen und Zuh\u00f6rern die Gelegenheit, neuste wissenschaftliche Erkenntnisse aus erster Hand zu erfahren. Bereits zum dreizehnten Mal laden die f\u00fcnf G\u00f6ttinger Max-Planck-Institute gemeinsam mit dem G\u00f6ttinger Literaturherbst und der Nieders\u00e4chsischen Staats- und Universit\u00e4tsbibliothek zu Wissenschaft beim G\u00f6ttinger Literaturherbst ein. Preistr\u00e4ger der diesj\u00e4hrigen Science Communication-Medaille ist der deutsche Ornithologe Martin Wikelski, der als Direktor am Max-Planck-Institut (MPI) f\u00fcr Verhaltensbiologie forscht.<br \/>\nMehr unter: <a href=\"http:\/\/mps.mpg.de\">mps.mpg.de<\/a><\/p>\n<p>&#8212;&#8212;&#8212;&#8212;&#8212;&#8212;&#8212;&#8212;&#8212;&#8212;&#8212;&#8212;&#8212;&#8212;&#8212;&#8212;&#8212;&#8212;&#8212;&#8212;&#8212;&#8212;&#8212;&#8212;&#8212;&#8212;&#8212;&#8212;&#8212;&#8212;&#8212;&#8212;&#8212;&#8212;&#8212;&#8212;&#8212;&#8212;&#8212;&#8212;&#8212;&#8212;&#8212;<\/p>\n<p><strong>Foto:<\/strong> Prof. Patrick Cramer, Prof. Walter St\u00fchmer, Prof. Eberhard Bodenschatz, Prof. Helmut Grubm\u00fcller, Dr. Armin M\u00fcller-Dreier, Prof. Frauke Alves von den G\u00f6ttinger Max-Planck-Instituten und Johannes-Peter Herberhold von der Literaturherbst GmbH (von links)\u00a0stellten auf der Pressekonferenz zur Vortragsreihe \u201eWissenschaft beim G\u00f6ttinger Literaturherbst\u201c die diesj\u00e4hrigen Sprecherinnen und Sprecher vor.<br \/>\n\u00a9 B\u00f6ttcher-Gajewski<\/p>\n","protected":false},"excerpt":{"rendered":"<p>Neun international renommierte Wissenschaftlerinnen und Wissenschaftler sowie Sachbuchautoren sind vom 18. bis 27. Oktober 2019 zu Gast in der Vortragsreihe Wissenschaft beim G\u00f6ttinger Literaturherbst. Neunmal pr\u00e4sentieren die Vortragenden jeweils um 19 Uhr in der G\u00f6ttinger Paulinerkirche allgemein verst\u00e4ndlich ihr Forschungs- oder Sachgebiet und geben den Zuh\u00f6rerinnen und Zuh\u00f6rern die Gelegenheit, neuste wissenschaftliche Erkenntnisse aus erster [&hellip;]<\/p>\n","protected":false},"author":1,"featured_media":1362,"comment_status":"closed","ping_status":"closed","sticky":false,"template":"","format":"standard","meta":{"saved_in_kubio":false,"footnotes":""},"categories":[1],"tags":[],"class_list":["post-1360","post","type-post","status-publish","format-standard","has-post-thumbnail","hentry","category-allgemein"],"yoast_head":"<!-- This site is optimized with the Yoast SEO plugin v27.5 - https:\/\/yoast.com\/product\/yoast-seo-wordpress\/ -->\n<title>Das Wissenschaftsprogramm beim G\u00f6ttinger Literaturherbst - Radio Leinewelle<\/title>\n<meta name=\"robots\" content=\"index, follow, max-snippet:-1, max-image-preview:large, max-video-preview:-1\" \/>\n<link rel=\"canonical\" href=\"https:\/\/radioleinewelle.de\/index.php\/2020\/08\/31\/das-wissenschaftsprogramm-beim-goettinger-literaturherbst\/\" \/>\n<meta property=\"og:locale\" content=\"de_DE\" \/>\n<meta property=\"og:type\" content=\"article\" \/>\n<meta property=\"og:title\" content=\"Das Wissenschaftsprogramm beim G\u00f6ttinger Literaturherbst - Radio Leinewelle\" \/>\n<meta property=\"og:description\" content=\"Neun international renommierte Wissenschaftlerinnen und Wissenschaftler sowie Sachbuchautoren sind vom 18. bis 27. Oktober 2019 zu Gast in der Vortragsreihe Wissenschaft beim G\u00f6ttinger Literaturherbst. Neunmal pr\u00e4sentieren die Vortragenden jeweils um 19 Uhr in der G\u00f6ttinger Paulinerkirche allgemein verst\u00e4ndlich ihr Forschungs- oder Sachgebiet und geben den Zuh\u00f6rerinnen und Zuh\u00f6rern die Gelegenheit, neuste wissenschaftliche Erkenntnisse aus erster [&hellip;]\" \/>\n<meta property=\"og:url\" content=\"https:\/\/radioleinewelle.de\/index.php\/2020\/08\/31\/das-wissenschaftsprogramm-beim-goettinger-literaturherbst\/\" \/>\n<meta property=\"og:site_name\" content=\"Radio Leinewelle\" \/>\n<meta property=\"article:publisher\" content=\"https:\/\/www.facebook.com\/radioleinewelle\" \/>\n<meta property=\"article:author\" content=\"https:\/\/www.facebook.com\/radioleinewelle\" \/>\n<meta property=\"article:published_time\" content=\"2020-08-31T03:15:01+00:00\" \/>\n<meta property=\"og:image\" content=\"https:\/\/radioleinewelle.de\/wp-content\/uploads\/2020\/08\/Literaturherbst-Wissenschaft-2020-e1598818758955.jpg\" \/>\n\t<meta property=\"og:image:width\" content=\"300\" \/>\n\t<meta property=\"og:image:height\" content=\"200\" \/>\n\t<meta property=\"og:image:type\" content=\"image\/jpeg\" \/>\n<meta name=\"author\" content=\"Leinewelle\" \/>\n<meta name=\"twitter:card\" content=\"summary_large_image\" \/>\n<meta name=\"twitter:creator\" content=\"@https:\/\/twitter.com\/RLeinewelle?ref_src=twsrcgoogletwcampserptwgrauthor\" \/>\n<meta name=\"twitter:site\" content=\"@RLeinewelle\" \/>\n<meta name=\"twitter:label1\" content=\"Verfasst von\" \/>\n\t<meta name=\"twitter:data1\" content=\"Leinewelle\" \/>\n\t<meta name=\"twitter:label2\" content=\"Gesch\u00e4tzte Lesezeit\" \/>\n\t<meta name=\"twitter:data2\" content=\"1\u00a0Minute\" \/>\n<script type=\"application\/ld+json\" class=\"yoast-schema-graph\">{\"@context\":\"https:\\\/\\\/schema.org\",\"@graph\":[{\"@type\":\"Article\",\"@id\":\"https:\\\/\\\/radioleinewelle.de\\\/index.php\\\/2020\\\/08\\\/31\\\/das-wissenschaftsprogramm-beim-goettinger-literaturherbst\\\/#article\",\"isPartOf\":{\"@id\":\"https:\\\/\\\/radioleinewelle.de\\\/index.php\\\/2020\\\/08\\\/31\\\/das-wissenschaftsprogramm-beim-goettinger-literaturherbst\\\/\"},\"author\":{\"name\":\"Leinewelle\",\"@id\":\"https:\\\/\\\/radioleinewelle.de\\\/#\\\/schema\\\/person\\\/45606f348637df637192dc1b68399a63\"},\"headline\":\"Das Wissenschaftsprogramm beim G\u00f6ttinger Literaturherbst\",\"datePublished\":\"2020-08-31T03:15:01+00:00\",\"mainEntityOfPage\":{\"@id\":\"https:\\\/\\\/radioleinewelle.de\\\/index.php\\\/2020\\\/08\\\/31\\\/das-wissenschaftsprogramm-beim-goettinger-literaturherbst\\\/\"},\"wordCount\":183,\"publisher\":{\"@id\":\"https:\\\/\\\/radioleinewelle.de\\\/#organization\"},\"image\":{\"@id\":\"https:\\\/\\\/radioleinewelle.de\\\/index.php\\\/2020\\\/08\\\/31\\\/das-wissenschaftsprogramm-beim-goettinger-literaturherbst\\\/#primaryimage\"},\"thumbnailUrl\":\"https:\\\/\\\/radioleinewelle.de\\\/wp-content\\\/uploads\\\/2020\\\/08\\\/Literaturherbst-Wissenschaft-2020-e1598818758955.jpg\",\"inLanguage\":\"de\"},{\"@type\":\"WebPage\",\"@id\":\"https:\\\/\\\/radioleinewelle.de\\\/index.php\\\/2020\\\/08\\\/31\\\/das-wissenschaftsprogramm-beim-goettinger-literaturherbst\\\/\",\"url\":\"https:\\\/\\\/radioleinewelle.de\\\/index.php\\\/2020\\\/08\\\/31\\\/das-wissenschaftsprogramm-beim-goettinger-literaturherbst\\\/\",\"name\":\"Das Wissenschaftsprogramm beim G\u00f6ttinger Literaturherbst - Radio Leinewelle\",\"isPartOf\":{\"@id\":\"https:\\\/\\\/radioleinewelle.de\\\/#website\"},\"primaryImageOfPage\":{\"@id\":\"https:\\\/\\\/radioleinewelle.de\\\/index.php\\\/2020\\\/08\\\/31\\\/das-wissenschaftsprogramm-beim-goettinger-literaturherbst\\\/#primaryimage\"},\"image\":{\"@id\":\"https:\\\/\\\/radioleinewelle.de\\\/index.php\\\/2020\\\/08\\\/31\\\/das-wissenschaftsprogramm-beim-goettinger-literaturherbst\\\/#primaryimage\"},\"thumbnailUrl\":\"https:\\\/\\\/radioleinewelle.de\\\/wp-content\\\/uploads\\\/2020\\\/08\\\/Literaturherbst-Wissenschaft-2020-e1598818758955.jpg\",\"datePublished\":\"2020-08-31T03:15:01+00:00\",\"breadcrumb\":{\"@id\":\"https:\\\/\\\/radioleinewelle.de\\\/index.php\\\/2020\\\/08\\\/31\\\/das-wissenschaftsprogramm-beim-goettinger-literaturherbst\\\/#breadcrumb\"},\"inLanguage\":\"de\",\"potentialAction\":[{\"@type\":\"ReadAction\",\"target\":[\"https:\\\/\\\/radioleinewelle.de\\\/index.php\\\/2020\\\/08\\\/31\\\/das-wissenschaftsprogramm-beim-goettinger-literaturherbst\\\/\"]}]},{\"@type\":\"ImageObject\",\"inLanguage\":\"de\",\"@id\":\"https:\\\/\\\/radioleinewelle.de\\\/index.php\\\/2020\\\/08\\\/31\\\/das-wissenschaftsprogramm-beim-goettinger-literaturherbst\\\/#primaryimage\",\"url\":\"https:\\\/\\\/radioleinewelle.de\\\/wp-content\\\/uploads\\\/2020\\\/08\\\/Literaturherbst-Wissenschaft-2020-e1598818758955.jpg\",\"contentUrl\":\"https:\\\/\\\/radioleinewelle.de\\\/wp-content\\\/uploads\\\/2020\\\/08\\\/Literaturherbst-Wissenschaft-2020-e1598818758955.jpg\",\"width\":300,\"height\":200},{\"@type\":\"BreadcrumbList\",\"@id\":\"https:\\\/\\\/radioleinewelle.de\\\/index.php\\\/2020\\\/08\\\/31\\\/das-wissenschaftsprogramm-beim-goettinger-literaturherbst\\\/#breadcrumb\",\"itemListElement\":[{\"@type\":\"ListItem\",\"position\":1,\"name\":\"Startseite\",\"item\":\"https:\\\/\\\/radioleinewelle.de\\\/\"},{\"@type\":\"ListItem\",\"position\":2,\"name\":\"Das Wissenschaftsprogramm beim G\u00f6ttinger Literaturherbst\"}]},{\"@type\":\"WebSite\",\"@id\":\"https:\\\/\\\/radioleinewelle.de\\\/#website\",\"url\":\"https:\\\/\\\/radioleinewelle.de\\\/\",\"name\":\"Radio Leinewelle\",\"description\":\"\",\"publisher\":{\"@id\":\"https:\\\/\\\/radioleinewelle.de\\\/#organization\"},\"potentialAction\":[{\"@type\":\"SearchAction\",\"target\":{\"@type\":\"EntryPoint\",\"urlTemplate\":\"https:\\\/\\\/radioleinewelle.de\\\/?s={search_term_string}\"},\"query-input\":{\"@type\":\"PropertyValueSpecification\",\"valueRequired\":true,\"valueName\":\"search_term_string\"}}],\"inLanguage\":\"de\"},{\"@type\":\"Organization\",\"@id\":\"https:\\\/\\\/radioleinewelle.de\\\/#organization\",\"name\":\"Radio Leinewelle\",\"alternateName\":\"Mein Radio f\u00fcr S\u00fcdniedersachsen\",\"url\":\"https:\\\/\\\/radioleinewelle.de\\\/\",\"logo\":{\"@type\":\"ImageObject\",\"inLanguage\":\"de\",\"@id\":\"https:\\\/\\\/radioleinewelle.de\\\/#\\\/schema\\\/logo\\\/image\\\/\",\"url\":\"https:\\\/\\\/radioleinewelle.de\\\/wp-content\\\/uploads\\\/2023\\\/11\\\/cropped-Leinewelle_Logo_weiss.png\",\"contentUrl\":\"https:\\\/\\\/radioleinewelle.de\\\/wp-content\\\/uploads\\\/2023\\\/11\\\/cropped-Leinewelle_Logo_weiss.png\",\"width\":854,\"height\":260,\"caption\":\"Radio Leinewelle\"},\"image\":{\"@id\":\"https:\\\/\\\/radioleinewelle.de\\\/#\\\/schema\\\/logo\\\/image\\\/\"},\"sameAs\":[\"https:\\\/\\\/www.facebook.com\\\/radioleinewelle\",\"https:\\\/\\\/x.com\\\/RLeinewelle\",\"https:\\\/\\\/www.instagram.com\\\/radioleinewelle\\\/?hl=de\"]},{\"@type\":\"Person\",\"@id\":\"https:\\\/\\\/radioleinewelle.de\\\/#\\\/schema\\\/person\\\/45606f348637df637192dc1b68399a63\",\"name\":\"Leinewelle\",\"image\":{\"@type\":\"ImageObject\",\"inLanguage\":\"de\",\"@id\":\"https:\\\/\\\/secure.gravatar.com\\\/avatar\\\/05c9a17bc973052ee5d91549bd32fb4dd0dc85b7b85ae94b2e2b4943476bbea5?s=96&d=blank&r=g\",\"url\":\"https:\\\/\\\/secure.gravatar.com\\\/avatar\\\/05c9a17bc973052ee5d91549bd32fb4dd0dc85b7b85ae94b2e2b4943476bbea5?s=96&d=blank&r=g\",\"contentUrl\":\"https:\\\/\\\/secure.gravatar.com\\\/avatar\\\/05c9a17bc973052ee5d91549bd32fb4dd0dc85b7b85ae94b2e2b4943476bbea5?s=96&d=blank&r=g\",\"caption\":\"Leinewelle\"},\"sameAs\":[\"http:\\\/\\\/localhost\\\/radio%20leinewelle\\\/wordpress\",\"https:\\\/\\\/www.facebook.com\\\/radioleinewelle\",\"https:\\\/\\\/www.instagram.com\\\/radioleinewelle\",\"https:\\\/\\\/x.com\\\/https:\\\/\\\/twitter.com\\\/RLeinewelle?ref_src=twsrcgoogletwcampserptwgrauthor\",\"https:\\\/\\\/soundcloud.com\\\/foerderverein-lokalradio?utm_source=clipboard&utm_medium=text&utm_campaign=social_sharing\"],\"url\":\"https:\\\/\\\/radioleinewelle.de\\\/index.php\\\/author\\\/leinewelle\\\/\"}]}<\/script>\n<!-- \/ Yoast SEO plugin. -->","yoast_head_json":{"title":"Das Wissenschaftsprogramm beim G\u00f6ttinger Literaturherbst - Radio Leinewelle","robots":{"index":"index","follow":"follow","max-snippet":"max-snippet:-1","max-image-preview":"max-image-preview:large","max-video-preview":"max-video-preview:-1"},"canonical":"https:\/\/radioleinewelle.de\/index.php\/2020\/08\/31\/das-wissenschaftsprogramm-beim-goettinger-literaturherbst\/","og_locale":"de_DE","og_type":"article","og_title":"Das Wissenschaftsprogramm beim G\u00f6ttinger Literaturherbst - Radio Leinewelle","og_description":"Neun international renommierte Wissenschaftlerinnen und Wissenschaftler sowie Sachbuchautoren sind vom 18. bis 27. Oktober 2019 zu Gast in der Vortragsreihe Wissenschaft beim G\u00f6ttinger Literaturherbst. Neunmal pr\u00e4sentieren die Vortragenden jeweils um 19 Uhr in der G\u00f6ttinger Paulinerkirche allgemein verst\u00e4ndlich ihr Forschungs- oder Sachgebiet und geben den Zuh\u00f6rerinnen und Zuh\u00f6rern die Gelegenheit, neuste wissenschaftliche Erkenntnisse aus erster [&hellip;]","og_url":"https:\/\/radioleinewelle.de\/index.php\/2020\/08\/31\/das-wissenschaftsprogramm-beim-goettinger-literaturherbst\/","og_site_name":"Radio Leinewelle","article_publisher":"https:\/\/www.facebook.com\/radioleinewelle","article_author":"https:\/\/www.facebook.com\/radioleinewelle","article_published_time":"2020-08-31T03:15:01+00:00","og_image":[{"width":300,"height":200,"url":"https:\/\/radioleinewelle.de\/wp-content\/uploads\/2020\/08\/Literaturherbst-Wissenschaft-2020-e1598818758955.jpg","type":"image\/jpeg"}],"author":"Leinewelle","twitter_card":"summary_large_image","twitter_creator":"@https:\/\/twitter.com\/RLeinewelle?ref_src=twsrcgoogletwcampserptwgrauthor","twitter_site":"@RLeinewelle","twitter_misc":{"Verfasst von":"Leinewelle","Gesch\u00e4tzte Lesezeit":"1\u00a0Minute"},"schema":{"@context":"https:\/\/schema.org","@graph":[{"@type":"Article","@id":"https:\/\/radioleinewelle.de\/index.php\/2020\/08\/31\/das-wissenschaftsprogramm-beim-goettinger-literaturherbst\/#article","isPartOf":{"@id":"https:\/\/radioleinewelle.de\/index.php\/2020\/08\/31\/das-wissenschaftsprogramm-beim-goettinger-literaturherbst\/"},"author":{"name":"Leinewelle","@id":"https:\/\/radioleinewelle.de\/#\/schema\/person\/45606f348637df637192dc1b68399a63"},"headline":"Das Wissenschaftsprogramm beim G\u00f6ttinger Literaturherbst","datePublished":"2020-08-31T03:15:01+00:00","mainEntityOfPage":{"@id":"https:\/\/radioleinewelle.de\/index.php\/2020\/08\/31\/das-wissenschaftsprogramm-beim-goettinger-literaturherbst\/"},"wordCount":183,"publisher":{"@id":"https:\/\/radioleinewelle.de\/#organization"},"image":{"@id":"https:\/\/radioleinewelle.de\/index.php\/2020\/08\/31\/das-wissenschaftsprogramm-beim-goettinger-literaturherbst\/#primaryimage"},"thumbnailUrl":"https:\/\/radioleinewelle.de\/wp-content\/uploads\/2020\/08\/Literaturherbst-Wissenschaft-2020-e1598818758955.jpg","inLanguage":"de"},{"@type":"WebPage","@id":"https:\/\/radioleinewelle.de\/index.php\/2020\/08\/31\/das-wissenschaftsprogramm-beim-goettinger-literaturherbst\/","url":"https:\/\/radioleinewelle.de\/index.php\/2020\/08\/31\/das-wissenschaftsprogramm-beim-goettinger-literaturherbst\/","name":"Das Wissenschaftsprogramm beim G\u00f6ttinger Literaturherbst - Radio Leinewelle","isPartOf":{"@id":"https:\/\/radioleinewelle.de\/#website"},"primaryImageOfPage":{"@id":"https:\/\/radioleinewelle.de\/index.php\/2020\/08\/31\/das-wissenschaftsprogramm-beim-goettinger-literaturherbst\/#primaryimage"},"image":{"@id":"https:\/\/radioleinewelle.de\/index.php\/2020\/08\/31\/das-wissenschaftsprogramm-beim-goettinger-literaturherbst\/#primaryimage"},"thumbnailUrl":"https:\/\/radioleinewelle.de\/wp-content\/uploads\/2020\/08\/Literaturherbst-Wissenschaft-2020-e1598818758955.jpg","datePublished":"2020-08-31T03:15:01+00:00","breadcrumb":{"@id":"https:\/\/radioleinewelle.de\/index.php\/2020\/08\/31\/das-wissenschaftsprogramm-beim-goettinger-literaturherbst\/#breadcrumb"},"inLanguage":"de","potentialAction":[{"@type":"ReadAction","target":["https:\/\/radioleinewelle.de\/index.php\/2020\/08\/31\/das-wissenschaftsprogramm-beim-goettinger-literaturherbst\/"]}]},{"@type":"ImageObject","inLanguage":"de","@id":"https:\/\/radioleinewelle.de\/index.php\/2020\/08\/31\/das-wissenschaftsprogramm-beim-goettinger-literaturherbst\/#primaryimage","url":"https:\/\/radioleinewelle.de\/wp-content\/uploads\/2020\/08\/Literaturherbst-Wissenschaft-2020-e1598818758955.jpg","contentUrl":"https:\/\/radioleinewelle.de\/wp-content\/uploads\/2020\/08\/Literaturherbst-Wissenschaft-2020-e1598818758955.jpg","width":300,"height":200},{"@type":"BreadcrumbList","@id":"https:\/\/radioleinewelle.de\/index.php\/2020\/08\/31\/das-wissenschaftsprogramm-beim-goettinger-literaturherbst\/#breadcrumb","itemListElement":[{"@type":"ListItem","position":1,"name":"Startseite","item":"https:\/\/radioleinewelle.de\/"},{"@type":"ListItem","position":2,"name":"Das Wissenschaftsprogramm beim G\u00f6ttinger Literaturherbst"}]},{"@type":"WebSite","@id":"https:\/\/radioleinewelle.de\/#website","url":"https:\/\/radioleinewelle.de\/","name":"Radio Leinewelle","description":"","publisher":{"@id":"https:\/\/radioleinewelle.de\/#organization"},"potentialAction":[{"@type":"SearchAction","target":{"@type":"EntryPoint","urlTemplate":"https:\/\/radioleinewelle.de\/?s={search_term_string}"},"query-input":{"@type":"PropertyValueSpecification","valueRequired":true,"valueName":"search_term_string"}}],"inLanguage":"de"},{"@type":"Organization","@id":"https:\/\/radioleinewelle.de\/#organization","name":"Radio Leinewelle","alternateName":"Mein Radio f\u00fcr S\u00fcdniedersachsen","url":"https:\/\/radioleinewelle.de\/","logo":{"@type":"ImageObject","inLanguage":"de","@id":"https:\/\/radioleinewelle.de\/#\/schema\/logo\/image\/","url":"https:\/\/radioleinewelle.de\/wp-content\/uploads\/2023\/11\/cropped-Leinewelle_Logo_weiss.png","contentUrl":"https:\/\/radioleinewelle.de\/wp-content\/uploads\/2023\/11\/cropped-Leinewelle_Logo_weiss.png","width":854,"height":260,"caption":"Radio Leinewelle"},"image":{"@id":"https:\/\/radioleinewelle.de\/#\/schema\/logo\/image\/"},"sameAs":["https:\/\/www.facebook.com\/radioleinewelle","https:\/\/x.com\/RLeinewelle","https:\/\/www.instagram.com\/radioleinewelle\/?hl=de"]},{"@type":"Person","@id":"https:\/\/radioleinewelle.de\/#\/schema\/person\/45606f348637df637192dc1b68399a63","name":"Leinewelle","image":{"@type":"ImageObject","inLanguage":"de","@id":"https:\/\/secure.gravatar.com\/avatar\/05c9a17bc973052ee5d91549bd32fb4dd0dc85b7b85ae94b2e2b4943476bbea5?s=96&d=blank&r=g","url":"https:\/\/secure.gravatar.com\/avatar\/05c9a17bc973052ee5d91549bd32fb4dd0dc85b7b85ae94b2e2b4943476bbea5?s=96&d=blank&r=g","contentUrl":"https:\/\/secure.gravatar.com\/avatar\/05c9a17bc973052ee5d91549bd32fb4dd0dc85b7b85ae94b2e2b4943476bbea5?s=96&d=blank&r=g","caption":"Leinewelle"},"sameAs":["http:\/\/localhost\/radio%20leinewelle\/wordpress","https:\/\/www.facebook.com\/radioleinewelle","https:\/\/www.instagram.com\/radioleinewelle","https:\/\/x.com\/https:\/\/twitter.com\/RLeinewelle?ref_src=twsrcgoogletwcampserptwgrauthor","https:\/\/soundcloud.com\/foerderverein-lokalradio?utm_source=clipboard&utm_medium=text&utm_campaign=social_sharing"],"url":"https:\/\/radioleinewelle.de\/index.php\/author\/leinewelle\/"}]}},"_links":{"self":[{"href":"https:\/\/radioleinewelle.de\/index.php\/wp-json\/wp\/v2\/posts\/1360","targetHints":{"allow":["GET"]}}],"collection":[{"href":"https:\/\/radioleinewelle.de\/index.php\/wp-json\/wp\/v2\/posts"}],"about":[{"href":"https:\/\/radioleinewelle.de\/index.php\/wp-json\/wp\/v2\/types\/post"}],"author":[{"embeddable":true,"href":"https:\/\/radioleinewelle.de\/index.php\/wp-json\/wp\/v2\/users\/1"}],"replies":[{"embeddable":true,"href":"https:\/\/radioleinewelle.de\/index.php\/wp-json\/wp\/v2\/comments?post=1360"}],"version-history":[{"count":0,"href":"https:\/\/radioleinewelle.de\/index.php\/wp-json\/wp\/v2\/posts\/1360\/revisions"}],"wp:featuredmedia":[{"embeddable":true,"href":"https:\/\/radioleinewelle.de\/index.php\/wp-json\/wp\/v2\/media\/1362"}],"wp:attachment":[{"href":"https:\/\/radioleinewelle.de\/index.php\/wp-json\/wp\/v2\/media?parent=1360"}],"wp:term":[{"taxonomy":"category","embeddable":true,"href":"https:\/\/radioleinewelle.de\/index.php\/wp-json\/wp\/v2\/categories?post=1360"},{"taxonomy":"post_tag","embeddable":true,"href":"https:\/\/radioleinewelle.de\/index.php\/wp-json\/wp\/v2\/tags?post=1360"}],"curies":[{"name":"wp","href":"https:\/\/api.w.org\/{rel}","templated":true}]}}