{"id":13722,"date":"2022-04-10T08:09:21","date_gmt":"2022-04-10T06:09:21","guid":{"rendered":"https:\/\/radioleinewelle.de\/?p=13722"},"modified":"2022-04-10T08:09:21","modified_gmt":"2022-04-10T06:09:21","slug":"duderstadt-hilft-freunden-hilfstransport-fuer-ukrainische-fluechtlinge-startet-nach-kartuzy","status":"publish","type":"post","link":"https:\/\/radioleinewelle.de\/index.php\/2022\/04\/10\/duderstadt-hilft-freunden-hilfstransport-fuer-ukrainische-fluechtlinge-startet-nach-kartuzy\/","title":{"rendered":"\u201eDuderstadt hilft Freunden\u201c Hilfstransport f\u00fcr ukrainische Fl\u00fcchtlinge startet nach Kartuzy"},"content":{"rendered":"\n<p>Zwei Wochen lang wurden im ehemaligen Autohaus Rappe und im DRK-Zentrum Duderstadt Spenden f\u00fcr ukrainische Fl\u00fcchtlinge gesammelt, die in der Duderst\u00e4dter Partnerstadt Kartuzy angekommen sind und dort betreut werden.<\/p>\n\n\n\n<p>Nun ist der LKW der Spedition Waldmann mit den Hilfsg\u00fctern beladen und startet in der Nacht von Freitag auf Samstag Richtung Polen. B\u00fcrgermeister Grzegorz Golunski erwartet den Hilfstransport am Samstag Nachmittag in Kartuzy.<\/p>\n\n\n\n<p>Die Verpackung der Hilfsg\u00fcter auf Paletten erfolgte in den letzten Tagen in enger Abstimmung mit der Spedition Waldmann. Die beiden Fahrer J\u00f6rg Apel und J\u00f6rg R\u00f6diger wurden von St\u00e4dt. Direktorin Annelore von Hof pers\u00f6nlich verabschiedet. <\/p>\n\n\n\n<p>Ein ganz gro\u00dfes Dankesch\u00f6n der Stadtverwaltung richtet die St\u00e4dtische Direktorin nat\u00fcrlich auch an alle Spenderinnen und Spender, die in den vergangenen Tagen Hilfsg\u00fcter abgegeben oder Geldbetr\u00e4ge auf die Spendenkonten von DRK und Caritas eingezahlt haben. <\/p>\n\n\n\n<p>In einem Telefonat zwischen B\u00fcrgermeister Thorsten Feike mit seinem Amtskollegen Grzegorz Golunski in der Duderst\u00e4dter Partnerstadt Kartuzy wurde schnell deutlich, dass dort inzwischen \u00fcber 800 Fl\u00fcchtlinge, darunter sehr viele Kinder, betreut werden \u2013 und es kommen t\u00e4glich weitere. Dort fehlte es inzwischen an vielem, was im Alltag gebraucht wird: Drogerieartikel, Pflegeprodukte, Windeln, haltbare Lebensmittel, Schlafs\u00e4cke und anderes. Daher hat der Duderst\u00e4dter B\u00fcrgermeister nach kurzer Abstimmung mit einigen Partnern spontan die Unterst\u00fctzung im Rahmen der guten Partnerschaft zugesagt.<\/p>\n\n\n\n<p>Gemeinsam mit den \u201eTiftlinger\u00f6der &amp; Freunden\u201c, die bereits eine Hilfsaktion nach Breslau initiiert hatten, und weiteren Partnern wurde daraufhin sehr kurzfristig die Spendenaktion \u201eDuderstadt hilft Freunden\u201c ins Leben gerufen. Zahlreiche kleine und gro\u00dfe Sachspenden von Privatpersonen und Organisationen wurden vom 28.03. bis 08.04.2022 im Autohaus Rappe und sp\u00e4ter im DRK-Zentrum Duderstadt abgegeben. Ebenso umfangreich waren die Geldspenden auf den Spendenkonten von DRK und Caritas. Von diesem Geld konnten kurzfristig weitere Hilfsg\u00fcter bei \u00f6rtlichen Firmen geordert werden, so dass der LKW der Spedition Waldmann gut gef\u00fcllt nach Polen startet.<\/p>\n\n\n\n<p>Foto: Stadt Duderstadt<\/p>\n","protected":false},"excerpt":{"rendered":"<p>Zwei Wochen lang wurden im ehemaligen Autohaus Rappe und im DRK-Zentrum Duderstadt Spenden f\u00fcr ukrainische Fl\u00fcchtlinge gesammelt, die in der Duderst\u00e4dter Partnerstadt Kartuzy angekommen sind und dort betreut werden. Nun ist der LKW der Spedition Waldmann mit den Hilfsg\u00fctern beladen und startet in der Nacht von Freitag auf Samstag Richtung Polen. B\u00fcrgermeister Grzegorz Golunski erwartet [&hellip;]<\/p>\n","protected":false},"author":1,"featured_media":0,"comment_status":"closed","ping_status":"closed","sticky":false,"template":"","format":"standard","meta":{"saved_in_kubio":false,"footnotes":""},"categories":[2936],"tags":[3043,3044,3045],"class_list":["post-13722","post","type-post","status-publish","format-standard","hentry","category-ukraine","tag-duderstadt-hilft-freunden","tag-katuzy","tag-tiftlingeroeder-freunden"],"yoast_head":"<!-- This site is optimized with the Yoast SEO plugin v27.4 - https:\/\/yoast.com\/product\/yoast-seo-wordpress\/ -->\n<title>\u201eDuderstadt hilft Freunden\u201c Hilfstransport f\u00fcr ukrainische Fl\u00fcchtlinge startet nach Kartuzy - Radio Leinewelle<\/title>\n<meta name=\"robots\" content=\"index, follow, max-snippet:-1, max-image-preview:large, max-video-preview:-1\" \/>\n<link rel=\"canonical\" href=\"https:\/\/radioleinewelle.de\/index.php\/2022\/04\/10\/duderstadt-hilft-freunden-hilfstransport-fuer-ukrainische-fluechtlinge-startet-nach-kartuzy\/\" \/>\n<meta property=\"og:locale\" content=\"de_DE\" \/>\n<meta property=\"og:type\" content=\"article\" \/>\n<meta property=\"og:title\" content=\"\u201eDuderstadt hilft Freunden\u201c Hilfstransport f\u00fcr ukrainische Fl\u00fcchtlinge startet nach Kartuzy - Radio Leinewelle\" \/>\n<meta property=\"og:description\" content=\"Zwei Wochen lang wurden im ehemaligen Autohaus Rappe und im DRK-Zentrum Duderstadt Spenden f\u00fcr ukrainische Fl\u00fcchtlinge gesammelt, die in der Duderst\u00e4dter Partnerstadt Kartuzy angekommen sind und dort betreut werden. Nun ist der LKW der Spedition Waldmann mit den Hilfsg\u00fctern beladen und startet in der Nacht von Freitag auf Samstag Richtung Polen. B\u00fcrgermeister Grzegorz Golunski erwartet [&hellip;]\" \/>\n<meta property=\"og:url\" content=\"https:\/\/radioleinewelle.de\/index.php\/2022\/04\/10\/duderstadt-hilft-freunden-hilfstransport-fuer-ukrainische-fluechtlinge-startet-nach-kartuzy\/\" \/>\n<meta property=\"og:site_name\" content=\"Radio Leinewelle\" \/>\n<meta property=\"article:publisher\" content=\"https:\/\/www.facebook.com\/radioleinewelle\" \/>\n<meta property=\"article:author\" content=\"https:\/\/www.facebook.com\/radioleinewelle\" \/>\n<meta property=\"article:published_time\" content=\"2022-04-10T06:09:21+00:00\" \/>\n<meta name=\"author\" content=\"Leinewelle\" \/>\n<meta name=\"twitter:card\" content=\"summary_large_image\" \/>\n<meta name=\"twitter:creator\" content=\"@https:\/\/twitter.com\/RLeinewelle?ref_src=twsrcgoogletwcampserptwgrauthor\" \/>\n<meta name=\"twitter:site\" content=\"@RLeinewelle\" \/>\n<meta name=\"twitter:label1\" content=\"Verfasst von\" \/>\n\t<meta name=\"twitter:data1\" content=\"Leinewelle\" \/>\n\t<meta name=\"twitter:label2\" content=\"Gesch\u00e4tzte Lesezeit\" \/>\n\t<meta name=\"twitter:data2\" content=\"2\u00a0Minuten\" \/>\n<script type=\"application\/ld+json\" class=\"yoast-schema-graph\">{\"@context\":\"https:\\\/\\\/schema.org\",\"@graph\":[{\"@type\":\"Article\",\"@id\":\"https:\\\/\\\/radioleinewelle.de\\\/index.php\\\/2022\\\/04\\\/10\\\/duderstadt-hilft-freunden-hilfstransport-fuer-ukrainische-fluechtlinge-startet-nach-kartuzy\\\/#article\",\"isPartOf\":{\"@id\":\"https:\\\/\\\/radioleinewelle.de\\\/index.php\\\/2022\\\/04\\\/10\\\/duderstadt-hilft-freunden-hilfstransport-fuer-ukrainische-fluechtlinge-startet-nach-kartuzy\\\/\"},\"author\":{\"name\":\"Leinewelle\",\"@id\":\"https:\\\/\\\/radioleinewelle.de\\\/#\\\/schema\\\/person\\\/45606f348637df637192dc1b68399a63\"},\"headline\":\"\u201eDuderstadt hilft Freunden\u201c Hilfstransport f\u00fcr ukrainische Fl\u00fcchtlinge startet nach Kartuzy\",\"datePublished\":\"2022-04-10T06:09:21+00:00\",\"mainEntityOfPage\":{\"@id\":\"https:\\\/\\\/radioleinewelle.de\\\/index.php\\\/2022\\\/04\\\/10\\\/duderstadt-hilft-freunden-hilfstransport-fuer-ukrainische-fluechtlinge-startet-nach-kartuzy\\\/\"},\"wordCount\":338,\"publisher\":{\"@id\":\"https:\\\/\\\/radioleinewelle.de\\\/#organization\"},\"keywords\":[\"Duderstadt hilft Freunden\",\"Katuzy\",\"Tiftlinger\u00f6der &amp; Freunden\"],\"articleSection\":[\"Ukraine\"],\"inLanguage\":\"de\"},{\"@type\":\"WebPage\",\"@id\":\"https:\\\/\\\/radioleinewelle.de\\\/index.php\\\/2022\\\/04\\\/10\\\/duderstadt-hilft-freunden-hilfstransport-fuer-ukrainische-fluechtlinge-startet-nach-kartuzy\\\/\",\"url\":\"https:\\\/\\\/radioleinewelle.de\\\/index.php\\\/2022\\\/04\\\/10\\\/duderstadt-hilft-freunden-hilfstransport-fuer-ukrainische-fluechtlinge-startet-nach-kartuzy\\\/\",\"name\":\"\u201eDuderstadt hilft Freunden\u201c Hilfstransport f\u00fcr ukrainische Fl\u00fcchtlinge startet nach Kartuzy - Radio Leinewelle\",\"isPartOf\":{\"@id\":\"https:\\\/\\\/radioleinewelle.de\\\/#website\"},\"datePublished\":\"2022-04-10T06:09:21+00:00\",\"breadcrumb\":{\"@id\":\"https:\\\/\\\/radioleinewelle.de\\\/index.php\\\/2022\\\/04\\\/10\\\/duderstadt-hilft-freunden-hilfstransport-fuer-ukrainische-fluechtlinge-startet-nach-kartuzy\\\/#breadcrumb\"},\"inLanguage\":\"de\",\"potentialAction\":[{\"@type\":\"ReadAction\",\"target\":[\"https:\\\/\\\/radioleinewelle.de\\\/index.php\\\/2022\\\/04\\\/10\\\/duderstadt-hilft-freunden-hilfstransport-fuer-ukrainische-fluechtlinge-startet-nach-kartuzy\\\/\"]}]},{\"@type\":\"BreadcrumbList\",\"@id\":\"https:\\\/\\\/radioleinewelle.de\\\/index.php\\\/2022\\\/04\\\/10\\\/duderstadt-hilft-freunden-hilfstransport-fuer-ukrainische-fluechtlinge-startet-nach-kartuzy\\\/#breadcrumb\",\"itemListElement\":[{\"@type\":\"ListItem\",\"position\":1,\"name\":\"Startseite\",\"item\":\"https:\\\/\\\/radioleinewelle.de\\\/\"},{\"@type\":\"ListItem\",\"position\":2,\"name\":\"\u201eDuderstadt hilft Freunden\u201c Hilfstransport f\u00fcr ukrainische Fl\u00fcchtlinge startet nach Kartuzy\"}]},{\"@type\":\"WebSite\",\"@id\":\"https:\\\/\\\/radioleinewelle.de\\\/#website\",\"url\":\"https:\\\/\\\/radioleinewelle.de\\\/\",\"name\":\"Radio Leinewelle\",\"description\":\"\",\"publisher\":{\"@id\":\"https:\\\/\\\/radioleinewelle.de\\\/#organization\"},\"potentialAction\":[{\"@type\":\"SearchAction\",\"target\":{\"@type\":\"EntryPoint\",\"urlTemplate\":\"https:\\\/\\\/radioleinewelle.de\\\/?s={search_term_string}\"},\"query-input\":{\"@type\":\"PropertyValueSpecification\",\"valueRequired\":true,\"valueName\":\"search_term_string\"}}],\"inLanguage\":\"de\"},{\"@type\":\"Organization\",\"@id\":\"https:\\\/\\\/radioleinewelle.de\\\/#organization\",\"name\":\"Radio Leinewelle\",\"alternateName\":\"Mein Radio f\u00fcr S\u00fcdniedersachsen\",\"url\":\"https:\\\/\\\/radioleinewelle.de\\\/\",\"logo\":{\"@type\":\"ImageObject\",\"inLanguage\":\"de\",\"@id\":\"https:\\\/\\\/radioleinewelle.de\\\/#\\\/schema\\\/logo\\\/image\\\/\",\"url\":\"https:\\\/\\\/radioleinewelle.de\\\/wp-content\\\/uploads\\\/2023\\\/11\\\/cropped-Leinewelle_Logo_weiss.png\",\"contentUrl\":\"https:\\\/\\\/radioleinewelle.de\\\/wp-content\\\/uploads\\\/2023\\\/11\\\/cropped-Leinewelle_Logo_weiss.png\",\"width\":854,\"height\":260,\"caption\":\"Radio Leinewelle\"},\"image\":{\"@id\":\"https:\\\/\\\/radioleinewelle.de\\\/#\\\/schema\\\/logo\\\/image\\\/\"},\"sameAs\":[\"https:\\\/\\\/www.facebook.com\\\/radioleinewelle\",\"https:\\\/\\\/x.com\\\/RLeinewelle\",\"https:\\\/\\\/www.instagram.com\\\/radioleinewelle\\\/?hl=de\"]},{\"@type\":\"Person\",\"@id\":\"https:\\\/\\\/radioleinewelle.de\\\/#\\\/schema\\\/person\\\/45606f348637df637192dc1b68399a63\",\"name\":\"Leinewelle\",\"image\":{\"@type\":\"ImageObject\",\"inLanguage\":\"de\",\"@id\":\"https:\\\/\\\/secure.gravatar.com\\\/avatar\\\/05c9a17bc973052ee5d91549bd32fb4dd0dc85b7b85ae94b2e2b4943476bbea5?s=96&d=blank&r=g\",\"url\":\"https:\\\/\\\/secure.gravatar.com\\\/avatar\\\/05c9a17bc973052ee5d91549bd32fb4dd0dc85b7b85ae94b2e2b4943476bbea5?s=96&d=blank&r=g\",\"contentUrl\":\"https:\\\/\\\/secure.gravatar.com\\\/avatar\\\/05c9a17bc973052ee5d91549bd32fb4dd0dc85b7b85ae94b2e2b4943476bbea5?s=96&d=blank&r=g\",\"caption\":\"Leinewelle\"},\"sameAs\":[\"http:\\\/\\\/localhost\\\/radio%20leinewelle\\\/wordpress\",\"https:\\\/\\\/www.facebook.com\\\/radioleinewelle\",\"https:\\\/\\\/www.instagram.com\\\/radioleinewelle\",\"https:\\\/\\\/x.com\\\/https:\\\/\\\/twitter.com\\\/RLeinewelle?ref_src=twsrcgoogletwcampserptwgrauthor\",\"https:\\\/\\\/soundcloud.com\\\/foerderverein-lokalradio?utm_source=clipboard&utm_medium=text&utm_campaign=social_sharing\"],\"url\":\"https:\\\/\\\/radioleinewelle.de\\\/index.php\\\/author\\\/leinewelle\\\/\"}]}<\/script>\n<!-- \/ Yoast SEO plugin. -->","yoast_head_json":{"title":"\u201eDuderstadt hilft Freunden\u201c Hilfstransport f\u00fcr ukrainische Fl\u00fcchtlinge startet nach Kartuzy - Radio Leinewelle","robots":{"index":"index","follow":"follow","max-snippet":"max-snippet:-1","max-image-preview":"max-image-preview:large","max-video-preview":"max-video-preview:-1"},"canonical":"https:\/\/radioleinewelle.de\/index.php\/2022\/04\/10\/duderstadt-hilft-freunden-hilfstransport-fuer-ukrainische-fluechtlinge-startet-nach-kartuzy\/","og_locale":"de_DE","og_type":"article","og_title":"\u201eDuderstadt hilft Freunden\u201c Hilfstransport f\u00fcr ukrainische Fl\u00fcchtlinge startet nach Kartuzy - Radio Leinewelle","og_description":"Zwei Wochen lang wurden im ehemaligen Autohaus Rappe und im DRK-Zentrum Duderstadt Spenden f\u00fcr ukrainische Fl\u00fcchtlinge gesammelt, die in der Duderst\u00e4dter Partnerstadt Kartuzy angekommen sind und dort betreut werden. Nun ist der LKW der Spedition Waldmann mit den Hilfsg\u00fctern beladen und startet in der Nacht von Freitag auf Samstag Richtung Polen. B\u00fcrgermeister Grzegorz Golunski erwartet [&hellip;]","og_url":"https:\/\/radioleinewelle.de\/index.php\/2022\/04\/10\/duderstadt-hilft-freunden-hilfstransport-fuer-ukrainische-fluechtlinge-startet-nach-kartuzy\/","og_site_name":"Radio Leinewelle","article_publisher":"https:\/\/www.facebook.com\/radioleinewelle","article_author":"https:\/\/www.facebook.com\/radioleinewelle","article_published_time":"2022-04-10T06:09:21+00:00","author":"Leinewelle","twitter_card":"summary_large_image","twitter_creator":"@https:\/\/twitter.com\/RLeinewelle?ref_src=twsrcgoogletwcampserptwgrauthor","twitter_site":"@RLeinewelle","twitter_misc":{"Verfasst von":"Leinewelle","Gesch\u00e4tzte Lesezeit":"2\u00a0Minuten"},"schema":{"@context":"https:\/\/schema.org","@graph":[{"@type":"Article","@id":"https:\/\/radioleinewelle.de\/index.php\/2022\/04\/10\/duderstadt-hilft-freunden-hilfstransport-fuer-ukrainische-fluechtlinge-startet-nach-kartuzy\/#article","isPartOf":{"@id":"https:\/\/radioleinewelle.de\/index.php\/2022\/04\/10\/duderstadt-hilft-freunden-hilfstransport-fuer-ukrainische-fluechtlinge-startet-nach-kartuzy\/"},"author":{"name":"Leinewelle","@id":"https:\/\/radioleinewelle.de\/#\/schema\/person\/45606f348637df637192dc1b68399a63"},"headline":"\u201eDuderstadt hilft Freunden\u201c Hilfstransport f\u00fcr ukrainische Fl\u00fcchtlinge startet nach Kartuzy","datePublished":"2022-04-10T06:09:21+00:00","mainEntityOfPage":{"@id":"https:\/\/radioleinewelle.de\/index.php\/2022\/04\/10\/duderstadt-hilft-freunden-hilfstransport-fuer-ukrainische-fluechtlinge-startet-nach-kartuzy\/"},"wordCount":338,"publisher":{"@id":"https:\/\/radioleinewelle.de\/#organization"},"keywords":["Duderstadt hilft Freunden","Katuzy","Tiftlinger\u00f6der &amp; Freunden"],"articleSection":["Ukraine"],"inLanguage":"de"},{"@type":"WebPage","@id":"https:\/\/radioleinewelle.de\/index.php\/2022\/04\/10\/duderstadt-hilft-freunden-hilfstransport-fuer-ukrainische-fluechtlinge-startet-nach-kartuzy\/","url":"https:\/\/radioleinewelle.de\/index.php\/2022\/04\/10\/duderstadt-hilft-freunden-hilfstransport-fuer-ukrainische-fluechtlinge-startet-nach-kartuzy\/","name":"\u201eDuderstadt hilft Freunden\u201c Hilfstransport f\u00fcr ukrainische Fl\u00fcchtlinge startet nach Kartuzy - Radio Leinewelle","isPartOf":{"@id":"https:\/\/radioleinewelle.de\/#website"},"datePublished":"2022-04-10T06:09:21+00:00","breadcrumb":{"@id":"https:\/\/radioleinewelle.de\/index.php\/2022\/04\/10\/duderstadt-hilft-freunden-hilfstransport-fuer-ukrainische-fluechtlinge-startet-nach-kartuzy\/#breadcrumb"},"inLanguage":"de","potentialAction":[{"@type":"ReadAction","target":["https:\/\/radioleinewelle.de\/index.php\/2022\/04\/10\/duderstadt-hilft-freunden-hilfstransport-fuer-ukrainische-fluechtlinge-startet-nach-kartuzy\/"]}]},{"@type":"BreadcrumbList","@id":"https:\/\/radioleinewelle.de\/index.php\/2022\/04\/10\/duderstadt-hilft-freunden-hilfstransport-fuer-ukrainische-fluechtlinge-startet-nach-kartuzy\/#breadcrumb","itemListElement":[{"@type":"ListItem","position":1,"name":"Startseite","item":"https:\/\/radioleinewelle.de\/"},{"@type":"ListItem","position":2,"name":"\u201eDuderstadt hilft Freunden\u201c Hilfstransport f\u00fcr ukrainische Fl\u00fcchtlinge startet nach Kartuzy"}]},{"@type":"WebSite","@id":"https:\/\/radioleinewelle.de\/#website","url":"https:\/\/radioleinewelle.de\/","name":"Radio Leinewelle","description":"","publisher":{"@id":"https:\/\/radioleinewelle.de\/#organization"},"potentialAction":[{"@type":"SearchAction","target":{"@type":"EntryPoint","urlTemplate":"https:\/\/radioleinewelle.de\/?s={search_term_string}"},"query-input":{"@type":"PropertyValueSpecification","valueRequired":true,"valueName":"search_term_string"}}],"inLanguage":"de"},{"@type":"Organization","@id":"https:\/\/radioleinewelle.de\/#organization","name":"Radio Leinewelle","alternateName":"Mein Radio f\u00fcr S\u00fcdniedersachsen","url":"https:\/\/radioleinewelle.de\/","logo":{"@type":"ImageObject","inLanguage":"de","@id":"https:\/\/radioleinewelle.de\/#\/schema\/logo\/image\/","url":"https:\/\/radioleinewelle.de\/wp-content\/uploads\/2023\/11\/cropped-Leinewelle_Logo_weiss.png","contentUrl":"https:\/\/radioleinewelle.de\/wp-content\/uploads\/2023\/11\/cropped-Leinewelle_Logo_weiss.png","width":854,"height":260,"caption":"Radio Leinewelle"},"image":{"@id":"https:\/\/radioleinewelle.de\/#\/schema\/logo\/image\/"},"sameAs":["https:\/\/www.facebook.com\/radioleinewelle","https:\/\/x.com\/RLeinewelle","https:\/\/www.instagram.com\/radioleinewelle\/?hl=de"]},{"@type":"Person","@id":"https:\/\/radioleinewelle.de\/#\/schema\/person\/45606f348637df637192dc1b68399a63","name":"Leinewelle","image":{"@type":"ImageObject","inLanguage":"de","@id":"https:\/\/secure.gravatar.com\/avatar\/05c9a17bc973052ee5d91549bd32fb4dd0dc85b7b85ae94b2e2b4943476bbea5?s=96&d=blank&r=g","url":"https:\/\/secure.gravatar.com\/avatar\/05c9a17bc973052ee5d91549bd32fb4dd0dc85b7b85ae94b2e2b4943476bbea5?s=96&d=blank&r=g","contentUrl":"https:\/\/secure.gravatar.com\/avatar\/05c9a17bc973052ee5d91549bd32fb4dd0dc85b7b85ae94b2e2b4943476bbea5?s=96&d=blank&r=g","caption":"Leinewelle"},"sameAs":["http:\/\/localhost\/radio%20leinewelle\/wordpress","https:\/\/www.facebook.com\/radioleinewelle","https:\/\/www.instagram.com\/radioleinewelle","https:\/\/x.com\/https:\/\/twitter.com\/RLeinewelle?ref_src=twsrcgoogletwcampserptwgrauthor","https:\/\/soundcloud.com\/foerderverein-lokalradio?utm_source=clipboard&utm_medium=text&utm_campaign=social_sharing"],"url":"https:\/\/radioleinewelle.de\/index.php\/author\/leinewelle\/"}]}},"_links":{"self":[{"href":"https:\/\/radioleinewelle.de\/index.php\/wp-json\/wp\/v2\/posts\/13722","targetHints":{"allow":["GET"]}}],"collection":[{"href":"https:\/\/radioleinewelle.de\/index.php\/wp-json\/wp\/v2\/posts"}],"about":[{"href":"https:\/\/radioleinewelle.de\/index.php\/wp-json\/wp\/v2\/types\/post"}],"author":[{"embeddable":true,"href":"https:\/\/radioleinewelle.de\/index.php\/wp-json\/wp\/v2\/users\/1"}],"replies":[{"embeddable":true,"href":"https:\/\/radioleinewelle.de\/index.php\/wp-json\/wp\/v2\/comments?post=13722"}],"version-history":[{"count":0,"href":"https:\/\/radioleinewelle.de\/index.php\/wp-json\/wp\/v2\/posts\/13722\/revisions"}],"wp:attachment":[{"href":"https:\/\/radioleinewelle.de\/index.php\/wp-json\/wp\/v2\/media?parent=13722"}],"wp:term":[{"taxonomy":"category","embeddable":true,"href":"https:\/\/radioleinewelle.de\/index.php\/wp-json\/wp\/v2\/categories?post=13722"},{"taxonomy":"post_tag","embeddable":true,"href":"https:\/\/radioleinewelle.de\/index.php\/wp-json\/wp\/v2\/tags?post=13722"}],"curies":[{"name":"wp","href":"https:\/\/api.w.org\/{rel}","templated":true}]}}