{"id":13776,"date":"2022-04-13T06:52:18","date_gmt":"2022-04-13T04:52:18","guid":{"rendered":"https:\/\/radioleinewelle.de\/?p=13776"},"modified":"2022-04-13T06:52:18","modified_gmt":"2022-04-13T04:52:18","slug":"osterode-zukunftsallee-am-nassen-weg-erste-baeume-der-aktion-ein-baum-fuers-baby","status":"publish","type":"post","link":"https:\/\/radioleinewelle.de\/index.php\/2022\/04\/13\/osterode-zukunftsallee-am-nassen-weg-erste-baeume-der-aktion-ein-baum-fuers-baby\/","title":{"rendered":"Osterode: Zukunftsallee am \u201eNassen Weg\u201c Erste B\u00e4ume der Aktion ein Baum f\u00fcrs Baby"},"content":{"rendered":"\n<p>Trotz des nasskalten Wetters hatten sich am ersten Aprilwochenende Eltern mit ihrem teilweise erst vor kurzem geborenen Nachwuchs und Kinder des Waldkindergartens \u201eDie Waldf\u00fcchse\u201c eingefunden, um die ersten B\u00e4ume der \u201eZukunftsallee\u201c der Stadt Osterode am Harz am \u201eNassen Weg\u201c zu pflanzen. Begleitet wurden Sie dabei von Liedermacher Frank Bode, der mit seinen Kinderliedern zum Mitsingen und Mitmachen einlud.&nbsp;Helga Klages, Erste stellvertretende B\u00fcrgermeisterin der Stadt Osterode am Harz, freute sich w\u00e4hrend Ihrer Begr\u00fc\u00dfung \u00fcber die gro\u00dfe Resonanz und bedankte sich bei allen Mitwirkenden f\u00fcr die gute Zusammenarbeit. Voller Eifer waren die Kinder des Waldkindergartens w\u00e4hrend der Veranstaltung dabei, die Setzlinge ordnungsgem\u00e4\u00df in die Erde zu bringen und die von der Jugendwerkstatt der Stadt Osterode am Harz angefertigten Namensschilder zu befestigen. Wer m\u00f6chte, kann jederzeit den irgendwann nicht mehr ben\u00f6tigten \u201eSchnuller\u201c am Eingang der Zukunftsallee an den daf\u00fcr vorgesehenen Schnullerbaum h\u00e4ngen.<\/p>\n\n\n\n<p>Der n\u00e4chste Pflanztermin, f\u00fcr die in 2022 neugeborenen Kinder ist Samstag, der 05. November 2022, um 10.00 Uhr.<\/p>\n\n\n\n<p>Foto: Stadtf\u00f6rster Rudolf Buff erl\u00e4utert die Pflanzungen \u00a9Stadt Osterode<\/p>\n","protected":false},"excerpt":{"rendered":"<p>Trotz des nasskalten Wetters hatten sich am ersten Aprilwochenende Eltern mit ihrem teilweise erst vor kurzem geborenen Nachwuchs und Kinder des Waldkindergartens \u201eDie Waldf\u00fcchse\u201c eingefunden, um die ersten B\u00e4ume der \u201eZukunftsallee\u201c der Stadt Osterode am Harz am \u201eNassen Weg\u201c zu pflanzen. Begleitet wurden Sie dabei von Liedermacher Frank Bode, der mit seinen Kinderliedern zum Mitsingen [&hellip;]<\/p>\n","protected":false},"author":1,"featured_media":13778,"comment_status":"closed","ping_status":"closed","sticky":false,"template":"","format":"standard","meta":{"saved_in_kubio":false,"footnotes":""},"categories":[32],"tags":[],"class_list":["post-13776","post","type-post","status-publish","format-standard","has-post-thumbnail","hentry","category-natur-umwelt"],"yoast_head":"<!-- This site is optimized with the Yoast SEO plugin v27.4 - https:\/\/yoast.com\/product\/yoast-seo-wordpress\/ -->\n<title>Osterode: Zukunftsallee am \u201eNassen Weg\u201c Erste B\u00e4ume der Aktion ein Baum f\u00fcrs Baby - Radio Leinewelle<\/title>\n<meta name=\"robots\" content=\"index, follow, max-snippet:-1, max-image-preview:large, max-video-preview:-1\" \/>\n<link rel=\"canonical\" href=\"https:\/\/radioleinewelle.de\/index.php\/2022\/04\/13\/osterode-zukunftsallee-am-nassen-weg-erste-baeume-der-aktion-ein-baum-fuers-baby\/\" \/>\n<meta property=\"og:locale\" content=\"de_DE\" \/>\n<meta property=\"og:type\" content=\"article\" \/>\n<meta property=\"og:title\" content=\"Osterode: Zukunftsallee am \u201eNassen Weg\u201c Erste B\u00e4ume der Aktion ein Baum f\u00fcrs Baby - Radio Leinewelle\" \/>\n<meta property=\"og:description\" content=\"Trotz des nasskalten Wetters hatten sich am ersten Aprilwochenende Eltern mit ihrem teilweise erst vor kurzem geborenen Nachwuchs und Kinder des Waldkindergartens \u201eDie Waldf\u00fcchse\u201c eingefunden, um die ersten B\u00e4ume der \u201eZukunftsallee\u201c der Stadt Osterode am Harz am \u201eNassen Weg\u201c zu pflanzen. Begleitet wurden Sie dabei von Liedermacher Frank Bode, der mit seinen Kinderliedern zum Mitsingen [&hellip;]\" \/>\n<meta property=\"og:url\" content=\"https:\/\/radioleinewelle.de\/index.php\/2022\/04\/13\/osterode-zukunftsallee-am-nassen-weg-erste-baeume-der-aktion-ein-baum-fuers-baby\/\" \/>\n<meta property=\"og:site_name\" content=\"Radio Leinewelle\" \/>\n<meta property=\"article:publisher\" content=\"https:\/\/www.facebook.com\/radioleinewelle\" \/>\n<meta property=\"article:author\" content=\"https:\/\/www.facebook.com\/radioleinewelle\" \/>\n<meta property=\"article:published_time\" content=\"2022-04-13T04:52:18+00:00\" \/>\n<meta property=\"og:image\" content=\"https:\/\/radioleinewelle.de\/wp-content\/uploads\/2022\/04\/Zukunftsallee-Pflanztermin-Rudolf-Buff-erlaeutert-die-Pfl-anzungen-scaled-e1649825513793.jpg\" \/>\n\t<meta property=\"og:image:width\" content=\"600\" \/>\n\t<meta property=\"og:image:height\" content=\"331\" \/>\n\t<meta property=\"og:image:type\" content=\"image\/jpeg\" \/>\n<meta name=\"author\" content=\"Leinewelle\" \/>\n<meta name=\"twitter:card\" content=\"summary_large_image\" \/>\n<meta name=\"twitter:creator\" content=\"@https:\/\/twitter.com\/RLeinewelle?ref_src=twsrcgoogletwcampserptwgrauthor\" \/>\n<meta name=\"twitter:site\" content=\"@RLeinewelle\" \/>\n<meta name=\"twitter:label1\" content=\"Verfasst von\" \/>\n\t<meta name=\"twitter:data1\" content=\"Leinewelle\" \/>\n\t<meta name=\"twitter:label2\" content=\"Gesch\u00e4tzte Lesezeit\" \/>\n\t<meta name=\"twitter:data2\" content=\"1\u00a0Minute\" \/>\n<script type=\"application\/ld+json\" class=\"yoast-schema-graph\">{\"@context\":\"https:\\\/\\\/schema.org\",\"@graph\":[{\"@type\":\"Article\",\"@id\":\"https:\\\/\\\/radioleinewelle.de\\\/index.php\\\/2022\\\/04\\\/13\\\/osterode-zukunftsallee-am-nassen-weg-erste-baeume-der-aktion-ein-baum-fuers-baby\\\/#article\",\"isPartOf\":{\"@id\":\"https:\\\/\\\/radioleinewelle.de\\\/index.php\\\/2022\\\/04\\\/13\\\/osterode-zukunftsallee-am-nassen-weg-erste-baeume-der-aktion-ein-baum-fuers-baby\\\/\"},\"author\":{\"name\":\"Leinewelle\",\"@id\":\"https:\\\/\\\/radioleinewelle.de\\\/#\\\/schema\\\/person\\\/45606f348637df637192dc1b68399a63\"},\"headline\":\"Osterode: Zukunftsallee am \u201eNassen Weg\u201c Erste B\u00e4ume der Aktion ein Baum f\u00fcrs Baby\",\"datePublished\":\"2022-04-13T04:52:18+00:00\",\"mainEntityOfPage\":{\"@id\":\"https:\\\/\\\/radioleinewelle.de\\\/index.php\\\/2022\\\/04\\\/13\\\/osterode-zukunftsallee-am-nassen-weg-erste-baeume-der-aktion-ein-baum-fuers-baby\\\/\"},\"wordCount\":195,\"publisher\":{\"@id\":\"https:\\\/\\\/radioleinewelle.de\\\/#organization\"},\"image\":{\"@id\":\"https:\\\/\\\/radioleinewelle.de\\\/index.php\\\/2022\\\/04\\\/13\\\/osterode-zukunftsallee-am-nassen-weg-erste-baeume-der-aktion-ein-baum-fuers-baby\\\/#primaryimage\"},\"thumbnailUrl\":\"https:\\\/\\\/radioleinewelle.de\\\/wp-content\\\/uploads\\\/2022\\\/04\\\/Zukunftsallee-Pflanztermin-Rudolf-Buff-erlaeutert-die-Pfl-anzungen-scaled-e1649825513793.jpg\",\"articleSection\":[\"Natur &amp; Umwelt\"],\"inLanguage\":\"de\"},{\"@type\":\"WebPage\",\"@id\":\"https:\\\/\\\/radioleinewelle.de\\\/index.php\\\/2022\\\/04\\\/13\\\/osterode-zukunftsallee-am-nassen-weg-erste-baeume-der-aktion-ein-baum-fuers-baby\\\/\",\"url\":\"https:\\\/\\\/radioleinewelle.de\\\/index.php\\\/2022\\\/04\\\/13\\\/osterode-zukunftsallee-am-nassen-weg-erste-baeume-der-aktion-ein-baum-fuers-baby\\\/\",\"name\":\"Osterode: Zukunftsallee am \u201eNassen Weg\u201c Erste B\u00e4ume der Aktion ein Baum f\u00fcrs Baby - Radio Leinewelle\",\"isPartOf\":{\"@id\":\"https:\\\/\\\/radioleinewelle.de\\\/#website\"},\"primaryImageOfPage\":{\"@id\":\"https:\\\/\\\/radioleinewelle.de\\\/index.php\\\/2022\\\/04\\\/13\\\/osterode-zukunftsallee-am-nassen-weg-erste-baeume-der-aktion-ein-baum-fuers-baby\\\/#primaryimage\"},\"image\":{\"@id\":\"https:\\\/\\\/radioleinewelle.de\\\/index.php\\\/2022\\\/04\\\/13\\\/osterode-zukunftsallee-am-nassen-weg-erste-baeume-der-aktion-ein-baum-fuers-baby\\\/#primaryimage\"},\"thumbnailUrl\":\"https:\\\/\\\/radioleinewelle.de\\\/wp-content\\\/uploads\\\/2022\\\/04\\\/Zukunftsallee-Pflanztermin-Rudolf-Buff-erlaeutert-die-Pfl-anzungen-scaled-e1649825513793.jpg\",\"datePublished\":\"2022-04-13T04:52:18+00:00\",\"breadcrumb\":{\"@id\":\"https:\\\/\\\/radioleinewelle.de\\\/index.php\\\/2022\\\/04\\\/13\\\/osterode-zukunftsallee-am-nassen-weg-erste-baeume-der-aktion-ein-baum-fuers-baby\\\/#breadcrumb\"},\"inLanguage\":\"de\",\"potentialAction\":[{\"@type\":\"ReadAction\",\"target\":[\"https:\\\/\\\/radioleinewelle.de\\\/index.php\\\/2022\\\/04\\\/13\\\/osterode-zukunftsallee-am-nassen-weg-erste-baeume-der-aktion-ein-baum-fuers-baby\\\/\"]}]},{\"@type\":\"ImageObject\",\"inLanguage\":\"de\",\"@id\":\"https:\\\/\\\/radioleinewelle.de\\\/index.php\\\/2022\\\/04\\\/13\\\/osterode-zukunftsallee-am-nassen-weg-erste-baeume-der-aktion-ein-baum-fuers-baby\\\/#primaryimage\",\"url\":\"https:\\\/\\\/radioleinewelle.de\\\/wp-content\\\/uploads\\\/2022\\\/04\\\/Zukunftsallee-Pflanztermin-Rudolf-Buff-erlaeutert-die-Pfl-anzungen-scaled-e1649825513793.jpg\",\"contentUrl\":\"https:\\\/\\\/radioleinewelle.de\\\/wp-content\\\/uploads\\\/2022\\\/04\\\/Zukunftsallee-Pflanztermin-Rudolf-Buff-erlaeutert-die-Pfl-anzungen-scaled-e1649825513793.jpg\",\"width\":600,\"height\":331},{\"@type\":\"BreadcrumbList\",\"@id\":\"https:\\\/\\\/radioleinewelle.de\\\/index.php\\\/2022\\\/04\\\/13\\\/osterode-zukunftsallee-am-nassen-weg-erste-baeume-der-aktion-ein-baum-fuers-baby\\\/#breadcrumb\",\"itemListElement\":[{\"@type\":\"ListItem\",\"position\":1,\"name\":\"Startseite\",\"item\":\"https:\\\/\\\/radioleinewelle.de\\\/\"},{\"@type\":\"ListItem\",\"position\":2,\"name\":\"Osterode: Zukunftsallee am \u201eNassen Weg\u201c Erste B\u00e4ume der Aktion ein Baum f\u00fcrs Baby\"}]},{\"@type\":\"WebSite\",\"@id\":\"https:\\\/\\\/radioleinewelle.de\\\/#website\",\"url\":\"https:\\\/\\\/radioleinewelle.de\\\/\",\"name\":\"Radio Leinewelle\",\"description\":\"\",\"publisher\":{\"@id\":\"https:\\\/\\\/radioleinewelle.de\\\/#organization\"},\"potentialAction\":[{\"@type\":\"SearchAction\",\"target\":{\"@type\":\"EntryPoint\",\"urlTemplate\":\"https:\\\/\\\/radioleinewelle.de\\\/?s={search_term_string}\"},\"query-input\":{\"@type\":\"PropertyValueSpecification\",\"valueRequired\":true,\"valueName\":\"search_term_string\"}}],\"inLanguage\":\"de\"},{\"@type\":\"Organization\",\"@id\":\"https:\\\/\\\/radioleinewelle.de\\\/#organization\",\"name\":\"Radio Leinewelle\",\"alternateName\":\"Mein Radio f\u00fcr S\u00fcdniedersachsen\",\"url\":\"https:\\\/\\\/radioleinewelle.de\\\/\",\"logo\":{\"@type\":\"ImageObject\",\"inLanguage\":\"de\",\"@id\":\"https:\\\/\\\/radioleinewelle.de\\\/#\\\/schema\\\/logo\\\/image\\\/\",\"url\":\"https:\\\/\\\/radioleinewelle.de\\\/wp-content\\\/uploads\\\/2023\\\/11\\\/cropped-Leinewelle_Logo_weiss.png\",\"contentUrl\":\"https:\\\/\\\/radioleinewelle.de\\\/wp-content\\\/uploads\\\/2023\\\/11\\\/cropped-Leinewelle_Logo_weiss.png\",\"width\":854,\"height\":260,\"caption\":\"Radio Leinewelle\"},\"image\":{\"@id\":\"https:\\\/\\\/radioleinewelle.de\\\/#\\\/schema\\\/logo\\\/image\\\/\"},\"sameAs\":[\"https:\\\/\\\/www.facebook.com\\\/radioleinewelle\",\"https:\\\/\\\/x.com\\\/RLeinewelle\",\"https:\\\/\\\/www.instagram.com\\\/radioleinewelle\\\/?hl=de\"]},{\"@type\":\"Person\",\"@id\":\"https:\\\/\\\/radioleinewelle.de\\\/#\\\/schema\\\/person\\\/45606f348637df637192dc1b68399a63\",\"name\":\"Leinewelle\",\"image\":{\"@type\":\"ImageObject\",\"inLanguage\":\"de\",\"@id\":\"https:\\\/\\\/secure.gravatar.com\\\/avatar\\\/05c9a17bc973052ee5d91549bd32fb4dd0dc85b7b85ae94b2e2b4943476bbea5?s=96&d=blank&r=g\",\"url\":\"https:\\\/\\\/secure.gravatar.com\\\/avatar\\\/05c9a17bc973052ee5d91549bd32fb4dd0dc85b7b85ae94b2e2b4943476bbea5?s=96&d=blank&r=g\",\"contentUrl\":\"https:\\\/\\\/secure.gravatar.com\\\/avatar\\\/05c9a17bc973052ee5d91549bd32fb4dd0dc85b7b85ae94b2e2b4943476bbea5?s=96&d=blank&r=g\",\"caption\":\"Leinewelle\"},\"sameAs\":[\"http:\\\/\\\/localhost\\\/radio%20leinewelle\\\/wordpress\",\"https:\\\/\\\/www.facebook.com\\\/radioleinewelle\",\"https:\\\/\\\/www.instagram.com\\\/radioleinewelle\",\"https:\\\/\\\/x.com\\\/https:\\\/\\\/twitter.com\\\/RLeinewelle?ref_src=twsrcgoogletwcampserptwgrauthor\",\"https:\\\/\\\/soundcloud.com\\\/foerderverein-lokalradio?utm_source=clipboard&utm_medium=text&utm_campaign=social_sharing\"],\"url\":\"https:\\\/\\\/radioleinewelle.de\\\/index.php\\\/author\\\/leinewelle\\\/\"}]}<\/script>\n<!-- \/ Yoast SEO plugin. -->","yoast_head_json":{"title":"Osterode: Zukunftsallee am \u201eNassen Weg\u201c Erste B\u00e4ume der Aktion ein Baum f\u00fcrs Baby - Radio Leinewelle","robots":{"index":"index","follow":"follow","max-snippet":"max-snippet:-1","max-image-preview":"max-image-preview:large","max-video-preview":"max-video-preview:-1"},"canonical":"https:\/\/radioleinewelle.de\/index.php\/2022\/04\/13\/osterode-zukunftsallee-am-nassen-weg-erste-baeume-der-aktion-ein-baum-fuers-baby\/","og_locale":"de_DE","og_type":"article","og_title":"Osterode: Zukunftsallee am \u201eNassen Weg\u201c Erste B\u00e4ume der Aktion ein Baum f\u00fcrs Baby - Radio Leinewelle","og_description":"Trotz des nasskalten Wetters hatten sich am ersten Aprilwochenende Eltern mit ihrem teilweise erst vor kurzem geborenen Nachwuchs und Kinder des Waldkindergartens \u201eDie Waldf\u00fcchse\u201c eingefunden, um die ersten B\u00e4ume der \u201eZukunftsallee\u201c der Stadt Osterode am Harz am \u201eNassen Weg\u201c zu pflanzen. Begleitet wurden Sie dabei von Liedermacher Frank Bode, der mit seinen Kinderliedern zum Mitsingen [&hellip;]","og_url":"https:\/\/radioleinewelle.de\/index.php\/2022\/04\/13\/osterode-zukunftsallee-am-nassen-weg-erste-baeume-der-aktion-ein-baum-fuers-baby\/","og_site_name":"Radio Leinewelle","article_publisher":"https:\/\/www.facebook.com\/radioleinewelle","article_author":"https:\/\/www.facebook.com\/radioleinewelle","article_published_time":"2022-04-13T04:52:18+00:00","og_image":[{"width":600,"height":331,"url":"https:\/\/radioleinewelle.de\/wp-content\/uploads\/2022\/04\/Zukunftsallee-Pflanztermin-Rudolf-Buff-erlaeutert-die-Pfl-anzungen-scaled-e1649825513793.jpg","type":"image\/jpeg"}],"author":"Leinewelle","twitter_card":"summary_large_image","twitter_creator":"@https:\/\/twitter.com\/RLeinewelle?ref_src=twsrcgoogletwcampserptwgrauthor","twitter_site":"@RLeinewelle","twitter_misc":{"Verfasst von":"Leinewelle","Gesch\u00e4tzte Lesezeit":"1\u00a0Minute"},"schema":{"@context":"https:\/\/schema.org","@graph":[{"@type":"Article","@id":"https:\/\/radioleinewelle.de\/index.php\/2022\/04\/13\/osterode-zukunftsallee-am-nassen-weg-erste-baeume-der-aktion-ein-baum-fuers-baby\/#article","isPartOf":{"@id":"https:\/\/radioleinewelle.de\/index.php\/2022\/04\/13\/osterode-zukunftsallee-am-nassen-weg-erste-baeume-der-aktion-ein-baum-fuers-baby\/"},"author":{"name":"Leinewelle","@id":"https:\/\/radioleinewelle.de\/#\/schema\/person\/45606f348637df637192dc1b68399a63"},"headline":"Osterode: Zukunftsallee am \u201eNassen Weg\u201c Erste B\u00e4ume der Aktion ein Baum f\u00fcrs Baby","datePublished":"2022-04-13T04:52:18+00:00","mainEntityOfPage":{"@id":"https:\/\/radioleinewelle.de\/index.php\/2022\/04\/13\/osterode-zukunftsallee-am-nassen-weg-erste-baeume-der-aktion-ein-baum-fuers-baby\/"},"wordCount":195,"publisher":{"@id":"https:\/\/radioleinewelle.de\/#organization"},"image":{"@id":"https:\/\/radioleinewelle.de\/index.php\/2022\/04\/13\/osterode-zukunftsallee-am-nassen-weg-erste-baeume-der-aktion-ein-baum-fuers-baby\/#primaryimage"},"thumbnailUrl":"https:\/\/radioleinewelle.de\/wp-content\/uploads\/2022\/04\/Zukunftsallee-Pflanztermin-Rudolf-Buff-erlaeutert-die-Pfl-anzungen-scaled-e1649825513793.jpg","articleSection":["Natur &amp; Umwelt"],"inLanguage":"de"},{"@type":"WebPage","@id":"https:\/\/radioleinewelle.de\/index.php\/2022\/04\/13\/osterode-zukunftsallee-am-nassen-weg-erste-baeume-der-aktion-ein-baum-fuers-baby\/","url":"https:\/\/radioleinewelle.de\/index.php\/2022\/04\/13\/osterode-zukunftsallee-am-nassen-weg-erste-baeume-der-aktion-ein-baum-fuers-baby\/","name":"Osterode: Zukunftsallee am \u201eNassen Weg\u201c Erste B\u00e4ume der Aktion ein Baum f\u00fcrs Baby - Radio Leinewelle","isPartOf":{"@id":"https:\/\/radioleinewelle.de\/#website"},"primaryImageOfPage":{"@id":"https:\/\/radioleinewelle.de\/index.php\/2022\/04\/13\/osterode-zukunftsallee-am-nassen-weg-erste-baeume-der-aktion-ein-baum-fuers-baby\/#primaryimage"},"image":{"@id":"https:\/\/radioleinewelle.de\/index.php\/2022\/04\/13\/osterode-zukunftsallee-am-nassen-weg-erste-baeume-der-aktion-ein-baum-fuers-baby\/#primaryimage"},"thumbnailUrl":"https:\/\/radioleinewelle.de\/wp-content\/uploads\/2022\/04\/Zukunftsallee-Pflanztermin-Rudolf-Buff-erlaeutert-die-Pfl-anzungen-scaled-e1649825513793.jpg","datePublished":"2022-04-13T04:52:18+00:00","breadcrumb":{"@id":"https:\/\/radioleinewelle.de\/index.php\/2022\/04\/13\/osterode-zukunftsallee-am-nassen-weg-erste-baeume-der-aktion-ein-baum-fuers-baby\/#breadcrumb"},"inLanguage":"de","potentialAction":[{"@type":"ReadAction","target":["https:\/\/radioleinewelle.de\/index.php\/2022\/04\/13\/osterode-zukunftsallee-am-nassen-weg-erste-baeume-der-aktion-ein-baum-fuers-baby\/"]}]},{"@type":"ImageObject","inLanguage":"de","@id":"https:\/\/radioleinewelle.de\/index.php\/2022\/04\/13\/osterode-zukunftsallee-am-nassen-weg-erste-baeume-der-aktion-ein-baum-fuers-baby\/#primaryimage","url":"https:\/\/radioleinewelle.de\/wp-content\/uploads\/2022\/04\/Zukunftsallee-Pflanztermin-Rudolf-Buff-erlaeutert-die-Pfl-anzungen-scaled-e1649825513793.jpg","contentUrl":"https:\/\/radioleinewelle.de\/wp-content\/uploads\/2022\/04\/Zukunftsallee-Pflanztermin-Rudolf-Buff-erlaeutert-die-Pfl-anzungen-scaled-e1649825513793.jpg","width":600,"height":331},{"@type":"BreadcrumbList","@id":"https:\/\/radioleinewelle.de\/index.php\/2022\/04\/13\/osterode-zukunftsallee-am-nassen-weg-erste-baeume-der-aktion-ein-baum-fuers-baby\/#breadcrumb","itemListElement":[{"@type":"ListItem","position":1,"name":"Startseite","item":"https:\/\/radioleinewelle.de\/"},{"@type":"ListItem","position":2,"name":"Osterode: Zukunftsallee am \u201eNassen Weg\u201c Erste B\u00e4ume der Aktion ein Baum f\u00fcrs Baby"}]},{"@type":"WebSite","@id":"https:\/\/radioleinewelle.de\/#website","url":"https:\/\/radioleinewelle.de\/","name":"Radio Leinewelle","description":"","publisher":{"@id":"https:\/\/radioleinewelle.de\/#organization"},"potentialAction":[{"@type":"SearchAction","target":{"@type":"EntryPoint","urlTemplate":"https:\/\/radioleinewelle.de\/?s={search_term_string}"},"query-input":{"@type":"PropertyValueSpecification","valueRequired":true,"valueName":"search_term_string"}}],"inLanguage":"de"},{"@type":"Organization","@id":"https:\/\/radioleinewelle.de\/#organization","name":"Radio Leinewelle","alternateName":"Mein Radio f\u00fcr S\u00fcdniedersachsen","url":"https:\/\/radioleinewelle.de\/","logo":{"@type":"ImageObject","inLanguage":"de","@id":"https:\/\/radioleinewelle.de\/#\/schema\/logo\/image\/","url":"https:\/\/radioleinewelle.de\/wp-content\/uploads\/2023\/11\/cropped-Leinewelle_Logo_weiss.png","contentUrl":"https:\/\/radioleinewelle.de\/wp-content\/uploads\/2023\/11\/cropped-Leinewelle_Logo_weiss.png","width":854,"height":260,"caption":"Radio Leinewelle"},"image":{"@id":"https:\/\/radioleinewelle.de\/#\/schema\/logo\/image\/"},"sameAs":["https:\/\/www.facebook.com\/radioleinewelle","https:\/\/x.com\/RLeinewelle","https:\/\/www.instagram.com\/radioleinewelle\/?hl=de"]},{"@type":"Person","@id":"https:\/\/radioleinewelle.de\/#\/schema\/person\/45606f348637df637192dc1b68399a63","name":"Leinewelle","image":{"@type":"ImageObject","inLanguage":"de","@id":"https:\/\/secure.gravatar.com\/avatar\/05c9a17bc973052ee5d91549bd32fb4dd0dc85b7b85ae94b2e2b4943476bbea5?s=96&d=blank&r=g","url":"https:\/\/secure.gravatar.com\/avatar\/05c9a17bc973052ee5d91549bd32fb4dd0dc85b7b85ae94b2e2b4943476bbea5?s=96&d=blank&r=g","contentUrl":"https:\/\/secure.gravatar.com\/avatar\/05c9a17bc973052ee5d91549bd32fb4dd0dc85b7b85ae94b2e2b4943476bbea5?s=96&d=blank&r=g","caption":"Leinewelle"},"sameAs":["http:\/\/localhost\/radio%20leinewelle\/wordpress","https:\/\/www.facebook.com\/radioleinewelle","https:\/\/www.instagram.com\/radioleinewelle","https:\/\/x.com\/https:\/\/twitter.com\/RLeinewelle?ref_src=twsrcgoogletwcampserptwgrauthor","https:\/\/soundcloud.com\/foerderverein-lokalradio?utm_source=clipboard&utm_medium=text&utm_campaign=social_sharing"],"url":"https:\/\/radioleinewelle.de\/index.php\/author\/leinewelle\/"}]}},"_links":{"self":[{"href":"https:\/\/radioleinewelle.de\/index.php\/wp-json\/wp\/v2\/posts\/13776","targetHints":{"allow":["GET"]}}],"collection":[{"href":"https:\/\/radioleinewelle.de\/index.php\/wp-json\/wp\/v2\/posts"}],"about":[{"href":"https:\/\/radioleinewelle.de\/index.php\/wp-json\/wp\/v2\/types\/post"}],"author":[{"embeddable":true,"href":"https:\/\/radioleinewelle.de\/index.php\/wp-json\/wp\/v2\/users\/1"}],"replies":[{"embeddable":true,"href":"https:\/\/radioleinewelle.de\/index.php\/wp-json\/wp\/v2\/comments?post=13776"}],"version-history":[{"count":0,"href":"https:\/\/radioleinewelle.de\/index.php\/wp-json\/wp\/v2\/posts\/13776\/revisions"}],"wp:featuredmedia":[{"embeddable":true,"href":"https:\/\/radioleinewelle.de\/index.php\/wp-json\/wp\/v2\/media\/13778"}],"wp:attachment":[{"href":"https:\/\/radioleinewelle.de\/index.php\/wp-json\/wp\/v2\/media?parent=13776"}],"wp:term":[{"taxonomy":"category","embeddable":true,"href":"https:\/\/radioleinewelle.de\/index.php\/wp-json\/wp\/v2\/categories?post=13776"},{"taxonomy":"post_tag","embeddable":true,"href":"https:\/\/radioleinewelle.de\/index.php\/wp-json\/wp\/v2\/tags?post=13776"}],"curies":[{"name":"wp","href":"https:\/\/api.w.org\/{rel}","templated":true}]}}