{"id":1379,"date":"2020-09-02T05:30:26","date_gmt":"2020-09-02T03:30:26","guid":{"rendered":"https:\/\/radioleinewelle.de\/?p=1379"},"modified":"2020-09-02T05:30:26","modified_gmt":"2020-09-02T03:30:26","slug":"friedensforum-kritisiert-die-rekrutierung-von-minderjaehrigen-durch-die-bundeswehr","status":"publish","type":"post","link":"https:\/\/radioleinewelle.de\/index.php\/2020\/09\/02\/friedensforum-kritisiert-die-rekrutierung-von-minderjaehrigen-durch-die-bundeswehr\/","title":{"rendered":"Friedensforum kritisiert die Rekrutierung von Minderj\u00e4hrigen durch die Bundeswehr"},"content":{"rendered":"<p>Aus Anlass des Beginns des Zweiten Weltkrieges mit dem \u00dcberfall der deutschen Wehrmacht auf Polen am 1. September 1939 veranstaltete das G\u00f6ttinger Friedensforum eine Kundgebung \u00a0am Antikriegstag.<br \/>\nEin Sprecher des Friedensforums kritisierte in seinem Redebeitrag insbesondere die Rekrutierung von Minderj\u00e4hrigen durch die Bundeswehr. Seit dem Jahr 2011 haben 13480 Minderj\u00e4hrige eine Ausbildung bei der Bundeswehr durchlaufen, ein Vorgehen, das insbesondere durch die UNICEF und Terres Des Hommes kritisiert wird, so der Sprecher.<br \/>\nDie ehemalige Europaabgeordnete der Linken Sabine L\u00f6sing thematisierte die zunehmenden Milit\u00e4rausgaben der EU f\u00fcr milit\u00e4rische Mobilisierung, Weltraumforschung und Milit\u00e4reins\u00e4tze. Gelder, die bei der ohnehin d\u00fcnnen \u00f6ffentlichen sozialen Vorsorge \u00a0fehlen w\u00fcrden.<br \/>\nEin Vertreter von Fridays For Future wies auf die zunehmende Umweltzerst\u00f6rung durch milit\u00e4rische Aktionen hin. Eine aktive Naturzerst\u00f6rung zeige sich zur Zeit in Syrien, wo die t\u00fcrkische Armee absichtlich Fl\u00fcsse austrocknet, um die kurdischen Gebiete zu schw\u00e4chen.<\/p>\n<p>Der Antikriegstag 2020 ist ein besonderer Tag der Mahnung und des Erinnerns. Mit seinem \u00dcberfall auf Polen riss Nazi-Deutschland 1939 die Welt in den Abgrund eines bestialischen Krieges, der unermessliches Leid \u00fcber \u00a0die Menschen brachte und 60 Millionen Tote forderte. Das Ende des Zweiten Weltkriegs und die Befreiung Europas und der Welt vom Faschismus j\u00e4hren sich 2020 zum 75. Mal.<\/p>\n<p>&nbsp;<\/p>\n","protected":false},"excerpt":{"rendered":"<p>Aus Anlass des Beginns des Zweiten Weltkrieges mit dem \u00dcberfall der deutschen Wehrmacht auf Polen am 1. September 1939 veranstaltete das G\u00f6ttinger Friedensforum eine Kundgebung \u00a0am Antikriegstag. Ein Sprecher des Friedensforums kritisierte in seinem Redebeitrag insbesondere die Rekrutierung von Minderj\u00e4hrigen durch die Bundeswehr. Seit dem Jahr 2011 haben 13480 Minderj\u00e4hrige eine Ausbildung bei der Bundeswehr [&hellip;]<\/p>\n","protected":false},"author":1,"featured_media":1394,"comment_status":"closed","ping_status":"closed","sticky":false,"template":"","format":"standard","meta":{"saved_in_kubio":false,"footnotes":""},"categories":[1],"tags":[],"class_list":["post-1379","post","type-post","status-publish","format-standard","has-post-thumbnail","hentry","category-allgemein"],"yoast_head":"<!-- This site is optimized with the Yoast SEO plugin v27.5 - https:\/\/yoast.com\/product\/yoast-seo-wordpress\/ -->\n<title>Friedensforum kritisiert die Rekrutierung von Minderj\u00e4hrigen durch die Bundeswehr - Radio Leinewelle<\/title>\n<meta name=\"robots\" content=\"index, follow, max-snippet:-1, max-image-preview:large, max-video-preview:-1\" \/>\n<link rel=\"canonical\" href=\"https:\/\/radioleinewelle.de\/index.php\/2020\/09\/02\/friedensforum-kritisiert-die-rekrutierung-von-minderjaehrigen-durch-die-bundeswehr\/\" \/>\n<meta property=\"og:locale\" content=\"de_DE\" \/>\n<meta property=\"og:type\" content=\"article\" \/>\n<meta property=\"og:title\" content=\"Friedensforum kritisiert die Rekrutierung von Minderj\u00e4hrigen durch die Bundeswehr - Radio Leinewelle\" \/>\n<meta property=\"og:description\" content=\"Aus Anlass des Beginns des Zweiten Weltkrieges mit dem \u00dcberfall der deutschen Wehrmacht auf Polen am 1. September 1939 veranstaltete das G\u00f6ttinger Friedensforum eine Kundgebung \u00a0am Antikriegstag. Ein Sprecher des Friedensforums kritisierte in seinem Redebeitrag insbesondere die Rekrutierung von Minderj\u00e4hrigen durch die Bundeswehr. Seit dem Jahr 2011 haben 13480 Minderj\u00e4hrige eine Ausbildung bei der Bundeswehr [&hellip;]\" \/>\n<meta property=\"og:url\" content=\"https:\/\/radioleinewelle.de\/index.php\/2020\/09\/02\/friedensforum-kritisiert-die-rekrutierung-von-minderjaehrigen-durch-die-bundeswehr\/\" \/>\n<meta property=\"og:site_name\" content=\"Radio Leinewelle\" \/>\n<meta property=\"article:publisher\" content=\"https:\/\/www.facebook.com\/radioleinewelle\" \/>\n<meta property=\"article:author\" content=\"https:\/\/www.facebook.com\/radioleinewelle\" \/>\n<meta property=\"article:published_time\" content=\"2020-09-02T03:30:26+00:00\" \/>\n<meta property=\"og:image\" content=\"https:\/\/radioleinewelle.de\/wp-content\/uploads\/2020\/09\/Goettingen_Altes-Rathaus_Antikriegstag_12-e1598995190726.jpg\" \/>\n\t<meta property=\"og:image:width\" content=\"300\" \/>\n\t<meta property=\"og:image:height\" content=\"200\" \/>\n\t<meta property=\"og:image:type\" content=\"image\/jpeg\" \/>\n<meta name=\"author\" content=\"Leinewelle\" \/>\n<meta name=\"twitter:card\" content=\"summary_large_image\" \/>\n<meta name=\"twitter:creator\" content=\"@https:\/\/twitter.com\/RLeinewelle?ref_src=twsrcgoogletwcampserptwgrauthor\" \/>\n<meta name=\"twitter:site\" content=\"@RLeinewelle\" \/>\n<meta name=\"twitter:label1\" content=\"Verfasst von\" \/>\n\t<meta name=\"twitter:data1\" content=\"Leinewelle\" \/>\n\t<meta name=\"twitter:label2\" content=\"Gesch\u00e4tzte Lesezeit\" \/>\n\t<meta name=\"twitter:data2\" content=\"1\u00a0Minute\" \/>\n<script type=\"application\/ld+json\" class=\"yoast-schema-graph\">{\"@context\":\"https:\\\/\\\/schema.org\",\"@graph\":[{\"@type\":\"Article\",\"@id\":\"https:\\\/\\\/radioleinewelle.de\\\/index.php\\\/2020\\\/09\\\/02\\\/friedensforum-kritisiert-die-rekrutierung-von-minderjaehrigen-durch-die-bundeswehr\\\/#article\",\"isPartOf\":{\"@id\":\"https:\\\/\\\/radioleinewelle.de\\\/index.php\\\/2020\\\/09\\\/02\\\/friedensforum-kritisiert-die-rekrutierung-von-minderjaehrigen-durch-die-bundeswehr\\\/\"},\"author\":{\"name\":\"Leinewelle\",\"@id\":\"https:\\\/\\\/radioleinewelle.de\\\/#\\\/schema\\\/person\\\/45606f348637df637192dc1b68399a63\"},\"headline\":\"Friedensforum kritisiert die Rekrutierung von Minderj\u00e4hrigen durch die Bundeswehr\",\"datePublished\":\"2020-09-02T03:30:26+00:00\",\"mainEntityOfPage\":{\"@id\":\"https:\\\/\\\/radioleinewelle.de\\\/index.php\\\/2020\\\/09\\\/02\\\/friedensforum-kritisiert-die-rekrutierung-von-minderjaehrigen-durch-die-bundeswehr\\\/\"},\"wordCount\":219,\"publisher\":{\"@id\":\"https:\\\/\\\/radioleinewelle.de\\\/#organization\"},\"image\":{\"@id\":\"https:\\\/\\\/radioleinewelle.de\\\/index.php\\\/2020\\\/09\\\/02\\\/friedensforum-kritisiert-die-rekrutierung-von-minderjaehrigen-durch-die-bundeswehr\\\/#primaryimage\"},\"thumbnailUrl\":\"https:\\\/\\\/radioleinewelle.de\\\/wp-content\\\/uploads\\\/2020\\\/09\\\/Goettingen_Altes-Rathaus_Antikriegstag_12-e1598995190726.jpg\",\"inLanguage\":\"de\"},{\"@type\":\"WebPage\",\"@id\":\"https:\\\/\\\/radioleinewelle.de\\\/index.php\\\/2020\\\/09\\\/02\\\/friedensforum-kritisiert-die-rekrutierung-von-minderjaehrigen-durch-die-bundeswehr\\\/\",\"url\":\"https:\\\/\\\/radioleinewelle.de\\\/index.php\\\/2020\\\/09\\\/02\\\/friedensforum-kritisiert-die-rekrutierung-von-minderjaehrigen-durch-die-bundeswehr\\\/\",\"name\":\"Friedensforum kritisiert die Rekrutierung von Minderj\u00e4hrigen durch die Bundeswehr - Radio Leinewelle\",\"isPartOf\":{\"@id\":\"https:\\\/\\\/radioleinewelle.de\\\/#website\"},\"primaryImageOfPage\":{\"@id\":\"https:\\\/\\\/radioleinewelle.de\\\/index.php\\\/2020\\\/09\\\/02\\\/friedensforum-kritisiert-die-rekrutierung-von-minderjaehrigen-durch-die-bundeswehr\\\/#primaryimage\"},\"image\":{\"@id\":\"https:\\\/\\\/radioleinewelle.de\\\/index.php\\\/2020\\\/09\\\/02\\\/friedensforum-kritisiert-die-rekrutierung-von-minderjaehrigen-durch-die-bundeswehr\\\/#primaryimage\"},\"thumbnailUrl\":\"https:\\\/\\\/radioleinewelle.de\\\/wp-content\\\/uploads\\\/2020\\\/09\\\/Goettingen_Altes-Rathaus_Antikriegstag_12-e1598995190726.jpg\",\"datePublished\":\"2020-09-02T03:30:26+00:00\",\"breadcrumb\":{\"@id\":\"https:\\\/\\\/radioleinewelle.de\\\/index.php\\\/2020\\\/09\\\/02\\\/friedensforum-kritisiert-die-rekrutierung-von-minderjaehrigen-durch-die-bundeswehr\\\/#breadcrumb\"},\"inLanguage\":\"de\",\"potentialAction\":[{\"@type\":\"ReadAction\",\"target\":[\"https:\\\/\\\/radioleinewelle.de\\\/index.php\\\/2020\\\/09\\\/02\\\/friedensforum-kritisiert-die-rekrutierung-von-minderjaehrigen-durch-die-bundeswehr\\\/\"]}]},{\"@type\":\"ImageObject\",\"inLanguage\":\"de\",\"@id\":\"https:\\\/\\\/radioleinewelle.de\\\/index.php\\\/2020\\\/09\\\/02\\\/friedensforum-kritisiert-die-rekrutierung-von-minderjaehrigen-durch-die-bundeswehr\\\/#primaryimage\",\"url\":\"https:\\\/\\\/radioleinewelle.de\\\/wp-content\\\/uploads\\\/2020\\\/09\\\/Goettingen_Altes-Rathaus_Antikriegstag_12-e1598995190726.jpg\",\"contentUrl\":\"https:\\\/\\\/radioleinewelle.de\\\/wp-content\\\/uploads\\\/2020\\\/09\\\/Goettingen_Altes-Rathaus_Antikriegstag_12-e1598995190726.jpg\",\"width\":300,\"height\":200},{\"@type\":\"BreadcrumbList\",\"@id\":\"https:\\\/\\\/radioleinewelle.de\\\/index.php\\\/2020\\\/09\\\/02\\\/friedensforum-kritisiert-die-rekrutierung-von-minderjaehrigen-durch-die-bundeswehr\\\/#breadcrumb\",\"itemListElement\":[{\"@type\":\"ListItem\",\"position\":1,\"name\":\"Startseite\",\"item\":\"https:\\\/\\\/radioleinewelle.de\\\/\"},{\"@type\":\"ListItem\",\"position\":2,\"name\":\"Friedensforum kritisiert die Rekrutierung von Minderj\u00e4hrigen durch die Bundeswehr\"}]},{\"@type\":\"WebSite\",\"@id\":\"https:\\\/\\\/radioleinewelle.de\\\/#website\",\"url\":\"https:\\\/\\\/radioleinewelle.de\\\/\",\"name\":\"Radio Leinewelle\",\"description\":\"\",\"publisher\":{\"@id\":\"https:\\\/\\\/radioleinewelle.de\\\/#organization\"},\"potentialAction\":[{\"@type\":\"SearchAction\",\"target\":{\"@type\":\"EntryPoint\",\"urlTemplate\":\"https:\\\/\\\/radioleinewelle.de\\\/?s={search_term_string}\"},\"query-input\":{\"@type\":\"PropertyValueSpecification\",\"valueRequired\":true,\"valueName\":\"search_term_string\"}}],\"inLanguage\":\"de\"},{\"@type\":\"Organization\",\"@id\":\"https:\\\/\\\/radioleinewelle.de\\\/#organization\",\"name\":\"Radio Leinewelle\",\"alternateName\":\"Mein Radio f\u00fcr S\u00fcdniedersachsen\",\"url\":\"https:\\\/\\\/radioleinewelle.de\\\/\",\"logo\":{\"@type\":\"ImageObject\",\"inLanguage\":\"de\",\"@id\":\"https:\\\/\\\/radioleinewelle.de\\\/#\\\/schema\\\/logo\\\/image\\\/\",\"url\":\"https:\\\/\\\/radioleinewelle.de\\\/wp-content\\\/uploads\\\/2023\\\/11\\\/cropped-Leinewelle_Logo_weiss.png\",\"contentUrl\":\"https:\\\/\\\/radioleinewelle.de\\\/wp-content\\\/uploads\\\/2023\\\/11\\\/cropped-Leinewelle_Logo_weiss.png\",\"width\":854,\"height\":260,\"caption\":\"Radio Leinewelle\"},\"image\":{\"@id\":\"https:\\\/\\\/radioleinewelle.de\\\/#\\\/schema\\\/logo\\\/image\\\/\"},\"sameAs\":[\"https:\\\/\\\/www.facebook.com\\\/radioleinewelle\",\"https:\\\/\\\/x.com\\\/RLeinewelle\",\"https:\\\/\\\/www.instagram.com\\\/radioleinewelle\\\/?hl=de\"]},{\"@type\":\"Person\",\"@id\":\"https:\\\/\\\/radioleinewelle.de\\\/#\\\/schema\\\/person\\\/45606f348637df637192dc1b68399a63\",\"name\":\"Leinewelle\",\"image\":{\"@type\":\"ImageObject\",\"inLanguage\":\"de\",\"@id\":\"https:\\\/\\\/secure.gravatar.com\\\/avatar\\\/05c9a17bc973052ee5d91549bd32fb4dd0dc85b7b85ae94b2e2b4943476bbea5?s=96&d=blank&r=g\",\"url\":\"https:\\\/\\\/secure.gravatar.com\\\/avatar\\\/05c9a17bc973052ee5d91549bd32fb4dd0dc85b7b85ae94b2e2b4943476bbea5?s=96&d=blank&r=g\",\"contentUrl\":\"https:\\\/\\\/secure.gravatar.com\\\/avatar\\\/05c9a17bc973052ee5d91549bd32fb4dd0dc85b7b85ae94b2e2b4943476bbea5?s=96&d=blank&r=g\",\"caption\":\"Leinewelle\"},\"sameAs\":[\"http:\\\/\\\/localhost\\\/radio%20leinewelle\\\/wordpress\",\"https:\\\/\\\/www.facebook.com\\\/radioleinewelle\",\"https:\\\/\\\/www.instagram.com\\\/radioleinewelle\",\"https:\\\/\\\/x.com\\\/https:\\\/\\\/twitter.com\\\/RLeinewelle?ref_src=twsrcgoogletwcampserptwgrauthor\",\"https:\\\/\\\/soundcloud.com\\\/foerderverein-lokalradio?utm_source=clipboard&utm_medium=text&utm_campaign=social_sharing\"],\"url\":\"https:\\\/\\\/radioleinewelle.de\\\/index.php\\\/author\\\/leinewelle\\\/\"}]}<\/script>\n<!-- \/ Yoast SEO plugin. -->","yoast_head_json":{"title":"Friedensforum kritisiert die Rekrutierung von Minderj\u00e4hrigen durch die Bundeswehr - Radio Leinewelle","robots":{"index":"index","follow":"follow","max-snippet":"max-snippet:-1","max-image-preview":"max-image-preview:large","max-video-preview":"max-video-preview:-1"},"canonical":"https:\/\/radioleinewelle.de\/index.php\/2020\/09\/02\/friedensforum-kritisiert-die-rekrutierung-von-minderjaehrigen-durch-die-bundeswehr\/","og_locale":"de_DE","og_type":"article","og_title":"Friedensforum kritisiert die Rekrutierung von Minderj\u00e4hrigen durch die Bundeswehr - Radio Leinewelle","og_description":"Aus Anlass des Beginns des Zweiten Weltkrieges mit dem \u00dcberfall der deutschen Wehrmacht auf Polen am 1. September 1939 veranstaltete das G\u00f6ttinger Friedensforum eine Kundgebung \u00a0am Antikriegstag. Ein Sprecher des Friedensforums kritisierte in seinem Redebeitrag insbesondere die Rekrutierung von Minderj\u00e4hrigen durch die Bundeswehr. Seit dem Jahr 2011 haben 13480 Minderj\u00e4hrige eine Ausbildung bei der Bundeswehr [&hellip;]","og_url":"https:\/\/radioleinewelle.de\/index.php\/2020\/09\/02\/friedensforum-kritisiert-die-rekrutierung-von-minderjaehrigen-durch-die-bundeswehr\/","og_site_name":"Radio Leinewelle","article_publisher":"https:\/\/www.facebook.com\/radioleinewelle","article_author":"https:\/\/www.facebook.com\/radioleinewelle","article_published_time":"2020-09-02T03:30:26+00:00","og_image":[{"width":300,"height":200,"url":"https:\/\/radioleinewelle.de\/wp-content\/uploads\/2020\/09\/Goettingen_Altes-Rathaus_Antikriegstag_12-e1598995190726.jpg","type":"image\/jpeg"}],"author":"Leinewelle","twitter_card":"summary_large_image","twitter_creator":"@https:\/\/twitter.com\/RLeinewelle?ref_src=twsrcgoogletwcampserptwgrauthor","twitter_site":"@RLeinewelle","twitter_misc":{"Verfasst von":"Leinewelle","Gesch\u00e4tzte Lesezeit":"1\u00a0Minute"},"schema":{"@context":"https:\/\/schema.org","@graph":[{"@type":"Article","@id":"https:\/\/radioleinewelle.de\/index.php\/2020\/09\/02\/friedensforum-kritisiert-die-rekrutierung-von-minderjaehrigen-durch-die-bundeswehr\/#article","isPartOf":{"@id":"https:\/\/radioleinewelle.de\/index.php\/2020\/09\/02\/friedensforum-kritisiert-die-rekrutierung-von-minderjaehrigen-durch-die-bundeswehr\/"},"author":{"name":"Leinewelle","@id":"https:\/\/radioleinewelle.de\/#\/schema\/person\/45606f348637df637192dc1b68399a63"},"headline":"Friedensforum kritisiert die Rekrutierung von Minderj\u00e4hrigen durch die Bundeswehr","datePublished":"2020-09-02T03:30:26+00:00","mainEntityOfPage":{"@id":"https:\/\/radioleinewelle.de\/index.php\/2020\/09\/02\/friedensforum-kritisiert-die-rekrutierung-von-minderjaehrigen-durch-die-bundeswehr\/"},"wordCount":219,"publisher":{"@id":"https:\/\/radioleinewelle.de\/#organization"},"image":{"@id":"https:\/\/radioleinewelle.de\/index.php\/2020\/09\/02\/friedensforum-kritisiert-die-rekrutierung-von-minderjaehrigen-durch-die-bundeswehr\/#primaryimage"},"thumbnailUrl":"https:\/\/radioleinewelle.de\/wp-content\/uploads\/2020\/09\/Goettingen_Altes-Rathaus_Antikriegstag_12-e1598995190726.jpg","inLanguage":"de"},{"@type":"WebPage","@id":"https:\/\/radioleinewelle.de\/index.php\/2020\/09\/02\/friedensforum-kritisiert-die-rekrutierung-von-minderjaehrigen-durch-die-bundeswehr\/","url":"https:\/\/radioleinewelle.de\/index.php\/2020\/09\/02\/friedensforum-kritisiert-die-rekrutierung-von-minderjaehrigen-durch-die-bundeswehr\/","name":"Friedensforum kritisiert die Rekrutierung von Minderj\u00e4hrigen durch die Bundeswehr - Radio Leinewelle","isPartOf":{"@id":"https:\/\/radioleinewelle.de\/#website"},"primaryImageOfPage":{"@id":"https:\/\/radioleinewelle.de\/index.php\/2020\/09\/02\/friedensforum-kritisiert-die-rekrutierung-von-minderjaehrigen-durch-die-bundeswehr\/#primaryimage"},"image":{"@id":"https:\/\/radioleinewelle.de\/index.php\/2020\/09\/02\/friedensforum-kritisiert-die-rekrutierung-von-minderjaehrigen-durch-die-bundeswehr\/#primaryimage"},"thumbnailUrl":"https:\/\/radioleinewelle.de\/wp-content\/uploads\/2020\/09\/Goettingen_Altes-Rathaus_Antikriegstag_12-e1598995190726.jpg","datePublished":"2020-09-02T03:30:26+00:00","breadcrumb":{"@id":"https:\/\/radioleinewelle.de\/index.php\/2020\/09\/02\/friedensforum-kritisiert-die-rekrutierung-von-minderjaehrigen-durch-die-bundeswehr\/#breadcrumb"},"inLanguage":"de","potentialAction":[{"@type":"ReadAction","target":["https:\/\/radioleinewelle.de\/index.php\/2020\/09\/02\/friedensforum-kritisiert-die-rekrutierung-von-minderjaehrigen-durch-die-bundeswehr\/"]}]},{"@type":"ImageObject","inLanguage":"de","@id":"https:\/\/radioleinewelle.de\/index.php\/2020\/09\/02\/friedensforum-kritisiert-die-rekrutierung-von-minderjaehrigen-durch-die-bundeswehr\/#primaryimage","url":"https:\/\/radioleinewelle.de\/wp-content\/uploads\/2020\/09\/Goettingen_Altes-Rathaus_Antikriegstag_12-e1598995190726.jpg","contentUrl":"https:\/\/radioleinewelle.de\/wp-content\/uploads\/2020\/09\/Goettingen_Altes-Rathaus_Antikriegstag_12-e1598995190726.jpg","width":300,"height":200},{"@type":"BreadcrumbList","@id":"https:\/\/radioleinewelle.de\/index.php\/2020\/09\/02\/friedensforum-kritisiert-die-rekrutierung-von-minderjaehrigen-durch-die-bundeswehr\/#breadcrumb","itemListElement":[{"@type":"ListItem","position":1,"name":"Startseite","item":"https:\/\/radioleinewelle.de\/"},{"@type":"ListItem","position":2,"name":"Friedensforum kritisiert die Rekrutierung von Minderj\u00e4hrigen durch die Bundeswehr"}]},{"@type":"WebSite","@id":"https:\/\/radioleinewelle.de\/#website","url":"https:\/\/radioleinewelle.de\/","name":"Radio Leinewelle","description":"","publisher":{"@id":"https:\/\/radioleinewelle.de\/#organization"},"potentialAction":[{"@type":"SearchAction","target":{"@type":"EntryPoint","urlTemplate":"https:\/\/radioleinewelle.de\/?s={search_term_string}"},"query-input":{"@type":"PropertyValueSpecification","valueRequired":true,"valueName":"search_term_string"}}],"inLanguage":"de"},{"@type":"Organization","@id":"https:\/\/radioleinewelle.de\/#organization","name":"Radio Leinewelle","alternateName":"Mein Radio f\u00fcr S\u00fcdniedersachsen","url":"https:\/\/radioleinewelle.de\/","logo":{"@type":"ImageObject","inLanguage":"de","@id":"https:\/\/radioleinewelle.de\/#\/schema\/logo\/image\/","url":"https:\/\/radioleinewelle.de\/wp-content\/uploads\/2023\/11\/cropped-Leinewelle_Logo_weiss.png","contentUrl":"https:\/\/radioleinewelle.de\/wp-content\/uploads\/2023\/11\/cropped-Leinewelle_Logo_weiss.png","width":854,"height":260,"caption":"Radio Leinewelle"},"image":{"@id":"https:\/\/radioleinewelle.de\/#\/schema\/logo\/image\/"},"sameAs":["https:\/\/www.facebook.com\/radioleinewelle","https:\/\/x.com\/RLeinewelle","https:\/\/www.instagram.com\/radioleinewelle\/?hl=de"]},{"@type":"Person","@id":"https:\/\/radioleinewelle.de\/#\/schema\/person\/45606f348637df637192dc1b68399a63","name":"Leinewelle","image":{"@type":"ImageObject","inLanguage":"de","@id":"https:\/\/secure.gravatar.com\/avatar\/05c9a17bc973052ee5d91549bd32fb4dd0dc85b7b85ae94b2e2b4943476bbea5?s=96&d=blank&r=g","url":"https:\/\/secure.gravatar.com\/avatar\/05c9a17bc973052ee5d91549bd32fb4dd0dc85b7b85ae94b2e2b4943476bbea5?s=96&d=blank&r=g","contentUrl":"https:\/\/secure.gravatar.com\/avatar\/05c9a17bc973052ee5d91549bd32fb4dd0dc85b7b85ae94b2e2b4943476bbea5?s=96&d=blank&r=g","caption":"Leinewelle"},"sameAs":["http:\/\/localhost\/radio%20leinewelle\/wordpress","https:\/\/www.facebook.com\/radioleinewelle","https:\/\/www.instagram.com\/radioleinewelle","https:\/\/x.com\/https:\/\/twitter.com\/RLeinewelle?ref_src=twsrcgoogletwcampserptwgrauthor","https:\/\/soundcloud.com\/foerderverein-lokalradio?utm_source=clipboard&utm_medium=text&utm_campaign=social_sharing"],"url":"https:\/\/radioleinewelle.de\/index.php\/author\/leinewelle\/"}]}},"_links":{"self":[{"href":"https:\/\/radioleinewelle.de\/index.php\/wp-json\/wp\/v2\/posts\/1379","targetHints":{"allow":["GET"]}}],"collection":[{"href":"https:\/\/radioleinewelle.de\/index.php\/wp-json\/wp\/v2\/posts"}],"about":[{"href":"https:\/\/radioleinewelle.de\/index.php\/wp-json\/wp\/v2\/types\/post"}],"author":[{"embeddable":true,"href":"https:\/\/radioleinewelle.de\/index.php\/wp-json\/wp\/v2\/users\/1"}],"replies":[{"embeddable":true,"href":"https:\/\/radioleinewelle.de\/index.php\/wp-json\/wp\/v2\/comments?post=1379"}],"version-history":[{"count":0,"href":"https:\/\/radioleinewelle.de\/index.php\/wp-json\/wp\/v2\/posts\/1379\/revisions"}],"wp:featuredmedia":[{"embeddable":true,"href":"https:\/\/radioleinewelle.de\/index.php\/wp-json\/wp\/v2\/media\/1394"}],"wp:attachment":[{"href":"https:\/\/radioleinewelle.de\/index.php\/wp-json\/wp\/v2\/media?parent=1379"}],"wp:term":[{"taxonomy":"category","embeddable":true,"href":"https:\/\/radioleinewelle.de\/index.php\/wp-json\/wp\/v2\/categories?post=1379"},{"taxonomy":"post_tag","embeddable":true,"href":"https:\/\/radioleinewelle.de\/index.php\/wp-json\/wp\/v2\/tags?post=1379"}],"curies":[{"name":"wp","href":"https:\/\/api.w.org\/{rel}","templated":true}]}}