{"id":1382,"date":"2020-09-01T05:30:01","date_gmt":"2020-09-01T03:30:01","guid":{"rendered":"https:\/\/radioleinewelle.de\/?p=1382"},"modified":"2020-09-01T05:30:01","modified_gmt":"2020-09-01T03:30:01","slug":"cdu-fraktion-will-kultur-mit-offener-buehne-unterstuetzen","status":"publish","type":"post","link":"https:\/\/radioleinewelle.de\/index.php\/2020\/09\/01\/cdu-fraktion-will-kultur-mit-offener-buehne-unterstuetzen\/","title":{"rendered":"CDU-Fraktion will Kultur mit \u201eOffener B\u00fchne\u201c unterst\u00fctzen"},"content":{"rendered":"<p>Einheitliche Spielst\u00e4tte soll organisatorischen Aufwand reduzieren und mehr Zuschauer erm\u00f6glichen<\/p>\n<p>Seitdem Kulturveranstaltungen wieder m\u00f6glich sind, versuchen fast alle Theater, Musiker und K\u00fcnstler wieder ein regul\u00e4res Kulturprogramm anzubieten. Durch die geltenden Hygiene- und Abstandsregelungen ist ein normaler Kulturbetrieb aber nicht in Sicht. Die Zuschauerzahl von fast allen B\u00fchnen der Stadt hat sich radikal verkleinert. Die Open-Air-Saison geht zudem zu Ende. Da die meisten Kulturschaffenden aber dringend auf ihre Ticket-Verk\u00e4ufe angewiesen sind, muss eine L\u00f6sung gefunden werden, wie wieder vor gr\u00f6\u00dferen Mengen gespielt werden kann.\u00a0\u201eWir schlagen vor, dass die Stadt eine \u201eOffene B\u00fchne\u201c f\u00fcr unsere vielf\u00e4ltige Kulturlandschaft zur Verf\u00fcgung stellt. Viele regul\u00e4re Spielst\u00e4tten erreichen durch die Hygiene- und Abstandsregelungen oftmals nicht die kritische Masse eines sich finanziell rechnenden Kulturbetriebes. Zudem muss der Bev\u00f6lkerung der Zugang zur Kultur wieder erleichtert werden. Ein Angebot der Stadt oder einer ihrer Tochtergesellschaften und Partner mit einer einheitlichen Spielst\u00e4tte halten wir f\u00fcr unbedingt n\u00f6tig. Nur so kann der organisatorische Aufwand f\u00fcr die Kultur reduziert und wieder gr\u00f6\u00dferes Publikum erm\u00f6glicht werden. Eine einheitliche B\u00fchne, bei der Hygienekonzept, Abstandsregelungen und Ticketing immer gleich w\u00e4ren, w\u00fcrde vielen helfen einen Weg zur\u00fcck in den Kultur-Alltag zu finden\u201c, so die kulturpolitische Sprecherin der Fraktion, Wibke G\u00fcntzler.<\/p>\n<p>Als Beispiele f\u00fchrt die CDU die gro\u00dfen Schul-Aulen an, die am Wochenende ungenutzt blieben. Ebenso sei in der Lokhalle eine solche \u201eOffene B\u00fchne\u201c denkbar. \u201eDas G\u00f6ttinger Symphonie Orchester f\u00e4ngt in dieser Woche wieder an, dort Konzerte zu geben. Was ist aber mit den Tagen, an denen keine Auff\u00fchrungen stattfinden, B\u00fchne und Bestuhlung aber stehen bleiben? Auch dar\u00fcber hinaus wird es noch viele M\u00f6glichkeiten geben, schlie\u00dflich ist die Auslastung unserer Veranstaltungsr\u00e4ume coronabedingt eher mau\u201c, so G\u00fcntzler.<\/p>\n<p>Der Antrag wird in der \u00f6ffentlichen Sitzung des Rates der Stadt G\u00f6ttingen am 18. September 2020 beraten.<\/p>\n","protected":false},"excerpt":{"rendered":"<p>Einheitliche Spielst\u00e4tte soll organisatorischen Aufwand reduzieren und mehr Zuschauer erm\u00f6glichen Seitdem Kulturveranstaltungen wieder m\u00f6glich sind, versuchen fast alle Theater, Musiker und K\u00fcnstler wieder ein regul\u00e4res Kulturprogramm anzubieten. Durch die geltenden Hygiene- und Abstandsregelungen ist ein normaler Kulturbetrieb aber nicht in Sicht. Die Zuschauerzahl von fast allen B\u00fchnen der Stadt hat sich radikal verkleinert. Die Open-Air-Saison [&hellip;]<\/p>\n","protected":false},"author":1,"featured_media":0,"comment_status":"closed","ping_status":"closed","sticky":false,"template":"","format":"standard","meta":{"saved_in_kubio":false,"footnotes":""},"categories":[1],"tags":[],"class_list":["post-1382","post","type-post","status-publish","format-standard","hentry","category-allgemein"],"yoast_head":"<!-- This site is optimized with the Yoast SEO plugin v27.5 - https:\/\/yoast.com\/product\/yoast-seo-wordpress\/ -->\n<title>CDU-Fraktion will Kultur mit \u201eOffener B\u00fchne\u201c unterst\u00fctzen - Radio Leinewelle<\/title>\n<meta name=\"robots\" content=\"index, follow, max-snippet:-1, max-image-preview:large, max-video-preview:-1\" \/>\n<link rel=\"canonical\" href=\"https:\/\/radioleinewelle.de\/index.php\/2020\/09\/01\/cdu-fraktion-will-kultur-mit-offener-buehne-unterstuetzen\/\" \/>\n<meta property=\"og:locale\" content=\"de_DE\" \/>\n<meta property=\"og:type\" content=\"article\" \/>\n<meta property=\"og:title\" content=\"CDU-Fraktion will Kultur mit \u201eOffener B\u00fchne\u201c unterst\u00fctzen - Radio Leinewelle\" \/>\n<meta property=\"og:description\" content=\"Einheitliche Spielst\u00e4tte soll organisatorischen Aufwand reduzieren und mehr Zuschauer erm\u00f6glichen Seitdem Kulturveranstaltungen wieder m\u00f6glich sind, versuchen fast alle Theater, Musiker und K\u00fcnstler wieder ein regul\u00e4res Kulturprogramm anzubieten. Durch die geltenden Hygiene- und Abstandsregelungen ist ein normaler Kulturbetrieb aber nicht in Sicht. Die Zuschauerzahl von fast allen B\u00fchnen der Stadt hat sich radikal verkleinert. Die Open-Air-Saison [&hellip;]\" \/>\n<meta property=\"og:url\" content=\"https:\/\/radioleinewelle.de\/index.php\/2020\/09\/01\/cdu-fraktion-will-kultur-mit-offener-buehne-unterstuetzen\/\" \/>\n<meta property=\"og:site_name\" content=\"Radio Leinewelle\" \/>\n<meta property=\"article:publisher\" content=\"https:\/\/www.facebook.com\/radioleinewelle\" \/>\n<meta property=\"article:author\" content=\"https:\/\/www.facebook.com\/radioleinewelle\" \/>\n<meta property=\"article:published_time\" content=\"2020-09-01T03:30:01+00:00\" \/>\n<meta name=\"author\" content=\"Leinewelle\" \/>\n<meta name=\"twitter:card\" content=\"summary_large_image\" \/>\n<meta name=\"twitter:creator\" content=\"@https:\/\/twitter.com\/RLeinewelle?ref_src=twsrcgoogletwcampserptwgrauthor\" \/>\n<meta name=\"twitter:site\" content=\"@RLeinewelle\" \/>\n<meta name=\"twitter:label1\" content=\"Verfasst von\" \/>\n\t<meta name=\"twitter:data1\" content=\"Leinewelle\" \/>\n\t<meta name=\"twitter:label2\" content=\"Gesch\u00e4tzte Lesezeit\" \/>\n\t<meta name=\"twitter:data2\" content=\"2\u00a0Minuten\" \/>\n<script type=\"application\/ld+json\" class=\"yoast-schema-graph\">{\"@context\":\"https:\\\/\\\/schema.org\",\"@graph\":[{\"@type\":\"Article\",\"@id\":\"https:\\\/\\\/radioleinewelle.de\\\/index.php\\\/2020\\\/09\\\/01\\\/cdu-fraktion-will-kultur-mit-offener-buehne-unterstuetzen\\\/#article\",\"isPartOf\":{\"@id\":\"https:\\\/\\\/radioleinewelle.de\\\/index.php\\\/2020\\\/09\\\/01\\\/cdu-fraktion-will-kultur-mit-offener-buehne-unterstuetzen\\\/\"},\"author\":{\"name\":\"Leinewelle\",\"@id\":\"https:\\\/\\\/radioleinewelle.de\\\/#\\\/schema\\\/person\\\/45606f348637df637192dc1b68399a63\"},\"headline\":\"CDU-Fraktion will Kultur mit \u201eOffener B\u00fchne\u201c unterst\u00fctzen\",\"datePublished\":\"2020-09-01T03:30:01+00:00\",\"mainEntityOfPage\":{\"@id\":\"https:\\\/\\\/radioleinewelle.de\\\/index.php\\\/2020\\\/09\\\/01\\\/cdu-fraktion-will-kultur-mit-offener-buehne-unterstuetzen\\\/\"},\"wordCount\":334,\"publisher\":{\"@id\":\"https:\\\/\\\/radioleinewelle.de\\\/#organization\"},\"inLanguage\":\"de\"},{\"@type\":\"WebPage\",\"@id\":\"https:\\\/\\\/radioleinewelle.de\\\/index.php\\\/2020\\\/09\\\/01\\\/cdu-fraktion-will-kultur-mit-offener-buehne-unterstuetzen\\\/\",\"url\":\"https:\\\/\\\/radioleinewelle.de\\\/index.php\\\/2020\\\/09\\\/01\\\/cdu-fraktion-will-kultur-mit-offener-buehne-unterstuetzen\\\/\",\"name\":\"CDU-Fraktion will Kultur mit \u201eOffener B\u00fchne\u201c unterst\u00fctzen - Radio Leinewelle\",\"isPartOf\":{\"@id\":\"https:\\\/\\\/radioleinewelle.de\\\/#website\"},\"datePublished\":\"2020-09-01T03:30:01+00:00\",\"breadcrumb\":{\"@id\":\"https:\\\/\\\/radioleinewelle.de\\\/index.php\\\/2020\\\/09\\\/01\\\/cdu-fraktion-will-kultur-mit-offener-buehne-unterstuetzen\\\/#breadcrumb\"},\"inLanguage\":\"de\",\"potentialAction\":[{\"@type\":\"ReadAction\",\"target\":[\"https:\\\/\\\/radioleinewelle.de\\\/index.php\\\/2020\\\/09\\\/01\\\/cdu-fraktion-will-kultur-mit-offener-buehne-unterstuetzen\\\/\"]}]},{\"@type\":\"BreadcrumbList\",\"@id\":\"https:\\\/\\\/radioleinewelle.de\\\/index.php\\\/2020\\\/09\\\/01\\\/cdu-fraktion-will-kultur-mit-offener-buehne-unterstuetzen\\\/#breadcrumb\",\"itemListElement\":[{\"@type\":\"ListItem\",\"position\":1,\"name\":\"Startseite\",\"item\":\"https:\\\/\\\/radioleinewelle.de\\\/\"},{\"@type\":\"ListItem\",\"position\":2,\"name\":\"CDU-Fraktion will Kultur mit \u201eOffener B\u00fchne\u201c unterst\u00fctzen\"}]},{\"@type\":\"WebSite\",\"@id\":\"https:\\\/\\\/radioleinewelle.de\\\/#website\",\"url\":\"https:\\\/\\\/radioleinewelle.de\\\/\",\"name\":\"Radio Leinewelle\",\"description\":\"\",\"publisher\":{\"@id\":\"https:\\\/\\\/radioleinewelle.de\\\/#organization\"},\"potentialAction\":[{\"@type\":\"SearchAction\",\"target\":{\"@type\":\"EntryPoint\",\"urlTemplate\":\"https:\\\/\\\/radioleinewelle.de\\\/?s={search_term_string}\"},\"query-input\":{\"@type\":\"PropertyValueSpecification\",\"valueRequired\":true,\"valueName\":\"search_term_string\"}}],\"inLanguage\":\"de\"},{\"@type\":\"Organization\",\"@id\":\"https:\\\/\\\/radioleinewelle.de\\\/#organization\",\"name\":\"Radio Leinewelle\",\"alternateName\":\"Mein Radio f\u00fcr S\u00fcdniedersachsen\",\"url\":\"https:\\\/\\\/radioleinewelle.de\\\/\",\"logo\":{\"@type\":\"ImageObject\",\"inLanguage\":\"de\",\"@id\":\"https:\\\/\\\/radioleinewelle.de\\\/#\\\/schema\\\/logo\\\/image\\\/\",\"url\":\"https:\\\/\\\/radioleinewelle.de\\\/wp-content\\\/uploads\\\/2023\\\/11\\\/cropped-Leinewelle_Logo_weiss.png\",\"contentUrl\":\"https:\\\/\\\/radioleinewelle.de\\\/wp-content\\\/uploads\\\/2023\\\/11\\\/cropped-Leinewelle_Logo_weiss.png\",\"width\":854,\"height\":260,\"caption\":\"Radio Leinewelle\"},\"image\":{\"@id\":\"https:\\\/\\\/radioleinewelle.de\\\/#\\\/schema\\\/logo\\\/image\\\/\"},\"sameAs\":[\"https:\\\/\\\/www.facebook.com\\\/radioleinewelle\",\"https:\\\/\\\/x.com\\\/RLeinewelle\",\"https:\\\/\\\/www.instagram.com\\\/radioleinewelle\\\/?hl=de\"]},{\"@type\":\"Person\",\"@id\":\"https:\\\/\\\/radioleinewelle.de\\\/#\\\/schema\\\/person\\\/45606f348637df637192dc1b68399a63\",\"name\":\"Leinewelle\",\"image\":{\"@type\":\"ImageObject\",\"inLanguage\":\"de\",\"@id\":\"https:\\\/\\\/secure.gravatar.com\\\/avatar\\\/05c9a17bc973052ee5d91549bd32fb4dd0dc85b7b85ae94b2e2b4943476bbea5?s=96&d=blank&r=g\",\"url\":\"https:\\\/\\\/secure.gravatar.com\\\/avatar\\\/05c9a17bc973052ee5d91549bd32fb4dd0dc85b7b85ae94b2e2b4943476bbea5?s=96&d=blank&r=g\",\"contentUrl\":\"https:\\\/\\\/secure.gravatar.com\\\/avatar\\\/05c9a17bc973052ee5d91549bd32fb4dd0dc85b7b85ae94b2e2b4943476bbea5?s=96&d=blank&r=g\",\"caption\":\"Leinewelle\"},\"sameAs\":[\"http:\\\/\\\/localhost\\\/radio%20leinewelle\\\/wordpress\",\"https:\\\/\\\/www.facebook.com\\\/radioleinewelle\",\"https:\\\/\\\/www.instagram.com\\\/radioleinewelle\",\"https:\\\/\\\/x.com\\\/https:\\\/\\\/twitter.com\\\/RLeinewelle?ref_src=twsrcgoogletwcampserptwgrauthor\",\"https:\\\/\\\/soundcloud.com\\\/foerderverein-lokalradio?utm_source=clipboard&utm_medium=text&utm_campaign=social_sharing\"],\"url\":\"https:\\\/\\\/radioleinewelle.de\\\/index.php\\\/author\\\/leinewelle\\\/\"}]}<\/script>\n<!-- \/ Yoast SEO plugin. -->","yoast_head_json":{"title":"CDU-Fraktion will Kultur mit \u201eOffener B\u00fchne\u201c unterst\u00fctzen - Radio Leinewelle","robots":{"index":"index","follow":"follow","max-snippet":"max-snippet:-1","max-image-preview":"max-image-preview:large","max-video-preview":"max-video-preview:-1"},"canonical":"https:\/\/radioleinewelle.de\/index.php\/2020\/09\/01\/cdu-fraktion-will-kultur-mit-offener-buehne-unterstuetzen\/","og_locale":"de_DE","og_type":"article","og_title":"CDU-Fraktion will Kultur mit \u201eOffener B\u00fchne\u201c unterst\u00fctzen - Radio Leinewelle","og_description":"Einheitliche Spielst\u00e4tte soll organisatorischen Aufwand reduzieren und mehr Zuschauer erm\u00f6glichen Seitdem Kulturveranstaltungen wieder m\u00f6glich sind, versuchen fast alle Theater, Musiker und K\u00fcnstler wieder ein regul\u00e4res Kulturprogramm anzubieten. Durch die geltenden Hygiene- und Abstandsregelungen ist ein normaler Kulturbetrieb aber nicht in Sicht. Die Zuschauerzahl von fast allen B\u00fchnen der Stadt hat sich radikal verkleinert. Die Open-Air-Saison [&hellip;]","og_url":"https:\/\/radioleinewelle.de\/index.php\/2020\/09\/01\/cdu-fraktion-will-kultur-mit-offener-buehne-unterstuetzen\/","og_site_name":"Radio Leinewelle","article_publisher":"https:\/\/www.facebook.com\/radioleinewelle","article_author":"https:\/\/www.facebook.com\/radioleinewelle","article_published_time":"2020-09-01T03:30:01+00:00","author":"Leinewelle","twitter_card":"summary_large_image","twitter_creator":"@https:\/\/twitter.com\/RLeinewelle?ref_src=twsrcgoogletwcampserptwgrauthor","twitter_site":"@RLeinewelle","twitter_misc":{"Verfasst von":"Leinewelle","Gesch\u00e4tzte Lesezeit":"2\u00a0Minuten"},"schema":{"@context":"https:\/\/schema.org","@graph":[{"@type":"Article","@id":"https:\/\/radioleinewelle.de\/index.php\/2020\/09\/01\/cdu-fraktion-will-kultur-mit-offener-buehne-unterstuetzen\/#article","isPartOf":{"@id":"https:\/\/radioleinewelle.de\/index.php\/2020\/09\/01\/cdu-fraktion-will-kultur-mit-offener-buehne-unterstuetzen\/"},"author":{"name":"Leinewelle","@id":"https:\/\/radioleinewelle.de\/#\/schema\/person\/45606f348637df637192dc1b68399a63"},"headline":"CDU-Fraktion will Kultur mit \u201eOffener B\u00fchne\u201c unterst\u00fctzen","datePublished":"2020-09-01T03:30:01+00:00","mainEntityOfPage":{"@id":"https:\/\/radioleinewelle.de\/index.php\/2020\/09\/01\/cdu-fraktion-will-kultur-mit-offener-buehne-unterstuetzen\/"},"wordCount":334,"publisher":{"@id":"https:\/\/radioleinewelle.de\/#organization"},"inLanguage":"de"},{"@type":"WebPage","@id":"https:\/\/radioleinewelle.de\/index.php\/2020\/09\/01\/cdu-fraktion-will-kultur-mit-offener-buehne-unterstuetzen\/","url":"https:\/\/radioleinewelle.de\/index.php\/2020\/09\/01\/cdu-fraktion-will-kultur-mit-offener-buehne-unterstuetzen\/","name":"CDU-Fraktion will Kultur mit \u201eOffener B\u00fchne\u201c unterst\u00fctzen - Radio Leinewelle","isPartOf":{"@id":"https:\/\/radioleinewelle.de\/#website"},"datePublished":"2020-09-01T03:30:01+00:00","breadcrumb":{"@id":"https:\/\/radioleinewelle.de\/index.php\/2020\/09\/01\/cdu-fraktion-will-kultur-mit-offener-buehne-unterstuetzen\/#breadcrumb"},"inLanguage":"de","potentialAction":[{"@type":"ReadAction","target":["https:\/\/radioleinewelle.de\/index.php\/2020\/09\/01\/cdu-fraktion-will-kultur-mit-offener-buehne-unterstuetzen\/"]}]},{"@type":"BreadcrumbList","@id":"https:\/\/radioleinewelle.de\/index.php\/2020\/09\/01\/cdu-fraktion-will-kultur-mit-offener-buehne-unterstuetzen\/#breadcrumb","itemListElement":[{"@type":"ListItem","position":1,"name":"Startseite","item":"https:\/\/radioleinewelle.de\/"},{"@type":"ListItem","position":2,"name":"CDU-Fraktion will Kultur mit \u201eOffener B\u00fchne\u201c unterst\u00fctzen"}]},{"@type":"WebSite","@id":"https:\/\/radioleinewelle.de\/#website","url":"https:\/\/radioleinewelle.de\/","name":"Radio Leinewelle","description":"","publisher":{"@id":"https:\/\/radioleinewelle.de\/#organization"},"potentialAction":[{"@type":"SearchAction","target":{"@type":"EntryPoint","urlTemplate":"https:\/\/radioleinewelle.de\/?s={search_term_string}"},"query-input":{"@type":"PropertyValueSpecification","valueRequired":true,"valueName":"search_term_string"}}],"inLanguage":"de"},{"@type":"Organization","@id":"https:\/\/radioleinewelle.de\/#organization","name":"Radio Leinewelle","alternateName":"Mein Radio f\u00fcr S\u00fcdniedersachsen","url":"https:\/\/radioleinewelle.de\/","logo":{"@type":"ImageObject","inLanguage":"de","@id":"https:\/\/radioleinewelle.de\/#\/schema\/logo\/image\/","url":"https:\/\/radioleinewelle.de\/wp-content\/uploads\/2023\/11\/cropped-Leinewelle_Logo_weiss.png","contentUrl":"https:\/\/radioleinewelle.de\/wp-content\/uploads\/2023\/11\/cropped-Leinewelle_Logo_weiss.png","width":854,"height":260,"caption":"Radio Leinewelle"},"image":{"@id":"https:\/\/radioleinewelle.de\/#\/schema\/logo\/image\/"},"sameAs":["https:\/\/www.facebook.com\/radioleinewelle","https:\/\/x.com\/RLeinewelle","https:\/\/www.instagram.com\/radioleinewelle\/?hl=de"]},{"@type":"Person","@id":"https:\/\/radioleinewelle.de\/#\/schema\/person\/45606f348637df637192dc1b68399a63","name":"Leinewelle","image":{"@type":"ImageObject","inLanguage":"de","@id":"https:\/\/secure.gravatar.com\/avatar\/05c9a17bc973052ee5d91549bd32fb4dd0dc85b7b85ae94b2e2b4943476bbea5?s=96&d=blank&r=g","url":"https:\/\/secure.gravatar.com\/avatar\/05c9a17bc973052ee5d91549bd32fb4dd0dc85b7b85ae94b2e2b4943476bbea5?s=96&d=blank&r=g","contentUrl":"https:\/\/secure.gravatar.com\/avatar\/05c9a17bc973052ee5d91549bd32fb4dd0dc85b7b85ae94b2e2b4943476bbea5?s=96&d=blank&r=g","caption":"Leinewelle"},"sameAs":["http:\/\/localhost\/radio%20leinewelle\/wordpress","https:\/\/www.facebook.com\/radioleinewelle","https:\/\/www.instagram.com\/radioleinewelle","https:\/\/x.com\/https:\/\/twitter.com\/RLeinewelle?ref_src=twsrcgoogletwcampserptwgrauthor","https:\/\/soundcloud.com\/foerderverein-lokalradio?utm_source=clipboard&utm_medium=text&utm_campaign=social_sharing"],"url":"https:\/\/radioleinewelle.de\/index.php\/author\/leinewelle\/"}]}},"_links":{"self":[{"href":"https:\/\/radioleinewelle.de\/index.php\/wp-json\/wp\/v2\/posts\/1382","targetHints":{"allow":["GET"]}}],"collection":[{"href":"https:\/\/radioleinewelle.de\/index.php\/wp-json\/wp\/v2\/posts"}],"about":[{"href":"https:\/\/radioleinewelle.de\/index.php\/wp-json\/wp\/v2\/types\/post"}],"author":[{"embeddable":true,"href":"https:\/\/radioleinewelle.de\/index.php\/wp-json\/wp\/v2\/users\/1"}],"replies":[{"embeddable":true,"href":"https:\/\/radioleinewelle.de\/index.php\/wp-json\/wp\/v2\/comments?post=1382"}],"version-history":[{"count":0,"href":"https:\/\/radioleinewelle.de\/index.php\/wp-json\/wp\/v2\/posts\/1382\/revisions"}],"wp:attachment":[{"href":"https:\/\/radioleinewelle.de\/index.php\/wp-json\/wp\/v2\/media?parent=1382"}],"wp:term":[{"taxonomy":"category","embeddable":true,"href":"https:\/\/radioleinewelle.de\/index.php\/wp-json\/wp\/v2\/categories?post=1382"},{"taxonomy":"post_tag","embeddable":true,"href":"https:\/\/radioleinewelle.de\/index.php\/wp-json\/wp\/v2\/tags?post=1382"}],"curies":[{"name":"wp","href":"https:\/\/api.w.org\/{rel}","templated":true}]}}