{"id":1386,"date":"2020-08-31T05:00:15","date_gmt":"2020-08-31T03:00:15","guid":{"rendered":"https:\/\/radioleinewelle.de\/?p=1386"},"modified":"2020-08-31T05:00:15","modified_gmt":"2020-08-31T03:00:15","slug":"uslar-online-shop-eroeffnet-am-1-september","status":"publish","type":"post","link":"https:\/\/radioleinewelle.de\/index.php\/2020\/08\/31\/uslar-online-shop-eroeffnet-am-1-september\/","title":{"rendered":"Uslar Online Shop er\u00f6ffnet am 1. September"},"content":{"rendered":"<div class=\"magazinetext\">\n<div class=\"magazinetitle\">Die Auflagen der Corona- Pandemie haben auch in Uslar zu zeitweisen Gesch\u00e4ftschlie\u00dfungen gef\u00fchrt. Die wirtschaftlichen Folgen tragen die Gesch\u00e4ftsleute noch immer, ein Ende der Corona-Krise ist noch nicht abzusehen. Es ist offensichtlich, dass Einzelh\u00e4ndler leiden und der Onlinehandel riesige Umsatzzuw\u00e4chse verzeichnet. Die Stadt Uslar blieb nicht unt\u00e4tig und setzt auf neue Ideen: mit \u201eUslar-Shop\u201c ist es zuk\u00fcnftig erstmalig m\u00f6glich, Regionalit\u00e4t und Online-Shoppen mit einander zu kombinieren. Wichtig f\u00fcr das Gelingen des Uslar-Shops ist es, dass m\u00f6glichst viele Uslarer Einzelh\u00e4ndler, Handwerker und auch alle anderen Dienstleister den neuen Online-Shop auch nutzen. Das Besondere an Uslar-Shop ist, dass die Kunden direkt \u00fcber die Website \u201eUslar-Shop\u201c den Bestellvorgang ausl\u00f6sen k\u00f6nnen. Zum 01.09.2020 wird die Seite gestartet. Kunden k\u00f6nnen sich aus allen teilnehmenden Betrieben einen Warenkorb zusammenstellen. \u00dcber den Kassen-Button wird die Bestellung abgeschlossen und der Auftrag an die jeweiligen H\u00e4ndler weitergeleitet. Ist die Warenbestellung erfolgt, kann der H\u00e4ndler mit dem Kunden die Lieferung und Bezahlung regeln. Bis zu 100 Produkte kann ein teilnehmender H\u00e4ndler mit Foto und Beschreibung in der Bestellplattform hinterlegen.Die Kosten f\u00fcr die teilnehmenden Betriebe \u00fcbernimmt die ersten sechs Monate die Stadt Uslar.<\/div>\n<\/div>\n<div class=\"magazinetext\">\n<p>Quelle und weitere Informationen: Stadt Uslar<\/p>\n<\/div>\n","protected":false},"excerpt":{"rendered":"<p>Die Auflagen der Corona- Pandemie haben auch in Uslar zu zeitweisen Gesch\u00e4ftschlie\u00dfungen gef\u00fchrt. Die wirtschaftlichen Folgen tragen die Gesch\u00e4ftsleute noch immer, ein Ende der Corona-Krise ist noch nicht abzusehen. Es ist offensichtlich, dass Einzelh\u00e4ndler leiden und der Onlinehandel riesige Umsatzzuw\u00e4chse verzeichnet. Die Stadt Uslar blieb nicht unt\u00e4tig und setzt auf neue Ideen: mit \u201eUslar-Shop\u201c ist [&hellip;]<\/p>\n","protected":false},"author":1,"featured_media":1387,"comment_status":"closed","ping_status":"closed","sticky":false,"template":"","format":"standard","meta":{"saved_in_kubio":false,"footnotes":""},"categories":[1],"tags":[],"class_list":["post-1386","post","type-post","status-publish","format-standard","has-post-thumbnail","hentry","category-allgemein"],"yoast_head":"<!-- This site is optimized with the Yoast SEO plugin v27.5 - https:\/\/yoast.com\/product\/yoast-seo-wordpress\/ -->\n<title>Uslar Online Shop er\u00f6ffnet am 1. September - Radio Leinewelle<\/title>\n<meta name=\"robots\" content=\"index, follow, max-snippet:-1, max-image-preview:large, max-video-preview:-1\" \/>\n<link rel=\"canonical\" href=\"https:\/\/radioleinewelle.de\/index.php\/2020\/08\/31\/uslar-online-shop-eroeffnet-am-1-september\/\" \/>\n<meta property=\"og:locale\" content=\"de_DE\" \/>\n<meta property=\"og:type\" content=\"article\" \/>\n<meta property=\"og:title\" content=\"Uslar Online Shop er\u00f6ffnet am 1. September - Radio Leinewelle\" \/>\n<meta property=\"og:description\" content=\"Die Auflagen der Corona- Pandemie haben auch in Uslar zu zeitweisen Gesch\u00e4ftschlie\u00dfungen gef\u00fchrt. Die wirtschaftlichen Folgen tragen die Gesch\u00e4ftsleute noch immer, ein Ende der Corona-Krise ist noch nicht abzusehen. Es ist offensichtlich, dass Einzelh\u00e4ndler leiden und der Onlinehandel riesige Umsatzzuw\u00e4chse verzeichnet. Die Stadt Uslar blieb nicht unt\u00e4tig und setzt auf neue Ideen: mit \u201eUslar-Shop\u201c ist [&hellip;]\" \/>\n<meta property=\"og:url\" content=\"https:\/\/radioleinewelle.de\/index.php\/2020\/08\/31\/uslar-online-shop-eroeffnet-am-1-september\/\" \/>\n<meta property=\"og:site_name\" content=\"Radio Leinewelle\" \/>\n<meta property=\"article:publisher\" content=\"https:\/\/www.facebook.com\/radioleinewelle\" \/>\n<meta property=\"article:author\" content=\"https:\/\/www.facebook.com\/radioleinewelle\" \/>\n<meta property=\"article:published_time\" content=\"2020-08-31T03:00:15+00:00\" \/>\n<meta property=\"og:image\" content=\"https:\/\/radioleinewelle.de\/wp-content\/uploads\/2020\/08\/uslar-shop.jpg\" \/>\n\t<meta property=\"og:image:width\" content=\"605\" \/>\n\t<meta property=\"og:image:height\" content=\"535\" \/>\n\t<meta property=\"og:image:type\" content=\"image\/jpeg\" \/>\n<meta name=\"author\" content=\"Leinewelle\" \/>\n<meta name=\"twitter:card\" content=\"summary_large_image\" \/>\n<meta name=\"twitter:creator\" content=\"@https:\/\/twitter.com\/RLeinewelle?ref_src=twsrcgoogletwcampserptwgrauthor\" \/>\n<meta name=\"twitter:site\" content=\"@RLeinewelle\" \/>\n<meta name=\"twitter:label1\" content=\"Verfasst von\" \/>\n\t<meta name=\"twitter:data1\" content=\"Leinewelle\" \/>\n\t<meta name=\"twitter:label2\" content=\"Gesch\u00e4tzte Lesezeit\" \/>\n\t<meta name=\"twitter:data2\" content=\"1\u00a0Minute\" \/>\n<script type=\"application\/ld+json\" class=\"yoast-schema-graph\">{\"@context\":\"https:\\\/\\\/schema.org\",\"@graph\":[{\"@type\":\"Article\",\"@id\":\"https:\\\/\\\/radioleinewelle.de\\\/index.php\\\/2020\\\/08\\\/31\\\/uslar-online-shop-eroeffnet-am-1-september\\\/#article\",\"isPartOf\":{\"@id\":\"https:\\\/\\\/radioleinewelle.de\\\/index.php\\\/2020\\\/08\\\/31\\\/uslar-online-shop-eroeffnet-am-1-september\\\/\"},\"author\":{\"name\":\"Leinewelle\",\"@id\":\"https:\\\/\\\/radioleinewelle.de\\\/#\\\/schema\\\/person\\\/45606f348637df637192dc1b68399a63\"},\"headline\":\"Uslar Online Shop er\u00f6ffnet am 1. September\",\"datePublished\":\"2020-08-31T03:00:15+00:00\",\"mainEntityOfPage\":{\"@id\":\"https:\\\/\\\/radioleinewelle.de\\\/index.php\\\/2020\\\/08\\\/31\\\/uslar-online-shop-eroeffnet-am-1-september\\\/\"},\"wordCount\":214,\"publisher\":{\"@id\":\"https:\\\/\\\/radioleinewelle.de\\\/#organization\"},\"image\":{\"@id\":\"https:\\\/\\\/radioleinewelle.de\\\/index.php\\\/2020\\\/08\\\/31\\\/uslar-online-shop-eroeffnet-am-1-september\\\/#primaryimage\"},\"thumbnailUrl\":\"https:\\\/\\\/radioleinewelle.de\\\/wp-content\\\/uploads\\\/2020\\\/08\\\/uslar-shop.jpg\",\"inLanguage\":\"de\"},{\"@type\":\"WebPage\",\"@id\":\"https:\\\/\\\/radioleinewelle.de\\\/index.php\\\/2020\\\/08\\\/31\\\/uslar-online-shop-eroeffnet-am-1-september\\\/\",\"url\":\"https:\\\/\\\/radioleinewelle.de\\\/index.php\\\/2020\\\/08\\\/31\\\/uslar-online-shop-eroeffnet-am-1-september\\\/\",\"name\":\"Uslar Online Shop er\u00f6ffnet am 1. September - Radio Leinewelle\",\"isPartOf\":{\"@id\":\"https:\\\/\\\/radioleinewelle.de\\\/#website\"},\"primaryImageOfPage\":{\"@id\":\"https:\\\/\\\/radioleinewelle.de\\\/index.php\\\/2020\\\/08\\\/31\\\/uslar-online-shop-eroeffnet-am-1-september\\\/#primaryimage\"},\"image\":{\"@id\":\"https:\\\/\\\/radioleinewelle.de\\\/index.php\\\/2020\\\/08\\\/31\\\/uslar-online-shop-eroeffnet-am-1-september\\\/#primaryimage\"},\"thumbnailUrl\":\"https:\\\/\\\/radioleinewelle.de\\\/wp-content\\\/uploads\\\/2020\\\/08\\\/uslar-shop.jpg\",\"datePublished\":\"2020-08-31T03:00:15+00:00\",\"breadcrumb\":{\"@id\":\"https:\\\/\\\/radioleinewelle.de\\\/index.php\\\/2020\\\/08\\\/31\\\/uslar-online-shop-eroeffnet-am-1-september\\\/#breadcrumb\"},\"inLanguage\":\"de\",\"potentialAction\":[{\"@type\":\"ReadAction\",\"target\":[\"https:\\\/\\\/radioleinewelle.de\\\/index.php\\\/2020\\\/08\\\/31\\\/uslar-online-shop-eroeffnet-am-1-september\\\/\"]}]},{\"@type\":\"ImageObject\",\"inLanguage\":\"de\",\"@id\":\"https:\\\/\\\/radioleinewelle.de\\\/index.php\\\/2020\\\/08\\\/31\\\/uslar-online-shop-eroeffnet-am-1-september\\\/#primaryimage\",\"url\":\"https:\\\/\\\/radioleinewelle.de\\\/wp-content\\\/uploads\\\/2020\\\/08\\\/uslar-shop.jpg\",\"contentUrl\":\"https:\\\/\\\/radioleinewelle.de\\\/wp-content\\\/uploads\\\/2020\\\/08\\\/uslar-shop.jpg\",\"width\":605,\"height\":535},{\"@type\":\"BreadcrumbList\",\"@id\":\"https:\\\/\\\/radioleinewelle.de\\\/index.php\\\/2020\\\/08\\\/31\\\/uslar-online-shop-eroeffnet-am-1-september\\\/#breadcrumb\",\"itemListElement\":[{\"@type\":\"ListItem\",\"position\":1,\"name\":\"Startseite\",\"item\":\"https:\\\/\\\/radioleinewelle.de\\\/\"},{\"@type\":\"ListItem\",\"position\":2,\"name\":\"Uslar Online Shop er\u00f6ffnet am 1. September\"}]},{\"@type\":\"WebSite\",\"@id\":\"https:\\\/\\\/radioleinewelle.de\\\/#website\",\"url\":\"https:\\\/\\\/radioleinewelle.de\\\/\",\"name\":\"Radio Leinewelle\",\"description\":\"\",\"publisher\":{\"@id\":\"https:\\\/\\\/radioleinewelle.de\\\/#organization\"},\"potentialAction\":[{\"@type\":\"SearchAction\",\"target\":{\"@type\":\"EntryPoint\",\"urlTemplate\":\"https:\\\/\\\/radioleinewelle.de\\\/?s={search_term_string}\"},\"query-input\":{\"@type\":\"PropertyValueSpecification\",\"valueRequired\":true,\"valueName\":\"search_term_string\"}}],\"inLanguage\":\"de\"},{\"@type\":\"Organization\",\"@id\":\"https:\\\/\\\/radioleinewelle.de\\\/#organization\",\"name\":\"Radio Leinewelle\",\"alternateName\":\"Mein Radio f\u00fcr S\u00fcdniedersachsen\",\"url\":\"https:\\\/\\\/radioleinewelle.de\\\/\",\"logo\":{\"@type\":\"ImageObject\",\"inLanguage\":\"de\",\"@id\":\"https:\\\/\\\/radioleinewelle.de\\\/#\\\/schema\\\/logo\\\/image\\\/\",\"url\":\"https:\\\/\\\/radioleinewelle.de\\\/wp-content\\\/uploads\\\/2023\\\/11\\\/cropped-Leinewelle_Logo_weiss.png\",\"contentUrl\":\"https:\\\/\\\/radioleinewelle.de\\\/wp-content\\\/uploads\\\/2023\\\/11\\\/cropped-Leinewelle_Logo_weiss.png\",\"width\":854,\"height\":260,\"caption\":\"Radio Leinewelle\"},\"image\":{\"@id\":\"https:\\\/\\\/radioleinewelle.de\\\/#\\\/schema\\\/logo\\\/image\\\/\"},\"sameAs\":[\"https:\\\/\\\/www.facebook.com\\\/radioleinewelle\",\"https:\\\/\\\/x.com\\\/RLeinewelle\",\"https:\\\/\\\/www.instagram.com\\\/radioleinewelle\\\/?hl=de\"]},{\"@type\":\"Person\",\"@id\":\"https:\\\/\\\/radioleinewelle.de\\\/#\\\/schema\\\/person\\\/45606f348637df637192dc1b68399a63\",\"name\":\"Leinewelle\",\"image\":{\"@type\":\"ImageObject\",\"inLanguage\":\"de\",\"@id\":\"https:\\\/\\\/secure.gravatar.com\\\/avatar\\\/05c9a17bc973052ee5d91549bd32fb4dd0dc85b7b85ae94b2e2b4943476bbea5?s=96&d=blank&r=g\",\"url\":\"https:\\\/\\\/secure.gravatar.com\\\/avatar\\\/05c9a17bc973052ee5d91549bd32fb4dd0dc85b7b85ae94b2e2b4943476bbea5?s=96&d=blank&r=g\",\"contentUrl\":\"https:\\\/\\\/secure.gravatar.com\\\/avatar\\\/05c9a17bc973052ee5d91549bd32fb4dd0dc85b7b85ae94b2e2b4943476bbea5?s=96&d=blank&r=g\",\"caption\":\"Leinewelle\"},\"sameAs\":[\"http:\\\/\\\/localhost\\\/radio%20leinewelle\\\/wordpress\",\"https:\\\/\\\/www.facebook.com\\\/radioleinewelle\",\"https:\\\/\\\/www.instagram.com\\\/radioleinewelle\",\"https:\\\/\\\/x.com\\\/https:\\\/\\\/twitter.com\\\/RLeinewelle?ref_src=twsrcgoogletwcampserptwgrauthor\",\"https:\\\/\\\/soundcloud.com\\\/foerderverein-lokalradio?utm_source=clipboard&utm_medium=text&utm_campaign=social_sharing\"],\"url\":\"https:\\\/\\\/radioleinewelle.de\\\/index.php\\\/author\\\/leinewelle\\\/\"}]}<\/script>\n<!-- \/ Yoast SEO plugin. -->","yoast_head_json":{"title":"Uslar Online Shop er\u00f6ffnet am 1. September - Radio Leinewelle","robots":{"index":"index","follow":"follow","max-snippet":"max-snippet:-1","max-image-preview":"max-image-preview:large","max-video-preview":"max-video-preview:-1"},"canonical":"https:\/\/radioleinewelle.de\/index.php\/2020\/08\/31\/uslar-online-shop-eroeffnet-am-1-september\/","og_locale":"de_DE","og_type":"article","og_title":"Uslar Online Shop er\u00f6ffnet am 1. September - Radio Leinewelle","og_description":"Die Auflagen der Corona- Pandemie haben auch in Uslar zu zeitweisen Gesch\u00e4ftschlie\u00dfungen gef\u00fchrt. Die wirtschaftlichen Folgen tragen die Gesch\u00e4ftsleute noch immer, ein Ende der Corona-Krise ist noch nicht abzusehen. Es ist offensichtlich, dass Einzelh\u00e4ndler leiden und der Onlinehandel riesige Umsatzzuw\u00e4chse verzeichnet. Die Stadt Uslar blieb nicht unt\u00e4tig und setzt auf neue Ideen: mit \u201eUslar-Shop\u201c ist [&hellip;]","og_url":"https:\/\/radioleinewelle.de\/index.php\/2020\/08\/31\/uslar-online-shop-eroeffnet-am-1-september\/","og_site_name":"Radio Leinewelle","article_publisher":"https:\/\/www.facebook.com\/radioleinewelle","article_author":"https:\/\/www.facebook.com\/radioleinewelle","article_published_time":"2020-08-31T03:00:15+00:00","og_image":[{"width":605,"height":535,"url":"https:\/\/radioleinewelle.de\/wp-content\/uploads\/2020\/08\/uslar-shop.jpg","type":"image\/jpeg"}],"author":"Leinewelle","twitter_card":"summary_large_image","twitter_creator":"@https:\/\/twitter.com\/RLeinewelle?ref_src=twsrcgoogletwcampserptwgrauthor","twitter_site":"@RLeinewelle","twitter_misc":{"Verfasst von":"Leinewelle","Gesch\u00e4tzte Lesezeit":"1\u00a0Minute"},"schema":{"@context":"https:\/\/schema.org","@graph":[{"@type":"Article","@id":"https:\/\/radioleinewelle.de\/index.php\/2020\/08\/31\/uslar-online-shop-eroeffnet-am-1-september\/#article","isPartOf":{"@id":"https:\/\/radioleinewelle.de\/index.php\/2020\/08\/31\/uslar-online-shop-eroeffnet-am-1-september\/"},"author":{"name":"Leinewelle","@id":"https:\/\/radioleinewelle.de\/#\/schema\/person\/45606f348637df637192dc1b68399a63"},"headline":"Uslar Online Shop er\u00f6ffnet am 1. September","datePublished":"2020-08-31T03:00:15+00:00","mainEntityOfPage":{"@id":"https:\/\/radioleinewelle.de\/index.php\/2020\/08\/31\/uslar-online-shop-eroeffnet-am-1-september\/"},"wordCount":214,"publisher":{"@id":"https:\/\/radioleinewelle.de\/#organization"},"image":{"@id":"https:\/\/radioleinewelle.de\/index.php\/2020\/08\/31\/uslar-online-shop-eroeffnet-am-1-september\/#primaryimage"},"thumbnailUrl":"https:\/\/radioleinewelle.de\/wp-content\/uploads\/2020\/08\/uslar-shop.jpg","inLanguage":"de"},{"@type":"WebPage","@id":"https:\/\/radioleinewelle.de\/index.php\/2020\/08\/31\/uslar-online-shop-eroeffnet-am-1-september\/","url":"https:\/\/radioleinewelle.de\/index.php\/2020\/08\/31\/uslar-online-shop-eroeffnet-am-1-september\/","name":"Uslar Online Shop er\u00f6ffnet am 1. September - Radio Leinewelle","isPartOf":{"@id":"https:\/\/radioleinewelle.de\/#website"},"primaryImageOfPage":{"@id":"https:\/\/radioleinewelle.de\/index.php\/2020\/08\/31\/uslar-online-shop-eroeffnet-am-1-september\/#primaryimage"},"image":{"@id":"https:\/\/radioleinewelle.de\/index.php\/2020\/08\/31\/uslar-online-shop-eroeffnet-am-1-september\/#primaryimage"},"thumbnailUrl":"https:\/\/radioleinewelle.de\/wp-content\/uploads\/2020\/08\/uslar-shop.jpg","datePublished":"2020-08-31T03:00:15+00:00","breadcrumb":{"@id":"https:\/\/radioleinewelle.de\/index.php\/2020\/08\/31\/uslar-online-shop-eroeffnet-am-1-september\/#breadcrumb"},"inLanguage":"de","potentialAction":[{"@type":"ReadAction","target":["https:\/\/radioleinewelle.de\/index.php\/2020\/08\/31\/uslar-online-shop-eroeffnet-am-1-september\/"]}]},{"@type":"ImageObject","inLanguage":"de","@id":"https:\/\/radioleinewelle.de\/index.php\/2020\/08\/31\/uslar-online-shop-eroeffnet-am-1-september\/#primaryimage","url":"https:\/\/radioleinewelle.de\/wp-content\/uploads\/2020\/08\/uslar-shop.jpg","contentUrl":"https:\/\/radioleinewelle.de\/wp-content\/uploads\/2020\/08\/uslar-shop.jpg","width":605,"height":535},{"@type":"BreadcrumbList","@id":"https:\/\/radioleinewelle.de\/index.php\/2020\/08\/31\/uslar-online-shop-eroeffnet-am-1-september\/#breadcrumb","itemListElement":[{"@type":"ListItem","position":1,"name":"Startseite","item":"https:\/\/radioleinewelle.de\/"},{"@type":"ListItem","position":2,"name":"Uslar Online Shop er\u00f6ffnet am 1. September"}]},{"@type":"WebSite","@id":"https:\/\/radioleinewelle.de\/#website","url":"https:\/\/radioleinewelle.de\/","name":"Radio Leinewelle","description":"","publisher":{"@id":"https:\/\/radioleinewelle.de\/#organization"},"potentialAction":[{"@type":"SearchAction","target":{"@type":"EntryPoint","urlTemplate":"https:\/\/radioleinewelle.de\/?s={search_term_string}"},"query-input":{"@type":"PropertyValueSpecification","valueRequired":true,"valueName":"search_term_string"}}],"inLanguage":"de"},{"@type":"Organization","@id":"https:\/\/radioleinewelle.de\/#organization","name":"Radio Leinewelle","alternateName":"Mein Radio f\u00fcr S\u00fcdniedersachsen","url":"https:\/\/radioleinewelle.de\/","logo":{"@type":"ImageObject","inLanguage":"de","@id":"https:\/\/radioleinewelle.de\/#\/schema\/logo\/image\/","url":"https:\/\/radioleinewelle.de\/wp-content\/uploads\/2023\/11\/cropped-Leinewelle_Logo_weiss.png","contentUrl":"https:\/\/radioleinewelle.de\/wp-content\/uploads\/2023\/11\/cropped-Leinewelle_Logo_weiss.png","width":854,"height":260,"caption":"Radio Leinewelle"},"image":{"@id":"https:\/\/radioleinewelle.de\/#\/schema\/logo\/image\/"},"sameAs":["https:\/\/www.facebook.com\/radioleinewelle","https:\/\/x.com\/RLeinewelle","https:\/\/www.instagram.com\/radioleinewelle\/?hl=de"]},{"@type":"Person","@id":"https:\/\/radioleinewelle.de\/#\/schema\/person\/45606f348637df637192dc1b68399a63","name":"Leinewelle","image":{"@type":"ImageObject","inLanguage":"de","@id":"https:\/\/secure.gravatar.com\/avatar\/05c9a17bc973052ee5d91549bd32fb4dd0dc85b7b85ae94b2e2b4943476bbea5?s=96&d=blank&r=g","url":"https:\/\/secure.gravatar.com\/avatar\/05c9a17bc973052ee5d91549bd32fb4dd0dc85b7b85ae94b2e2b4943476bbea5?s=96&d=blank&r=g","contentUrl":"https:\/\/secure.gravatar.com\/avatar\/05c9a17bc973052ee5d91549bd32fb4dd0dc85b7b85ae94b2e2b4943476bbea5?s=96&d=blank&r=g","caption":"Leinewelle"},"sameAs":["http:\/\/localhost\/radio%20leinewelle\/wordpress","https:\/\/www.facebook.com\/radioleinewelle","https:\/\/www.instagram.com\/radioleinewelle","https:\/\/x.com\/https:\/\/twitter.com\/RLeinewelle?ref_src=twsrcgoogletwcampserptwgrauthor","https:\/\/soundcloud.com\/foerderverein-lokalradio?utm_source=clipboard&utm_medium=text&utm_campaign=social_sharing"],"url":"https:\/\/radioleinewelle.de\/index.php\/author\/leinewelle\/"}]}},"_links":{"self":[{"href":"https:\/\/radioleinewelle.de\/index.php\/wp-json\/wp\/v2\/posts\/1386","targetHints":{"allow":["GET"]}}],"collection":[{"href":"https:\/\/radioleinewelle.de\/index.php\/wp-json\/wp\/v2\/posts"}],"about":[{"href":"https:\/\/radioleinewelle.de\/index.php\/wp-json\/wp\/v2\/types\/post"}],"author":[{"embeddable":true,"href":"https:\/\/radioleinewelle.de\/index.php\/wp-json\/wp\/v2\/users\/1"}],"replies":[{"embeddable":true,"href":"https:\/\/radioleinewelle.de\/index.php\/wp-json\/wp\/v2\/comments?post=1386"}],"version-history":[{"count":0,"href":"https:\/\/radioleinewelle.de\/index.php\/wp-json\/wp\/v2\/posts\/1386\/revisions"}],"wp:featuredmedia":[{"embeddable":true,"href":"https:\/\/radioleinewelle.de\/index.php\/wp-json\/wp\/v2\/media\/1387"}],"wp:attachment":[{"href":"https:\/\/radioleinewelle.de\/index.php\/wp-json\/wp\/v2\/media?parent=1386"}],"wp:term":[{"taxonomy":"category","embeddable":true,"href":"https:\/\/radioleinewelle.de\/index.php\/wp-json\/wp\/v2\/categories?post=1386"},{"taxonomy":"post_tag","embeddable":true,"href":"https:\/\/radioleinewelle.de\/index.php\/wp-json\/wp\/v2\/tags?post=1386"}],"curies":[{"name":"wp","href":"https:\/\/api.w.org\/{rel}","templated":true}]}}