{"id":1405,"date":"2020-09-03T04:30:09","date_gmt":"2020-09-03T02:30:09","guid":{"rendered":"https:\/\/radioleinewelle.de\/?p=1405"},"modified":"2020-09-03T04:30:09","modified_gmt":"2020-09-03T02:30:09","slug":"kassel-ist-zweitgruenste-stadt-deutschlands","status":"publish","type":"post","link":"https:\/\/radioleinewelle.de\/index.php\/2020\/09\/03\/kassel-ist-zweitgruenste-stadt-deutschlands\/","title":{"rendered":"Kassel ist zweitgr\u00fcnste Stadt Deutschlands"},"content":{"rendered":"<p>Fast hat man es schon geahnt: Kassel ist die zweitgr\u00fcnste Stadt Deutschlands. Dies best\u00e4tigt eine aktuelle Untersuchung: Gem\u00e4\u00df einer Erhebung von Statista Research Department verf\u00fcgt Kassel \u00fcber 23,4 Quadratmetern Gr\u00fcnfl\u00e4che\/Parkanlage pro Einwohner.<br \/>\n\u00d6ffentliche Gr\u00fcnanlagen, W\u00e4lder und Felder bedecken 47 Prozent der Fl\u00e4che des Stadtgebiets. Nimmt man alle weiteren Gr\u00fcnfl\u00e4chen wie beispielsweise private G\u00e4rten oder das Gr\u00fcn entlang der Stra\u00dfen hinzu, sind sogar 68 Prozent des Stadtgebiets bewachsen.\u00a0Einmalig ist in Kassel die Vielfalt der Gr\u00fcnfl\u00e4chen. Weite Naturr\u00e4ume ziehen sich bis in die Stadt &#8211; allein etwa ein Viertel des Stadtgebiets ist bewaldet, und das europ\u00e4ische Natura-2000-Gebiet &#8222;D\u00f6nche&#8220; ist das gr\u00f6\u00dfte innerst\u00e4dtische Naturschutzgebiet in Deutschland. Kassel verf\u00fcgt \u00fcber gro\u00dfartigen Parkanlagen. Der UNESCO-Welterbe Bergpark Wilhelmsh\u00f6he ist der gr\u00f6\u00dfte Bergpark in Europa. Die durch die Bundesgartenschau 1981 umgestaltete Fuldaaue ist zusammen mit der benachbarten Karlsaue eine der gr\u00f6\u00dften innerst\u00e4dtischen Parkanlagen in Deutschland. Der Reichtum an B\u00e4umen zeigt sich allein an den fast 89.000 Exemplaren, um die sich das Umwelt- und Gartenamt der Stadt k\u00fcmmert. Mit dem Kunstprojekt \u201a7000 Eichen\u2018 von Joseph Beuys besitzt die Stadt ein einzigartiges gr\u00fcnes Kunstobjekt.<\/p>\n<p>Mehr unter <a href=\"http:\/\/www.kassel.de\">www.kassel.de<\/a><\/p>\n<p>Foto: Stadt Kassel<\/p>\n<p>&nbsp;<\/p>\n<p>&nbsp;<\/p>\n","protected":false},"excerpt":{"rendered":"<p>Fast hat man es schon geahnt: Kassel ist die zweitgr\u00fcnste Stadt Deutschlands. Dies best\u00e4tigt eine aktuelle Untersuchung: Gem\u00e4\u00df einer Erhebung von Statista Research Department verf\u00fcgt Kassel \u00fcber 23,4 Quadratmetern Gr\u00fcnfl\u00e4che\/Parkanlage pro Einwohner. \u00d6ffentliche Gr\u00fcnanlagen, W\u00e4lder und Felder bedecken 47 Prozent der Fl\u00e4che des Stadtgebiets. Nimmt man alle weiteren Gr\u00fcnfl\u00e4chen wie beispielsweise private G\u00e4rten oder das [&hellip;]<\/p>\n","protected":false},"author":1,"featured_media":0,"comment_status":"closed","ping_status":"closed","sticky":false,"template":"","format":"standard","meta":{"saved_in_kubio":false,"footnotes":""},"categories":[1],"tags":[],"class_list":["post-1405","post","type-post","status-publish","format-standard","hentry","category-allgemein"],"yoast_head":"<!-- This site is optimized with the Yoast SEO plugin v27.5 - https:\/\/yoast.com\/product\/yoast-seo-wordpress\/ -->\n<title>Kassel ist zweitgr\u00fcnste Stadt Deutschlands - Radio Leinewelle<\/title>\n<meta name=\"robots\" content=\"index, follow, max-snippet:-1, max-image-preview:large, max-video-preview:-1\" \/>\n<link rel=\"canonical\" href=\"https:\/\/radioleinewelle.de\/index.php\/2020\/09\/03\/kassel-ist-zweitgruenste-stadt-deutschlands\/\" \/>\n<meta property=\"og:locale\" content=\"de_DE\" \/>\n<meta property=\"og:type\" content=\"article\" \/>\n<meta property=\"og:title\" content=\"Kassel ist zweitgr\u00fcnste Stadt Deutschlands - Radio Leinewelle\" \/>\n<meta property=\"og:description\" content=\"Fast hat man es schon geahnt: Kassel ist die zweitgr\u00fcnste Stadt Deutschlands. Dies best\u00e4tigt eine aktuelle Untersuchung: Gem\u00e4\u00df einer Erhebung von Statista Research Department verf\u00fcgt Kassel \u00fcber 23,4 Quadratmetern Gr\u00fcnfl\u00e4che\/Parkanlage pro Einwohner. \u00d6ffentliche Gr\u00fcnanlagen, W\u00e4lder und Felder bedecken 47 Prozent der Fl\u00e4che des Stadtgebiets. Nimmt man alle weiteren Gr\u00fcnfl\u00e4chen wie beispielsweise private G\u00e4rten oder das [&hellip;]\" \/>\n<meta property=\"og:url\" content=\"https:\/\/radioleinewelle.de\/index.php\/2020\/09\/03\/kassel-ist-zweitgruenste-stadt-deutschlands\/\" \/>\n<meta property=\"og:site_name\" content=\"Radio Leinewelle\" \/>\n<meta property=\"article:publisher\" content=\"https:\/\/www.facebook.com\/radioleinewelle\" \/>\n<meta property=\"article:author\" content=\"https:\/\/www.facebook.com\/radioleinewelle\" \/>\n<meta property=\"article:published_time\" content=\"2020-09-03T02:30:09+00:00\" \/>\n<meta name=\"author\" content=\"Leinewelle\" \/>\n<meta name=\"twitter:card\" content=\"summary_large_image\" \/>\n<meta name=\"twitter:creator\" content=\"@https:\/\/twitter.com\/RLeinewelle?ref_src=twsrcgoogletwcampserptwgrauthor\" \/>\n<meta name=\"twitter:site\" content=\"@RLeinewelle\" \/>\n<meta name=\"twitter:label1\" content=\"Verfasst von\" \/>\n\t<meta name=\"twitter:data1\" content=\"Leinewelle\" \/>\n\t<meta name=\"twitter:label2\" content=\"Gesch\u00e4tzte Lesezeit\" \/>\n\t<meta name=\"twitter:data2\" content=\"1\u00a0Minute\" \/>\n<script type=\"application\/ld+json\" class=\"yoast-schema-graph\">{\"@context\":\"https:\\\/\\\/schema.org\",\"@graph\":[{\"@type\":\"Article\",\"@id\":\"https:\\\/\\\/radioleinewelle.de\\\/index.php\\\/2020\\\/09\\\/03\\\/kassel-ist-zweitgruenste-stadt-deutschlands\\\/#article\",\"isPartOf\":{\"@id\":\"https:\\\/\\\/radioleinewelle.de\\\/index.php\\\/2020\\\/09\\\/03\\\/kassel-ist-zweitgruenste-stadt-deutschlands\\\/\"},\"author\":{\"name\":\"Leinewelle\",\"@id\":\"https:\\\/\\\/radioleinewelle.de\\\/#\\\/schema\\\/person\\\/45606f348637df637192dc1b68399a63\"},\"headline\":\"Kassel ist zweitgr\u00fcnste Stadt Deutschlands\",\"datePublished\":\"2020-09-03T02:30:09+00:00\",\"mainEntityOfPage\":{\"@id\":\"https:\\\/\\\/radioleinewelle.de\\\/index.php\\\/2020\\\/09\\\/03\\\/kassel-ist-zweitgruenste-stadt-deutschlands\\\/\"},\"wordCount\":217,\"publisher\":{\"@id\":\"https:\\\/\\\/radioleinewelle.de\\\/#organization\"},\"inLanguage\":\"de\"},{\"@type\":\"WebPage\",\"@id\":\"https:\\\/\\\/radioleinewelle.de\\\/index.php\\\/2020\\\/09\\\/03\\\/kassel-ist-zweitgruenste-stadt-deutschlands\\\/\",\"url\":\"https:\\\/\\\/radioleinewelle.de\\\/index.php\\\/2020\\\/09\\\/03\\\/kassel-ist-zweitgruenste-stadt-deutschlands\\\/\",\"name\":\"Kassel ist zweitgr\u00fcnste Stadt Deutschlands - Radio Leinewelle\",\"isPartOf\":{\"@id\":\"https:\\\/\\\/radioleinewelle.de\\\/#website\"},\"datePublished\":\"2020-09-03T02:30:09+00:00\",\"breadcrumb\":{\"@id\":\"https:\\\/\\\/radioleinewelle.de\\\/index.php\\\/2020\\\/09\\\/03\\\/kassel-ist-zweitgruenste-stadt-deutschlands\\\/#breadcrumb\"},\"inLanguage\":\"de\",\"potentialAction\":[{\"@type\":\"ReadAction\",\"target\":[\"https:\\\/\\\/radioleinewelle.de\\\/index.php\\\/2020\\\/09\\\/03\\\/kassel-ist-zweitgruenste-stadt-deutschlands\\\/\"]}]},{\"@type\":\"BreadcrumbList\",\"@id\":\"https:\\\/\\\/radioleinewelle.de\\\/index.php\\\/2020\\\/09\\\/03\\\/kassel-ist-zweitgruenste-stadt-deutschlands\\\/#breadcrumb\",\"itemListElement\":[{\"@type\":\"ListItem\",\"position\":1,\"name\":\"Startseite\",\"item\":\"https:\\\/\\\/radioleinewelle.de\\\/\"},{\"@type\":\"ListItem\",\"position\":2,\"name\":\"Kassel ist zweitgr\u00fcnste Stadt Deutschlands\"}]},{\"@type\":\"WebSite\",\"@id\":\"https:\\\/\\\/radioleinewelle.de\\\/#website\",\"url\":\"https:\\\/\\\/radioleinewelle.de\\\/\",\"name\":\"Radio Leinewelle\",\"description\":\"\",\"publisher\":{\"@id\":\"https:\\\/\\\/radioleinewelle.de\\\/#organization\"},\"potentialAction\":[{\"@type\":\"SearchAction\",\"target\":{\"@type\":\"EntryPoint\",\"urlTemplate\":\"https:\\\/\\\/radioleinewelle.de\\\/?s={search_term_string}\"},\"query-input\":{\"@type\":\"PropertyValueSpecification\",\"valueRequired\":true,\"valueName\":\"search_term_string\"}}],\"inLanguage\":\"de\"},{\"@type\":\"Organization\",\"@id\":\"https:\\\/\\\/radioleinewelle.de\\\/#organization\",\"name\":\"Radio Leinewelle\",\"alternateName\":\"Mein Radio f\u00fcr S\u00fcdniedersachsen\",\"url\":\"https:\\\/\\\/radioleinewelle.de\\\/\",\"logo\":{\"@type\":\"ImageObject\",\"inLanguage\":\"de\",\"@id\":\"https:\\\/\\\/radioleinewelle.de\\\/#\\\/schema\\\/logo\\\/image\\\/\",\"url\":\"https:\\\/\\\/radioleinewelle.de\\\/wp-content\\\/uploads\\\/2023\\\/11\\\/cropped-Leinewelle_Logo_weiss.png\",\"contentUrl\":\"https:\\\/\\\/radioleinewelle.de\\\/wp-content\\\/uploads\\\/2023\\\/11\\\/cropped-Leinewelle_Logo_weiss.png\",\"width\":854,\"height\":260,\"caption\":\"Radio Leinewelle\"},\"image\":{\"@id\":\"https:\\\/\\\/radioleinewelle.de\\\/#\\\/schema\\\/logo\\\/image\\\/\"},\"sameAs\":[\"https:\\\/\\\/www.facebook.com\\\/radioleinewelle\",\"https:\\\/\\\/x.com\\\/RLeinewelle\",\"https:\\\/\\\/www.instagram.com\\\/radioleinewelle\\\/?hl=de\"]},{\"@type\":\"Person\",\"@id\":\"https:\\\/\\\/radioleinewelle.de\\\/#\\\/schema\\\/person\\\/45606f348637df637192dc1b68399a63\",\"name\":\"Leinewelle\",\"image\":{\"@type\":\"ImageObject\",\"inLanguage\":\"de\",\"@id\":\"https:\\\/\\\/secure.gravatar.com\\\/avatar\\\/05c9a17bc973052ee5d91549bd32fb4dd0dc85b7b85ae94b2e2b4943476bbea5?s=96&d=blank&r=g\",\"url\":\"https:\\\/\\\/secure.gravatar.com\\\/avatar\\\/05c9a17bc973052ee5d91549bd32fb4dd0dc85b7b85ae94b2e2b4943476bbea5?s=96&d=blank&r=g\",\"contentUrl\":\"https:\\\/\\\/secure.gravatar.com\\\/avatar\\\/05c9a17bc973052ee5d91549bd32fb4dd0dc85b7b85ae94b2e2b4943476bbea5?s=96&d=blank&r=g\",\"caption\":\"Leinewelle\"},\"sameAs\":[\"http:\\\/\\\/localhost\\\/radio%20leinewelle\\\/wordpress\",\"https:\\\/\\\/www.facebook.com\\\/radioleinewelle\",\"https:\\\/\\\/www.instagram.com\\\/radioleinewelle\",\"https:\\\/\\\/x.com\\\/https:\\\/\\\/twitter.com\\\/RLeinewelle?ref_src=twsrcgoogletwcampserptwgrauthor\",\"https:\\\/\\\/soundcloud.com\\\/foerderverein-lokalradio?utm_source=clipboard&utm_medium=text&utm_campaign=social_sharing\"],\"url\":\"https:\\\/\\\/radioleinewelle.de\\\/index.php\\\/author\\\/leinewelle\\\/\"}]}<\/script>\n<!-- \/ Yoast SEO plugin. -->","yoast_head_json":{"title":"Kassel ist zweitgr\u00fcnste Stadt Deutschlands - Radio Leinewelle","robots":{"index":"index","follow":"follow","max-snippet":"max-snippet:-1","max-image-preview":"max-image-preview:large","max-video-preview":"max-video-preview:-1"},"canonical":"https:\/\/radioleinewelle.de\/index.php\/2020\/09\/03\/kassel-ist-zweitgruenste-stadt-deutschlands\/","og_locale":"de_DE","og_type":"article","og_title":"Kassel ist zweitgr\u00fcnste Stadt Deutschlands - Radio Leinewelle","og_description":"Fast hat man es schon geahnt: Kassel ist die zweitgr\u00fcnste Stadt Deutschlands. Dies best\u00e4tigt eine aktuelle Untersuchung: Gem\u00e4\u00df einer Erhebung von Statista Research Department verf\u00fcgt Kassel \u00fcber 23,4 Quadratmetern Gr\u00fcnfl\u00e4che\/Parkanlage pro Einwohner. \u00d6ffentliche Gr\u00fcnanlagen, W\u00e4lder und Felder bedecken 47 Prozent der Fl\u00e4che des Stadtgebiets. Nimmt man alle weiteren Gr\u00fcnfl\u00e4chen wie beispielsweise private G\u00e4rten oder das [&hellip;]","og_url":"https:\/\/radioleinewelle.de\/index.php\/2020\/09\/03\/kassel-ist-zweitgruenste-stadt-deutschlands\/","og_site_name":"Radio Leinewelle","article_publisher":"https:\/\/www.facebook.com\/radioleinewelle","article_author":"https:\/\/www.facebook.com\/radioleinewelle","article_published_time":"2020-09-03T02:30:09+00:00","author":"Leinewelle","twitter_card":"summary_large_image","twitter_creator":"@https:\/\/twitter.com\/RLeinewelle?ref_src=twsrcgoogletwcampserptwgrauthor","twitter_site":"@RLeinewelle","twitter_misc":{"Verfasst von":"Leinewelle","Gesch\u00e4tzte Lesezeit":"1\u00a0Minute"},"schema":{"@context":"https:\/\/schema.org","@graph":[{"@type":"Article","@id":"https:\/\/radioleinewelle.de\/index.php\/2020\/09\/03\/kassel-ist-zweitgruenste-stadt-deutschlands\/#article","isPartOf":{"@id":"https:\/\/radioleinewelle.de\/index.php\/2020\/09\/03\/kassel-ist-zweitgruenste-stadt-deutschlands\/"},"author":{"name":"Leinewelle","@id":"https:\/\/radioleinewelle.de\/#\/schema\/person\/45606f348637df637192dc1b68399a63"},"headline":"Kassel ist zweitgr\u00fcnste Stadt Deutschlands","datePublished":"2020-09-03T02:30:09+00:00","mainEntityOfPage":{"@id":"https:\/\/radioleinewelle.de\/index.php\/2020\/09\/03\/kassel-ist-zweitgruenste-stadt-deutschlands\/"},"wordCount":217,"publisher":{"@id":"https:\/\/radioleinewelle.de\/#organization"},"inLanguage":"de"},{"@type":"WebPage","@id":"https:\/\/radioleinewelle.de\/index.php\/2020\/09\/03\/kassel-ist-zweitgruenste-stadt-deutschlands\/","url":"https:\/\/radioleinewelle.de\/index.php\/2020\/09\/03\/kassel-ist-zweitgruenste-stadt-deutschlands\/","name":"Kassel ist zweitgr\u00fcnste Stadt Deutschlands - Radio Leinewelle","isPartOf":{"@id":"https:\/\/radioleinewelle.de\/#website"},"datePublished":"2020-09-03T02:30:09+00:00","breadcrumb":{"@id":"https:\/\/radioleinewelle.de\/index.php\/2020\/09\/03\/kassel-ist-zweitgruenste-stadt-deutschlands\/#breadcrumb"},"inLanguage":"de","potentialAction":[{"@type":"ReadAction","target":["https:\/\/radioleinewelle.de\/index.php\/2020\/09\/03\/kassel-ist-zweitgruenste-stadt-deutschlands\/"]}]},{"@type":"BreadcrumbList","@id":"https:\/\/radioleinewelle.de\/index.php\/2020\/09\/03\/kassel-ist-zweitgruenste-stadt-deutschlands\/#breadcrumb","itemListElement":[{"@type":"ListItem","position":1,"name":"Startseite","item":"https:\/\/radioleinewelle.de\/"},{"@type":"ListItem","position":2,"name":"Kassel ist zweitgr\u00fcnste Stadt Deutschlands"}]},{"@type":"WebSite","@id":"https:\/\/radioleinewelle.de\/#website","url":"https:\/\/radioleinewelle.de\/","name":"Radio Leinewelle","description":"","publisher":{"@id":"https:\/\/radioleinewelle.de\/#organization"},"potentialAction":[{"@type":"SearchAction","target":{"@type":"EntryPoint","urlTemplate":"https:\/\/radioleinewelle.de\/?s={search_term_string}"},"query-input":{"@type":"PropertyValueSpecification","valueRequired":true,"valueName":"search_term_string"}}],"inLanguage":"de"},{"@type":"Organization","@id":"https:\/\/radioleinewelle.de\/#organization","name":"Radio Leinewelle","alternateName":"Mein Radio f\u00fcr S\u00fcdniedersachsen","url":"https:\/\/radioleinewelle.de\/","logo":{"@type":"ImageObject","inLanguage":"de","@id":"https:\/\/radioleinewelle.de\/#\/schema\/logo\/image\/","url":"https:\/\/radioleinewelle.de\/wp-content\/uploads\/2023\/11\/cropped-Leinewelle_Logo_weiss.png","contentUrl":"https:\/\/radioleinewelle.de\/wp-content\/uploads\/2023\/11\/cropped-Leinewelle_Logo_weiss.png","width":854,"height":260,"caption":"Radio Leinewelle"},"image":{"@id":"https:\/\/radioleinewelle.de\/#\/schema\/logo\/image\/"},"sameAs":["https:\/\/www.facebook.com\/radioleinewelle","https:\/\/x.com\/RLeinewelle","https:\/\/www.instagram.com\/radioleinewelle\/?hl=de"]},{"@type":"Person","@id":"https:\/\/radioleinewelle.de\/#\/schema\/person\/45606f348637df637192dc1b68399a63","name":"Leinewelle","image":{"@type":"ImageObject","inLanguage":"de","@id":"https:\/\/secure.gravatar.com\/avatar\/05c9a17bc973052ee5d91549bd32fb4dd0dc85b7b85ae94b2e2b4943476bbea5?s=96&d=blank&r=g","url":"https:\/\/secure.gravatar.com\/avatar\/05c9a17bc973052ee5d91549bd32fb4dd0dc85b7b85ae94b2e2b4943476bbea5?s=96&d=blank&r=g","contentUrl":"https:\/\/secure.gravatar.com\/avatar\/05c9a17bc973052ee5d91549bd32fb4dd0dc85b7b85ae94b2e2b4943476bbea5?s=96&d=blank&r=g","caption":"Leinewelle"},"sameAs":["http:\/\/localhost\/radio%20leinewelle\/wordpress","https:\/\/www.facebook.com\/radioleinewelle","https:\/\/www.instagram.com\/radioleinewelle","https:\/\/x.com\/https:\/\/twitter.com\/RLeinewelle?ref_src=twsrcgoogletwcampserptwgrauthor","https:\/\/soundcloud.com\/foerderverein-lokalradio?utm_source=clipboard&utm_medium=text&utm_campaign=social_sharing"],"url":"https:\/\/radioleinewelle.de\/index.php\/author\/leinewelle\/"}]}},"_links":{"self":[{"href":"https:\/\/radioleinewelle.de\/index.php\/wp-json\/wp\/v2\/posts\/1405","targetHints":{"allow":["GET"]}}],"collection":[{"href":"https:\/\/radioleinewelle.de\/index.php\/wp-json\/wp\/v2\/posts"}],"about":[{"href":"https:\/\/radioleinewelle.de\/index.php\/wp-json\/wp\/v2\/types\/post"}],"author":[{"embeddable":true,"href":"https:\/\/radioleinewelle.de\/index.php\/wp-json\/wp\/v2\/users\/1"}],"replies":[{"embeddable":true,"href":"https:\/\/radioleinewelle.de\/index.php\/wp-json\/wp\/v2\/comments?post=1405"}],"version-history":[{"count":0,"href":"https:\/\/radioleinewelle.de\/index.php\/wp-json\/wp\/v2\/posts\/1405\/revisions"}],"wp:attachment":[{"href":"https:\/\/radioleinewelle.de\/index.php\/wp-json\/wp\/v2\/media?parent=1405"}],"wp:term":[{"taxonomy":"category","embeddable":true,"href":"https:\/\/radioleinewelle.de\/index.php\/wp-json\/wp\/v2\/categories?post=1405"},{"taxonomy":"post_tag","embeddable":true,"href":"https:\/\/radioleinewelle.de\/index.php\/wp-json\/wp\/v2\/tags?post=1405"}],"curies":[{"name":"wp","href":"https:\/\/api.w.org\/{rel}","templated":true}]}}