{"id":1418,"date":"2020-09-04T05:00:48","date_gmt":"2020-09-04T03:00:48","guid":{"rendered":"https:\/\/radioleinewelle.de\/?p=1418"},"modified":"2020-09-04T05:00:48","modified_gmt":"2020-09-04T03:00:48","slug":"goettingen-vorstand-der-spd-ratsfraktion-wieder-komplett","status":"publish","type":"post","link":"https:\/\/radioleinewelle.de\/index.php\/2020\/09\/04\/goettingen-vorstand-der-spd-ratsfraktion-wieder-komplett\/","title":{"rendered":"G\u00f6ttingen: Vorstand der SPD Ratsfraktion wieder komplett"},"content":{"rendered":"<p>Nachdem der Ratsvorsitzende und stellvertretende Vorsitzende der SPD-Ratsfraktion G\u00f6ttingen Christian Henze seinen R\u00fcckzug aus der Ratspolitik verk\u00fcndet hat, wurde als stellvertretender Vorsitzende, Ratsherr Volker Grothey nachgew\u00e4hlt.\u00a0\u201eVor diesem Hintergrund war es uns wichtig, dass die Verantwortlichkeiten in der Fraktion schnell neu geregelt werden,\u201c so der Vorsitzende der SPD-Ratsfraktion Tom Wedrins. Wedrins weiter: \u201eWir danken Christian Henze f\u00fcr seine geleistete Arbeit. Der neue stellv. Fraktionsvorsitzende Volker Grothey, ist der umweltpolitische Sprecher der Fraktion und seit November 2016 Mitglied der SPD-Ratsfraktion G\u00f6ttingen. Volker Grothey erg\u00e4nzt den Vorstand durch hohe Fachkompetenz,\u201c erkl\u00e4rt der Vorsitzende der SPD-Ratsfraktion Tom Wedrins.\u00a0Grothey erkl\u00e4rt: \u201eF\u00fcr mich stehen insbesondere Fragen des Umwelt- und Klimaschutz im Vordergrund. Als Herberh\u00e4user bin ich nat\u00fcrlich den Ortschaften eng verbunden, mein Augenmerk wird auf der Entwicklung der Ortsteile liegen. Weiterhin werde ich als stellvertretender Fraktionsvorsitzender die Vernetzung der Fraktion in die Stadtgesellschaft st\u00e4rken, sozialdemokratische Positionen vertreten und den Austausch sowie den Zusammenhalt der Fraktion f\u00f6rdern.<br \/>\nFoto: SPD G\u00f6ttingen<\/p>\n","protected":false},"excerpt":{"rendered":"<p>Nachdem der Ratsvorsitzende und stellvertretende Vorsitzende der SPD-Ratsfraktion G\u00f6ttingen Christian Henze seinen R\u00fcckzug aus der Ratspolitik verk\u00fcndet hat, wurde als stellvertretender Vorsitzende, Ratsherr Volker Grothey nachgew\u00e4hlt.\u00a0\u201eVor diesem Hintergrund war es uns wichtig, dass die Verantwortlichkeiten in der Fraktion schnell neu geregelt werden,\u201c so der Vorsitzende der SPD-Ratsfraktion Tom Wedrins. Wedrins weiter: \u201eWir danken Christian Henze [&hellip;]<\/p>\n","protected":false},"author":1,"featured_media":1419,"comment_status":"closed","ping_status":"closed","sticky":false,"template":"","format":"standard","meta":{"saved_in_kubio":false,"footnotes":""},"categories":[1],"tags":[],"class_list":["post-1418","post","type-post","status-publish","format-standard","has-post-thumbnail","hentry","category-allgemein"],"yoast_head":"<!-- This site is optimized with the Yoast SEO plugin v27.5 - https:\/\/yoast.com\/product\/yoast-seo-wordpress\/ -->\n<title>G\u00f6ttingen: Vorstand der SPD Ratsfraktion wieder komplett - Radio Leinewelle<\/title>\n<meta name=\"robots\" content=\"index, follow, max-snippet:-1, max-image-preview:large, max-video-preview:-1\" \/>\n<link rel=\"canonical\" href=\"https:\/\/radioleinewelle.de\/index.php\/2020\/09\/04\/goettingen-vorstand-der-spd-ratsfraktion-wieder-komplett\/\" \/>\n<meta property=\"og:locale\" content=\"de_DE\" \/>\n<meta property=\"og:type\" content=\"article\" \/>\n<meta property=\"og:title\" content=\"G\u00f6ttingen: Vorstand der SPD Ratsfraktion wieder komplett - Radio Leinewelle\" \/>\n<meta property=\"og:description\" content=\"Nachdem der Ratsvorsitzende und stellvertretende Vorsitzende der SPD-Ratsfraktion G\u00f6ttingen Christian Henze seinen R\u00fcckzug aus der Ratspolitik verk\u00fcndet hat, wurde als stellvertretender Vorsitzende, Ratsherr Volker Grothey nachgew\u00e4hlt.\u00a0\u201eVor diesem Hintergrund war es uns wichtig, dass die Verantwortlichkeiten in der Fraktion schnell neu geregelt werden,\u201c so der Vorsitzende der SPD-Ratsfraktion Tom Wedrins. Wedrins weiter: \u201eWir danken Christian Henze [&hellip;]\" \/>\n<meta property=\"og:url\" content=\"https:\/\/radioleinewelle.de\/index.php\/2020\/09\/04\/goettingen-vorstand-der-spd-ratsfraktion-wieder-komplett\/\" \/>\n<meta property=\"og:site_name\" content=\"Radio Leinewelle\" \/>\n<meta property=\"article:publisher\" content=\"https:\/\/www.facebook.com\/radioleinewelle\" \/>\n<meta property=\"article:author\" content=\"https:\/\/www.facebook.com\/radioleinewelle\" \/>\n<meta property=\"article:published_time\" content=\"2020-09-04T03:00:48+00:00\" \/>\n<meta property=\"og:image\" content=\"https:\/\/radioleinewelle.de\/wp-content\/uploads\/2020\/09\/Volker-Grothey-e1599161399127.jpg\" \/>\n\t<meta property=\"og:image:width\" content=\"300\" \/>\n\t<meta property=\"og:image:height\" content=\"200\" \/>\n\t<meta property=\"og:image:type\" content=\"image\/jpeg\" \/>\n<meta name=\"author\" content=\"Leinewelle\" \/>\n<meta name=\"twitter:card\" content=\"summary_large_image\" \/>\n<meta name=\"twitter:creator\" content=\"@https:\/\/twitter.com\/RLeinewelle?ref_src=twsrcgoogletwcampserptwgrauthor\" \/>\n<meta name=\"twitter:site\" content=\"@RLeinewelle\" \/>\n<meta name=\"twitter:label1\" content=\"Verfasst von\" \/>\n\t<meta name=\"twitter:data1\" content=\"Leinewelle\" \/>\n\t<meta name=\"twitter:label2\" content=\"Gesch\u00e4tzte Lesezeit\" \/>\n\t<meta name=\"twitter:data2\" content=\"1\u00a0Minute\" \/>\n<script type=\"application\/ld+json\" class=\"yoast-schema-graph\">{\"@context\":\"https:\\\/\\\/schema.org\",\"@graph\":[{\"@type\":\"Article\",\"@id\":\"https:\\\/\\\/radioleinewelle.de\\\/index.php\\\/2020\\\/09\\\/04\\\/goettingen-vorstand-der-spd-ratsfraktion-wieder-komplett\\\/#article\",\"isPartOf\":{\"@id\":\"https:\\\/\\\/radioleinewelle.de\\\/index.php\\\/2020\\\/09\\\/04\\\/goettingen-vorstand-der-spd-ratsfraktion-wieder-komplett\\\/\"},\"author\":{\"name\":\"Leinewelle\",\"@id\":\"https:\\\/\\\/radioleinewelle.de\\\/#\\\/schema\\\/person\\\/45606f348637df637192dc1b68399a63\"},\"headline\":\"G\u00f6ttingen: Vorstand der SPD Ratsfraktion wieder komplett\",\"datePublished\":\"2020-09-04T03:00:48+00:00\",\"mainEntityOfPage\":{\"@id\":\"https:\\\/\\\/radioleinewelle.de\\\/index.php\\\/2020\\\/09\\\/04\\\/goettingen-vorstand-der-spd-ratsfraktion-wieder-komplett\\\/\"},\"wordCount\":177,\"publisher\":{\"@id\":\"https:\\\/\\\/radioleinewelle.de\\\/#organization\"},\"image\":{\"@id\":\"https:\\\/\\\/radioleinewelle.de\\\/index.php\\\/2020\\\/09\\\/04\\\/goettingen-vorstand-der-spd-ratsfraktion-wieder-komplett\\\/#primaryimage\"},\"thumbnailUrl\":\"https:\\\/\\\/radioleinewelle.de\\\/wp-content\\\/uploads\\\/2020\\\/09\\\/Volker-Grothey-e1599161399127.jpg\",\"inLanguage\":\"de\"},{\"@type\":\"WebPage\",\"@id\":\"https:\\\/\\\/radioleinewelle.de\\\/index.php\\\/2020\\\/09\\\/04\\\/goettingen-vorstand-der-spd-ratsfraktion-wieder-komplett\\\/\",\"url\":\"https:\\\/\\\/radioleinewelle.de\\\/index.php\\\/2020\\\/09\\\/04\\\/goettingen-vorstand-der-spd-ratsfraktion-wieder-komplett\\\/\",\"name\":\"G\u00f6ttingen: Vorstand der SPD Ratsfraktion wieder komplett - Radio Leinewelle\",\"isPartOf\":{\"@id\":\"https:\\\/\\\/radioleinewelle.de\\\/#website\"},\"primaryImageOfPage\":{\"@id\":\"https:\\\/\\\/radioleinewelle.de\\\/index.php\\\/2020\\\/09\\\/04\\\/goettingen-vorstand-der-spd-ratsfraktion-wieder-komplett\\\/#primaryimage\"},\"image\":{\"@id\":\"https:\\\/\\\/radioleinewelle.de\\\/index.php\\\/2020\\\/09\\\/04\\\/goettingen-vorstand-der-spd-ratsfraktion-wieder-komplett\\\/#primaryimage\"},\"thumbnailUrl\":\"https:\\\/\\\/radioleinewelle.de\\\/wp-content\\\/uploads\\\/2020\\\/09\\\/Volker-Grothey-e1599161399127.jpg\",\"datePublished\":\"2020-09-04T03:00:48+00:00\",\"breadcrumb\":{\"@id\":\"https:\\\/\\\/radioleinewelle.de\\\/index.php\\\/2020\\\/09\\\/04\\\/goettingen-vorstand-der-spd-ratsfraktion-wieder-komplett\\\/#breadcrumb\"},\"inLanguage\":\"de\",\"potentialAction\":[{\"@type\":\"ReadAction\",\"target\":[\"https:\\\/\\\/radioleinewelle.de\\\/index.php\\\/2020\\\/09\\\/04\\\/goettingen-vorstand-der-spd-ratsfraktion-wieder-komplett\\\/\"]}]},{\"@type\":\"ImageObject\",\"inLanguage\":\"de\",\"@id\":\"https:\\\/\\\/radioleinewelle.de\\\/index.php\\\/2020\\\/09\\\/04\\\/goettingen-vorstand-der-spd-ratsfraktion-wieder-komplett\\\/#primaryimage\",\"url\":\"https:\\\/\\\/radioleinewelle.de\\\/wp-content\\\/uploads\\\/2020\\\/09\\\/Volker-Grothey-e1599161399127.jpg\",\"contentUrl\":\"https:\\\/\\\/radioleinewelle.de\\\/wp-content\\\/uploads\\\/2020\\\/09\\\/Volker-Grothey-e1599161399127.jpg\",\"width\":300,\"height\":200},{\"@type\":\"BreadcrumbList\",\"@id\":\"https:\\\/\\\/radioleinewelle.de\\\/index.php\\\/2020\\\/09\\\/04\\\/goettingen-vorstand-der-spd-ratsfraktion-wieder-komplett\\\/#breadcrumb\",\"itemListElement\":[{\"@type\":\"ListItem\",\"position\":1,\"name\":\"Startseite\",\"item\":\"https:\\\/\\\/radioleinewelle.de\\\/\"},{\"@type\":\"ListItem\",\"position\":2,\"name\":\"G\u00f6ttingen: Vorstand der SPD Ratsfraktion wieder komplett\"}]},{\"@type\":\"WebSite\",\"@id\":\"https:\\\/\\\/radioleinewelle.de\\\/#website\",\"url\":\"https:\\\/\\\/radioleinewelle.de\\\/\",\"name\":\"Radio Leinewelle\",\"description\":\"\",\"publisher\":{\"@id\":\"https:\\\/\\\/radioleinewelle.de\\\/#organization\"},\"potentialAction\":[{\"@type\":\"SearchAction\",\"target\":{\"@type\":\"EntryPoint\",\"urlTemplate\":\"https:\\\/\\\/radioleinewelle.de\\\/?s={search_term_string}\"},\"query-input\":{\"@type\":\"PropertyValueSpecification\",\"valueRequired\":true,\"valueName\":\"search_term_string\"}}],\"inLanguage\":\"de\"},{\"@type\":\"Organization\",\"@id\":\"https:\\\/\\\/radioleinewelle.de\\\/#organization\",\"name\":\"Radio Leinewelle\",\"alternateName\":\"Mein Radio f\u00fcr S\u00fcdniedersachsen\",\"url\":\"https:\\\/\\\/radioleinewelle.de\\\/\",\"logo\":{\"@type\":\"ImageObject\",\"inLanguage\":\"de\",\"@id\":\"https:\\\/\\\/radioleinewelle.de\\\/#\\\/schema\\\/logo\\\/image\\\/\",\"url\":\"https:\\\/\\\/radioleinewelle.de\\\/wp-content\\\/uploads\\\/2023\\\/11\\\/cropped-Leinewelle_Logo_weiss.png\",\"contentUrl\":\"https:\\\/\\\/radioleinewelle.de\\\/wp-content\\\/uploads\\\/2023\\\/11\\\/cropped-Leinewelle_Logo_weiss.png\",\"width\":854,\"height\":260,\"caption\":\"Radio Leinewelle\"},\"image\":{\"@id\":\"https:\\\/\\\/radioleinewelle.de\\\/#\\\/schema\\\/logo\\\/image\\\/\"},\"sameAs\":[\"https:\\\/\\\/www.facebook.com\\\/radioleinewelle\",\"https:\\\/\\\/x.com\\\/RLeinewelle\",\"https:\\\/\\\/www.instagram.com\\\/radioleinewelle\\\/?hl=de\"]},{\"@type\":\"Person\",\"@id\":\"https:\\\/\\\/radioleinewelle.de\\\/#\\\/schema\\\/person\\\/45606f348637df637192dc1b68399a63\",\"name\":\"Leinewelle\",\"image\":{\"@type\":\"ImageObject\",\"inLanguage\":\"de\",\"@id\":\"https:\\\/\\\/secure.gravatar.com\\\/avatar\\\/05c9a17bc973052ee5d91549bd32fb4dd0dc85b7b85ae94b2e2b4943476bbea5?s=96&d=blank&r=g\",\"url\":\"https:\\\/\\\/secure.gravatar.com\\\/avatar\\\/05c9a17bc973052ee5d91549bd32fb4dd0dc85b7b85ae94b2e2b4943476bbea5?s=96&d=blank&r=g\",\"contentUrl\":\"https:\\\/\\\/secure.gravatar.com\\\/avatar\\\/05c9a17bc973052ee5d91549bd32fb4dd0dc85b7b85ae94b2e2b4943476bbea5?s=96&d=blank&r=g\",\"caption\":\"Leinewelle\"},\"sameAs\":[\"http:\\\/\\\/localhost\\\/radio%20leinewelle\\\/wordpress\",\"https:\\\/\\\/www.facebook.com\\\/radioleinewelle\",\"https:\\\/\\\/www.instagram.com\\\/radioleinewelle\",\"https:\\\/\\\/x.com\\\/https:\\\/\\\/twitter.com\\\/RLeinewelle?ref_src=twsrcgoogletwcampserptwgrauthor\",\"https:\\\/\\\/soundcloud.com\\\/foerderverein-lokalradio?utm_source=clipboard&utm_medium=text&utm_campaign=social_sharing\"],\"url\":\"https:\\\/\\\/radioleinewelle.de\\\/index.php\\\/author\\\/leinewelle\\\/\"}]}<\/script>\n<!-- \/ Yoast SEO plugin. -->","yoast_head_json":{"title":"G\u00f6ttingen: Vorstand der SPD Ratsfraktion wieder komplett - Radio Leinewelle","robots":{"index":"index","follow":"follow","max-snippet":"max-snippet:-1","max-image-preview":"max-image-preview:large","max-video-preview":"max-video-preview:-1"},"canonical":"https:\/\/radioleinewelle.de\/index.php\/2020\/09\/04\/goettingen-vorstand-der-spd-ratsfraktion-wieder-komplett\/","og_locale":"de_DE","og_type":"article","og_title":"G\u00f6ttingen: Vorstand der SPD Ratsfraktion wieder komplett - Radio Leinewelle","og_description":"Nachdem der Ratsvorsitzende und stellvertretende Vorsitzende der SPD-Ratsfraktion G\u00f6ttingen Christian Henze seinen R\u00fcckzug aus der Ratspolitik verk\u00fcndet hat, wurde als stellvertretender Vorsitzende, Ratsherr Volker Grothey nachgew\u00e4hlt.\u00a0\u201eVor diesem Hintergrund war es uns wichtig, dass die Verantwortlichkeiten in der Fraktion schnell neu geregelt werden,\u201c so der Vorsitzende der SPD-Ratsfraktion Tom Wedrins. Wedrins weiter: \u201eWir danken Christian Henze [&hellip;]","og_url":"https:\/\/radioleinewelle.de\/index.php\/2020\/09\/04\/goettingen-vorstand-der-spd-ratsfraktion-wieder-komplett\/","og_site_name":"Radio Leinewelle","article_publisher":"https:\/\/www.facebook.com\/radioleinewelle","article_author":"https:\/\/www.facebook.com\/radioleinewelle","article_published_time":"2020-09-04T03:00:48+00:00","og_image":[{"width":300,"height":200,"url":"https:\/\/radioleinewelle.de\/wp-content\/uploads\/2020\/09\/Volker-Grothey-e1599161399127.jpg","type":"image\/jpeg"}],"author":"Leinewelle","twitter_card":"summary_large_image","twitter_creator":"@https:\/\/twitter.com\/RLeinewelle?ref_src=twsrcgoogletwcampserptwgrauthor","twitter_site":"@RLeinewelle","twitter_misc":{"Verfasst von":"Leinewelle","Gesch\u00e4tzte Lesezeit":"1\u00a0Minute"},"schema":{"@context":"https:\/\/schema.org","@graph":[{"@type":"Article","@id":"https:\/\/radioleinewelle.de\/index.php\/2020\/09\/04\/goettingen-vorstand-der-spd-ratsfraktion-wieder-komplett\/#article","isPartOf":{"@id":"https:\/\/radioleinewelle.de\/index.php\/2020\/09\/04\/goettingen-vorstand-der-spd-ratsfraktion-wieder-komplett\/"},"author":{"name":"Leinewelle","@id":"https:\/\/radioleinewelle.de\/#\/schema\/person\/45606f348637df637192dc1b68399a63"},"headline":"G\u00f6ttingen: Vorstand der SPD Ratsfraktion wieder komplett","datePublished":"2020-09-04T03:00:48+00:00","mainEntityOfPage":{"@id":"https:\/\/radioleinewelle.de\/index.php\/2020\/09\/04\/goettingen-vorstand-der-spd-ratsfraktion-wieder-komplett\/"},"wordCount":177,"publisher":{"@id":"https:\/\/radioleinewelle.de\/#organization"},"image":{"@id":"https:\/\/radioleinewelle.de\/index.php\/2020\/09\/04\/goettingen-vorstand-der-spd-ratsfraktion-wieder-komplett\/#primaryimage"},"thumbnailUrl":"https:\/\/radioleinewelle.de\/wp-content\/uploads\/2020\/09\/Volker-Grothey-e1599161399127.jpg","inLanguage":"de"},{"@type":"WebPage","@id":"https:\/\/radioleinewelle.de\/index.php\/2020\/09\/04\/goettingen-vorstand-der-spd-ratsfraktion-wieder-komplett\/","url":"https:\/\/radioleinewelle.de\/index.php\/2020\/09\/04\/goettingen-vorstand-der-spd-ratsfraktion-wieder-komplett\/","name":"G\u00f6ttingen: Vorstand der SPD Ratsfraktion wieder komplett - Radio Leinewelle","isPartOf":{"@id":"https:\/\/radioleinewelle.de\/#website"},"primaryImageOfPage":{"@id":"https:\/\/radioleinewelle.de\/index.php\/2020\/09\/04\/goettingen-vorstand-der-spd-ratsfraktion-wieder-komplett\/#primaryimage"},"image":{"@id":"https:\/\/radioleinewelle.de\/index.php\/2020\/09\/04\/goettingen-vorstand-der-spd-ratsfraktion-wieder-komplett\/#primaryimage"},"thumbnailUrl":"https:\/\/radioleinewelle.de\/wp-content\/uploads\/2020\/09\/Volker-Grothey-e1599161399127.jpg","datePublished":"2020-09-04T03:00:48+00:00","breadcrumb":{"@id":"https:\/\/radioleinewelle.de\/index.php\/2020\/09\/04\/goettingen-vorstand-der-spd-ratsfraktion-wieder-komplett\/#breadcrumb"},"inLanguage":"de","potentialAction":[{"@type":"ReadAction","target":["https:\/\/radioleinewelle.de\/index.php\/2020\/09\/04\/goettingen-vorstand-der-spd-ratsfraktion-wieder-komplett\/"]}]},{"@type":"ImageObject","inLanguage":"de","@id":"https:\/\/radioleinewelle.de\/index.php\/2020\/09\/04\/goettingen-vorstand-der-spd-ratsfraktion-wieder-komplett\/#primaryimage","url":"https:\/\/radioleinewelle.de\/wp-content\/uploads\/2020\/09\/Volker-Grothey-e1599161399127.jpg","contentUrl":"https:\/\/radioleinewelle.de\/wp-content\/uploads\/2020\/09\/Volker-Grothey-e1599161399127.jpg","width":300,"height":200},{"@type":"BreadcrumbList","@id":"https:\/\/radioleinewelle.de\/index.php\/2020\/09\/04\/goettingen-vorstand-der-spd-ratsfraktion-wieder-komplett\/#breadcrumb","itemListElement":[{"@type":"ListItem","position":1,"name":"Startseite","item":"https:\/\/radioleinewelle.de\/"},{"@type":"ListItem","position":2,"name":"G\u00f6ttingen: Vorstand der SPD Ratsfraktion wieder komplett"}]},{"@type":"WebSite","@id":"https:\/\/radioleinewelle.de\/#website","url":"https:\/\/radioleinewelle.de\/","name":"Radio Leinewelle","description":"","publisher":{"@id":"https:\/\/radioleinewelle.de\/#organization"},"potentialAction":[{"@type":"SearchAction","target":{"@type":"EntryPoint","urlTemplate":"https:\/\/radioleinewelle.de\/?s={search_term_string}"},"query-input":{"@type":"PropertyValueSpecification","valueRequired":true,"valueName":"search_term_string"}}],"inLanguage":"de"},{"@type":"Organization","@id":"https:\/\/radioleinewelle.de\/#organization","name":"Radio Leinewelle","alternateName":"Mein Radio f\u00fcr S\u00fcdniedersachsen","url":"https:\/\/radioleinewelle.de\/","logo":{"@type":"ImageObject","inLanguage":"de","@id":"https:\/\/radioleinewelle.de\/#\/schema\/logo\/image\/","url":"https:\/\/radioleinewelle.de\/wp-content\/uploads\/2023\/11\/cropped-Leinewelle_Logo_weiss.png","contentUrl":"https:\/\/radioleinewelle.de\/wp-content\/uploads\/2023\/11\/cropped-Leinewelle_Logo_weiss.png","width":854,"height":260,"caption":"Radio Leinewelle"},"image":{"@id":"https:\/\/radioleinewelle.de\/#\/schema\/logo\/image\/"},"sameAs":["https:\/\/www.facebook.com\/radioleinewelle","https:\/\/x.com\/RLeinewelle","https:\/\/www.instagram.com\/radioleinewelle\/?hl=de"]},{"@type":"Person","@id":"https:\/\/radioleinewelle.de\/#\/schema\/person\/45606f348637df637192dc1b68399a63","name":"Leinewelle","image":{"@type":"ImageObject","inLanguage":"de","@id":"https:\/\/secure.gravatar.com\/avatar\/05c9a17bc973052ee5d91549bd32fb4dd0dc85b7b85ae94b2e2b4943476bbea5?s=96&d=blank&r=g","url":"https:\/\/secure.gravatar.com\/avatar\/05c9a17bc973052ee5d91549bd32fb4dd0dc85b7b85ae94b2e2b4943476bbea5?s=96&d=blank&r=g","contentUrl":"https:\/\/secure.gravatar.com\/avatar\/05c9a17bc973052ee5d91549bd32fb4dd0dc85b7b85ae94b2e2b4943476bbea5?s=96&d=blank&r=g","caption":"Leinewelle"},"sameAs":["http:\/\/localhost\/radio%20leinewelle\/wordpress","https:\/\/www.facebook.com\/radioleinewelle","https:\/\/www.instagram.com\/radioleinewelle","https:\/\/x.com\/https:\/\/twitter.com\/RLeinewelle?ref_src=twsrcgoogletwcampserptwgrauthor","https:\/\/soundcloud.com\/foerderverein-lokalradio?utm_source=clipboard&utm_medium=text&utm_campaign=social_sharing"],"url":"https:\/\/radioleinewelle.de\/index.php\/author\/leinewelle\/"}]}},"_links":{"self":[{"href":"https:\/\/radioleinewelle.de\/index.php\/wp-json\/wp\/v2\/posts\/1418","targetHints":{"allow":["GET"]}}],"collection":[{"href":"https:\/\/radioleinewelle.de\/index.php\/wp-json\/wp\/v2\/posts"}],"about":[{"href":"https:\/\/radioleinewelle.de\/index.php\/wp-json\/wp\/v2\/types\/post"}],"author":[{"embeddable":true,"href":"https:\/\/radioleinewelle.de\/index.php\/wp-json\/wp\/v2\/users\/1"}],"replies":[{"embeddable":true,"href":"https:\/\/radioleinewelle.de\/index.php\/wp-json\/wp\/v2\/comments?post=1418"}],"version-history":[{"count":0,"href":"https:\/\/radioleinewelle.de\/index.php\/wp-json\/wp\/v2\/posts\/1418\/revisions"}],"wp:featuredmedia":[{"embeddable":true,"href":"https:\/\/radioleinewelle.de\/index.php\/wp-json\/wp\/v2\/media\/1419"}],"wp:attachment":[{"href":"https:\/\/radioleinewelle.de\/index.php\/wp-json\/wp\/v2\/media?parent=1418"}],"wp:term":[{"taxonomy":"category","embeddable":true,"href":"https:\/\/radioleinewelle.de\/index.php\/wp-json\/wp\/v2\/categories?post=1418"},{"taxonomy":"post_tag","embeddable":true,"href":"https:\/\/radioleinewelle.de\/index.php\/wp-json\/wp\/v2\/tags?post=1418"}],"curies":[{"name":"wp","href":"https:\/\/api.w.org\/{rel}","templated":true}]}}