{"id":1424,"date":"2020-09-04T05:10:15","date_gmt":"2020-09-04T03:10:15","guid":{"rendered":"https:\/\/radioleinewelle.de\/?p=1424"},"modified":"2020-09-04T05:10:15","modified_gmt":"2020-09-04T03:10:15","slug":"wie-seesen-die-eigene-geschichte-feierte","status":"publish","type":"post","link":"https:\/\/radioleinewelle.de\/index.php\/2020\/09\/04\/wie-seesen-die-eigene-geschichte-feierte\/","title":{"rendered":"Wie Seesen die eigene Geschichte feiert(e)"},"content":{"rendered":"<p>In wenigen Tagen w\u00e4re es wieder soweit gewesen. Doch die Corona-Pandemie macht in diesem Jahr auch nicht vor einer Seesener Tradition Halt: das Sehusa-Fest, das jedes Jahr tausende Besucher in die Harzstadt lockt, muss 2020 ausfallen. Das erste Sehusa-Fest hatte genau vor 45 Jahren auf Initiative von Elisabeth Paetz-Kalich stattgefunden. Sie war auch ein Jahr zuvor, bei der Tausendjahrfeier Seesens 1974, ma\u00dfgeblich an der Gestaltung und Organisation des historischen Festumzugs beteiligt gewesen. Daraus, so ihre Idee, k\u00f6nnte nun ein j\u00e4hrlich stattfindendes Historienfest entstehen, bei dem die Seesenerinnen und Seesener zu Darstellern ihrer eigenen Geschichte werden sollten. Die Idee setzte sich durch, und so feiert und spielt die Harzstadt seitdem j\u00e4hrlich am ersten Septemberwochenende ihre eigene Geschichte. Nicht mehr lange, und diese Traditionsveranstaltung kann selbst einen runden, den f\u00fcnfzigsten Geburtstag feiern. Grund genug f\u00fcr Dirk Stroschein, Leiter des St\u00e4dtischen Museums, bereits jetzt ein Langzeitprojekt zu starten, bei dem er sich erhofft und dazu aufruft, dass m\u00f6glichst viele Seesenerinnen und Seesener mitmachen werden.<\/p>\n<p>F\u00fcr das Stadtged\u00e4chtnis und zuk\u00fcnftige Generationen sollen im Stadtarchiv m\u00f6glichst viele Zeugnisse, Dokumente und Erinnerungen gesammelt und zusammengetragen werden, die Auskunft geben k\u00f6nnen, wie es damals war. Damals, zun\u00e4chst bei der Tausendjahrfeier 1974, und seitdem bei den zahlreichen Sehusa-Festen. Deshalb geht der Appell an alle diejenigen, die Bilder, Filme, Flugbl\u00e4tter und Werbematerialien, sonstige Dokumente und pers\u00f6nliche Erinnerungen als Mitwirkende oder Besucher beisteuern k\u00f6nnen und wollen, sich an das St\u00e4dtische Museum zu wenden.<\/p>\n<p>Ziel ist es, diese Erinnerungsst\u00fccke zu sammeln und zu bewahren, aber auch zur f\u00fcnfzigsten Wiederkehr der Tausendjahrfeier bzw. des ersten Sehusa-Festes eine Dokumentation und Ausstellung zu erstellen. Vor kurzem fiel im Museum selbst der Startschuss, f\u00fcr dieses Vorhaben die eigenen Best\u00e4nde, das selbst Gesammelte und in der Vergangenheit von B\u00fcrgern Gestiftete zu sichten und zusammenzutragen. Tatkr\u00e4ftige Unterst\u00fctzung erhielt der Museumsleiter dabei von der st\u00e4dtischen Auszubildenden Stefanie Draber, die im Zeitungsarchiv systematisch Eintr\u00e4ge zur Tausendjahrfeier recherchierte und dokumentierte.<br \/>\nMehr Informationen unter <a href=\"http:\/\/www.seesen.de\">Seesen.de<br \/>\nF<\/a>oto: Stadt Seesen<\/p>\n","protected":false},"excerpt":{"rendered":"<p>In wenigen Tagen w\u00e4re es wieder soweit gewesen. Doch die Corona-Pandemie macht in diesem Jahr auch nicht vor einer Seesener Tradition Halt: das Sehusa-Fest, das jedes Jahr tausende Besucher in die Harzstadt lockt, muss 2020 ausfallen. Das erste Sehusa-Fest hatte genau vor 45 Jahren auf Initiative von Elisabeth Paetz-Kalich stattgefunden. Sie war auch ein Jahr [&hellip;]<\/p>\n","protected":false},"author":1,"featured_media":1426,"comment_status":"closed","ping_status":"closed","sticky":false,"template":"","format":"standard","meta":{"saved_in_kubio":false,"footnotes":""},"categories":[1],"tags":[],"class_list":["post-1424","post","type-post","status-publish","format-standard","has-post-thumbnail","hentry","category-allgemein"],"yoast_head":"<!-- This site is optimized with the Yoast SEO plugin v27.5 - https:\/\/yoast.com\/product\/yoast-seo-wordpress\/ -->\n<title>Wie Seesen die eigene Geschichte feiert(e) - Radio Leinewelle<\/title>\n<meta name=\"robots\" content=\"index, follow, max-snippet:-1, max-image-preview:large, max-video-preview:-1\" \/>\n<link rel=\"canonical\" href=\"https:\/\/radioleinewelle.de\/index.php\/2020\/09\/04\/wie-seesen-die-eigene-geschichte-feierte\/\" \/>\n<meta property=\"og:locale\" content=\"de_DE\" \/>\n<meta property=\"og:type\" content=\"article\" \/>\n<meta property=\"og:title\" content=\"Wie Seesen die eigene Geschichte feiert(e) - Radio Leinewelle\" \/>\n<meta property=\"og:description\" content=\"In wenigen Tagen w\u00e4re es wieder soweit gewesen. Doch die Corona-Pandemie macht in diesem Jahr auch nicht vor einer Seesener Tradition Halt: das Sehusa-Fest, das jedes Jahr tausende Besucher in die Harzstadt lockt, muss 2020 ausfallen. Das erste Sehusa-Fest hatte genau vor 45 Jahren auf Initiative von Elisabeth Paetz-Kalich stattgefunden. Sie war auch ein Jahr [&hellip;]\" \/>\n<meta property=\"og:url\" content=\"https:\/\/radioleinewelle.de\/index.php\/2020\/09\/04\/wie-seesen-die-eigene-geschichte-feierte\/\" \/>\n<meta property=\"og:site_name\" content=\"Radio Leinewelle\" \/>\n<meta property=\"article:publisher\" content=\"https:\/\/www.facebook.com\/radioleinewelle\" \/>\n<meta property=\"article:author\" content=\"https:\/\/www.facebook.com\/radioleinewelle\" \/>\n<meta property=\"article:published_time\" content=\"2020-09-04T03:10:15+00:00\" \/>\n<meta property=\"og:image\" content=\"https:\/\/radioleinewelle.de\/wp-content\/uploads\/2020\/09\/Seesen-Geschichte-e1599163445548.jpg\" \/>\n\t<meta property=\"og:image:width\" content=\"300\" \/>\n\t<meta property=\"og:image:height\" content=\"200\" \/>\n\t<meta property=\"og:image:type\" content=\"image\/jpeg\" \/>\n<meta name=\"author\" content=\"Leinewelle\" \/>\n<meta name=\"twitter:card\" content=\"summary_large_image\" \/>\n<meta name=\"twitter:creator\" content=\"@https:\/\/twitter.com\/RLeinewelle?ref_src=twsrcgoogletwcampserptwgrauthor\" \/>\n<meta name=\"twitter:site\" content=\"@RLeinewelle\" \/>\n<meta name=\"twitter:label1\" content=\"Verfasst von\" \/>\n\t<meta name=\"twitter:data1\" content=\"Leinewelle\" \/>\n\t<meta name=\"twitter:label2\" content=\"Gesch\u00e4tzte Lesezeit\" \/>\n\t<meta name=\"twitter:data2\" content=\"2\u00a0Minuten\" \/>\n<script type=\"application\/ld+json\" class=\"yoast-schema-graph\">{\"@context\":\"https:\\\/\\\/schema.org\",\"@graph\":[{\"@type\":\"Article\",\"@id\":\"https:\\\/\\\/radioleinewelle.de\\\/index.php\\\/2020\\\/09\\\/04\\\/wie-seesen-die-eigene-geschichte-feierte\\\/#article\",\"isPartOf\":{\"@id\":\"https:\\\/\\\/radioleinewelle.de\\\/index.php\\\/2020\\\/09\\\/04\\\/wie-seesen-die-eigene-geschichte-feierte\\\/\"},\"author\":{\"name\":\"Leinewelle\",\"@id\":\"https:\\\/\\\/radioleinewelle.de\\\/#\\\/schema\\\/person\\\/45606f348637df637192dc1b68399a63\"},\"headline\":\"Wie Seesen die eigene Geschichte feiert(e)\",\"datePublished\":\"2020-09-04T03:10:15+00:00\",\"mainEntityOfPage\":{\"@id\":\"https:\\\/\\\/radioleinewelle.de\\\/index.php\\\/2020\\\/09\\\/04\\\/wie-seesen-die-eigene-geschichte-feierte\\\/\"},\"wordCount\":349,\"publisher\":{\"@id\":\"https:\\\/\\\/radioleinewelle.de\\\/#organization\"},\"image\":{\"@id\":\"https:\\\/\\\/radioleinewelle.de\\\/index.php\\\/2020\\\/09\\\/04\\\/wie-seesen-die-eigene-geschichte-feierte\\\/#primaryimage\"},\"thumbnailUrl\":\"https:\\\/\\\/radioleinewelle.de\\\/wp-content\\\/uploads\\\/2020\\\/09\\\/Seesen-Geschichte-e1599163445548.jpg\",\"inLanguage\":\"de\"},{\"@type\":\"WebPage\",\"@id\":\"https:\\\/\\\/radioleinewelle.de\\\/index.php\\\/2020\\\/09\\\/04\\\/wie-seesen-die-eigene-geschichte-feierte\\\/\",\"url\":\"https:\\\/\\\/radioleinewelle.de\\\/index.php\\\/2020\\\/09\\\/04\\\/wie-seesen-die-eigene-geschichte-feierte\\\/\",\"name\":\"Wie Seesen die eigene Geschichte feiert(e) - Radio Leinewelle\",\"isPartOf\":{\"@id\":\"https:\\\/\\\/radioleinewelle.de\\\/#website\"},\"primaryImageOfPage\":{\"@id\":\"https:\\\/\\\/radioleinewelle.de\\\/index.php\\\/2020\\\/09\\\/04\\\/wie-seesen-die-eigene-geschichte-feierte\\\/#primaryimage\"},\"image\":{\"@id\":\"https:\\\/\\\/radioleinewelle.de\\\/index.php\\\/2020\\\/09\\\/04\\\/wie-seesen-die-eigene-geschichte-feierte\\\/#primaryimage\"},\"thumbnailUrl\":\"https:\\\/\\\/radioleinewelle.de\\\/wp-content\\\/uploads\\\/2020\\\/09\\\/Seesen-Geschichte-e1599163445548.jpg\",\"datePublished\":\"2020-09-04T03:10:15+00:00\",\"breadcrumb\":{\"@id\":\"https:\\\/\\\/radioleinewelle.de\\\/index.php\\\/2020\\\/09\\\/04\\\/wie-seesen-die-eigene-geschichte-feierte\\\/#breadcrumb\"},\"inLanguage\":\"de\",\"potentialAction\":[{\"@type\":\"ReadAction\",\"target\":[\"https:\\\/\\\/radioleinewelle.de\\\/index.php\\\/2020\\\/09\\\/04\\\/wie-seesen-die-eigene-geschichte-feierte\\\/\"]}]},{\"@type\":\"ImageObject\",\"inLanguage\":\"de\",\"@id\":\"https:\\\/\\\/radioleinewelle.de\\\/index.php\\\/2020\\\/09\\\/04\\\/wie-seesen-die-eigene-geschichte-feierte\\\/#primaryimage\",\"url\":\"https:\\\/\\\/radioleinewelle.de\\\/wp-content\\\/uploads\\\/2020\\\/09\\\/Seesen-Geschichte-e1599163445548.jpg\",\"contentUrl\":\"https:\\\/\\\/radioleinewelle.de\\\/wp-content\\\/uploads\\\/2020\\\/09\\\/Seesen-Geschichte-e1599163445548.jpg\",\"width\":300,\"height\":200},{\"@type\":\"BreadcrumbList\",\"@id\":\"https:\\\/\\\/radioleinewelle.de\\\/index.php\\\/2020\\\/09\\\/04\\\/wie-seesen-die-eigene-geschichte-feierte\\\/#breadcrumb\",\"itemListElement\":[{\"@type\":\"ListItem\",\"position\":1,\"name\":\"Startseite\",\"item\":\"https:\\\/\\\/radioleinewelle.de\\\/\"},{\"@type\":\"ListItem\",\"position\":2,\"name\":\"Wie Seesen die eigene Geschichte feiert(e)\"}]},{\"@type\":\"WebSite\",\"@id\":\"https:\\\/\\\/radioleinewelle.de\\\/#website\",\"url\":\"https:\\\/\\\/radioleinewelle.de\\\/\",\"name\":\"Radio Leinewelle\",\"description\":\"\",\"publisher\":{\"@id\":\"https:\\\/\\\/radioleinewelle.de\\\/#organization\"},\"potentialAction\":[{\"@type\":\"SearchAction\",\"target\":{\"@type\":\"EntryPoint\",\"urlTemplate\":\"https:\\\/\\\/radioleinewelle.de\\\/?s={search_term_string}\"},\"query-input\":{\"@type\":\"PropertyValueSpecification\",\"valueRequired\":true,\"valueName\":\"search_term_string\"}}],\"inLanguage\":\"de\"},{\"@type\":\"Organization\",\"@id\":\"https:\\\/\\\/radioleinewelle.de\\\/#organization\",\"name\":\"Radio Leinewelle\",\"alternateName\":\"Mein Radio f\u00fcr S\u00fcdniedersachsen\",\"url\":\"https:\\\/\\\/radioleinewelle.de\\\/\",\"logo\":{\"@type\":\"ImageObject\",\"inLanguage\":\"de\",\"@id\":\"https:\\\/\\\/radioleinewelle.de\\\/#\\\/schema\\\/logo\\\/image\\\/\",\"url\":\"https:\\\/\\\/radioleinewelle.de\\\/wp-content\\\/uploads\\\/2023\\\/11\\\/cropped-Leinewelle_Logo_weiss.png\",\"contentUrl\":\"https:\\\/\\\/radioleinewelle.de\\\/wp-content\\\/uploads\\\/2023\\\/11\\\/cropped-Leinewelle_Logo_weiss.png\",\"width\":854,\"height\":260,\"caption\":\"Radio Leinewelle\"},\"image\":{\"@id\":\"https:\\\/\\\/radioleinewelle.de\\\/#\\\/schema\\\/logo\\\/image\\\/\"},\"sameAs\":[\"https:\\\/\\\/www.facebook.com\\\/radioleinewelle\",\"https:\\\/\\\/x.com\\\/RLeinewelle\",\"https:\\\/\\\/www.instagram.com\\\/radioleinewelle\\\/?hl=de\"]},{\"@type\":\"Person\",\"@id\":\"https:\\\/\\\/radioleinewelle.de\\\/#\\\/schema\\\/person\\\/45606f348637df637192dc1b68399a63\",\"name\":\"Leinewelle\",\"image\":{\"@type\":\"ImageObject\",\"inLanguage\":\"de\",\"@id\":\"https:\\\/\\\/secure.gravatar.com\\\/avatar\\\/05c9a17bc973052ee5d91549bd32fb4dd0dc85b7b85ae94b2e2b4943476bbea5?s=96&d=blank&r=g\",\"url\":\"https:\\\/\\\/secure.gravatar.com\\\/avatar\\\/05c9a17bc973052ee5d91549bd32fb4dd0dc85b7b85ae94b2e2b4943476bbea5?s=96&d=blank&r=g\",\"contentUrl\":\"https:\\\/\\\/secure.gravatar.com\\\/avatar\\\/05c9a17bc973052ee5d91549bd32fb4dd0dc85b7b85ae94b2e2b4943476bbea5?s=96&d=blank&r=g\",\"caption\":\"Leinewelle\"},\"sameAs\":[\"http:\\\/\\\/localhost\\\/radio%20leinewelle\\\/wordpress\",\"https:\\\/\\\/www.facebook.com\\\/radioleinewelle\",\"https:\\\/\\\/www.instagram.com\\\/radioleinewelle\",\"https:\\\/\\\/x.com\\\/https:\\\/\\\/twitter.com\\\/RLeinewelle?ref_src=twsrcgoogletwcampserptwgrauthor\",\"https:\\\/\\\/soundcloud.com\\\/foerderverein-lokalradio?utm_source=clipboard&utm_medium=text&utm_campaign=social_sharing\"],\"url\":\"https:\\\/\\\/radioleinewelle.de\\\/index.php\\\/author\\\/leinewelle\\\/\"}]}<\/script>\n<!-- \/ Yoast SEO plugin. -->","yoast_head_json":{"title":"Wie Seesen die eigene Geschichte feiert(e) - Radio Leinewelle","robots":{"index":"index","follow":"follow","max-snippet":"max-snippet:-1","max-image-preview":"max-image-preview:large","max-video-preview":"max-video-preview:-1"},"canonical":"https:\/\/radioleinewelle.de\/index.php\/2020\/09\/04\/wie-seesen-die-eigene-geschichte-feierte\/","og_locale":"de_DE","og_type":"article","og_title":"Wie Seesen die eigene Geschichte feiert(e) - Radio Leinewelle","og_description":"In wenigen Tagen w\u00e4re es wieder soweit gewesen. Doch die Corona-Pandemie macht in diesem Jahr auch nicht vor einer Seesener Tradition Halt: das Sehusa-Fest, das jedes Jahr tausende Besucher in die Harzstadt lockt, muss 2020 ausfallen. Das erste Sehusa-Fest hatte genau vor 45 Jahren auf Initiative von Elisabeth Paetz-Kalich stattgefunden. Sie war auch ein Jahr [&hellip;]","og_url":"https:\/\/radioleinewelle.de\/index.php\/2020\/09\/04\/wie-seesen-die-eigene-geschichte-feierte\/","og_site_name":"Radio Leinewelle","article_publisher":"https:\/\/www.facebook.com\/radioleinewelle","article_author":"https:\/\/www.facebook.com\/radioleinewelle","article_published_time":"2020-09-04T03:10:15+00:00","og_image":[{"width":300,"height":200,"url":"https:\/\/radioleinewelle.de\/wp-content\/uploads\/2020\/09\/Seesen-Geschichte-e1599163445548.jpg","type":"image\/jpeg"}],"author":"Leinewelle","twitter_card":"summary_large_image","twitter_creator":"@https:\/\/twitter.com\/RLeinewelle?ref_src=twsrcgoogletwcampserptwgrauthor","twitter_site":"@RLeinewelle","twitter_misc":{"Verfasst von":"Leinewelle","Gesch\u00e4tzte Lesezeit":"2\u00a0Minuten"},"schema":{"@context":"https:\/\/schema.org","@graph":[{"@type":"Article","@id":"https:\/\/radioleinewelle.de\/index.php\/2020\/09\/04\/wie-seesen-die-eigene-geschichte-feierte\/#article","isPartOf":{"@id":"https:\/\/radioleinewelle.de\/index.php\/2020\/09\/04\/wie-seesen-die-eigene-geschichte-feierte\/"},"author":{"name":"Leinewelle","@id":"https:\/\/radioleinewelle.de\/#\/schema\/person\/45606f348637df637192dc1b68399a63"},"headline":"Wie Seesen die eigene Geschichte feiert(e)","datePublished":"2020-09-04T03:10:15+00:00","mainEntityOfPage":{"@id":"https:\/\/radioleinewelle.de\/index.php\/2020\/09\/04\/wie-seesen-die-eigene-geschichte-feierte\/"},"wordCount":349,"publisher":{"@id":"https:\/\/radioleinewelle.de\/#organization"},"image":{"@id":"https:\/\/radioleinewelle.de\/index.php\/2020\/09\/04\/wie-seesen-die-eigene-geschichte-feierte\/#primaryimage"},"thumbnailUrl":"https:\/\/radioleinewelle.de\/wp-content\/uploads\/2020\/09\/Seesen-Geschichte-e1599163445548.jpg","inLanguage":"de"},{"@type":"WebPage","@id":"https:\/\/radioleinewelle.de\/index.php\/2020\/09\/04\/wie-seesen-die-eigene-geschichte-feierte\/","url":"https:\/\/radioleinewelle.de\/index.php\/2020\/09\/04\/wie-seesen-die-eigene-geschichte-feierte\/","name":"Wie Seesen die eigene Geschichte feiert(e) - Radio Leinewelle","isPartOf":{"@id":"https:\/\/radioleinewelle.de\/#website"},"primaryImageOfPage":{"@id":"https:\/\/radioleinewelle.de\/index.php\/2020\/09\/04\/wie-seesen-die-eigene-geschichte-feierte\/#primaryimage"},"image":{"@id":"https:\/\/radioleinewelle.de\/index.php\/2020\/09\/04\/wie-seesen-die-eigene-geschichte-feierte\/#primaryimage"},"thumbnailUrl":"https:\/\/radioleinewelle.de\/wp-content\/uploads\/2020\/09\/Seesen-Geschichte-e1599163445548.jpg","datePublished":"2020-09-04T03:10:15+00:00","breadcrumb":{"@id":"https:\/\/radioleinewelle.de\/index.php\/2020\/09\/04\/wie-seesen-die-eigene-geschichte-feierte\/#breadcrumb"},"inLanguage":"de","potentialAction":[{"@type":"ReadAction","target":["https:\/\/radioleinewelle.de\/index.php\/2020\/09\/04\/wie-seesen-die-eigene-geschichte-feierte\/"]}]},{"@type":"ImageObject","inLanguage":"de","@id":"https:\/\/radioleinewelle.de\/index.php\/2020\/09\/04\/wie-seesen-die-eigene-geschichte-feierte\/#primaryimage","url":"https:\/\/radioleinewelle.de\/wp-content\/uploads\/2020\/09\/Seesen-Geschichte-e1599163445548.jpg","contentUrl":"https:\/\/radioleinewelle.de\/wp-content\/uploads\/2020\/09\/Seesen-Geschichte-e1599163445548.jpg","width":300,"height":200},{"@type":"BreadcrumbList","@id":"https:\/\/radioleinewelle.de\/index.php\/2020\/09\/04\/wie-seesen-die-eigene-geschichte-feierte\/#breadcrumb","itemListElement":[{"@type":"ListItem","position":1,"name":"Startseite","item":"https:\/\/radioleinewelle.de\/"},{"@type":"ListItem","position":2,"name":"Wie Seesen die eigene Geschichte feiert(e)"}]},{"@type":"WebSite","@id":"https:\/\/radioleinewelle.de\/#website","url":"https:\/\/radioleinewelle.de\/","name":"Radio Leinewelle","description":"","publisher":{"@id":"https:\/\/radioleinewelle.de\/#organization"},"potentialAction":[{"@type":"SearchAction","target":{"@type":"EntryPoint","urlTemplate":"https:\/\/radioleinewelle.de\/?s={search_term_string}"},"query-input":{"@type":"PropertyValueSpecification","valueRequired":true,"valueName":"search_term_string"}}],"inLanguage":"de"},{"@type":"Organization","@id":"https:\/\/radioleinewelle.de\/#organization","name":"Radio Leinewelle","alternateName":"Mein Radio f\u00fcr S\u00fcdniedersachsen","url":"https:\/\/radioleinewelle.de\/","logo":{"@type":"ImageObject","inLanguage":"de","@id":"https:\/\/radioleinewelle.de\/#\/schema\/logo\/image\/","url":"https:\/\/radioleinewelle.de\/wp-content\/uploads\/2023\/11\/cropped-Leinewelle_Logo_weiss.png","contentUrl":"https:\/\/radioleinewelle.de\/wp-content\/uploads\/2023\/11\/cropped-Leinewelle_Logo_weiss.png","width":854,"height":260,"caption":"Radio Leinewelle"},"image":{"@id":"https:\/\/radioleinewelle.de\/#\/schema\/logo\/image\/"},"sameAs":["https:\/\/www.facebook.com\/radioleinewelle","https:\/\/x.com\/RLeinewelle","https:\/\/www.instagram.com\/radioleinewelle\/?hl=de"]},{"@type":"Person","@id":"https:\/\/radioleinewelle.de\/#\/schema\/person\/45606f348637df637192dc1b68399a63","name":"Leinewelle","image":{"@type":"ImageObject","inLanguage":"de","@id":"https:\/\/secure.gravatar.com\/avatar\/05c9a17bc973052ee5d91549bd32fb4dd0dc85b7b85ae94b2e2b4943476bbea5?s=96&d=blank&r=g","url":"https:\/\/secure.gravatar.com\/avatar\/05c9a17bc973052ee5d91549bd32fb4dd0dc85b7b85ae94b2e2b4943476bbea5?s=96&d=blank&r=g","contentUrl":"https:\/\/secure.gravatar.com\/avatar\/05c9a17bc973052ee5d91549bd32fb4dd0dc85b7b85ae94b2e2b4943476bbea5?s=96&d=blank&r=g","caption":"Leinewelle"},"sameAs":["http:\/\/localhost\/radio%20leinewelle\/wordpress","https:\/\/www.facebook.com\/radioleinewelle","https:\/\/www.instagram.com\/radioleinewelle","https:\/\/x.com\/https:\/\/twitter.com\/RLeinewelle?ref_src=twsrcgoogletwcampserptwgrauthor","https:\/\/soundcloud.com\/foerderverein-lokalradio?utm_source=clipboard&utm_medium=text&utm_campaign=social_sharing"],"url":"https:\/\/radioleinewelle.de\/index.php\/author\/leinewelle\/"}]}},"_links":{"self":[{"href":"https:\/\/radioleinewelle.de\/index.php\/wp-json\/wp\/v2\/posts\/1424","targetHints":{"allow":["GET"]}}],"collection":[{"href":"https:\/\/radioleinewelle.de\/index.php\/wp-json\/wp\/v2\/posts"}],"about":[{"href":"https:\/\/radioleinewelle.de\/index.php\/wp-json\/wp\/v2\/types\/post"}],"author":[{"embeddable":true,"href":"https:\/\/radioleinewelle.de\/index.php\/wp-json\/wp\/v2\/users\/1"}],"replies":[{"embeddable":true,"href":"https:\/\/radioleinewelle.de\/index.php\/wp-json\/wp\/v2\/comments?post=1424"}],"version-history":[{"count":0,"href":"https:\/\/radioleinewelle.de\/index.php\/wp-json\/wp\/v2\/posts\/1424\/revisions"}],"wp:featuredmedia":[{"embeddable":true,"href":"https:\/\/radioleinewelle.de\/index.php\/wp-json\/wp\/v2\/media\/1426"}],"wp:attachment":[{"href":"https:\/\/radioleinewelle.de\/index.php\/wp-json\/wp\/v2\/media?parent=1424"}],"wp:term":[{"taxonomy":"category","embeddable":true,"href":"https:\/\/radioleinewelle.de\/index.php\/wp-json\/wp\/v2\/categories?post=1424"},{"taxonomy":"post_tag","embeddable":true,"href":"https:\/\/radioleinewelle.de\/index.php\/wp-json\/wp\/v2\/tags?post=1424"}],"curies":[{"name":"wp","href":"https:\/\/api.w.org\/{rel}","templated":true}]}}