{"id":14352,"date":"2022-05-23T05:37:01","date_gmt":"2022-05-23T03:37:01","guid":{"rendered":"https:\/\/radioleinewelle.de\/?p=14352"},"modified":"2022-05-23T05:37:01","modified_gmt":"2022-05-23T03:37:01","slug":"die-regionalen-kurzmeldungen-am-23-05","status":"publish","type":"post","link":"https:\/\/radioleinewelle.de\/index.php\/2022\/05\/23\/die-regionalen-kurzmeldungen-am-23-05\/","title":{"rendered":"Die regionalen Kurzmeldungen am 23.05."},"content":{"rendered":"\n<p>+++ Abstieg besiegelt &#8211; SVG G\u00f6ttingen muss aus der Fu\u00dfball Oberliga absteigen. Die 1. Herrenmannschaft des Clubs verlor das entscheidende Spiel gegen den FC Hagen deutlich mit 1:4 und spielt im n\u00e4chsten Jahr wieder in der Landesliga Braunschweig +++ <\/p>\n\n\n\n<p>+++ Am vergangenen Freitagabend kam es im Bereich der Ortschaft Mackensen zu einem schweren Unwetter. In Folge des Unwetters st\u00fcrzten zahlreiche B\u00e4ume und gr\u00f6\u00dfere \u00c4ste auf die Fahrbahnen, zudem wurden zahlreiche H\u00e4user besch\u00e4digt und D\u00e4cher abgedeckt. W\u00e4hrend des Unwetters wurde ein 67-j\u00e4hrigen Mann auf der  Landstra\u00dfe 580 durch einen umst\u00fcrzenden  Baum in seinem PKW eingeklemmt und musste leicht verletzt durch Rettungskr\u00e4fte aus seinem Pkw gerettet werden. Er wurde zur weiteren Behandlung in ein umliegendes Krankenhaus verbracht, am Pkw entstand ein gesch\u00e4tzter Gesamtschaden von 10.000 Euro. +++<\/p>\n\n\n\n<p>+++ Bewegen und dabei Gutes tun \u2013 das ist die Idee des Sololaufs. <strong>Oberb\u00fcrgermeisterin Petra Broistedt<\/strong> l\u00e4dt die G\u00f6ttinger*innen ein, beim kommenden Sololauf am Pfingstwochenende, 4. bis 6. Juni 2022, dabei zu sein und viele Kilometer f\u00fcr den guten Zweck zur\u00fcckzulegen. N\u00e4heres ist in ihrem <strong><a href=\"https:\/\/www.goettingen.de\/portal\/meldungen\/oberbuergermeisterin-petra-broistedt-laedt-zum-sololauf-2022-ein-900000563-25480.html?rubrik=900000003\">Videoaufruf<\/a><\/strong> zum G\u00f6ttinger Sololauf zu entnehmen. +++<\/p>\n","protected":false},"excerpt":{"rendered":"<p>+++ Abstieg besiegelt &#8211; SVG G\u00f6ttingen muss aus der Fu\u00dfball Oberliga absteigen. Die 1. Herrenmannschaft des Clubs verlor das entscheidende Spiel gegen den FC Hagen deutlich mit 1:4 und spielt im n\u00e4chsten Jahr wieder in der Landesliga Braunschweig +++ +++ Am vergangenen Freitagabend kam es im Bereich der Ortschaft Mackensen zu einem schweren Unwetter. In [&hellip;]<\/p>\n","protected":false},"author":1,"featured_media":0,"comment_status":"closed","ping_status":"closed","sticky":false,"template":"","format":"standard","meta":{"saved_in_kubio":false,"footnotes":""},"categories":[24],"tags":[],"class_list":["post-14352","post","type-post","status-publish","format-standard","hentry","category-news"],"yoast_head":"<!-- This site is optimized with the Yoast SEO plugin v27.5 - https:\/\/yoast.com\/product\/yoast-seo-wordpress\/ -->\n<title>Die regionalen Kurzmeldungen am 23.05. - Radio Leinewelle<\/title>\n<meta name=\"robots\" content=\"index, follow, max-snippet:-1, max-image-preview:large, max-video-preview:-1\" \/>\n<link rel=\"canonical\" href=\"https:\/\/radioleinewelle.de\/index.php\/2022\/05\/23\/die-regionalen-kurzmeldungen-am-23-05\/\" \/>\n<meta property=\"og:locale\" content=\"de_DE\" \/>\n<meta property=\"og:type\" content=\"article\" \/>\n<meta property=\"og:title\" content=\"Die regionalen Kurzmeldungen am 23.05. - Radio Leinewelle\" \/>\n<meta property=\"og:description\" content=\"+++ Abstieg besiegelt &#8211; SVG G\u00f6ttingen muss aus der Fu\u00dfball Oberliga absteigen. Die 1. Herrenmannschaft des Clubs verlor das entscheidende Spiel gegen den FC Hagen deutlich mit 1:4 und spielt im n\u00e4chsten Jahr wieder in der Landesliga Braunschweig +++ +++ Am vergangenen Freitagabend kam es im Bereich der Ortschaft Mackensen zu einem schweren Unwetter. In [&hellip;]\" \/>\n<meta property=\"og:url\" content=\"https:\/\/radioleinewelle.de\/index.php\/2022\/05\/23\/die-regionalen-kurzmeldungen-am-23-05\/\" \/>\n<meta property=\"og:site_name\" content=\"Radio Leinewelle\" \/>\n<meta property=\"article:publisher\" content=\"https:\/\/www.facebook.com\/radioleinewelle\" \/>\n<meta property=\"article:author\" content=\"https:\/\/www.facebook.com\/radioleinewelle\" \/>\n<meta property=\"article:published_time\" content=\"2022-05-23T03:37:01+00:00\" \/>\n<meta name=\"author\" content=\"Leinewelle\" \/>\n<meta name=\"twitter:card\" content=\"summary_large_image\" \/>\n<meta name=\"twitter:creator\" content=\"@https:\/\/twitter.com\/RLeinewelle?ref_src=twsrcgoogletwcampserptwgrauthor\" \/>\n<meta name=\"twitter:site\" content=\"@RLeinewelle\" \/>\n<meta name=\"twitter:label1\" content=\"Verfasst von\" \/>\n\t<meta name=\"twitter:data1\" content=\"Leinewelle\" \/>\n\t<meta name=\"twitter:label2\" content=\"Gesch\u00e4tzte Lesezeit\" \/>\n\t<meta name=\"twitter:data2\" content=\"1\u00a0Minute\" \/>\n<script type=\"application\/ld+json\" class=\"yoast-schema-graph\">{\"@context\":\"https:\\\/\\\/schema.org\",\"@graph\":[{\"@type\":\"Article\",\"@id\":\"https:\\\/\\\/radioleinewelle.de\\\/index.php\\\/2022\\\/05\\\/23\\\/die-regionalen-kurzmeldungen-am-23-05\\\/#article\",\"isPartOf\":{\"@id\":\"https:\\\/\\\/radioleinewelle.de\\\/index.php\\\/2022\\\/05\\\/23\\\/die-regionalen-kurzmeldungen-am-23-05\\\/\"},\"author\":{\"name\":\"Leinewelle\",\"@id\":\"https:\\\/\\\/radioleinewelle.de\\\/#\\\/schema\\\/person\\\/45606f348637df637192dc1b68399a63\"},\"headline\":\"Die regionalen Kurzmeldungen am 23.05.\",\"datePublished\":\"2022-05-23T03:37:01+00:00\",\"mainEntityOfPage\":{\"@id\":\"https:\\\/\\\/radioleinewelle.de\\\/index.php\\\/2022\\\/05\\\/23\\\/die-regionalen-kurzmeldungen-am-23-05\\\/\"},\"wordCount\":190,\"publisher\":{\"@id\":\"https:\\\/\\\/radioleinewelle.de\\\/#organization\"},\"articleSection\":[\"Aktuelle Nachrichten\"],\"inLanguage\":\"de\"},{\"@type\":\"WebPage\",\"@id\":\"https:\\\/\\\/radioleinewelle.de\\\/index.php\\\/2022\\\/05\\\/23\\\/die-regionalen-kurzmeldungen-am-23-05\\\/\",\"url\":\"https:\\\/\\\/radioleinewelle.de\\\/index.php\\\/2022\\\/05\\\/23\\\/die-regionalen-kurzmeldungen-am-23-05\\\/\",\"name\":\"Die regionalen Kurzmeldungen am 23.05. - Radio Leinewelle\",\"isPartOf\":{\"@id\":\"https:\\\/\\\/radioleinewelle.de\\\/#website\"},\"datePublished\":\"2022-05-23T03:37:01+00:00\",\"breadcrumb\":{\"@id\":\"https:\\\/\\\/radioleinewelle.de\\\/index.php\\\/2022\\\/05\\\/23\\\/die-regionalen-kurzmeldungen-am-23-05\\\/#breadcrumb\"},\"inLanguage\":\"de\",\"potentialAction\":[{\"@type\":\"ReadAction\",\"target\":[\"https:\\\/\\\/radioleinewelle.de\\\/index.php\\\/2022\\\/05\\\/23\\\/die-regionalen-kurzmeldungen-am-23-05\\\/\"]}]},{\"@type\":\"BreadcrumbList\",\"@id\":\"https:\\\/\\\/radioleinewelle.de\\\/index.php\\\/2022\\\/05\\\/23\\\/die-regionalen-kurzmeldungen-am-23-05\\\/#breadcrumb\",\"itemListElement\":[{\"@type\":\"ListItem\",\"position\":1,\"name\":\"Startseite\",\"item\":\"https:\\\/\\\/radioleinewelle.de\\\/\"},{\"@type\":\"ListItem\",\"position\":2,\"name\":\"Die regionalen Kurzmeldungen am 23.05.\"}]},{\"@type\":\"WebSite\",\"@id\":\"https:\\\/\\\/radioleinewelle.de\\\/#website\",\"url\":\"https:\\\/\\\/radioleinewelle.de\\\/\",\"name\":\"Radio Leinewelle\",\"description\":\"\",\"publisher\":{\"@id\":\"https:\\\/\\\/radioleinewelle.de\\\/#organization\"},\"potentialAction\":[{\"@type\":\"SearchAction\",\"target\":{\"@type\":\"EntryPoint\",\"urlTemplate\":\"https:\\\/\\\/radioleinewelle.de\\\/?s={search_term_string}\"},\"query-input\":{\"@type\":\"PropertyValueSpecification\",\"valueRequired\":true,\"valueName\":\"search_term_string\"}}],\"inLanguage\":\"de\"},{\"@type\":\"Organization\",\"@id\":\"https:\\\/\\\/radioleinewelle.de\\\/#organization\",\"name\":\"Radio Leinewelle\",\"alternateName\":\"Mein Radio f\u00fcr S\u00fcdniedersachsen\",\"url\":\"https:\\\/\\\/radioleinewelle.de\\\/\",\"logo\":{\"@type\":\"ImageObject\",\"inLanguage\":\"de\",\"@id\":\"https:\\\/\\\/radioleinewelle.de\\\/#\\\/schema\\\/logo\\\/image\\\/\",\"url\":\"https:\\\/\\\/radioleinewelle.de\\\/wp-content\\\/uploads\\\/2023\\\/11\\\/cropped-Leinewelle_Logo_weiss.png\",\"contentUrl\":\"https:\\\/\\\/radioleinewelle.de\\\/wp-content\\\/uploads\\\/2023\\\/11\\\/cropped-Leinewelle_Logo_weiss.png\",\"width\":854,\"height\":260,\"caption\":\"Radio Leinewelle\"},\"image\":{\"@id\":\"https:\\\/\\\/radioleinewelle.de\\\/#\\\/schema\\\/logo\\\/image\\\/\"},\"sameAs\":[\"https:\\\/\\\/www.facebook.com\\\/radioleinewelle\",\"https:\\\/\\\/x.com\\\/RLeinewelle\",\"https:\\\/\\\/www.instagram.com\\\/radioleinewelle\\\/?hl=de\"]},{\"@type\":\"Person\",\"@id\":\"https:\\\/\\\/radioleinewelle.de\\\/#\\\/schema\\\/person\\\/45606f348637df637192dc1b68399a63\",\"name\":\"Leinewelle\",\"image\":{\"@type\":\"ImageObject\",\"inLanguage\":\"de\",\"@id\":\"https:\\\/\\\/secure.gravatar.com\\\/avatar\\\/05c9a17bc973052ee5d91549bd32fb4dd0dc85b7b85ae94b2e2b4943476bbea5?s=96&d=blank&r=g\",\"url\":\"https:\\\/\\\/secure.gravatar.com\\\/avatar\\\/05c9a17bc973052ee5d91549bd32fb4dd0dc85b7b85ae94b2e2b4943476bbea5?s=96&d=blank&r=g\",\"contentUrl\":\"https:\\\/\\\/secure.gravatar.com\\\/avatar\\\/05c9a17bc973052ee5d91549bd32fb4dd0dc85b7b85ae94b2e2b4943476bbea5?s=96&d=blank&r=g\",\"caption\":\"Leinewelle\"},\"sameAs\":[\"http:\\\/\\\/localhost\\\/radio%20leinewelle\\\/wordpress\",\"https:\\\/\\\/www.facebook.com\\\/radioleinewelle\",\"https:\\\/\\\/www.instagram.com\\\/radioleinewelle\",\"https:\\\/\\\/x.com\\\/https:\\\/\\\/twitter.com\\\/RLeinewelle?ref_src=twsrcgoogletwcampserptwgrauthor\",\"https:\\\/\\\/soundcloud.com\\\/foerderverein-lokalradio?utm_source=clipboard&utm_medium=text&utm_campaign=social_sharing\"],\"url\":\"https:\\\/\\\/radioleinewelle.de\\\/index.php\\\/author\\\/leinewelle\\\/\"}]}<\/script>\n<!-- \/ Yoast SEO plugin. -->","yoast_head_json":{"title":"Die regionalen Kurzmeldungen am 23.05. - Radio Leinewelle","robots":{"index":"index","follow":"follow","max-snippet":"max-snippet:-1","max-image-preview":"max-image-preview:large","max-video-preview":"max-video-preview:-1"},"canonical":"https:\/\/radioleinewelle.de\/index.php\/2022\/05\/23\/die-regionalen-kurzmeldungen-am-23-05\/","og_locale":"de_DE","og_type":"article","og_title":"Die regionalen Kurzmeldungen am 23.05. - Radio Leinewelle","og_description":"+++ Abstieg besiegelt &#8211; SVG G\u00f6ttingen muss aus der Fu\u00dfball Oberliga absteigen. Die 1. Herrenmannschaft des Clubs verlor das entscheidende Spiel gegen den FC Hagen deutlich mit 1:4 und spielt im n\u00e4chsten Jahr wieder in der Landesliga Braunschweig +++ +++ Am vergangenen Freitagabend kam es im Bereich der Ortschaft Mackensen zu einem schweren Unwetter. In [&hellip;]","og_url":"https:\/\/radioleinewelle.de\/index.php\/2022\/05\/23\/die-regionalen-kurzmeldungen-am-23-05\/","og_site_name":"Radio Leinewelle","article_publisher":"https:\/\/www.facebook.com\/radioleinewelle","article_author":"https:\/\/www.facebook.com\/radioleinewelle","article_published_time":"2022-05-23T03:37:01+00:00","author":"Leinewelle","twitter_card":"summary_large_image","twitter_creator":"@https:\/\/twitter.com\/RLeinewelle?ref_src=twsrcgoogletwcampserptwgrauthor","twitter_site":"@RLeinewelle","twitter_misc":{"Verfasst von":"Leinewelle","Gesch\u00e4tzte Lesezeit":"1\u00a0Minute"},"schema":{"@context":"https:\/\/schema.org","@graph":[{"@type":"Article","@id":"https:\/\/radioleinewelle.de\/index.php\/2022\/05\/23\/die-regionalen-kurzmeldungen-am-23-05\/#article","isPartOf":{"@id":"https:\/\/radioleinewelle.de\/index.php\/2022\/05\/23\/die-regionalen-kurzmeldungen-am-23-05\/"},"author":{"name":"Leinewelle","@id":"https:\/\/radioleinewelle.de\/#\/schema\/person\/45606f348637df637192dc1b68399a63"},"headline":"Die regionalen Kurzmeldungen am 23.05.","datePublished":"2022-05-23T03:37:01+00:00","mainEntityOfPage":{"@id":"https:\/\/radioleinewelle.de\/index.php\/2022\/05\/23\/die-regionalen-kurzmeldungen-am-23-05\/"},"wordCount":190,"publisher":{"@id":"https:\/\/radioleinewelle.de\/#organization"},"articleSection":["Aktuelle Nachrichten"],"inLanguage":"de"},{"@type":"WebPage","@id":"https:\/\/radioleinewelle.de\/index.php\/2022\/05\/23\/die-regionalen-kurzmeldungen-am-23-05\/","url":"https:\/\/radioleinewelle.de\/index.php\/2022\/05\/23\/die-regionalen-kurzmeldungen-am-23-05\/","name":"Die regionalen Kurzmeldungen am 23.05. - Radio Leinewelle","isPartOf":{"@id":"https:\/\/radioleinewelle.de\/#website"},"datePublished":"2022-05-23T03:37:01+00:00","breadcrumb":{"@id":"https:\/\/radioleinewelle.de\/index.php\/2022\/05\/23\/die-regionalen-kurzmeldungen-am-23-05\/#breadcrumb"},"inLanguage":"de","potentialAction":[{"@type":"ReadAction","target":["https:\/\/radioleinewelle.de\/index.php\/2022\/05\/23\/die-regionalen-kurzmeldungen-am-23-05\/"]}]},{"@type":"BreadcrumbList","@id":"https:\/\/radioleinewelle.de\/index.php\/2022\/05\/23\/die-regionalen-kurzmeldungen-am-23-05\/#breadcrumb","itemListElement":[{"@type":"ListItem","position":1,"name":"Startseite","item":"https:\/\/radioleinewelle.de\/"},{"@type":"ListItem","position":2,"name":"Die regionalen Kurzmeldungen am 23.05."}]},{"@type":"WebSite","@id":"https:\/\/radioleinewelle.de\/#website","url":"https:\/\/radioleinewelle.de\/","name":"Radio Leinewelle","description":"","publisher":{"@id":"https:\/\/radioleinewelle.de\/#organization"},"potentialAction":[{"@type":"SearchAction","target":{"@type":"EntryPoint","urlTemplate":"https:\/\/radioleinewelle.de\/?s={search_term_string}"},"query-input":{"@type":"PropertyValueSpecification","valueRequired":true,"valueName":"search_term_string"}}],"inLanguage":"de"},{"@type":"Organization","@id":"https:\/\/radioleinewelle.de\/#organization","name":"Radio Leinewelle","alternateName":"Mein Radio f\u00fcr S\u00fcdniedersachsen","url":"https:\/\/radioleinewelle.de\/","logo":{"@type":"ImageObject","inLanguage":"de","@id":"https:\/\/radioleinewelle.de\/#\/schema\/logo\/image\/","url":"https:\/\/radioleinewelle.de\/wp-content\/uploads\/2023\/11\/cropped-Leinewelle_Logo_weiss.png","contentUrl":"https:\/\/radioleinewelle.de\/wp-content\/uploads\/2023\/11\/cropped-Leinewelle_Logo_weiss.png","width":854,"height":260,"caption":"Radio Leinewelle"},"image":{"@id":"https:\/\/radioleinewelle.de\/#\/schema\/logo\/image\/"},"sameAs":["https:\/\/www.facebook.com\/radioleinewelle","https:\/\/x.com\/RLeinewelle","https:\/\/www.instagram.com\/radioleinewelle\/?hl=de"]},{"@type":"Person","@id":"https:\/\/radioleinewelle.de\/#\/schema\/person\/45606f348637df637192dc1b68399a63","name":"Leinewelle","image":{"@type":"ImageObject","inLanguage":"de","@id":"https:\/\/secure.gravatar.com\/avatar\/05c9a17bc973052ee5d91549bd32fb4dd0dc85b7b85ae94b2e2b4943476bbea5?s=96&d=blank&r=g","url":"https:\/\/secure.gravatar.com\/avatar\/05c9a17bc973052ee5d91549bd32fb4dd0dc85b7b85ae94b2e2b4943476bbea5?s=96&d=blank&r=g","contentUrl":"https:\/\/secure.gravatar.com\/avatar\/05c9a17bc973052ee5d91549bd32fb4dd0dc85b7b85ae94b2e2b4943476bbea5?s=96&d=blank&r=g","caption":"Leinewelle"},"sameAs":["http:\/\/localhost\/radio%20leinewelle\/wordpress","https:\/\/www.facebook.com\/radioleinewelle","https:\/\/www.instagram.com\/radioleinewelle","https:\/\/x.com\/https:\/\/twitter.com\/RLeinewelle?ref_src=twsrcgoogletwcampserptwgrauthor","https:\/\/soundcloud.com\/foerderverein-lokalradio?utm_source=clipboard&utm_medium=text&utm_campaign=social_sharing"],"url":"https:\/\/radioleinewelle.de\/index.php\/author\/leinewelle\/"}]}},"_links":{"self":[{"href":"https:\/\/radioleinewelle.de\/index.php\/wp-json\/wp\/v2\/posts\/14352","targetHints":{"allow":["GET"]}}],"collection":[{"href":"https:\/\/radioleinewelle.de\/index.php\/wp-json\/wp\/v2\/posts"}],"about":[{"href":"https:\/\/radioleinewelle.de\/index.php\/wp-json\/wp\/v2\/types\/post"}],"author":[{"embeddable":true,"href":"https:\/\/radioleinewelle.de\/index.php\/wp-json\/wp\/v2\/users\/1"}],"replies":[{"embeddable":true,"href":"https:\/\/radioleinewelle.de\/index.php\/wp-json\/wp\/v2\/comments?post=14352"}],"version-history":[{"count":0,"href":"https:\/\/radioleinewelle.de\/index.php\/wp-json\/wp\/v2\/posts\/14352\/revisions"}],"wp:attachment":[{"href":"https:\/\/radioleinewelle.de\/index.php\/wp-json\/wp\/v2\/media?parent=14352"}],"wp:term":[{"taxonomy":"category","embeddable":true,"href":"https:\/\/radioleinewelle.de\/index.php\/wp-json\/wp\/v2\/categories?post=14352"},{"taxonomy":"post_tag","embeddable":true,"href":"https:\/\/radioleinewelle.de\/index.php\/wp-json\/wp\/v2\/tags?post=14352"}],"curies":[{"name":"wp","href":"https:\/\/api.w.org\/{rel}","templated":true}]}}