{"id":14376,"date":"2022-05-24T06:33:51","date_gmt":"2022-05-24T04:33:51","guid":{"rendered":"https:\/\/radioleinewelle.de\/?p=14376"},"modified":"2022-05-24T06:33:51","modified_gmt":"2022-05-24T04:33:51","slug":"die-regionalen-kurzmeldungen-am-24-05","status":"publish","type":"post","link":"https:\/\/radioleinewelle.de\/index.php\/2022\/05\/24\/die-regionalen-kurzmeldungen-am-24-05\/","title":{"rendered":"Die regionalen Kurzmeldungen am 24.05."},"content":{"rendered":"\n<p>+++ Das <strong>9-Euro-Ticket<\/strong> ist von Juni bis August der g\u00fcnstigste Tarif im \u00f6ffentlichen Personennahverkehr. Folglich k\u00f6nnen Fahrtkosten nur in dieser H\u00f6he erstattet werden, wenn ein entsprechender Anspruch besteht. Anspruchsberechtigt sind Sch\u00fcler*innen, die bspw. beispielsweise Kosten f\u00fcr die Fahrt zu einer Berufsbildenden Schule oder im Rahmen eines Praktikums zur beruflichen Orientierung geltend machen k\u00f6nnen. Der Kauf des 9-Euro-Tickets ist ab dem 23.05.2022 m\u00f6glich. Es ist in den Bussen des Verkehrsverbunds S\u00fcd-Niedersachsen VSN (Ausnahme G\u00f6VB) an den Automaten, in den Vorverkaufsstellen und im VSN Service-Center erh\u00e4ltlich. Auch digital kann es \u00fcber den DB Navigator, die FAIRTIQ-APP oder \u00fcber den FahrPlaner erworben werden. Weitergehende Information:&nbsp;<a href=\"https:\/\/vsninfo.de\/de\/fahrkarten\/9-euro-ticket\">www.vsninfo.de\/de\/fahrkarten\/9-euro-ticket<\/a>. +++<\/p>\n\n\n\n<p>+++ Die <strong>Stadt G\u00f6ttingen<\/strong> hat das Bepflanzungskonzept f\u00fcr den intensiv genutzten Wilhelmsplatz erneuert. Der Schwerpunkt liegt auf insektenfreundlichen Blumen und Stauden, die zus\u00e4tzlich weniger anf\u00e4llig f\u00fcr Vandalismus sind. Der Fachdienst Gr\u00fcnfl\u00e4chen bittet zugleich um Mithilfe der Bev\u00f6lkerung im Kampf gegen Zerst\u00f6rungen. +++<\/p>\n\n\n\n<p>+++ Bei mobilen und auch station\u00e4ren Verkehrskontrollen hat die <strong>Polizei in G\u00f6ttingen<\/strong> am vergangenen Freitagnachmittag an verschiedenen neuralgischen Punkten der Innenstadt schwerpunktm\u00e4\u00dfig Rad-, Pedelec und E-Scooter-Fahrende \u00fcberpr\u00fcft. Auch Autofahrer wurden angehalten. Insgesamt 661 Fahrzeuge wurden kontrolliert. Die Bilanz: 191 Verst\u00f6\u00dfe, von denen allein 162 auf das Konto von Zweirad Fahrenden gingen. In 55 F\u00e4llen nutzten die Betroffenen den Radweg nicht bzw. falsch. Auf Platz 2: die Handynutzung w\u00e4hrend der Fahrt mit 25 Verst\u00f6\u00dfen. Weitere Feststellungen bezogen sich auf Fahrten entgegen der Einbahnstra\u00dfe (23), Rotlicht-Missachtungen (16) sowie auch eine mangelhafte technische Ausstattung (18). Die Gesamtzahl der Verst\u00f6\u00dfe von Autofahrenden betrug 29. In 22 F\u00e4llen wurde verbotswidrig die Fu\u00dfg\u00e4ngerzone befahren. +++<\/p>\n\n\n\n<p>+++ &nbsp;In der Worbiser Stra\u00dfe in <strong>Duderstadt<\/strong>  haben Unbekannte in der Nacht zum Sonntag sechs geparkte Autos mit einem unbekannten spitzen Gegenstand zerkratzt. Von den T\u00e4tern fehlt jede Spur. Der verursachte Gesamtschaden wird auf mehrere tausend Euro gesch\u00e4tzt. Einen ersten Hinweis auf die Gesuchten k\u00f6nnte es im Zusammenhang mit einer weiteren Sachbesch\u00e4digung an einer Hauseingangst\u00fcr geben. Die Tat ereignete sich ebenfalls in der Worbiser Stra\u00dfe. +++<\/p>\n","protected":false},"excerpt":{"rendered":"<p>+++ Das 9-Euro-Ticket ist von Juni bis August der g\u00fcnstigste Tarif im \u00f6ffentlichen Personennahverkehr. Folglich k\u00f6nnen Fahrtkosten nur in dieser H\u00f6he erstattet werden, wenn ein entsprechender Anspruch besteht. Anspruchsberechtigt sind Sch\u00fcler*innen, die bspw. beispielsweise Kosten f\u00fcr die Fahrt zu einer Berufsbildenden Schule oder im Rahmen eines Praktikums zur beruflichen Orientierung geltend machen k\u00f6nnen. Der Kauf [&hellip;]<\/p>\n","protected":false},"author":1,"featured_media":0,"comment_status":"closed","ping_status":"closed","sticky":false,"template":"","format":"standard","meta":{"saved_in_kubio":false,"footnotes":""},"categories":[24],"tags":[],"class_list":["post-14376","post","type-post","status-publish","format-standard","hentry","category-news"],"yoast_head":"<!-- This site is optimized with the Yoast SEO plugin v27.5 - https:\/\/yoast.com\/product\/yoast-seo-wordpress\/ -->\n<title>Die regionalen Kurzmeldungen am 24.05. - Radio Leinewelle<\/title>\n<meta name=\"robots\" content=\"index, follow, max-snippet:-1, max-image-preview:large, max-video-preview:-1\" \/>\n<link rel=\"canonical\" href=\"https:\/\/radioleinewelle.de\/index.php\/2022\/05\/24\/die-regionalen-kurzmeldungen-am-24-05\/\" \/>\n<meta property=\"og:locale\" content=\"de_DE\" \/>\n<meta property=\"og:type\" content=\"article\" \/>\n<meta property=\"og:title\" content=\"Die regionalen Kurzmeldungen am 24.05. - Radio Leinewelle\" \/>\n<meta property=\"og:description\" content=\"+++ Das 9-Euro-Ticket ist von Juni bis August der g\u00fcnstigste Tarif im \u00f6ffentlichen Personennahverkehr. Folglich k\u00f6nnen Fahrtkosten nur in dieser H\u00f6he erstattet werden, wenn ein entsprechender Anspruch besteht. Anspruchsberechtigt sind Sch\u00fcler*innen, die bspw. beispielsweise Kosten f\u00fcr die Fahrt zu einer Berufsbildenden Schule oder im Rahmen eines Praktikums zur beruflichen Orientierung geltend machen k\u00f6nnen. Der Kauf [&hellip;]\" \/>\n<meta property=\"og:url\" content=\"https:\/\/radioleinewelle.de\/index.php\/2022\/05\/24\/die-regionalen-kurzmeldungen-am-24-05\/\" \/>\n<meta property=\"og:site_name\" content=\"Radio Leinewelle\" \/>\n<meta property=\"article:publisher\" content=\"https:\/\/www.facebook.com\/radioleinewelle\" \/>\n<meta property=\"article:author\" content=\"https:\/\/www.facebook.com\/radioleinewelle\" \/>\n<meta property=\"article:published_time\" content=\"2022-05-24T04:33:51+00:00\" \/>\n<meta name=\"author\" content=\"Leinewelle\" \/>\n<meta name=\"twitter:card\" content=\"summary_large_image\" \/>\n<meta name=\"twitter:creator\" content=\"@https:\/\/twitter.com\/RLeinewelle?ref_src=twsrcgoogletwcampserptwgrauthor\" \/>\n<meta name=\"twitter:site\" content=\"@RLeinewelle\" \/>\n<meta name=\"twitter:label1\" content=\"Verfasst von\" \/>\n\t<meta name=\"twitter:data1\" content=\"Leinewelle\" \/>\n\t<meta name=\"twitter:label2\" content=\"Gesch\u00e4tzte Lesezeit\" \/>\n\t<meta name=\"twitter:data2\" content=\"2\u00a0Minuten\" \/>\n<script type=\"application\/ld+json\" class=\"yoast-schema-graph\">{\"@context\":\"https:\\\/\\\/schema.org\",\"@graph\":[{\"@type\":\"Article\",\"@id\":\"https:\\\/\\\/radioleinewelle.de\\\/index.php\\\/2022\\\/05\\\/24\\\/die-regionalen-kurzmeldungen-am-24-05\\\/#article\",\"isPartOf\":{\"@id\":\"https:\\\/\\\/radioleinewelle.de\\\/index.php\\\/2022\\\/05\\\/24\\\/die-regionalen-kurzmeldungen-am-24-05\\\/\"},\"author\":{\"name\":\"Leinewelle\",\"@id\":\"https:\\\/\\\/radioleinewelle.de\\\/#\\\/schema\\\/person\\\/45606f348637df637192dc1b68399a63\"},\"headline\":\"Die regionalen Kurzmeldungen am 24.05.\",\"datePublished\":\"2022-05-24T04:33:51+00:00\",\"mainEntityOfPage\":{\"@id\":\"https:\\\/\\\/radioleinewelle.de\\\/index.php\\\/2022\\\/05\\\/24\\\/die-regionalen-kurzmeldungen-am-24-05\\\/\"},\"wordCount\":352,\"publisher\":{\"@id\":\"https:\\\/\\\/radioleinewelle.de\\\/#organization\"},\"articleSection\":[\"Aktuelle Nachrichten\"],\"inLanguage\":\"de\"},{\"@type\":\"WebPage\",\"@id\":\"https:\\\/\\\/radioleinewelle.de\\\/index.php\\\/2022\\\/05\\\/24\\\/die-regionalen-kurzmeldungen-am-24-05\\\/\",\"url\":\"https:\\\/\\\/radioleinewelle.de\\\/index.php\\\/2022\\\/05\\\/24\\\/die-regionalen-kurzmeldungen-am-24-05\\\/\",\"name\":\"Die regionalen Kurzmeldungen am 24.05. - Radio Leinewelle\",\"isPartOf\":{\"@id\":\"https:\\\/\\\/radioleinewelle.de\\\/#website\"},\"datePublished\":\"2022-05-24T04:33:51+00:00\",\"breadcrumb\":{\"@id\":\"https:\\\/\\\/radioleinewelle.de\\\/index.php\\\/2022\\\/05\\\/24\\\/die-regionalen-kurzmeldungen-am-24-05\\\/#breadcrumb\"},\"inLanguage\":\"de\",\"potentialAction\":[{\"@type\":\"ReadAction\",\"target\":[\"https:\\\/\\\/radioleinewelle.de\\\/index.php\\\/2022\\\/05\\\/24\\\/die-regionalen-kurzmeldungen-am-24-05\\\/\"]}]},{\"@type\":\"BreadcrumbList\",\"@id\":\"https:\\\/\\\/radioleinewelle.de\\\/index.php\\\/2022\\\/05\\\/24\\\/die-regionalen-kurzmeldungen-am-24-05\\\/#breadcrumb\",\"itemListElement\":[{\"@type\":\"ListItem\",\"position\":1,\"name\":\"Startseite\",\"item\":\"https:\\\/\\\/radioleinewelle.de\\\/\"},{\"@type\":\"ListItem\",\"position\":2,\"name\":\"Die regionalen Kurzmeldungen am 24.05.\"}]},{\"@type\":\"WebSite\",\"@id\":\"https:\\\/\\\/radioleinewelle.de\\\/#website\",\"url\":\"https:\\\/\\\/radioleinewelle.de\\\/\",\"name\":\"Radio Leinewelle\",\"description\":\"\",\"publisher\":{\"@id\":\"https:\\\/\\\/radioleinewelle.de\\\/#organization\"},\"potentialAction\":[{\"@type\":\"SearchAction\",\"target\":{\"@type\":\"EntryPoint\",\"urlTemplate\":\"https:\\\/\\\/radioleinewelle.de\\\/?s={search_term_string}\"},\"query-input\":{\"@type\":\"PropertyValueSpecification\",\"valueRequired\":true,\"valueName\":\"search_term_string\"}}],\"inLanguage\":\"de\"},{\"@type\":\"Organization\",\"@id\":\"https:\\\/\\\/radioleinewelle.de\\\/#organization\",\"name\":\"Radio Leinewelle\",\"alternateName\":\"Mein Radio f\u00fcr S\u00fcdniedersachsen\",\"url\":\"https:\\\/\\\/radioleinewelle.de\\\/\",\"logo\":{\"@type\":\"ImageObject\",\"inLanguage\":\"de\",\"@id\":\"https:\\\/\\\/radioleinewelle.de\\\/#\\\/schema\\\/logo\\\/image\\\/\",\"url\":\"https:\\\/\\\/radioleinewelle.de\\\/wp-content\\\/uploads\\\/2023\\\/11\\\/cropped-Leinewelle_Logo_weiss.png\",\"contentUrl\":\"https:\\\/\\\/radioleinewelle.de\\\/wp-content\\\/uploads\\\/2023\\\/11\\\/cropped-Leinewelle_Logo_weiss.png\",\"width\":854,\"height\":260,\"caption\":\"Radio Leinewelle\"},\"image\":{\"@id\":\"https:\\\/\\\/radioleinewelle.de\\\/#\\\/schema\\\/logo\\\/image\\\/\"},\"sameAs\":[\"https:\\\/\\\/www.facebook.com\\\/radioleinewelle\",\"https:\\\/\\\/x.com\\\/RLeinewelle\",\"https:\\\/\\\/www.instagram.com\\\/radioleinewelle\\\/?hl=de\"]},{\"@type\":\"Person\",\"@id\":\"https:\\\/\\\/radioleinewelle.de\\\/#\\\/schema\\\/person\\\/45606f348637df637192dc1b68399a63\",\"name\":\"Leinewelle\",\"image\":{\"@type\":\"ImageObject\",\"inLanguage\":\"de\",\"@id\":\"https:\\\/\\\/secure.gravatar.com\\\/avatar\\\/05c9a17bc973052ee5d91549bd32fb4dd0dc85b7b85ae94b2e2b4943476bbea5?s=96&d=blank&r=g\",\"url\":\"https:\\\/\\\/secure.gravatar.com\\\/avatar\\\/05c9a17bc973052ee5d91549bd32fb4dd0dc85b7b85ae94b2e2b4943476bbea5?s=96&d=blank&r=g\",\"contentUrl\":\"https:\\\/\\\/secure.gravatar.com\\\/avatar\\\/05c9a17bc973052ee5d91549bd32fb4dd0dc85b7b85ae94b2e2b4943476bbea5?s=96&d=blank&r=g\",\"caption\":\"Leinewelle\"},\"sameAs\":[\"http:\\\/\\\/localhost\\\/radio%20leinewelle\\\/wordpress\",\"https:\\\/\\\/www.facebook.com\\\/radioleinewelle\",\"https:\\\/\\\/www.instagram.com\\\/radioleinewelle\",\"https:\\\/\\\/x.com\\\/https:\\\/\\\/twitter.com\\\/RLeinewelle?ref_src=twsrcgoogletwcampserptwgrauthor\",\"https:\\\/\\\/soundcloud.com\\\/foerderverein-lokalradio?utm_source=clipboard&utm_medium=text&utm_campaign=social_sharing\"],\"url\":\"https:\\\/\\\/radioleinewelle.de\\\/index.php\\\/author\\\/leinewelle\\\/\"}]}<\/script>\n<!-- \/ Yoast SEO plugin. -->","yoast_head_json":{"title":"Die regionalen Kurzmeldungen am 24.05. - Radio Leinewelle","robots":{"index":"index","follow":"follow","max-snippet":"max-snippet:-1","max-image-preview":"max-image-preview:large","max-video-preview":"max-video-preview:-1"},"canonical":"https:\/\/radioleinewelle.de\/index.php\/2022\/05\/24\/die-regionalen-kurzmeldungen-am-24-05\/","og_locale":"de_DE","og_type":"article","og_title":"Die regionalen Kurzmeldungen am 24.05. - Radio Leinewelle","og_description":"+++ Das 9-Euro-Ticket ist von Juni bis August der g\u00fcnstigste Tarif im \u00f6ffentlichen Personennahverkehr. Folglich k\u00f6nnen Fahrtkosten nur in dieser H\u00f6he erstattet werden, wenn ein entsprechender Anspruch besteht. Anspruchsberechtigt sind Sch\u00fcler*innen, die bspw. beispielsweise Kosten f\u00fcr die Fahrt zu einer Berufsbildenden Schule oder im Rahmen eines Praktikums zur beruflichen Orientierung geltend machen k\u00f6nnen. Der Kauf [&hellip;]","og_url":"https:\/\/radioleinewelle.de\/index.php\/2022\/05\/24\/die-regionalen-kurzmeldungen-am-24-05\/","og_site_name":"Radio Leinewelle","article_publisher":"https:\/\/www.facebook.com\/radioleinewelle","article_author":"https:\/\/www.facebook.com\/radioleinewelle","article_published_time":"2022-05-24T04:33:51+00:00","author":"Leinewelle","twitter_card":"summary_large_image","twitter_creator":"@https:\/\/twitter.com\/RLeinewelle?ref_src=twsrcgoogletwcampserptwgrauthor","twitter_site":"@RLeinewelle","twitter_misc":{"Verfasst von":"Leinewelle","Gesch\u00e4tzte Lesezeit":"2\u00a0Minuten"},"schema":{"@context":"https:\/\/schema.org","@graph":[{"@type":"Article","@id":"https:\/\/radioleinewelle.de\/index.php\/2022\/05\/24\/die-regionalen-kurzmeldungen-am-24-05\/#article","isPartOf":{"@id":"https:\/\/radioleinewelle.de\/index.php\/2022\/05\/24\/die-regionalen-kurzmeldungen-am-24-05\/"},"author":{"name":"Leinewelle","@id":"https:\/\/radioleinewelle.de\/#\/schema\/person\/45606f348637df637192dc1b68399a63"},"headline":"Die regionalen Kurzmeldungen am 24.05.","datePublished":"2022-05-24T04:33:51+00:00","mainEntityOfPage":{"@id":"https:\/\/radioleinewelle.de\/index.php\/2022\/05\/24\/die-regionalen-kurzmeldungen-am-24-05\/"},"wordCount":352,"publisher":{"@id":"https:\/\/radioleinewelle.de\/#organization"},"articleSection":["Aktuelle Nachrichten"],"inLanguage":"de"},{"@type":"WebPage","@id":"https:\/\/radioleinewelle.de\/index.php\/2022\/05\/24\/die-regionalen-kurzmeldungen-am-24-05\/","url":"https:\/\/radioleinewelle.de\/index.php\/2022\/05\/24\/die-regionalen-kurzmeldungen-am-24-05\/","name":"Die regionalen Kurzmeldungen am 24.05. - Radio Leinewelle","isPartOf":{"@id":"https:\/\/radioleinewelle.de\/#website"},"datePublished":"2022-05-24T04:33:51+00:00","breadcrumb":{"@id":"https:\/\/radioleinewelle.de\/index.php\/2022\/05\/24\/die-regionalen-kurzmeldungen-am-24-05\/#breadcrumb"},"inLanguage":"de","potentialAction":[{"@type":"ReadAction","target":["https:\/\/radioleinewelle.de\/index.php\/2022\/05\/24\/die-regionalen-kurzmeldungen-am-24-05\/"]}]},{"@type":"BreadcrumbList","@id":"https:\/\/radioleinewelle.de\/index.php\/2022\/05\/24\/die-regionalen-kurzmeldungen-am-24-05\/#breadcrumb","itemListElement":[{"@type":"ListItem","position":1,"name":"Startseite","item":"https:\/\/radioleinewelle.de\/"},{"@type":"ListItem","position":2,"name":"Die regionalen Kurzmeldungen am 24.05."}]},{"@type":"WebSite","@id":"https:\/\/radioleinewelle.de\/#website","url":"https:\/\/radioleinewelle.de\/","name":"Radio Leinewelle","description":"","publisher":{"@id":"https:\/\/radioleinewelle.de\/#organization"},"potentialAction":[{"@type":"SearchAction","target":{"@type":"EntryPoint","urlTemplate":"https:\/\/radioleinewelle.de\/?s={search_term_string}"},"query-input":{"@type":"PropertyValueSpecification","valueRequired":true,"valueName":"search_term_string"}}],"inLanguage":"de"},{"@type":"Organization","@id":"https:\/\/radioleinewelle.de\/#organization","name":"Radio Leinewelle","alternateName":"Mein Radio f\u00fcr S\u00fcdniedersachsen","url":"https:\/\/radioleinewelle.de\/","logo":{"@type":"ImageObject","inLanguage":"de","@id":"https:\/\/radioleinewelle.de\/#\/schema\/logo\/image\/","url":"https:\/\/radioleinewelle.de\/wp-content\/uploads\/2023\/11\/cropped-Leinewelle_Logo_weiss.png","contentUrl":"https:\/\/radioleinewelle.de\/wp-content\/uploads\/2023\/11\/cropped-Leinewelle_Logo_weiss.png","width":854,"height":260,"caption":"Radio Leinewelle"},"image":{"@id":"https:\/\/radioleinewelle.de\/#\/schema\/logo\/image\/"},"sameAs":["https:\/\/www.facebook.com\/radioleinewelle","https:\/\/x.com\/RLeinewelle","https:\/\/www.instagram.com\/radioleinewelle\/?hl=de"]},{"@type":"Person","@id":"https:\/\/radioleinewelle.de\/#\/schema\/person\/45606f348637df637192dc1b68399a63","name":"Leinewelle","image":{"@type":"ImageObject","inLanguage":"de","@id":"https:\/\/secure.gravatar.com\/avatar\/05c9a17bc973052ee5d91549bd32fb4dd0dc85b7b85ae94b2e2b4943476bbea5?s=96&d=blank&r=g","url":"https:\/\/secure.gravatar.com\/avatar\/05c9a17bc973052ee5d91549bd32fb4dd0dc85b7b85ae94b2e2b4943476bbea5?s=96&d=blank&r=g","contentUrl":"https:\/\/secure.gravatar.com\/avatar\/05c9a17bc973052ee5d91549bd32fb4dd0dc85b7b85ae94b2e2b4943476bbea5?s=96&d=blank&r=g","caption":"Leinewelle"},"sameAs":["http:\/\/localhost\/radio%20leinewelle\/wordpress","https:\/\/www.facebook.com\/radioleinewelle","https:\/\/www.instagram.com\/radioleinewelle","https:\/\/x.com\/https:\/\/twitter.com\/RLeinewelle?ref_src=twsrcgoogletwcampserptwgrauthor","https:\/\/soundcloud.com\/foerderverein-lokalradio?utm_source=clipboard&utm_medium=text&utm_campaign=social_sharing"],"url":"https:\/\/radioleinewelle.de\/index.php\/author\/leinewelle\/"}]}},"_links":{"self":[{"href":"https:\/\/radioleinewelle.de\/index.php\/wp-json\/wp\/v2\/posts\/14376","targetHints":{"allow":["GET"]}}],"collection":[{"href":"https:\/\/radioleinewelle.de\/index.php\/wp-json\/wp\/v2\/posts"}],"about":[{"href":"https:\/\/radioleinewelle.de\/index.php\/wp-json\/wp\/v2\/types\/post"}],"author":[{"embeddable":true,"href":"https:\/\/radioleinewelle.de\/index.php\/wp-json\/wp\/v2\/users\/1"}],"replies":[{"embeddable":true,"href":"https:\/\/radioleinewelle.de\/index.php\/wp-json\/wp\/v2\/comments?post=14376"}],"version-history":[{"count":0,"href":"https:\/\/radioleinewelle.de\/index.php\/wp-json\/wp\/v2\/posts\/14376\/revisions"}],"wp:attachment":[{"href":"https:\/\/radioleinewelle.de\/index.php\/wp-json\/wp\/v2\/media?parent=14376"}],"wp:term":[{"taxonomy":"category","embeddable":true,"href":"https:\/\/radioleinewelle.de\/index.php\/wp-json\/wp\/v2\/categories?post=14376"},{"taxonomy":"post_tag","embeddable":true,"href":"https:\/\/radioleinewelle.de\/index.php\/wp-json\/wp\/v2\/tags?post=14376"}],"curies":[{"name":"wp","href":"https:\/\/api.w.org\/{rel}","templated":true}]}}