{"id":14416,"date":"2022-05-27T10:42:03","date_gmt":"2022-05-27T08:42:03","guid":{"rendered":"https:\/\/radioleinewelle.de\/?p=14416"},"modified":"2022-05-27T10:42:03","modified_gmt":"2022-05-27T08:42:03","slug":"landkreis-goettingen-bund-uebergibt-umweltbildungskonzept-zur-insektenfoerderung","status":"publish","type":"post","link":"https:\/\/radioleinewelle.de\/index.php\/2022\/05\/27\/landkreis-goettingen-bund-uebergibt-umweltbildungskonzept-zur-insektenfoerderung\/","title":{"rendered":"Landkreis G\u00f6ttingen: BUND \u00fcbergibt Umweltbildungskonzept zur Insektenf\u00f6rderung"},"content":{"rendered":"\n<p>Die BUND Kreisgruppe G\u00f6ttingen hat das mit EU-Mitteln der LEADER-Region G\u00f6ttinger Land und dem Landkreis G\u00f6ttingen gef\u00f6rderte einj\u00e4hrige Projekt \u201eUmweltbildungskonzept f\u00fcr einen insektenfreundlichen Landkreis G\u00f6ttingen\u201c abgeschlossen und an den Landkreis \u00fcbergeben. Das Ergebnis ist ein Umweltbildungskonzept, das die Sensibilisierung, fachliche Unterst\u00fctzung und Fortbildung der Verwaltungen, Politik, Vereine und interessierten B\u00fcrger*innen im Landkreis f\u00fcr das Thema \u201eInsektenf\u00f6rderung\u201c st\u00e4rkt.<\/p>\n\n\n\n<p>Erste Kreisr\u00e4tin Doreen Fragel und der Regionalmanager der LEADER-Region G\u00f6ttinger Land, Dr. Hartmut Berndt, haben das Konzept und den Abschlussbericht entgegengenommen. Dabei stellten die BUND-Projektmitarbeiterin Malika Gro\u00df und Gesch\u00e4ftsstellenleiterin Ricarda Pr\u00fc\u00dfner die wichtigsten Erfahrungen des Projektes und die wesentlichen Ergebnisse des Berichtes vor.<\/p>\n\n\n\n<p>\u201eZentral ist die Sensibilisierung der \u00d6ffentlichkeit f\u00fcr dieses so wichtige Thema\u201c, sagt Gro\u00df. \u201eDas kann vor allem durch Vortr\u00e4ge, Exkursionen, Presse- und Medienarbeit geschehen.\u201c Auch die Gewinnung von Multiplikator*innen, das Umsetzen von praktischen Ma\u00dfnahmen und ein Beratungsangebot f\u00fcr Gemeinden und St\u00e4dte zum Thema seien wichtige Schritte f\u00fcr die F\u00f6rderung der Insektenvielfalt im Landkreis G\u00f6ttingen.<\/p>\n\n\n\n<p>Bereits zum 01.03.2022 startete das neue Projekt \u201eUmweltbildung und Insektenf\u00f6rderung im Landkreis G\u00f6ttingen\u201c. Die BUND Kreisgruppe setzt damit schon jetzt das Umweltbildungskonzept in Teilen um. Das einj\u00e4hrige Folgeprojekt f\u00f6rdert der Landkreis G\u00f6ttingen nun aus Ersatzgeldern. \u201eWir sind bereits aktiv im Austausch mit verschiedenen Gemeinden und beraten diese \u00fcber Fl\u00e4chengestaltung, F\u00f6rderm\u00f6glichkeiten und die Zusammenarbeit mit interessierten B\u00fcrger*innen,\u201c erl\u00e4utert Malika Gro\u00df.<\/p>\n\n\n\n<p>&#8222;Die Vielf\u00e4ltigkeit unserer Mittelgebirgslandschaft bietet eine wichtige Ressource f\u00fcr eine hohe Biodiversit\u00e4t und ist eine der Sch\u00e4tze unserer Region\u201c, erg\u00e4nzt Hartmut Berndt: \u201eSie zu erhalten und zu verbessern, ist ein gro\u00dfes Anliegen der LEADER-Akteure. Das Projekt des BUND zeigt den Menschen und den Kommunen in unserer Region, wie jeder einen Beitrag dazu leisten kann.&#8220;<\/p>\n\n\n\n<p><strong>Foto:<\/strong> Ricarda Pr\u00fc\u00dfner (li.) und Malika Gro\u00df (2.v.re.) bei der \u00dcbergabe an Doreen Fragel (2.v.li.) und Hartmut Berndt (re.) \u00a9Landkreis G\u00f6ttingen<\/p>\n","protected":false},"excerpt":{"rendered":"<p>Die BUND Kreisgruppe G\u00f6ttingen hat das mit EU-Mitteln der LEADER-Region G\u00f6ttinger Land und dem Landkreis G\u00f6ttingen gef\u00f6rderte einj\u00e4hrige Projekt \u201eUmweltbildungskonzept f\u00fcr einen insektenfreundlichen Landkreis G\u00f6ttingen\u201c abgeschlossen und an den Landkreis \u00fcbergeben. Das Ergebnis ist ein Umweltbildungskonzept, das die Sensibilisierung, fachliche Unterst\u00fctzung und Fortbildung der Verwaltungen, Politik, Vereine und interessierten B\u00fcrger*innen im Landkreis f\u00fcr das Thema [&hellip;]<\/p>\n","protected":false},"author":1,"featured_media":0,"comment_status":"closed","ping_status":"closed","sticky":false,"template":"","format":"standard","meta":{"saved_in_kubio":false,"footnotes":""},"categories":[32],"tags":[],"class_list":["post-14416","post","type-post","status-publish","format-standard","hentry","category-natur-umwelt"],"yoast_head":"<!-- This site is optimized with the Yoast SEO plugin v27.5 - https:\/\/yoast.com\/product\/yoast-seo-wordpress\/ -->\n<title>Landkreis G\u00f6ttingen: BUND \u00fcbergibt Umweltbildungskonzept zur Insektenf\u00f6rderung - Radio Leinewelle<\/title>\n<meta name=\"robots\" content=\"index, follow, max-snippet:-1, max-image-preview:large, max-video-preview:-1\" \/>\n<link rel=\"canonical\" href=\"https:\/\/radioleinewelle.de\/index.php\/2022\/05\/27\/landkreis-goettingen-bund-uebergibt-umweltbildungskonzept-zur-insektenfoerderung\/\" \/>\n<meta property=\"og:locale\" content=\"de_DE\" \/>\n<meta property=\"og:type\" content=\"article\" \/>\n<meta property=\"og:title\" content=\"Landkreis G\u00f6ttingen: BUND \u00fcbergibt Umweltbildungskonzept zur Insektenf\u00f6rderung - Radio Leinewelle\" \/>\n<meta property=\"og:description\" content=\"Die BUND Kreisgruppe G\u00f6ttingen hat das mit EU-Mitteln der LEADER-Region G\u00f6ttinger Land und dem Landkreis G\u00f6ttingen gef\u00f6rderte einj\u00e4hrige Projekt \u201eUmweltbildungskonzept f\u00fcr einen insektenfreundlichen Landkreis G\u00f6ttingen\u201c abgeschlossen und an den Landkreis \u00fcbergeben. Das Ergebnis ist ein Umweltbildungskonzept, das die Sensibilisierung, fachliche Unterst\u00fctzung und Fortbildung der Verwaltungen, Politik, Vereine und interessierten B\u00fcrger*innen im Landkreis f\u00fcr das Thema [&hellip;]\" \/>\n<meta property=\"og:url\" content=\"https:\/\/radioleinewelle.de\/index.php\/2022\/05\/27\/landkreis-goettingen-bund-uebergibt-umweltbildungskonzept-zur-insektenfoerderung\/\" \/>\n<meta property=\"og:site_name\" content=\"Radio Leinewelle\" \/>\n<meta property=\"article:publisher\" content=\"https:\/\/www.facebook.com\/radioleinewelle\" \/>\n<meta property=\"article:author\" content=\"https:\/\/www.facebook.com\/radioleinewelle\" \/>\n<meta property=\"article:published_time\" content=\"2022-05-27T08:42:03+00:00\" \/>\n<meta name=\"author\" content=\"Leinewelle\" \/>\n<meta name=\"twitter:card\" content=\"summary_large_image\" \/>\n<meta name=\"twitter:creator\" content=\"@https:\/\/twitter.com\/RLeinewelle?ref_src=twsrcgoogletwcampserptwgrauthor\" \/>\n<meta name=\"twitter:site\" content=\"@RLeinewelle\" \/>\n<meta name=\"twitter:label1\" content=\"Verfasst von\" \/>\n\t<meta name=\"twitter:data1\" content=\"Leinewelle\" \/>\n\t<meta name=\"twitter:label2\" content=\"Gesch\u00e4tzte Lesezeit\" \/>\n\t<meta name=\"twitter:data2\" content=\"2\u00a0Minuten\" \/>\n<script type=\"application\/ld+json\" class=\"yoast-schema-graph\">{\"@context\":\"https:\\\/\\\/schema.org\",\"@graph\":[{\"@type\":\"Article\",\"@id\":\"https:\\\/\\\/radioleinewelle.de\\\/index.php\\\/2022\\\/05\\\/27\\\/landkreis-goettingen-bund-uebergibt-umweltbildungskonzept-zur-insektenfoerderung\\\/#article\",\"isPartOf\":{\"@id\":\"https:\\\/\\\/radioleinewelle.de\\\/index.php\\\/2022\\\/05\\\/27\\\/landkreis-goettingen-bund-uebergibt-umweltbildungskonzept-zur-insektenfoerderung\\\/\"},\"author\":{\"name\":\"Leinewelle\",\"@id\":\"https:\\\/\\\/radioleinewelle.de\\\/#\\\/schema\\\/person\\\/45606f348637df637192dc1b68399a63\"},\"headline\":\"Landkreis G\u00f6ttingen: BUND \u00fcbergibt Umweltbildungskonzept zur Insektenf\u00f6rderung\",\"datePublished\":\"2022-05-27T08:42:03+00:00\",\"mainEntityOfPage\":{\"@id\":\"https:\\\/\\\/radioleinewelle.de\\\/index.php\\\/2022\\\/05\\\/27\\\/landkreis-goettingen-bund-uebergibt-umweltbildungskonzept-zur-insektenfoerderung\\\/\"},\"wordCount\":343,\"publisher\":{\"@id\":\"https:\\\/\\\/radioleinewelle.de\\\/#organization\"},\"articleSection\":[\"Natur &amp; Umwelt\"],\"inLanguage\":\"de\"},{\"@type\":\"WebPage\",\"@id\":\"https:\\\/\\\/radioleinewelle.de\\\/index.php\\\/2022\\\/05\\\/27\\\/landkreis-goettingen-bund-uebergibt-umweltbildungskonzept-zur-insektenfoerderung\\\/\",\"url\":\"https:\\\/\\\/radioleinewelle.de\\\/index.php\\\/2022\\\/05\\\/27\\\/landkreis-goettingen-bund-uebergibt-umweltbildungskonzept-zur-insektenfoerderung\\\/\",\"name\":\"Landkreis G\u00f6ttingen: BUND \u00fcbergibt Umweltbildungskonzept zur Insektenf\u00f6rderung - Radio Leinewelle\",\"isPartOf\":{\"@id\":\"https:\\\/\\\/radioleinewelle.de\\\/#website\"},\"datePublished\":\"2022-05-27T08:42:03+00:00\",\"breadcrumb\":{\"@id\":\"https:\\\/\\\/radioleinewelle.de\\\/index.php\\\/2022\\\/05\\\/27\\\/landkreis-goettingen-bund-uebergibt-umweltbildungskonzept-zur-insektenfoerderung\\\/#breadcrumb\"},\"inLanguage\":\"de\",\"potentialAction\":[{\"@type\":\"ReadAction\",\"target\":[\"https:\\\/\\\/radioleinewelle.de\\\/index.php\\\/2022\\\/05\\\/27\\\/landkreis-goettingen-bund-uebergibt-umweltbildungskonzept-zur-insektenfoerderung\\\/\"]}]},{\"@type\":\"BreadcrumbList\",\"@id\":\"https:\\\/\\\/radioleinewelle.de\\\/index.php\\\/2022\\\/05\\\/27\\\/landkreis-goettingen-bund-uebergibt-umweltbildungskonzept-zur-insektenfoerderung\\\/#breadcrumb\",\"itemListElement\":[{\"@type\":\"ListItem\",\"position\":1,\"name\":\"Startseite\",\"item\":\"https:\\\/\\\/radioleinewelle.de\\\/\"},{\"@type\":\"ListItem\",\"position\":2,\"name\":\"Landkreis G\u00f6ttingen: BUND \u00fcbergibt Umweltbildungskonzept zur Insektenf\u00f6rderung\"}]},{\"@type\":\"WebSite\",\"@id\":\"https:\\\/\\\/radioleinewelle.de\\\/#website\",\"url\":\"https:\\\/\\\/radioleinewelle.de\\\/\",\"name\":\"Radio Leinewelle\",\"description\":\"\",\"publisher\":{\"@id\":\"https:\\\/\\\/radioleinewelle.de\\\/#organization\"},\"potentialAction\":[{\"@type\":\"SearchAction\",\"target\":{\"@type\":\"EntryPoint\",\"urlTemplate\":\"https:\\\/\\\/radioleinewelle.de\\\/?s={search_term_string}\"},\"query-input\":{\"@type\":\"PropertyValueSpecification\",\"valueRequired\":true,\"valueName\":\"search_term_string\"}}],\"inLanguage\":\"de\"},{\"@type\":\"Organization\",\"@id\":\"https:\\\/\\\/radioleinewelle.de\\\/#organization\",\"name\":\"Radio Leinewelle\",\"alternateName\":\"Mein Radio f\u00fcr S\u00fcdniedersachsen\",\"url\":\"https:\\\/\\\/radioleinewelle.de\\\/\",\"logo\":{\"@type\":\"ImageObject\",\"inLanguage\":\"de\",\"@id\":\"https:\\\/\\\/radioleinewelle.de\\\/#\\\/schema\\\/logo\\\/image\\\/\",\"url\":\"https:\\\/\\\/radioleinewelle.de\\\/wp-content\\\/uploads\\\/2023\\\/11\\\/cropped-Leinewelle_Logo_weiss.png\",\"contentUrl\":\"https:\\\/\\\/radioleinewelle.de\\\/wp-content\\\/uploads\\\/2023\\\/11\\\/cropped-Leinewelle_Logo_weiss.png\",\"width\":854,\"height\":260,\"caption\":\"Radio Leinewelle\"},\"image\":{\"@id\":\"https:\\\/\\\/radioleinewelle.de\\\/#\\\/schema\\\/logo\\\/image\\\/\"},\"sameAs\":[\"https:\\\/\\\/www.facebook.com\\\/radioleinewelle\",\"https:\\\/\\\/x.com\\\/RLeinewelle\",\"https:\\\/\\\/www.instagram.com\\\/radioleinewelle\\\/?hl=de\"]},{\"@type\":\"Person\",\"@id\":\"https:\\\/\\\/radioleinewelle.de\\\/#\\\/schema\\\/person\\\/45606f348637df637192dc1b68399a63\",\"name\":\"Leinewelle\",\"image\":{\"@type\":\"ImageObject\",\"inLanguage\":\"de\",\"@id\":\"https:\\\/\\\/secure.gravatar.com\\\/avatar\\\/05c9a17bc973052ee5d91549bd32fb4dd0dc85b7b85ae94b2e2b4943476bbea5?s=96&d=blank&r=g\",\"url\":\"https:\\\/\\\/secure.gravatar.com\\\/avatar\\\/05c9a17bc973052ee5d91549bd32fb4dd0dc85b7b85ae94b2e2b4943476bbea5?s=96&d=blank&r=g\",\"contentUrl\":\"https:\\\/\\\/secure.gravatar.com\\\/avatar\\\/05c9a17bc973052ee5d91549bd32fb4dd0dc85b7b85ae94b2e2b4943476bbea5?s=96&d=blank&r=g\",\"caption\":\"Leinewelle\"},\"sameAs\":[\"http:\\\/\\\/localhost\\\/radio%20leinewelle\\\/wordpress\",\"https:\\\/\\\/www.facebook.com\\\/radioleinewelle\",\"https:\\\/\\\/www.instagram.com\\\/radioleinewelle\",\"https:\\\/\\\/x.com\\\/https:\\\/\\\/twitter.com\\\/RLeinewelle?ref_src=twsrcgoogletwcampserptwgrauthor\",\"https:\\\/\\\/soundcloud.com\\\/foerderverein-lokalradio?utm_source=clipboard&utm_medium=text&utm_campaign=social_sharing\"],\"url\":\"https:\\\/\\\/radioleinewelle.de\\\/index.php\\\/author\\\/leinewelle\\\/\"}]}<\/script>\n<!-- \/ Yoast SEO plugin. -->","yoast_head_json":{"title":"Landkreis G\u00f6ttingen: BUND \u00fcbergibt Umweltbildungskonzept zur Insektenf\u00f6rderung - Radio Leinewelle","robots":{"index":"index","follow":"follow","max-snippet":"max-snippet:-1","max-image-preview":"max-image-preview:large","max-video-preview":"max-video-preview:-1"},"canonical":"https:\/\/radioleinewelle.de\/index.php\/2022\/05\/27\/landkreis-goettingen-bund-uebergibt-umweltbildungskonzept-zur-insektenfoerderung\/","og_locale":"de_DE","og_type":"article","og_title":"Landkreis G\u00f6ttingen: BUND \u00fcbergibt Umweltbildungskonzept zur Insektenf\u00f6rderung - Radio Leinewelle","og_description":"Die BUND Kreisgruppe G\u00f6ttingen hat das mit EU-Mitteln der LEADER-Region G\u00f6ttinger Land und dem Landkreis G\u00f6ttingen gef\u00f6rderte einj\u00e4hrige Projekt \u201eUmweltbildungskonzept f\u00fcr einen insektenfreundlichen Landkreis G\u00f6ttingen\u201c abgeschlossen und an den Landkreis \u00fcbergeben. Das Ergebnis ist ein Umweltbildungskonzept, das die Sensibilisierung, fachliche Unterst\u00fctzung und Fortbildung der Verwaltungen, Politik, Vereine und interessierten B\u00fcrger*innen im Landkreis f\u00fcr das Thema [&hellip;]","og_url":"https:\/\/radioleinewelle.de\/index.php\/2022\/05\/27\/landkreis-goettingen-bund-uebergibt-umweltbildungskonzept-zur-insektenfoerderung\/","og_site_name":"Radio Leinewelle","article_publisher":"https:\/\/www.facebook.com\/radioleinewelle","article_author":"https:\/\/www.facebook.com\/radioleinewelle","article_published_time":"2022-05-27T08:42:03+00:00","author":"Leinewelle","twitter_card":"summary_large_image","twitter_creator":"@https:\/\/twitter.com\/RLeinewelle?ref_src=twsrcgoogletwcampserptwgrauthor","twitter_site":"@RLeinewelle","twitter_misc":{"Verfasst von":"Leinewelle","Gesch\u00e4tzte Lesezeit":"2\u00a0Minuten"},"schema":{"@context":"https:\/\/schema.org","@graph":[{"@type":"Article","@id":"https:\/\/radioleinewelle.de\/index.php\/2022\/05\/27\/landkreis-goettingen-bund-uebergibt-umweltbildungskonzept-zur-insektenfoerderung\/#article","isPartOf":{"@id":"https:\/\/radioleinewelle.de\/index.php\/2022\/05\/27\/landkreis-goettingen-bund-uebergibt-umweltbildungskonzept-zur-insektenfoerderung\/"},"author":{"name":"Leinewelle","@id":"https:\/\/radioleinewelle.de\/#\/schema\/person\/45606f348637df637192dc1b68399a63"},"headline":"Landkreis G\u00f6ttingen: BUND \u00fcbergibt Umweltbildungskonzept zur Insektenf\u00f6rderung","datePublished":"2022-05-27T08:42:03+00:00","mainEntityOfPage":{"@id":"https:\/\/radioleinewelle.de\/index.php\/2022\/05\/27\/landkreis-goettingen-bund-uebergibt-umweltbildungskonzept-zur-insektenfoerderung\/"},"wordCount":343,"publisher":{"@id":"https:\/\/radioleinewelle.de\/#organization"},"articleSection":["Natur &amp; Umwelt"],"inLanguage":"de"},{"@type":"WebPage","@id":"https:\/\/radioleinewelle.de\/index.php\/2022\/05\/27\/landkreis-goettingen-bund-uebergibt-umweltbildungskonzept-zur-insektenfoerderung\/","url":"https:\/\/radioleinewelle.de\/index.php\/2022\/05\/27\/landkreis-goettingen-bund-uebergibt-umweltbildungskonzept-zur-insektenfoerderung\/","name":"Landkreis G\u00f6ttingen: BUND \u00fcbergibt Umweltbildungskonzept zur Insektenf\u00f6rderung - Radio Leinewelle","isPartOf":{"@id":"https:\/\/radioleinewelle.de\/#website"},"datePublished":"2022-05-27T08:42:03+00:00","breadcrumb":{"@id":"https:\/\/radioleinewelle.de\/index.php\/2022\/05\/27\/landkreis-goettingen-bund-uebergibt-umweltbildungskonzept-zur-insektenfoerderung\/#breadcrumb"},"inLanguage":"de","potentialAction":[{"@type":"ReadAction","target":["https:\/\/radioleinewelle.de\/index.php\/2022\/05\/27\/landkreis-goettingen-bund-uebergibt-umweltbildungskonzept-zur-insektenfoerderung\/"]}]},{"@type":"BreadcrumbList","@id":"https:\/\/radioleinewelle.de\/index.php\/2022\/05\/27\/landkreis-goettingen-bund-uebergibt-umweltbildungskonzept-zur-insektenfoerderung\/#breadcrumb","itemListElement":[{"@type":"ListItem","position":1,"name":"Startseite","item":"https:\/\/radioleinewelle.de\/"},{"@type":"ListItem","position":2,"name":"Landkreis G\u00f6ttingen: BUND \u00fcbergibt Umweltbildungskonzept zur Insektenf\u00f6rderung"}]},{"@type":"WebSite","@id":"https:\/\/radioleinewelle.de\/#website","url":"https:\/\/radioleinewelle.de\/","name":"Radio Leinewelle","description":"","publisher":{"@id":"https:\/\/radioleinewelle.de\/#organization"},"potentialAction":[{"@type":"SearchAction","target":{"@type":"EntryPoint","urlTemplate":"https:\/\/radioleinewelle.de\/?s={search_term_string}"},"query-input":{"@type":"PropertyValueSpecification","valueRequired":true,"valueName":"search_term_string"}}],"inLanguage":"de"},{"@type":"Organization","@id":"https:\/\/radioleinewelle.de\/#organization","name":"Radio Leinewelle","alternateName":"Mein Radio f\u00fcr S\u00fcdniedersachsen","url":"https:\/\/radioleinewelle.de\/","logo":{"@type":"ImageObject","inLanguage":"de","@id":"https:\/\/radioleinewelle.de\/#\/schema\/logo\/image\/","url":"https:\/\/radioleinewelle.de\/wp-content\/uploads\/2023\/11\/cropped-Leinewelle_Logo_weiss.png","contentUrl":"https:\/\/radioleinewelle.de\/wp-content\/uploads\/2023\/11\/cropped-Leinewelle_Logo_weiss.png","width":854,"height":260,"caption":"Radio Leinewelle"},"image":{"@id":"https:\/\/radioleinewelle.de\/#\/schema\/logo\/image\/"},"sameAs":["https:\/\/www.facebook.com\/radioleinewelle","https:\/\/x.com\/RLeinewelle","https:\/\/www.instagram.com\/radioleinewelle\/?hl=de"]},{"@type":"Person","@id":"https:\/\/radioleinewelle.de\/#\/schema\/person\/45606f348637df637192dc1b68399a63","name":"Leinewelle","image":{"@type":"ImageObject","inLanguage":"de","@id":"https:\/\/secure.gravatar.com\/avatar\/05c9a17bc973052ee5d91549bd32fb4dd0dc85b7b85ae94b2e2b4943476bbea5?s=96&d=blank&r=g","url":"https:\/\/secure.gravatar.com\/avatar\/05c9a17bc973052ee5d91549bd32fb4dd0dc85b7b85ae94b2e2b4943476bbea5?s=96&d=blank&r=g","contentUrl":"https:\/\/secure.gravatar.com\/avatar\/05c9a17bc973052ee5d91549bd32fb4dd0dc85b7b85ae94b2e2b4943476bbea5?s=96&d=blank&r=g","caption":"Leinewelle"},"sameAs":["http:\/\/localhost\/radio%20leinewelle\/wordpress","https:\/\/www.facebook.com\/radioleinewelle","https:\/\/www.instagram.com\/radioleinewelle","https:\/\/x.com\/https:\/\/twitter.com\/RLeinewelle?ref_src=twsrcgoogletwcampserptwgrauthor","https:\/\/soundcloud.com\/foerderverein-lokalradio?utm_source=clipboard&utm_medium=text&utm_campaign=social_sharing"],"url":"https:\/\/radioleinewelle.de\/index.php\/author\/leinewelle\/"}]}},"_links":{"self":[{"href":"https:\/\/radioleinewelle.de\/index.php\/wp-json\/wp\/v2\/posts\/14416","targetHints":{"allow":["GET"]}}],"collection":[{"href":"https:\/\/radioleinewelle.de\/index.php\/wp-json\/wp\/v2\/posts"}],"about":[{"href":"https:\/\/radioleinewelle.de\/index.php\/wp-json\/wp\/v2\/types\/post"}],"author":[{"embeddable":true,"href":"https:\/\/radioleinewelle.de\/index.php\/wp-json\/wp\/v2\/users\/1"}],"replies":[{"embeddable":true,"href":"https:\/\/radioleinewelle.de\/index.php\/wp-json\/wp\/v2\/comments?post=14416"}],"version-history":[{"count":0,"href":"https:\/\/radioleinewelle.de\/index.php\/wp-json\/wp\/v2\/posts\/14416\/revisions"}],"wp:attachment":[{"href":"https:\/\/radioleinewelle.de\/index.php\/wp-json\/wp\/v2\/media?parent=14416"}],"wp:term":[{"taxonomy":"category","embeddable":true,"href":"https:\/\/radioleinewelle.de\/index.php\/wp-json\/wp\/v2\/categories?post=14416"},{"taxonomy":"post_tag","embeddable":true,"href":"https:\/\/radioleinewelle.de\/index.php\/wp-json\/wp\/v2\/tags?post=14416"}],"curies":[{"name":"wp","href":"https:\/\/api.w.org\/{rel}","templated":true}]}}