{"id":14489,"date":"2022-06-02T11:32:03","date_gmt":"2022-06-02T09:32:03","guid":{"rendered":"https:\/\/radioleinewelle.de\/?p=14489"},"modified":"2022-06-02T11:32:03","modified_gmt":"2022-06-02T09:32:03","slug":"stadtradeln-2022-in-goettingen-und-landkreis","status":"publish","type":"post","link":"https:\/\/radioleinewelle.de\/index.php\/2022\/06\/02\/stadtradeln-2022-in-goettingen-und-landkreis\/","title":{"rendered":"Stadtradeln 2022 in G\u00f6ttingen und Landkreis"},"content":{"rendered":"\n<p>Der Landkreis und die Stadt G\u00f6ttingen beteiligen sich gemeinsam vom 12.06. bis 02.07.2022 an der internationalen Klimaschutzaktion STADTRADELN. Teilnehmen kann jede Person, die zusammen mit Freundinnen und Freunden, Familie oder Arbeitskolleginnen und -kollegen ein Team bildet und so ein Zeichen f\u00fcr den Klimaschutz und mehr Radverkehr setzt.<\/p>\n\n\n\n<p>Ziel des STADTRADELN ist es, innerhalb des 21-t\u00e4gigen Aktionszeitraumes beruflich und privat m\u00f6glichst viele Kilometer auf dem Fahrrad zur\u00fcckzulegen. Gesucht werden die aktivsten Teams sowie die aktivsten Einzelpersonen aus Landkreis und Stadt G\u00f6ttingen.<\/p>\n\n\n\n<p>Im vergangenen Jahr haben in Stadt und Landkreis G\u00f6ttingen insgesamt 1.919 Radlerinnen und Radler an der Kampagne teilgenommen. Sie haben mit knapp 400.000 km die fast zehnfache L\u00e4nge des \u00c4quators zur\u00fcckgelegt. Im deutschlandweiten Vergleich haben Landkreis und Stadt G\u00f6ttingen unter den 2.131 teilnehmenden Kreisen und St\u00e4dten den 78. Platz belegt.<\/p>\n\n\n\n<p>Auch in diesem Jahr haben sich bereits 2.329 Kommunen mit 175.974 Radlerinnen und Radlern registriert. Neben Kommunen aus Deutschland nehmen in diesem Jahr auch Kommunen aus Frankreich, Luxemburg, den Vereinigten Staaten von Amerika sowie Brasilien an der Fahrradaktion teil.<\/p>\n\n\n\n<p>Anmeldungen zur Kampagne sind m\u00f6glich unter&nbsp;<a href=\"http:\/\/www.stadtradeln.de\/landkreis-goettingen\"><strong>www.stadtradeln.de\/landkreis-goettingen<\/strong><\/a> oder&nbsp;<a href=\"http:\/\/www.stadtradeln.de\/goettingen\"><strong>www.stadtradeln.de\/goettingen<\/strong><\/a>. Dort ist auch der Flyer mit weiteren Informationen zu den Spielregeln ver\u00f6ffentlicht.<\/p>\n\n\n\n<p>Symbolbild von&nbsp;<a href=\"https:\/\/pixabay.com\/de\/users\/pexels-2286921\/?utm_source=link-attribution&amp;utm_medium=referral&amp;utm_campaign=image&amp;utm_content=1839005\">Pexels<\/a>&nbsp;auf&nbsp;<a href=\"https:\/\/pixabay.com\/de\/?utm_source=link-attribution&amp;utm_medium=referral&amp;utm_campaign=image&amp;utm_content=1839005\">Pixabay<\/a>&nbsp;<\/p>\n","protected":false},"excerpt":{"rendered":"<p>Der Landkreis und die Stadt G\u00f6ttingen beteiligen sich gemeinsam vom 12.06. bis 02.07.2022 an der internationalen Klimaschutzaktion STADTRADELN. Teilnehmen kann jede Person, die zusammen mit Freundinnen und Freunden, Familie oder Arbeitskolleginnen und -kollegen ein Team bildet und so ein Zeichen f\u00fcr den Klimaschutz und mehr Radverkehr setzt. Ziel des STADTRADELN ist es, innerhalb des 21-t\u00e4gigen [&hellip;]<\/p>\n","protected":false},"author":1,"featured_media":14490,"comment_status":"closed","ping_status":"closed","sticky":false,"template":"","format":"standard","meta":{"saved_in_kubio":false,"footnotes":""},"categories":[40],"tags":[327,3160],"class_list":["post-14489","post","type-post","status-publish","format-standard","has-post-thumbnail","hentry","category-gesundheit","tag-landkreis-goettingen","tag-stadtradeln-2022"],"yoast_head":"<!-- This site is optimized with the Yoast SEO plugin v27.5 - https:\/\/yoast.com\/product\/yoast-seo-wordpress\/ -->\n<title>Stadtradeln 2022 in G\u00f6ttingen und Landkreis - Radio Leinewelle<\/title>\n<meta name=\"robots\" content=\"index, follow, max-snippet:-1, max-image-preview:large, max-video-preview:-1\" \/>\n<link rel=\"canonical\" href=\"https:\/\/radioleinewelle.de\/index.php\/2022\/06\/02\/stadtradeln-2022-in-goettingen-und-landkreis\/\" \/>\n<meta property=\"og:locale\" content=\"de_DE\" \/>\n<meta property=\"og:type\" content=\"article\" \/>\n<meta property=\"og:title\" content=\"Stadtradeln 2022 in G\u00f6ttingen und Landkreis - Radio Leinewelle\" \/>\n<meta property=\"og:description\" content=\"Der Landkreis und die Stadt G\u00f6ttingen beteiligen sich gemeinsam vom 12.06. bis 02.07.2022 an der internationalen Klimaschutzaktion STADTRADELN. Teilnehmen kann jede Person, die zusammen mit Freundinnen und Freunden, Familie oder Arbeitskolleginnen und -kollegen ein Team bildet und so ein Zeichen f\u00fcr den Klimaschutz und mehr Radverkehr setzt. Ziel des STADTRADELN ist es, innerhalb des 21-t\u00e4gigen [&hellip;]\" \/>\n<meta property=\"og:url\" content=\"https:\/\/radioleinewelle.de\/index.php\/2022\/06\/02\/stadtradeln-2022-in-goettingen-und-landkreis\/\" \/>\n<meta property=\"og:site_name\" content=\"Radio Leinewelle\" \/>\n<meta property=\"article:publisher\" content=\"https:\/\/www.facebook.com\/radioleinewelle\" \/>\n<meta property=\"article:author\" content=\"https:\/\/www.facebook.com\/radioleinewelle\" \/>\n<meta property=\"article:published_time\" content=\"2022-06-02T09:32:03+00:00\" \/>\n<meta property=\"og:image\" content=\"https:\/\/radioleinewelle.de\/wp-content\/uploads\/2022\/06\/bicycle-g2cd3700a9_640.jpg\" \/>\n\t<meta property=\"og:image:width\" content=\"640\" \/>\n\t<meta property=\"og:image:height\" content=\"400\" \/>\n\t<meta property=\"og:image:type\" content=\"image\/jpeg\" \/>\n<meta name=\"author\" content=\"Leinewelle\" \/>\n<meta name=\"twitter:card\" content=\"summary_large_image\" \/>\n<meta name=\"twitter:creator\" content=\"@https:\/\/twitter.com\/RLeinewelle?ref_src=twsrcgoogletwcampserptwgrauthor\" \/>\n<meta name=\"twitter:site\" content=\"@RLeinewelle\" \/>\n<meta name=\"twitter:label1\" content=\"Verfasst von\" \/>\n\t<meta name=\"twitter:data1\" content=\"Leinewelle\" \/>\n\t<meta name=\"twitter:label2\" content=\"Gesch\u00e4tzte Lesezeit\" \/>\n\t<meta name=\"twitter:data2\" content=\"2\u00a0Minuten\" \/>\n<script type=\"application\/ld+json\" class=\"yoast-schema-graph\">{\"@context\":\"https:\\\/\\\/schema.org\",\"@graph\":[{\"@type\":\"Article\",\"@id\":\"https:\\\/\\\/radioleinewelle.de\\\/index.php\\\/2022\\\/06\\\/02\\\/stadtradeln-2022-in-goettingen-und-landkreis\\\/#article\",\"isPartOf\":{\"@id\":\"https:\\\/\\\/radioleinewelle.de\\\/index.php\\\/2022\\\/06\\\/02\\\/stadtradeln-2022-in-goettingen-und-landkreis\\\/\"},\"author\":{\"name\":\"Leinewelle\",\"@id\":\"https:\\\/\\\/radioleinewelle.de\\\/#\\\/schema\\\/person\\\/45606f348637df637192dc1b68399a63\"},\"headline\":\"Stadtradeln 2022 in G\u00f6ttingen und Landkreis\",\"datePublished\":\"2022-06-02T09:32:03+00:00\",\"mainEntityOfPage\":{\"@id\":\"https:\\\/\\\/radioleinewelle.de\\\/index.php\\\/2022\\\/06\\\/02\\\/stadtradeln-2022-in-goettingen-und-landkreis\\\/\"},\"wordCount\":218,\"publisher\":{\"@id\":\"https:\\\/\\\/radioleinewelle.de\\\/#organization\"},\"image\":{\"@id\":\"https:\\\/\\\/radioleinewelle.de\\\/index.php\\\/2022\\\/06\\\/02\\\/stadtradeln-2022-in-goettingen-und-landkreis\\\/#primaryimage\"},\"thumbnailUrl\":\"https:\\\/\\\/radioleinewelle.de\\\/wp-content\\\/uploads\\\/2022\\\/06\\\/bicycle-g2cd3700a9_640.jpg\",\"keywords\":[\"Landkreis G\u00f6ttingen\",\"Stadtradeln 2022\"],\"articleSection\":[\"Gesundheit\"],\"inLanguage\":\"de\"},{\"@type\":\"WebPage\",\"@id\":\"https:\\\/\\\/radioleinewelle.de\\\/index.php\\\/2022\\\/06\\\/02\\\/stadtradeln-2022-in-goettingen-und-landkreis\\\/\",\"url\":\"https:\\\/\\\/radioleinewelle.de\\\/index.php\\\/2022\\\/06\\\/02\\\/stadtradeln-2022-in-goettingen-und-landkreis\\\/\",\"name\":\"Stadtradeln 2022 in G\u00f6ttingen und Landkreis - Radio Leinewelle\",\"isPartOf\":{\"@id\":\"https:\\\/\\\/radioleinewelle.de\\\/#website\"},\"primaryImageOfPage\":{\"@id\":\"https:\\\/\\\/radioleinewelle.de\\\/index.php\\\/2022\\\/06\\\/02\\\/stadtradeln-2022-in-goettingen-und-landkreis\\\/#primaryimage\"},\"image\":{\"@id\":\"https:\\\/\\\/radioleinewelle.de\\\/index.php\\\/2022\\\/06\\\/02\\\/stadtradeln-2022-in-goettingen-und-landkreis\\\/#primaryimage\"},\"thumbnailUrl\":\"https:\\\/\\\/radioleinewelle.de\\\/wp-content\\\/uploads\\\/2022\\\/06\\\/bicycle-g2cd3700a9_640.jpg\",\"datePublished\":\"2022-06-02T09:32:03+00:00\",\"breadcrumb\":{\"@id\":\"https:\\\/\\\/radioleinewelle.de\\\/index.php\\\/2022\\\/06\\\/02\\\/stadtradeln-2022-in-goettingen-und-landkreis\\\/#breadcrumb\"},\"inLanguage\":\"de\",\"potentialAction\":[{\"@type\":\"ReadAction\",\"target\":[\"https:\\\/\\\/radioleinewelle.de\\\/index.php\\\/2022\\\/06\\\/02\\\/stadtradeln-2022-in-goettingen-und-landkreis\\\/\"]}]},{\"@type\":\"ImageObject\",\"inLanguage\":\"de\",\"@id\":\"https:\\\/\\\/radioleinewelle.de\\\/index.php\\\/2022\\\/06\\\/02\\\/stadtradeln-2022-in-goettingen-und-landkreis\\\/#primaryimage\",\"url\":\"https:\\\/\\\/radioleinewelle.de\\\/wp-content\\\/uploads\\\/2022\\\/06\\\/bicycle-g2cd3700a9_640.jpg\",\"contentUrl\":\"https:\\\/\\\/radioleinewelle.de\\\/wp-content\\\/uploads\\\/2022\\\/06\\\/bicycle-g2cd3700a9_640.jpg\",\"width\":640,\"height\":400},{\"@type\":\"BreadcrumbList\",\"@id\":\"https:\\\/\\\/radioleinewelle.de\\\/index.php\\\/2022\\\/06\\\/02\\\/stadtradeln-2022-in-goettingen-und-landkreis\\\/#breadcrumb\",\"itemListElement\":[{\"@type\":\"ListItem\",\"position\":1,\"name\":\"Startseite\",\"item\":\"https:\\\/\\\/radioleinewelle.de\\\/\"},{\"@type\":\"ListItem\",\"position\":2,\"name\":\"Stadtradeln 2022 in G\u00f6ttingen und Landkreis\"}]},{\"@type\":\"WebSite\",\"@id\":\"https:\\\/\\\/radioleinewelle.de\\\/#website\",\"url\":\"https:\\\/\\\/radioleinewelle.de\\\/\",\"name\":\"Radio Leinewelle\",\"description\":\"\",\"publisher\":{\"@id\":\"https:\\\/\\\/radioleinewelle.de\\\/#organization\"},\"potentialAction\":[{\"@type\":\"SearchAction\",\"target\":{\"@type\":\"EntryPoint\",\"urlTemplate\":\"https:\\\/\\\/radioleinewelle.de\\\/?s={search_term_string}\"},\"query-input\":{\"@type\":\"PropertyValueSpecification\",\"valueRequired\":true,\"valueName\":\"search_term_string\"}}],\"inLanguage\":\"de\"},{\"@type\":\"Organization\",\"@id\":\"https:\\\/\\\/radioleinewelle.de\\\/#organization\",\"name\":\"Radio Leinewelle\",\"alternateName\":\"Mein Radio f\u00fcr S\u00fcdniedersachsen\",\"url\":\"https:\\\/\\\/radioleinewelle.de\\\/\",\"logo\":{\"@type\":\"ImageObject\",\"inLanguage\":\"de\",\"@id\":\"https:\\\/\\\/radioleinewelle.de\\\/#\\\/schema\\\/logo\\\/image\\\/\",\"url\":\"https:\\\/\\\/radioleinewelle.de\\\/wp-content\\\/uploads\\\/2023\\\/11\\\/cropped-Leinewelle_Logo_weiss.png\",\"contentUrl\":\"https:\\\/\\\/radioleinewelle.de\\\/wp-content\\\/uploads\\\/2023\\\/11\\\/cropped-Leinewelle_Logo_weiss.png\",\"width\":854,\"height\":260,\"caption\":\"Radio Leinewelle\"},\"image\":{\"@id\":\"https:\\\/\\\/radioleinewelle.de\\\/#\\\/schema\\\/logo\\\/image\\\/\"},\"sameAs\":[\"https:\\\/\\\/www.facebook.com\\\/radioleinewelle\",\"https:\\\/\\\/x.com\\\/RLeinewelle\",\"https:\\\/\\\/www.instagram.com\\\/radioleinewelle\\\/?hl=de\"]},{\"@type\":\"Person\",\"@id\":\"https:\\\/\\\/radioleinewelle.de\\\/#\\\/schema\\\/person\\\/45606f348637df637192dc1b68399a63\",\"name\":\"Leinewelle\",\"image\":{\"@type\":\"ImageObject\",\"inLanguage\":\"de\",\"@id\":\"https:\\\/\\\/secure.gravatar.com\\\/avatar\\\/05c9a17bc973052ee5d91549bd32fb4dd0dc85b7b85ae94b2e2b4943476bbea5?s=96&d=blank&r=g\",\"url\":\"https:\\\/\\\/secure.gravatar.com\\\/avatar\\\/05c9a17bc973052ee5d91549bd32fb4dd0dc85b7b85ae94b2e2b4943476bbea5?s=96&d=blank&r=g\",\"contentUrl\":\"https:\\\/\\\/secure.gravatar.com\\\/avatar\\\/05c9a17bc973052ee5d91549bd32fb4dd0dc85b7b85ae94b2e2b4943476bbea5?s=96&d=blank&r=g\",\"caption\":\"Leinewelle\"},\"sameAs\":[\"http:\\\/\\\/localhost\\\/radio%20leinewelle\\\/wordpress\",\"https:\\\/\\\/www.facebook.com\\\/radioleinewelle\",\"https:\\\/\\\/www.instagram.com\\\/radioleinewelle\",\"https:\\\/\\\/x.com\\\/https:\\\/\\\/twitter.com\\\/RLeinewelle?ref_src=twsrcgoogletwcampserptwgrauthor\",\"https:\\\/\\\/soundcloud.com\\\/foerderverein-lokalradio?utm_source=clipboard&utm_medium=text&utm_campaign=social_sharing\"],\"url\":\"https:\\\/\\\/radioleinewelle.de\\\/index.php\\\/author\\\/leinewelle\\\/\"}]}<\/script>\n<!-- \/ Yoast SEO plugin. -->","yoast_head_json":{"title":"Stadtradeln 2022 in G\u00f6ttingen und Landkreis - Radio Leinewelle","robots":{"index":"index","follow":"follow","max-snippet":"max-snippet:-1","max-image-preview":"max-image-preview:large","max-video-preview":"max-video-preview:-1"},"canonical":"https:\/\/radioleinewelle.de\/index.php\/2022\/06\/02\/stadtradeln-2022-in-goettingen-und-landkreis\/","og_locale":"de_DE","og_type":"article","og_title":"Stadtradeln 2022 in G\u00f6ttingen und Landkreis - Radio Leinewelle","og_description":"Der Landkreis und die Stadt G\u00f6ttingen beteiligen sich gemeinsam vom 12.06. bis 02.07.2022 an der internationalen Klimaschutzaktion STADTRADELN. Teilnehmen kann jede Person, die zusammen mit Freundinnen und Freunden, Familie oder Arbeitskolleginnen und -kollegen ein Team bildet und so ein Zeichen f\u00fcr den Klimaschutz und mehr Radverkehr setzt. Ziel des STADTRADELN ist es, innerhalb des 21-t\u00e4gigen [&hellip;]","og_url":"https:\/\/radioleinewelle.de\/index.php\/2022\/06\/02\/stadtradeln-2022-in-goettingen-und-landkreis\/","og_site_name":"Radio Leinewelle","article_publisher":"https:\/\/www.facebook.com\/radioleinewelle","article_author":"https:\/\/www.facebook.com\/radioleinewelle","article_published_time":"2022-06-02T09:32:03+00:00","og_image":[{"width":640,"height":400,"url":"https:\/\/radioleinewelle.de\/wp-content\/uploads\/2022\/06\/bicycle-g2cd3700a9_640.jpg","type":"image\/jpeg"}],"author":"Leinewelle","twitter_card":"summary_large_image","twitter_creator":"@https:\/\/twitter.com\/RLeinewelle?ref_src=twsrcgoogletwcampserptwgrauthor","twitter_site":"@RLeinewelle","twitter_misc":{"Verfasst von":"Leinewelle","Gesch\u00e4tzte Lesezeit":"2\u00a0Minuten"},"schema":{"@context":"https:\/\/schema.org","@graph":[{"@type":"Article","@id":"https:\/\/radioleinewelle.de\/index.php\/2022\/06\/02\/stadtradeln-2022-in-goettingen-und-landkreis\/#article","isPartOf":{"@id":"https:\/\/radioleinewelle.de\/index.php\/2022\/06\/02\/stadtradeln-2022-in-goettingen-und-landkreis\/"},"author":{"name":"Leinewelle","@id":"https:\/\/radioleinewelle.de\/#\/schema\/person\/45606f348637df637192dc1b68399a63"},"headline":"Stadtradeln 2022 in G\u00f6ttingen und Landkreis","datePublished":"2022-06-02T09:32:03+00:00","mainEntityOfPage":{"@id":"https:\/\/radioleinewelle.de\/index.php\/2022\/06\/02\/stadtradeln-2022-in-goettingen-und-landkreis\/"},"wordCount":218,"publisher":{"@id":"https:\/\/radioleinewelle.de\/#organization"},"image":{"@id":"https:\/\/radioleinewelle.de\/index.php\/2022\/06\/02\/stadtradeln-2022-in-goettingen-und-landkreis\/#primaryimage"},"thumbnailUrl":"https:\/\/radioleinewelle.de\/wp-content\/uploads\/2022\/06\/bicycle-g2cd3700a9_640.jpg","keywords":["Landkreis G\u00f6ttingen","Stadtradeln 2022"],"articleSection":["Gesundheit"],"inLanguage":"de"},{"@type":"WebPage","@id":"https:\/\/radioleinewelle.de\/index.php\/2022\/06\/02\/stadtradeln-2022-in-goettingen-und-landkreis\/","url":"https:\/\/radioleinewelle.de\/index.php\/2022\/06\/02\/stadtradeln-2022-in-goettingen-und-landkreis\/","name":"Stadtradeln 2022 in G\u00f6ttingen und Landkreis - Radio Leinewelle","isPartOf":{"@id":"https:\/\/radioleinewelle.de\/#website"},"primaryImageOfPage":{"@id":"https:\/\/radioleinewelle.de\/index.php\/2022\/06\/02\/stadtradeln-2022-in-goettingen-und-landkreis\/#primaryimage"},"image":{"@id":"https:\/\/radioleinewelle.de\/index.php\/2022\/06\/02\/stadtradeln-2022-in-goettingen-und-landkreis\/#primaryimage"},"thumbnailUrl":"https:\/\/radioleinewelle.de\/wp-content\/uploads\/2022\/06\/bicycle-g2cd3700a9_640.jpg","datePublished":"2022-06-02T09:32:03+00:00","breadcrumb":{"@id":"https:\/\/radioleinewelle.de\/index.php\/2022\/06\/02\/stadtradeln-2022-in-goettingen-und-landkreis\/#breadcrumb"},"inLanguage":"de","potentialAction":[{"@type":"ReadAction","target":["https:\/\/radioleinewelle.de\/index.php\/2022\/06\/02\/stadtradeln-2022-in-goettingen-und-landkreis\/"]}]},{"@type":"ImageObject","inLanguage":"de","@id":"https:\/\/radioleinewelle.de\/index.php\/2022\/06\/02\/stadtradeln-2022-in-goettingen-und-landkreis\/#primaryimage","url":"https:\/\/radioleinewelle.de\/wp-content\/uploads\/2022\/06\/bicycle-g2cd3700a9_640.jpg","contentUrl":"https:\/\/radioleinewelle.de\/wp-content\/uploads\/2022\/06\/bicycle-g2cd3700a9_640.jpg","width":640,"height":400},{"@type":"BreadcrumbList","@id":"https:\/\/radioleinewelle.de\/index.php\/2022\/06\/02\/stadtradeln-2022-in-goettingen-und-landkreis\/#breadcrumb","itemListElement":[{"@type":"ListItem","position":1,"name":"Startseite","item":"https:\/\/radioleinewelle.de\/"},{"@type":"ListItem","position":2,"name":"Stadtradeln 2022 in G\u00f6ttingen und Landkreis"}]},{"@type":"WebSite","@id":"https:\/\/radioleinewelle.de\/#website","url":"https:\/\/radioleinewelle.de\/","name":"Radio Leinewelle","description":"","publisher":{"@id":"https:\/\/radioleinewelle.de\/#organization"},"potentialAction":[{"@type":"SearchAction","target":{"@type":"EntryPoint","urlTemplate":"https:\/\/radioleinewelle.de\/?s={search_term_string}"},"query-input":{"@type":"PropertyValueSpecification","valueRequired":true,"valueName":"search_term_string"}}],"inLanguage":"de"},{"@type":"Organization","@id":"https:\/\/radioleinewelle.de\/#organization","name":"Radio Leinewelle","alternateName":"Mein Radio f\u00fcr S\u00fcdniedersachsen","url":"https:\/\/radioleinewelle.de\/","logo":{"@type":"ImageObject","inLanguage":"de","@id":"https:\/\/radioleinewelle.de\/#\/schema\/logo\/image\/","url":"https:\/\/radioleinewelle.de\/wp-content\/uploads\/2023\/11\/cropped-Leinewelle_Logo_weiss.png","contentUrl":"https:\/\/radioleinewelle.de\/wp-content\/uploads\/2023\/11\/cropped-Leinewelle_Logo_weiss.png","width":854,"height":260,"caption":"Radio Leinewelle"},"image":{"@id":"https:\/\/radioleinewelle.de\/#\/schema\/logo\/image\/"},"sameAs":["https:\/\/www.facebook.com\/radioleinewelle","https:\/\/x.com\/RLeinewelle","https:\/\/www.instagram.com\/radioleinewelle\/?hl=de"]},{"@type":"Person","@id":"https:\/\/radioleinewelle.de\/#\/schema\/person\/45606f348637df637192dc1b68399a63","name":"Leinewelle","image":{"@type":"ImageObject","inLanguage":"de","@id":"https:\/\/secure.gravatar.com\/avatar\/05c9a17bc973052ee5d91549bd32fb4dd0dc85b7b85ae94b2e2b4943476bbea5?s=96&d=blank&r=g","url":"https:\/\/secure.gravatar.com\/avatar\/05c9a17bc973052ee5d91549bd32fb4dd0dc85b7b85ae94b2e2b4943476bbea5?s=96&d=blank&r=g","contentUrl":"https:\/\/secure.gravatar.com\/avatar\/05c9a17bc973052ee5d91549bd32fb4dd0dc85b7b85ae94b2e2b4943476bbea5?s=96&d=blank&r=g","caption":"Leinewelle"},"sameAs":["http:\/\/localhost\/radio%20leinewelle\/wordpress","https:\/\/www.facebook.com\/radioleinewelle","https:\/\/www.instagram.com\/radioleinewelle","https:\/\/x.com\/https:\/\/twitter.com\/RLeinewelle?ref_src=twsrcgoogletwcampserptwgrauthor","https:\/\/soundcloud.com\/foerderverein-lokalradio?utm_source=clipboard&utm_medium=text&utm_campaign=social_sharing"],"url":"https:\/\/radioleinewelle.de\/index.php\/author\/leinewelle\/"}]}},"_links":{"self":[{"href":"https:\/\/radioleinewelle.de\/index.php\/wp-json\/wp\/v2\/posts\/14489","targetHints":{"allow":["GET"]}}],"collection":[{"href":"https:\/\/radioleinewelle.de\/index.php\/wp-json\/wp\/v2\/posts"}],"about":[{"href":"https:\/\/radioleinewelle.de\/index.php\/wp-json\/wp\/v2\/types\/post"}],"author":[{"embeddable":true,"href":"https:\/\/radioleinewelle.de\/index.php\/wp-json\/wp\/v2\/users\/1"}],"replies":[{"embeddable":true,"href":"https:\/\/radioleinewelle.de\/index.php\/wp-json\/wp\/v2\/comments?post=14489"}],"version-history":[{"count":0,"href":"https:\/\/radioleinewelle.de\/index.php\/wp-json\/wp\/v2\/posts\/14489\/revisions"}],"wp:featuredmedia":[{"embeddable":true,"href":"https:\/\/radioleinewelle.de\/index.php\/wp-json\/wp\/v2\/media\/14490"}],"wp:attachment":[{"href":"https:\/\/radioleinewelle.de\/index.php\/wp-json\/wp\/v2\/media?parent=14489"}],"wp:term":[{"taxonomy":"category","embeddable":true,"href":"https:\/\/radioleinewelle.de\/index.php\/wp-json\/wp\/v2\/categories?post=14489"},{"taxonomy":"post_tag","embeddable":true,"href":"https:\/\/radioleinewelle.de\/index.php\/wp-json\/wp\/v2\/tags?post=14489"}],"curies":[{"name":"wp","href":"https:\/\/api.w.org\/{rel}","templated":true}]}}