{"id":1450,"date":"2020-09-05T14:27:44","date_gmt":"2020-09-05T12:27:44","guid":{"rendered":"https:\/\/radioleinewelle.de\/?p=1450"},"modified":"2020-09-05T14:27:44","modified_gmt":"2020-09-05T12:27:44","slug":"einbeck-brandserie-geht-weiter-vollbrand-einer-scheune-in-stroit","status":"publish","type":"post","link":"https:\/\/radioleinewelle.de\/index.php\/2020\/09\/05\/einbeck-brandserie-geht-weiter-vollbrand-einer-scheune-in-stroit\/","title":{"rendered":"Einbeck: Brandserie geht weiter &#8211; Vollbrand einer Scheune in Stroit"},"content":{"rendered":"<p>Einbeck (ots): Ortsteil Stroit, Freitag, 04.09.2020, 20.56 Uhr andauernd Einbeck (mir)\u00a0\u00dcber die Leitstelle der Polizei wurde am Freitagabend um 20.56 Uhr der Brand einer Scheune in Einbeck-Stroit gemeldet. Durch die eingesetzten Funkstreifenwagenbesatzungen konnte der gemeldete Sachverhalt vor Ort festgestellt werden. In der Scheune befand sich neben Heu und Stroh auch ein M\u00e4hdrescher. Ein \u00dcbergreifen auf angrenzende Geb\u00e4ude konnte gl\u00fccklicherweise verhindert werden. Es entstand ein Sachschaden von ca. 250.000 EURO. Die Polizei leitete ein Ermittlungsverfahren wegen des Verdachts der Brandstiftung gegen Unbekannt ein. Auch in diesem Fall wird ein enger Zusammenhang mit der aktuellen Brandserie in Einbeck als sehr wahrscheinlich angesehen. Die weiteren Ermittlungen zu dem Brand in Stroit f\u00fchrt die speziell eingerichtete Sonderkommission der Polizeiinspektion Northeim durch. Die ersten Ma\u00dfnahmen wurden noch in den Abendstunden durch die entsprechenden Ermittler initiiert und durchgef\u00fchrt. An den L\u00f6scharbeiten waren insgesamt 173 Kr\u00e4fte der Feuerwehren aus der Stadt Einbeck und den Ortsteilen sowie des Technischen Hilfswerkes eingesetzt.<\/p>\n","protected":false},"excerpt":{"rendered":"<p>Einbeck (ots): Ortsteil Stroit, Freitag, 04.09.2020, 20.56 Uhr andauernd Einbeck (mir)\u00a0\u00dcber die Leitstelle der Polizei wurde am Freitagabend um 20.56 Uhr der Brand einer Scheune in Einbeck-Stroit gemeldet. Durch die eingesetzten Funkstreifenwagenbesatzungen konnte der gemeldete Sachverhalt vor Ort festgestellt werden. In der Scheune befand sich neben Heu und Stroh auch ein M\u00e4hdrescher. Ein \u00dcbergreifen auf [&hellip;]<\/p>\n","protected":false},"author":1,"featured_media":0,"comment_status":"closed","ping_status":"closed","sticky":false,"template":"","format":"standard","meta":{"saved_in_kubio":false,"footnotes":""},"categories":[1],"tags":[],"class_list":["post-1450","post","type-post","status-publish","format-standard","hentry","category-allgemein"],"yoast_head":"<!-- This site is optimized with the Yoast SEO plugin v27.5 - https:\/\/yoast.com\/product\/yoast-seo-wordpress\/ -->\n<title>Einbeck: Brandserie geht weiter - Vollbrand einer Scheune in Stroit - Radio Leinewelle<\/title>\n<meta name=\"robots\" content=\"index, follow, max-snippet:-1, max-image-preview:large, max-video-preview:-1\" \/>\n<link rel=\"canonical\" href=\"https:\/\/radioleinewelle.de\/index.php\/2020\/09\/05\/einbeck-brandserie-geht-weiter-vollbrand-einer-scheune-in-stroit\/\" \/>\n<meta property=\"og:locale\" content=\"de_DE\" \/>\n<meta property=\"og:type\" content=\"article\" \/>\n<meta property=\"og:title\" content=\"Einbeck: Brandserie geht weiter - Vollbrand einer Scheune in Stroit - Radio Leinewelle\" \/>\n<meta property=\"og:description\" content=\"Einbeck (ots): Ortsteil Stroit, Freitag, 04.09.2020, 20.56 Uhr andauernd Einbeck (mir)\u00a0\u00dcber die Leitstelle der Polizei wurde am Freitagabend um 20.56 Uhr der Brand einer Scheune in Einbeck-Stroit gemeldet. Durch die eingesetzten Funkstreifenwagenbesatzungen konnte der gemeldete Sachverhalt vor Ort festgestellt werden. In der Scheune befand sich neben Heu und Stroh auch ein M\u00e4hdrescher. Ein \u00dcbergreifen auf [&hellip;]\" \/>\n<meta property=\"og:url\" content=\"https:\/\/radioleinewelle.de\/index.php\/2020\/09\/05\/einbeck-brandserie-geht-weiter-vollbrand-einer-scheune-in-stroit\/\" \/>\n<meta property=\"og:site_name\" content=\"Radio Leinewelle\" \/>\n<meta property=\"article:publisher\" content=\"https:\/\/www.facebook.com\/radioleinewelle\" \/>\n<meta property=\"article:author\" content=\"https:\/\/www.facebook.com\/radioleinewelle\" \/>\n<meta property=\"article:published_time\" content=\"2020-09-05T12:27:44+00:00\" \/>\n<meta name=\"author\" content=\"Leinewelle\" \/>\n<meta name=\"twitter:card\" content=\"summary_large_image\" \/>\n<meta name=\"twitter:creator\" content=\"@https:\/\/twitter.com\/RLeinewelle?ref_src=twsrcgoogletwcampserptwgrauthor\" \/>\n<meta name=\"twitter:site\" content=\"@RLeinewelle\" \/>\n<meta name=\"twitter:label1\" content=\"Verfasst von\" \/>\n\t<meta name=\"twitter:data1\" content=\"Leinewelle\" \/>\n\t<meta name=\"twitter:label2\" content=\"Gesch\u00e4tzte Lesezeit\" \/>\n\t<meta name=\"twitter:data2\" content=\"1\u00a0Minute\" \/>\n<script type=\"application\/ld+json\" class=\"yoast-schema-graph\">{\"@context\":\"https:\\\/\\\/schema.org\",\"@graph\":[{\"@type\":\"Article\",\"@id\":\"https:\\\/\\\/radioleinewelle.de\\\/index.php\\\/2020\\\/09\\\/05\\\/einbeck-brandserie-geht-weiter-vollbrand-einer-scheune-in-stroit\\\/#article\",\"isPartOf\":{\"@id\":\"https:\\\/\\\/radioleinewelle.de\\\/index.php\\\/2020\\\/09\\\/05\\\/einbeck-brandserie-geht-weiter-vollbrand-einer-scheune-in-stroit\\\/\"},\"author\":{\"name\":\"Leinewelle\",\"@id\":\"https:\\\/\\\/radioleinewelle.de\\\/#\\\/schema\\\/person\\\/45606f348637df637192dc1b68399a63\"},\"headline\":\"Einbeck: Brandserie geht weiter &#8211; Vollbrand einer Scheune in Stroit\",\"datePublished\":\"2020-09-05T12:27:44+00:00\",\"mainEntityOfPage\":{\"@id\":\"https:\\\/\\\/radioleinewelle.de\\\/index.php\\\/2020\\\/09\\\/05\\\/einbeck-brandserie-geht-weiter-vollbrand-einer-scheune-in-stroit\\\/\"},\"wordCount\":167,\"publisher\":{\"@id\":\"https:\\\/\\\/radioleinewelle.de\\\/#organization\"},\"inLanguage\":\"de\"},{\"@type\":\"WebPage\",\"@id\":\"https:\\\/\\\/radioleinewelle.de\\\/index.php\\\/2020\\\/09\\\/05\\\/einbeck-brandserie-geht-weiter-vollbrand-einer-scheune-in-stroit\\\/\",\"url\":\"https:\\\/\\\/radioleinewelle.de\\\/index.php\\\/2020\\\/09\\\/05\\\/einbeck-brandserie-geht-weiter-vollbrand-einer-scheune-in-stroit\\\/\",\"name\":\"Einbeck: Brandserie geht weiter - Vollbrand einer Scheune in Stroit - Radio Leinewelle\",\"isPartOf\":{\"@id\":\"https:\\\/\\\/radioleinewelle.de\\\/#website\"},\"datePublished\":\"2020-09-05T12:27:44+00:00\",\"breadcrumb\":{\"@id\":\"https:\\\/\\\/radioleinewelle.de\\\/index.php\\\/2020\\\/09\\\/05\\\/einbeck-brandserie-geht-weiter-vollbrand-einer-scheune-in-stroit\\\/#breadcrumb\"},\"inLanguage\":\"de\",\"potentialAction\":[{\"@type\":\"ReadAction\",\"target\":[\"https:\\\/\\\/radioleinewelle.de\\\/index.php\\\/2020\\\/09\\\/05\\\/einbeck-brandserie-geht-weiter-vollbrand-einer-scheune-in-stroit\\\/\"]}]},{\"@type\":\"BreadcrumbList\",\"@id\":\"https:\\\/\\\/radioleinewelle.de\\\/index.php\\\/2020\\\/09\\\/05\\\/einbeck-brandserie-geht-weiter-vollbrand-einer-scheune-in-stroit\\\/#breadcrumb\",\"itemListElement\":[{\"@type\":\"ListItem\",\"position\":1,\"name\":\"Startseite\",\"item\":\"https:\\\/\\\/radioleinewelle.de\\\/\"},{\"@type\":\"ListItem\",\"position\":2,\"name\":\"Einbeck: Brandserie geht weiter &#8211; Vollbrand einer Scheune in Stroit\"}]},{\"@type\":\"WebSite\",\"@id\":\"https:\\\/\\\/radioleinewelle.de\\\/#website\",\"url\":\"https:\\\/\\\/radioleinewelle.de\\\/\",\"name\":\"Radio Leinewelle\",\"description\":\"\",\"publisher\":{\"@id\":\"https:\\\/\\\/radioleinewelle.de\\\/#organization\"},\"potentialAction\":[{\"@type\":\"SearchAction\",\"target\":{\"@type\":\"EntryPoint\",\"urlTemplate\":\"https:\\\/\\\/radioleinewelle.de\\\/?s={search_term_string}\"},\"query-input\":{\"@type\":\"PropertyValueSpecification\",\"valueRequired\":true,\"valueName\":\"search_term_string\"}}],\"inLanguage\":\"de\"},{\"@type\":\"Organization\",\"@id\":\"https:\\\/\\\/radioleinewelle.de\\\/#organization\",\"name\":\"Radio Leinewelle\",\"alternateName\":\"Mein Radio f\u00fcr S\u00fcdniedersachsen\",\"url\":\"https:\\\/\\\/radioleinewelle.de\\\/\",\"logo\":{\"@type\":\"ImageObject\",\"inLanguage\":\"de\",\"@id\":\"https:\\\/\\\/radioleinewelle.de\\\/#\\\/schema\\\/logo\\\/image\\\/\",\"url\":\"https:\\\/\\\/radioleinewelle.de\\\/wp-content\\\/uploads\\\/2023\\\/11\\\/cropped-Leinewelle_Logo_weiss.png\",\"contentUrl\":\"https:\\\/\\\/radioleinewelle.de\\\/wp-content\\\/uploads\\\/2023\\\/11\\\/cropped-Leinewelle_Logo_weiss.png\",\"width\":854,\"height\":260,\"caption\":\"Radio Leinewelle\"},\"image\":{\"@id\":\"https:\\\/\\\/radioleinewelle.de\\\/#\\\/schema\\\/logo\\\/image\\\/\"},\"sameAs\":[\"https:\\\/\\\/www.facebook.com\\\/radioleinewelle\",\"https:\\\/\\\/x.com\\\/RLeinewelle\",\"https:\\\/\\\/www.instagram.com\\\/radioleinewelle\\\/?hl=de\"]},{\"@type\":\"Person\",\"@id\":\"https:\\\/\\\/radioleinewelle.de\\\/#\\\/schema\\\/person\\\/45606f348637df637192dc1b68399a63\",\"name\":\"Leinewelle\",\"image\":{\"@type\":\"ImageObject\",\"inLanguage\":\"de\",\"@id\":\"https:\\\/\\\/secure.gravatar.com\\\/avatar\\\/05c9a17bc973052ee5d91549bd32fb4dd0dc85b7b85ae94b2e2b4943476bbea5?s=96&d=blank&r=g\",\"url\":\"https:\\\/\\\/secure.gravatar.com\\\/avatar\\\/05c9a17bc973052ee5d91549bd32fb4dd0dc85b7b85ae94b2e2b4943476bbea5?s=96&d=blank&r=g\",\"contentUrl\":\"https:\\\/\\\/secure.gravatar.com\\\/avatar\\\/05c9a17bc973052ee5d91549bd32fb4dd0dc85b7b85ae94b2e2b4943476bbea5?s=96&d=blank&r=g\",\"caption\":\"Leinewelle\"},\"sameAs\":[\"http:\\\/\\\/localhost\\\/radio%20leinewelle\\\/wordpress\",\"https:\\\/\\\/www.facebook.com\\\/radioleinewelle\",\"https:\\\/\\\/www.instagram.com\\\/radioleinewelle\",\"https:\\\/\\\/x.com\\\/https:\\\/\\\/twitter.com\\\/RLeinewelle?ref_src=twsrcgoogletwcampserptwgrauthor\",\"https:\\\/\\\/soundcloud.com\\\/foerderverein-lokalradio?utm_source=clipboard&utm_medium=text&utm_campaign=social_sharing\"],\"url\":\"https:\\\/\\\/radioleinewelle.de\\\/index.php\\\/author\\\/leinewelle\\\/\"}]}<\/script>\n<!-- \/ Yoast SEO plugin. -->","yoast_head_json":{"title":"Einbeck: Brandserie geht weiter - Vollbrand einer Scheune in Stroit - Radio Leinewelle","robots":{"index":"index","follow":"follow","max-snippet":"max-snippet:-1","max-image-preview":"max-image-preview:large","max-video-preview":"max-video-preview:-1"},"canonical":"https:\/\/radioleinewelle.de\/index.php\/2020\/09\/05\/einbeck-brandserie-geht-weiter-vollbrand-einer-scheune-in-stroit\/","og_locale":"de_DE","og_type":"article","og_title":"Einbeck: Brandserie geht weiter - Vollbrand einer Scheune in Stroit - Radio Leinewelle","og_description":"Einbeck (ots): Ortsteil Stroit, Freitag, 04.09.2020, 20.56 Uhr andauernd Einbeck (mir)\u00a0\u00dcber die Leitstelle der Polizei wurde am Freitagabend um 20.56 Uhr der Brand einer Scheune in Einbeck-Stroit gemeldet. Durch die eingesetzten Funkstreifenwagenbesatzungen konnte der gemeldete Sachverhalt vor Ort festgestellt werden. In der Scheune befand sich neben Heu und Stroh auch ein M\u00e4hdrescher. Ein \u00dcbergreifen auf [&hellip;]","og_url":"https:\/\/radioleinewelle.de\/index.php\/2020\/09\/05\/einbeck-brandserie-geht-weiter-vollbrand-einer-scheune-in-stroit\/","og_site_name":"Radio Leinewelle","article_publisher":"https:\/\/www.facebook.com\/radioleinewelle","article_author":"https:\/\/www.facebook.com\/radioleinewelle","article_published_time":"2020-09-05T12:27:44+00:00","author":"Leinewelle","twitter_card":"summary_large_image","twitter_creator":"@https:\/\/twitter.com\/RLeinewelle?ref_src=twsrcgoogletwcampserptwgrauthor","twitter_site":"@RLeinewelle","twitter_misc":{"Verfasst von":"Leinewelle","Gesch\u00e4tzte Lesezeit":"1\u00a0Minute"},"schema":{"@context":"https:\/\/schema.org","@graph":[{"@type":"Article","@id":"https:\/\/radioleinewelle.de\/index.php\/2020\/09\/05\/einbeck-brandserie-geht-weiter-vollbrand-einer-scheune-in-stroit\/#article","isPartOf":{"@id":"https:\/\/radioleinewelle.de\/index.php\/2020\/09\/05\/einbeck-brandserie-geht-weiter-vollbrand-einer-scheune-in-stroit\/"},"author":{"name":"Leinewelle","@id":"https:\/\/radioleinewelle.de\/#\/schema\/person\/45606f348637df637192dc1b68399a63"},"headline":"Einbeck: Brandserie geht weiter &#8211; Vollbrand einer Scheune in Stroit","datePublished":"2020-09-05T12:27:44+00:00","mainEntityOfPage":{"@id":"https:\/\/radioleinewelle.de\/index.php\/2020\/09\/05\/einbeck-brandserie-geht-weiter-vollbrand-einer-scheune-in-stroit\/"},"wordCount":167,"publisher":{"@id":"https:\/\/radioleinewelle.de\/#organization"},"inLanguage":"de"},{"@type":"WebPage","@id":"https:\/\/radioleinewelle.de\/index.php\/2020\/09\/05\/einbeck-brandserie-geht-weiter-vollbrand-einer-scheune-in-stroit\/","url":"https:\/\/radioleinewelle.de\/index.php\/2020\/09\/05\/einbeck-brandserie-geht-weiter-vollbrand-einer-scheune-in-stroit\/","name":"Einbeck: Brandserie geht weiter - Vollbrand einer Scheune in Stroit - Radio Leinewelle","isPartOf":{"@id":"https:\/\/radioleinewelle.de\/#website"},"datePublished":"2020-09-05T12:27:44+00:00","breadcrumb":{"@id":"https:\/\/radioleinewelle.de\/index.php\/2020\/09\/05\/einbeck-brandserie-geht-weiter-vollbrand-einer-scheune-in-stroit\/#breadcrumb"},"inLanguage":"de","potentialAction":[{"@type":"ReadAction","target":["https:\/\/radioleinewelle.de\/index.php\/2020\/09\/05\/einbeck-brandserie-geht-weiter-vollbrand-einer-scheune-in-stroit\/"]}]},{"@type":"BreadcrumbList","@id":"https:\/\/radioleinewelle.de\/index.php\/2020\/09\/05\/einbeck-brandserie-geht-weiter-vollbrand-einer-scheune-in-stroit\/#breadcrumb","itemListElement":[{"@type":"ListItem","position":1,"name":"Startseite","item":"https:\/\/radioleinewelle.de\/"},{"@type":"ListItem","position":2,"name":"Einbeck: Brandserie geht weiter &#8211; Vollbrand einer Scheune in Stroit"}]},{"@type":"WebSite","@id":"https:\/\/radioleinewelle.de\/#website","url":"https:\/\/radioleinewelle.de\/","name":"Radio Leinewelle","description":"","publisher":{"@id":"https:\/\/radioleinewelle.de\/#organization"},"potentialAction":[{"@type":"SearchAction","target":{"@type":"EntryPoint","urlTemplate":"https:\/\/radioleinewelle.de\/?s={search_term_string}"},"query-input":{"@type":"PropertyValueSpecification","valueRequired":true,"valueName":"search_term_string"}}],"inLanguage":"de"},{"@type":"Organization","@id":"https:\/\/radioleinewelle.de\/#organization","name":"Radio Leinewelle","alternateName":"Mein Radio f\u00fcr S\u00fcdniedersachsen","url":"https:\/\/radioleinewelle.de\/","logo":{"@type":"ImageObject","inLanguage":"de","@id":"https:\/\/radioleinewelle.de\/#\/schema\/logo\/image\/","url":"https:\/\/radioleinewelle.de\/wp-content\/uploads\/2023\/11\/cropped-Leinewelle_Logo_weiss.png","contentUrl":"https:\/\/radioleinewelle.de\/wp-content\/uploads\/2023\/11\/cropped-Leinewelle_Logo_weiss.png","width":854,"height":260,"caption":"Radio Leinewelle"},"image":{"@id":"https:\/\/radioleinewelle.de\/#\/schema\/logo\/image\/"},"sameAs":["https:\/\/www.facebook.com\/radioleinewelle","https:\/\/x.com\/RLeinewelle","https:\/\/www.instagram.com\/radioleinewelle\/?hl=de"]},{"@type":"Person","@id":"https:\/\/radioleinewelle.de\/#\/schema\/person\/45606f348637df637192dc1b68399a63","name":"Leinewelle","image":{"@type":"ImageObject","inLanguage":"de","@id":"https:\/\/secure.gravatar.com\/avatar\/05c9a17bc973052ee5d91549bd32fb4dd0dc85b7b85ae94b2e2b4943476bbea5?s=96&d=blank&r=g","url":"https:\/\/secure.gravatar.com\/avatar\/05c9a17bc973052ee5d91549bd32fb4dd0dc85b7b85ae94b2e2b4943476bbea5?s=96&d=blank&r=g","contentUrl":"https:\/\/secure.gravatar.com\/avatar\/05c9a17bc973052ee5d91549bd32fb4dd0dc85b7b85ae94b2e2b4943476bbea5?s=96&d=blank&r=g","caption":"Leinewelle"},"sameAs":["http:\/\/localhost\/radio%20leinewelle\/wordpress","https:\/\/www.facebook.com\/radioleinewelle","https:\/\/www.instagram.com\/radioleinewelle","https:\/\/x.com\/https:\/\/twitter.com\/RLeinewelle?ref_src=twsrcgoogletwcampserptwgrauthor","https:\/\/soundcloud.com\/foerderverein-lokalradio?utm_source=clipboard&utm_medium=text&utm_campaign=social_sharing"],"url":"https:\/\/radioleinewelle.de\/index.php\/author\/leinewelle\/"}]}},"_links":{"self":[{"href":"https:\/\/radioleinewelle.de\/index.php\/wp-json\/wp\/v2\/posts\/1450","targetHints":{"allow":["GET"]}}],"collection":[{"href":"https:\/\/radioleinewelle.de\/index.php\/wp-json\/wp\/v2\/posts"}],"about":[{"href":"https:\/\/radioleinewelle.de\/index.php\/wp-json\/wp\/v2\/types\/post"}],"author":[{"embeddable":true,"href":"https:\/\/radioleinewelle.de\/index.php\/wp-json\/wp\/v2\/users\/1"}],"replies":[{"embeddable":true,"href":"https:\/\/radioleinewelle.de\/index.php\/wp-json\/wp\/v2\/comments?post=1450"}],"version-history":[{"count":0,"href":"https:\/\/radioleinewelle.de\/index.php\/wp-json\/wp\/v2\/posts\/1450\/revisions"}],"wp:attachment":[{"href":"https:\/\/radioleinewelle.de\/index.php\/wp-json\/wp\/v2\/media?parent=1450"}],"wp:term":[{"taxonomy":"category","embeddable":true,"href":"https:\/\/radioleinewelle.de\/index.php\/wp-json\/wp\/v2\/categories?post=1450"},{"taxonomy":"post_tag","embeddable":true,"href":"https:\/\/radioleinewelle.de\/index.php\/wp-json\/wp\/v2\/tags?post=1450"}],"curies":[{"name":"wp","href":"https:\/\/api.w.org\/{rel}","templated":true}]}}