{"id":1458,"date":"2020-09-06T11:56:01","date_gmt":"2020-09-06T09:56:01","guid":{"rendered":"https:\/\/radioleinewelle.de\/?p=1458"},"modified":"2020-09-06T11:56:01","modified_gmt":"2020-09-06T09:56:01","slug":"erhoehter-einsatz-von-schulbussen-zum-infektionsschutz-cdu-fraktion-stellt-anfrage-im-wirtschaftsausschuss","status":"publish","type":"post","link":"https:\/\/radioleinewelle.de\/index.php\/2020\/09\/06\/erhoehter-einsatz-von-schulbussen-zum-infektionsschutz-cdu-fraktion-stellt-anfrage-im-wirtschaftsausschuss\/","title":{"rendered":"Erh\u00f6hter Einsatz von Schulbussen zum Infektionsschutz &#8211; CDU-Fraktion stellt Anfrage im Wirtschaftsausschuss"},"content":{"rendered":"<div class=\"page\" title=\"Page 1\">\n<div class=\"layoutArea\">\n<div class=\"column\">\n<p>In der ersten Sitzung nach dem Start des Schuljahres 2020\/2021 im eingeschr\u00e4nkten Regelbetrieb, richtete die CDU-Fraktion im Wirtschaftsausschuss vom 31.08.2020 eine Anfrage an die Verwaltung. Die CDU m\u00f6chte wissen, ob der Landkreis gemeinsam mit den Verkehrsbetrieben besonders belastete Strecken ermittelt hat, die regelm\u00e4\u00dfig von vielen Sch\u00fclerinnen und Sch\u00fclern genutzt werden. Dar\u00fcber hinaus wollen wir in Erfahrung bringen, wie besonders \u00fcberf\u00fcllte Schulbuslinien etwa durch den Einsatz weiterer Fahrzeuge entlastet werden k\u00f6nnen und ob die M\u00f6glichkeit besteht, dass das Land Niedersachsen sich an zus\u00e4tzlichen Kosten beteiligt.<\/p>\n<p>Dazu die wirtschaftspolitische Sprecherin der CDU-Fraktion, Susanne Mackensen-Eder: \u201eMitunserer Anfrage m\u00f6chten wir sicherstellen, dass sowohl der Landkreis G\u00f6ttingen als auch die Verkehrsbetriebe Sorge tragen, je nach Corona-Lage die Sicherheit unserer Sch\u00fclerinnen und Sch\u00fcler zu gew\u00e4hrleisten. Direkt zu Beginn des Schuljahres sollte bedacht werden, dass das Fahrgastaufkommen in Bussen und Bahnen erfahrungsgem\u00e4\u00df in den k\u00e4lteren Monaten steigen wird.\u201c<\/p>\n<p>Der schulpolitische Sprecher der CDU-Fraktion, Jens Haepe erg\u00e4nzt: &#8222;Zur Zeit nutzen noch viele Sch\u00fclerinnen und Sch\u00fcler das Fahrrad. Das Problem der jetzt schon vollen Busse wird gr\u00f6\u00dfer, wenn es bald morgens dunkel und regnerisch wird. Und versetzte Anfangszeiten, die die &#8218;Rushhour&#8216; entsch\u00e4rfen k\u00f6nnten, sind an vielen Schulstandorten nicht umsetzbar, da die Schulen oft nur zum Unterrichtsbeginn zur ersten Stunde von den Bussen angefahren werden. Die wichtigen und sehr hohen Hygiene- und Abstandsregeln, die in den Schulen eingehalten werden, erf\u00fcllen ihre Wirkung nur dann, wenn sie auch f\u00fcr den Schulweg gelten.&#8220;<\/p>\n<\/div>\n<\/div>\n<\/div>\n<p>&nbsp;<\/p>\n<p>Bild von <a href=\"https:\/\/pixabay.com\/de\/users\/CopyrightFreePictures-203\/?utm_source=link-attribution&amp;utm_medium=referral&amp;utm_campaign=image&amp;utm_content=6637\">CopyrightFreePictures<\/a> auf <a href=\"https:\/\/pixabay.com\/de\/?utm_source=link-attribution&amp;utm_medium=referral&amp;utm_campaign=image&amp;utm_content=6637\">Pixabay<\/a><\/p>\n","protected":false},"excerpt":{"rendered":"<p>In der ersten Sitzung nach dem Start des Schuljahres 2020\/2021 im eingeschr\u00e4nkten Regelbetrieb, richtete die CDU-Fraktion im Wirtschaftsausschuss vom 31.08.2020 eine Anfrage an die Verwaltung. Die CDU m\u00f6chte wissen, ob der Landkreis gemeinsam mit den Verkehrsbetrieben besonders belastete Strecken ermittelt hat, die regelm\u00e4\u00dfig von vielen Sch\u00fclerinnen und Sch\u00fclern genutzt werden. Dar\u00fcber hinaus wollen wir in [&hellip;]<\/p>\n","protected":false},"author":1,"featured_media":1459,"comment_status":"closed","ping_status":"closed","sticky":false,"template":"","format":"standard","meta":{"saved_in_kubio":false,"footnotes":""},"categories":[1],"tags":[],"class_list":["post-1458","post","type-post","status-publish","format-standard","has-post-thumbnail","hentry","category-allgemein"],"yoast_head":"<!-- This site is optimized with the Yoast SEO plugin v27.5 - https:\/\/yoast.com\/product\/yoast-seo-wordpress\/ -->\n<title>Erh\u00f6hter Einsatz von Schulbussen zum Infektionsschutz - CDU-Fraktion stellt Anfrage im Wirtschaftsausschuss - Radio Leinewelle<\/title>\n<meta name=\"robots\" content=\"index, follow, max-snippet:-1, max-image-preview:large, max-video-preview:-1\" \/>\n<link rel=\"canonical\" href=\"https:\/\/radioleinewelle.de\/index.php\/2020\/09\/06\/erhoehter-einsatz-von-schulbussen-zum-infektionsschutz-cdu-fraktion-stellt-anfrage-im-wirtschaftsausschuss\/\" \/>\n<meta property=\"og:locale\" content=\"de_DE\" \/>\n<meta property=\"og:type\" content=\"article\" \/>\n<meta property=\"og:title\" content=\"Erh\u00f6hter Einsatz von Schulbussen zum Infektionsschutz - CDU-Fraktion stellt Anfrage im Wirtschaftsausschuss - Radio Leinewelle\" \/>\n<meta property=\"og:description\" content=\"In der ersten Sitzung nach dem Start des Schuljahres 2020\/2021 im eingeschr\u00e4nkten Regelbetrieb, richtete die CDU-Fraktion im Wirtschaftsausschuss vom 31.08.2020 eine Anfrage an die Verwaltung. Die CDU m\u00f6chte wissen, ob der Landkreis gemeinsam mit den Verkehrsbetrieben besonders belastete Strecken ermittelt hat, die regelm\u00e4\u00dfig von vielen Sch\u00fclerinnen und Sch\u00fclern genutzt werden. Dar\u00fcber hinaus wollen wir in [&hellip;]\" \/>\n<meta property=\"og:url\" content=\"https:\/\/radioleinewelle.de\/index.php\/2020\/09\/06\/erhoehter-einsatz-von-schulbussen-zum-infektionsschutz-cdu-fraktion-stellt-anfrage-im-wirtschaftsausschuss\/\" \/>\n<meta property=\"og:site_name\" content=\"Radio Leinewelle\" \/>\n<meta property=\"article:publisher\" content=\"https:\/\/www.facebook.com\/radioleinewelle\" \/>\n<meta property=\"article:author\" content=\"https:\/\/www.facebook.com\/radioleinewelle\" \/>\n<meta property=\"article:published_time\" content=\"2020-09-06T09:56:01+00:00\" \/>\n<meta property=\"og:image\" content=\"https:\/\/radioleinewelle.de\/wp-content\/uploads\/2020\/09\/traffic-sign-6637_640.png\" \/>\n\t<meta property=\"og:image:width\" content=\"640\" \/>\n\t<meta property=\"og:image:height\" content=\"640\" \/>\n\t<meta property=\"og:image:type\" content=\"image\/png\" \/>\n<meta name=\"author\" content=\"Leinewelle\" \/>\n<meta name=\"twitter:card\" content=\"summary_large_image\" \/>\n<meta name=\"twitter:creator\" content=\"@https:\/\/twitter.com\/RLeinewelle?ref_src=twsrcgoogletwcampserptwgrauthor\" \/>\n<meta name=\"twitter:site\" content=\"@RLeinewelle\" \/>\n<meta name=\"twitter:label1\" content=\"Verfasst von\" \/>\n\t<meta name=\"twitter:data1\" content=\"Leinewelle\" \/>\n\t<meta name=\"twitter:label2\" content=\"Gesch\u00e4tzte Lesezeit\" \/>\n\t<meta name=\"twitter:data2\" content=\"1\u00a0Minute\" \/>\n<script type=\"application\/ld+json\" class=\"yoast-schema-graph\">{\"@context\":\"https:\\\/\\\/schema.org\",\"@graph\":[{\"@type\":\"Article\",\"@id\":\"https:\\\/\\\/radioleinewelle.de\\\/index.php\\\/2020\\\/09\\\/06\\\/erhoehter-einsatz-von-schulbussen-zum-infektionsschutz-cdu-fraktion-stellt-anfrage-im-wirtschaftsausschuss\\\/#article\",\"isPartOf\":{\"@id\":\"https:\\\/\\\/radioleinewelle.de\\\/index.php\\\/2020\\\/09\\\/06\\\/erhoehter-einsatz-von-schulbussen-zum-infektionsschutz-cdu-fraktion-stellt-anfrage-im-wirtschaftsausschuss\\\/\"},\"author\":{\"name\":\"Leinewelle\",\"@id\":\"https:\\\/\\\/radioleinewelle.de\\\/#\\\/schema\\\/person\\\/45606f348637df637192dc1b68399a63\"},\"headline\":\"Erh\u00f6hter Einsatz von Schulbussen zum Infektionsschutz &#8211; CDU-Fraktion stellt Anfrage im Wirtschaftsausschuss\",\"datePublished\":\"2020-09-06T09:56:01+00:00\",\"mainEntityOfPage\":{\"@id\":\"https:\\\/\\\/radioleinewelle.de\\\/index.php\\\/2020\\\/09\\\/06\\\/erhoehter-einsatz-von-schulbussen-zum-infektionsschutz-cdu-fraktion-stellt-anfrage-im-wirtschaftsausschuss\\\/\"},\"wordCount\":272,\"publisher\":{\"@id\":\"https:\\\/\\\/radioleinewelle.de\\\/#organization\"},\"image\":{\"@id\":\"https:\\\/\\\/radioleinewelle.de\\\/index.php\\\/2020\\\/09\\\/06\\\/erhoehter-einsatz-von-schulbussen-zum-infektionsschutz-cdu-fraktion-stellt-anfrage-im-wirtschaftsausschuss\\\/#primaryimage\"},\"thumbnailUrl\":\"https:\\\/\\\/radioleinewelle.de\\\/wp-content\\\/uploads\\\/2020\\\/09\\\/traffic-sign-6637_640.png\",\"inLanguage\":\"de\"},{\"@type\":\"WebPage\",\"@id\":\"https:\\\/\\\/radioleinewelle.de\\\/index.php\\\/2020\\\/09\\\/06\\\/erhoehter-einsatz-von-schulbussen-zum-infektionsschutz-cdu-fraktion-stellt-anfrage-im-wirtschaftsausschuss\\\/\",\"url\":\"https:\\\/\\\/radioleinewelle.de\\\/index.php\\\/2020\\\/09\\\/06\\\/erhoehter-einsatz-von-schulbussen-zum-infektionsschutz-cdu-fraktion-stellt-anfrage-im-wirtschaftsausschuss\\\/\",\"name\":\"Erh\u00f6hter Einsatz von Schulbussen zum Infektionsschutz - CDU-Fraktion stellt Anfrage im Wirtschaftsausschuss - Radio Leinewelle\",\"isPartOf\":{\"@id\":\"https:\\\/\\\/radioleinewelle.de\\\/#website\"},\"primaryImageOfPage\":{\"@id\":\"https:\\\/\\\/radioleinewelle.de\\\/index.php\\\/2020\\\/09\\\/06\\\/erhoehter-einsatz-von-schulbussen-zum-infektionsschutz-cdu-fraktion-stellt-anfrage-im-wirtschaftsausschuss\\\/#primaryimage\"},\"image\":{\"@id\":\"https:\\\/\\\/radioleinewelle.de\\\/index.php\\\/2020\\\/09\\\/06\\\/erhoehter-einsatz-von-schulbussen-zum-infektionsschutz-cdu-fraktion-stellt-anfrage-im-wirtschaftsausschuss\\\/#primaryimage\"},\"thumbnailUrl\":\"https:\\\/\\\/radioleinewelle.de\\\/wp-content\\\/uploads\\\/2020\\\/09\\\/traffic-sign-6637_640.png\",\"datePublished\":\"2020-09-06T09:56:01+00:00\",\"breadcrumb\":{\"@id\":\"https:\\\/\\\/radioleinewelle.de\\\/index.php\\\/2020\\\/09\\\/06\\\/erhoehter-einsatz-von-schulbussen-zum-infektionsschutz-cdu-fraktion-stellt-anfrage-im-wirtschaftsausschuss\\\/#breadcrumb\"},\"inLanguage\":\"de\",\"potentialAction\":[{\"@type\":\"ReadAction\",\"target\":[\"https:\\\/\\\/radioleinewelle.de\\\/index.php\\\/2020\\\/09\\\/06\\\/erhoehter-einsatz-von-schulbussen-zum-infektionsschutz-cdu-fraktion-stellt-anfrage-im-wirtschaftsausschuss\\\/\"]}]},{\"@type\":\"ImageObject\",\"inLanguage\":\"de\",\"@id\":\"https:\\\/\\\/radioleinewelle.de\\\/index.php\\\/2020\\\/09\\\/06\\\/erhoehter-einsatz-von-schulbussen-zum-infektionsschutz-cdu-fraktion-stellt-anfrage-im-wirtschaftsausschuss\\\/#primaryimage\",\"url\":\"https:\\\/\\\/radioleinewelle.de\\\/wp-content\\\/uploads\\\/2020\\\/09\\\/traffic-sign-6637_640.png\",\"contentUrl\":\"https:\\\/\\\/radioleinewelle.de\\\/wp-content\\\/uploads\\\/2020\\\/09\\\/traffic-sign-6637_640.png\",\"width\":640,\"height\":640},{\"@type\":\"BreadcrumbList\",\"@id\":\"https:\\\/\\\/radioleinewelle.de\\\/index.php\\\/2020\\\/09\\\/06\\\/erhoehter-einsatz-von-schulbussen-zum-infektionsschutz-cdu-fraktion-stellt-anfrage-im-wirtschaftsausschuss\\\/#breadcrumb\",\"itemListElement\":[{\"@type\":\"ListItem\",\"position\":1,\"name\":\"Startseite\",\"item\":\"https:\\\/\\\/radioleinewelle.de\\\/\"},{\"@type\":\"ListItem\",\"position\":2,\"name\":\"Erh\u00f6hter Einsatz von Schulbussen zum Infektionsschutz &#8211; CDU-Fraktion stellt Anfrage im Wirtschaftsausschuss\"}]},{\"@type\":\"WebSite\",\"@id\":\"https:\\\/\\\/radioleinewelle.de\\\/#website\",\"url\":\"https:\\\/\\\/radioleinewelle.de\\\/\",\"name\":\"Radio Leinewelle\",\"description\":\"\",\"publisher\":{\"@id\":\"https:\\\/\\\/radioleinewelle.de\\\/#organization\"},\"potentialAction\":[{\"@type\":\"SearchAction\",\"target\":{\"@type\":\"EntryPoint\",\"urlTemplate\":\"https:\\\/\\\/radioleinewelle.de\\\/?s={search_term_string}\"},\"query-input\":{\"@type\":\"PropertyValueSpecification\",\"valueRequired\":true,\"valueName\":\"search_term_string\"}}],\"inLanguage\":\"de\"},{\"@type\":\"Organization\",\"@id\":\"https:\\\/\\\/radioleinewelle.de\\\/#organization\",\"name\":\"Radio Leinewelle\",\"alternateName\":\"Mein Radio f\u00fcr S\u00fcdniedersachsen\",\"url\":\"https:\\\/\\\/radioleinewelle.de\\\/\",\"logo\":{\"@type\":\"ImageObject\",\"inLanguage\":\"de\",\"@id\":\"https:\\\/\\\/radioleinewelle.de\\\/#\\\/schema\\\/logo\\\/image\\\/\",\"url\":\"https:\\\/\\\/radioleinewelle.de\\\/wp-content\\\/uploads\\\/2023\\\/11\\\/cropped-Leinewelle_Logo_weiss.png\",\"contentUrl\":\"https:\\\/\\\/radioleinewelle.de\\\/wp-content\\\/uploads\\\/2023\\\/11\\\/cropped-Leinewelle_Logo_weiss.png\",\"width\":854,\"height\":260,\"caption\":\"Radio Leinewelle\"},\"image\":{\"@id\":\"https:\\\/\\\/radioleinewelle.de\\\/#\\\/schema\\\/logo\\\/image\\\/\"},\"sameAs\":[\"https:\\\/\\\/www.facebook.com\\\/radioleinewelle\",\"https:\\\/\\\/x.com\\\/RLeinewelle\",\"https:\\\/\\\/www.instagram.com\\\/radioleinewelle\\\/?hl=de\"]},{\"@type\":\"Person\",\"@id\":\"https:\\\/\\\/radioleinewelle.de\\\/#\\\/schema\\\/person\\\/45606f348637df637192dc1b68399a63\",\"name\":\"Leinewelle\",\"image\":{\"@type\":\"ImageObject\",\"inLanguage\":\"de\",\"@id\":\"https:\\\/\\\/secure.gravatar.com\\\/avatar\\\/05c9a17bc973052ee5d91549bd32fb4dd0dc85b7b85ae94b2e2b4943476bbea5?s=96&d=blank&r=g\",\"url\":\"https:\\\/\\\/secure.gravatar.com\\\/avatar\\\/05c9a17bc973052ee5d91549bd32fb4dd0dc85b7b85ae94b2e2b4943476bbea5?s=96&d=blank&r=g\",\"contentUrl\":\"https:\\\/\\\/secure.gravatar.com\\\/avatar\\\/05c9a17bc973052ee5d91549bd32fb4dd0dc85b7b85ae94b2e2b4943476bbea5?s=96&d=blank&r=g\",\"caption\":\"Leinewelle\"},\"sameAs\":[\"http:\\\/\\\/localhost\\\/radio%20leinewelle\\\/wordpress\",\"https:\\\/\\\/www.facebook.com\\\/radioleinewelle\",\"https:\\\/\\\/www.instagram.com\\\/radioleinewelle\",\"https:\\\/\\\/x.com\\\/https:\\\/\\\/twitter.com\\\/RLeinewelle?ref_src=twsrcgoogletwcampserptwgrauthor\",\"https:\\\/\\\/soundcloud.com\\\/foerderverein-lokalradio?utm_source=clipboard&utm_medium=text&utm_campaign=social_sharing\"],\"url\":\"https:\\\/\\\/radioleinewelle.de\\\/index.php\\\/author\\\/leinewelle\\\/\"}]}<\/script>\n<!-- \/ Yoast SEO plugin. -->","yoast_head_json":{"title":"Erh\u00f6hter Einsatz von Schulbussen zum Infektionsschutz - CDU-Fraktion stellt Anfrage im Wirtschaftsausschuss - Radio Leinewelle","robots":{"index":"index","follow":"follow","max-snippet":"max-snippet:-1","max-image-preview":"max-image-preview:large","max-video-preview":"max-video-preview:-1"},"canonical":"https:\/\/radioleinewelle.de\/index.php\/2020\/09\/06\/erhoehter-einsatz-von-schulbussen-zum-infektionsschutz-cdu-fraktion-stellt-anfrage-im-wirtschaftsausschuss\/","og_locale":"de_DE","og_type":"article","og_title":"Erh\u00f6hter Einsatz von Schulbussen zum Infektionsschutz - CDU-Fraktion stellt Anfrage im Wirtschaftsausschuss - Radio Leinewelle","og_description":"In der ersten Sitzung nach dem Start des Schuljahres 2020\/2021 im eingeschr\u00e4nkten Regelbetrieb, richtete die CDU-Fraktion im Wirtschaftsausschuss vom 31.08.2020 eine Anfrage an die Verwaltung. Die CDU m\u00f6chte wissen, ob der Landkreis gemeinsam mit den Verkehrsbetrieben besonders belastete Strecken ermittelt hat, die regelm\u00e4\u00dfig von vielen Sch\u00fclerinnen und Sch\u00fclern genutzt werden. Dar\u00fcber hinaus wollen wir in [&hellip;]","og_url":"https:\/\/radioleinewelle.de\/index.php\/2020\/09\/06\/erhoehter-einsatz-von-schulbussen-zum-infektionsschutz-cdu-fraktion-stellt-anfrage-im-wirtschaftsausschuss\/","og_site_name":"Radio Leinewelle","article_publisher":"https:\/\/www.facebook.com\/radioleinewelle","article_author":"https:\/\/www.facebook.com\/radioleinewelle","article_published_time":"2020-09-06T09:56:01+00:00","og_image":[{"width":640,"height":640,"url":"https:\/\/radioleinewelle.de\/wp-content\/uploads\/2020\/09\/traffic-sign-6637_640.png","type":"image\/png"}],"author":"Leinewelle","twitter_card":"summary_large_image","twitter_creator":"@https:\/\/twitter.com\/RLeinewelle?ref_src=twsrcgoogletwcampserptwgrauthor","twitter_site":"@RLeinewelle","twitter_misc":{"Verfasst von":"Leinewelle","Gesch\u00e4tzte Lesezeit":"1\u00a0Minute"},"schema":{"@context":"https:\/\/schema.org","@graph":[{"@type":"Article","@id":"https:\/\/radioleinewelle.de\/index.php\/2020\/09\/06\/erhoehter-einsatz-von-schulbussen-zum-infektionsschutz-cdu-fraktion-stellt-anfrage-im-wirtschaftsausschuss\/#article","isPartOf":{"@id":"https:\/\/radioleinewelle.de\/index.php\/2020\/09\/06\/erhoehter-einsatz-von-schulbussen-zum-infektionsschutz-cdu-fraktion-stellt-anfrage-im-wirtschaftsausschuss\/"},"author":{"name":"Leinewelle","@id":"https:\/\/radioleinewelle.de\/#\/schema\/person\/45606f348637df637192dc1b68399a63"},"headline":"Erh\u00f6hter Einsatz von Schulbussen zum Infektionsschutz &#8211; CDU-Fraktion stellt Anfrage im Wirtschaftsausschuss","datePublished":"2020-09-06T09:56:01+00:00","mainEntityOfPage":{"@id":"https:\/\/radioleinewelle.de\/index.php\/2020\/09\/06\/erhoehter-einsatz-von-schulbussen-zum-infektionsschutz-cdu-fraktion-stellt-anfrage-im-wirtschaftsausschuss\/"},"wordCount":272,"publisher":{"@id":"https:\/\/radioleinewelle.de\/#organization"},"image":{"@id":"https:\/\/radioleinewelle.de\/index.php\/2020\/09\/06\/erhoehter-einsatz-von-schulbussen-zum-infektionsschutz-cdu-fraktion-stellt-anfrage-im-wirtschaftsausschuss\/#primaryimage"},"thumbnailUrl":"https:\/\/radioleinewelle.de\/wp-content\/uploads\/2020\/09\/traffic-sign-6637_640.png","inLanguage":"de"},{"@type":"WebPage","@id":"https:\/\/radioleinewelle.de\/index.php\/2020\/09\/06\/erhoehter-einsatz-von-schulbussen-zum-infektionsschutz-cdu-fraktion-stellt-anfrage-im-wirtschaftsausschuss\/","url":"https:\/\/radioleinewelle.de\/index.php\/2020\/09\/06\/erhoehter-einsatz-von-schulbussen-zum-infektionsschutz-cdu-fraktion-stellt-anfrage-im-wirtschaftsausschuss\/","name":"Erh\u00f6hter Einsatz von Schulbussen zum Infektionsschutz - CDU-Fraktion stellt Anfrage im Wirtschaftsausschuss - Radio Leinewelle","isPartOf":{"@id":"https:\/\/radioleinewelle.de\/#website"},"primaryImageOfPage":{"@id":"https:\/\/radioleinewelle.de\/index.php\/2020\/09\/06\/erhoehter-einsatz-von-schulbussen-zum-infektionsschutz-cdu-fraktion-stellt-anfrage-im-wirtschaftsausschuss\/#primaryimage"},"image":{"@id":"https:\/\/radioleinewelle.de\/index.php\/2020\/09\/06\/erhoehter-einsatz-von-schulbussen-zum-infektionsschutz-cdu-fraktion-stellt-anfrage-im-wirtschaftsausschuss\/#primaryimage"},"thumbnailUrl":"https:\/\/radioleinewelle.de\/wp-content\/uploads\/2020\/09\/traffic-sign-6637_640.png","datePublished":"2020-09-06T09:56:01+00:00","breadcrumb":{"@id":"https:\/\/radioleinewelle.de\/index.php\/2020\/09\/06\/erhoehter-einsatz-von-schulbussen-zum-infektionsschutz-cdu-fraktion-stellt-anfrage-im-wirtschaftsausschuss\/#breadcrumb"},"inLanguage":"de","potentialAction":[{"@type":"ReadAction","target":["https:\/\/radioleinewelle.de\/index.php\/2020\/09\/06\/erhoehter-einsatz-von-schulbussen-zum-infektionsschutz-cdu-fraktion-stellt-anfrage-im-wirtschaftsausschuss\/"]}]},{"@type":"ImageObject","inLanguage":"de","@id":"https:\/\/radioleinewelle.de\/index.php\/2020\/09\/06\/erhoehter-einsatz-von-schulbussen-zum-infektionsschutz-cdu-fraktion-stellt-anfrage-im-wirtschaftsausschuss\/#primaryimage","url":"https:\/\/radioleinewelle.de\/wp-content\/uploads\/2020\/09\/traffic-sign-6637_640.png","contentUrl":"https:\/\/radioleinewelle.de\/wp-content\/uploads\/2020\/09\/traffic-sign-6637_640.png","width":640,"height":640},{"@type":"BreadcrumbList","@id":"https:\/\/radioleinewelle.de\/index.php\/2020\/09\/06\/erhoehter-einsatz-von-schulbussen-zum-infektionsschutz-cdu-fraktion-stellt-anfrage-im-wirtschaftsausschuss\/#breadcrumb","itemListElement":[{"@type":"ListItem","position":1,"name":"Startseite","item":"https:\/\/radioleinewelle.de\/"},{"@type":"ListItem","position":2,"name":"Erh\u00f6hter Einsatz von Schulbussen zum Infektionsschutz &#8211; CDU-Fraktion stellt Anfrage im Wirtschaftsausschuss"}]},{"@type":"WebSite","@id":"https:\/\/radioleinewelle.de\/#website","url":"https:\/\/radioleinewelle.de\/","name":"Radio Leinewelle","description":"","publisher":{"@id":"https:\/\/radioleinewelle.de\/#organization"},"potentialAction":[{"@type":"SearchAction","target":{"@type":"EntryPoint","urlTemplate":"https:\/\/radioleinewelle.de\/?s={search_term_string}"},"query-input":{"@type":"PropertyValueSpecification","valueRequired":true,"valueName":"search_term_string"}}],"inLanguage":"de"},{"@type":"Organization","@id":"https:\/\/radioleinewelle.de\/#organization","name":"Radio Leinewelle","alternateName":"Mein Radio f\u00fcr S\u00fcdniedersachsen","url":"https:\/\/radioleinewelle.de\/","logo":{"@type":"ImageObject","inLanguage":"de","@id":"https:\/\/radioleinewelle.de\/#\/schema\/logo\/image\/","url":"https:\/\/radioleinewelle.de\/wp-content\/uploads\/2023\/11\/cropped-Leinewelle_Logo_weiss.png","contentUrl":"https:\/\/radioleinewelle.de\/wp-content\/uploads\/2023\/11\/cropped-Leinewelle_Logo_weiss.png","width":854,"height":260,"caption":"Radio Leinewelle"},"image":{"@id":"https:\/\/radioleinewelle.de\/#\/schema\/logo\/image\/"},"sameAs":["https:\/\/www.facebook.com\/radioleinewelle","https:\/\/x.com\/RLeinewelle","https:\/\/www.instagram.com\/radioleinewelle\/?hl=de"]},{"@type":"Person","@id":"https:\/\/radioleinewelle.de\/#\/schema\/person\/45606f348637df637192dc1b68399a63","name":"Leinewelle","image":{"@type":"ImageObject","inLanguage":"de","@id":"https:\/\/secure.gravatar.com\/avatar\/05c9a17bc973052ee5d91549bd32fb4dd0dc85b7b85ae94b2e2b4943476bbea5?s=96&d=blank&r=g","url":"https:\/\/secure.gravatar.com\/avatar\/05c9a17bc973052ee5d91549bd32fb4dd0dc85b7b85ae94b2e2b4943476bbea5?s=96&d=blank&r=g","contentUrl":"https:\/\/secure.gravatar.com\/avatar\/05c9a17bc973052ee5d91549bd32fb4dd0dc85b7b85ae94b2e2b4943476bbea5?s=96&d=blank&r=g","caption":"Leinewelle"},"sameAs":["http:\/\/localhost\/radio%20leinewelle\/wordpress","https:\/\/www.facebook.com\/radioleinewelle","https:\/\/www.instagram.com\/radioleinewelle","https:\/\/x.com\/https:\/\/twitter.com\/RLeinewelle?ref_src=twsrcgoogletwcampserptwgrauthor","https:\/\/soundcloud.com\/foerderverein-lokalradio?utm_source=clipboard&utm_medium=text&utm_campaign=social_sharing"],"url":"https:\/\/radioleinewelle.de\/index.php\/author\/leinewelle\/"}]}},"_links":{"self":[{"href":"https:\/\/radioleinewelle.de\/index.php\/wp-json\/wp\/v2\/posts\/1458","targetHints":{"allow":["GET"]}}],"collection":[{"href":"https:\/\/radioleinewelle.de\/index.php\/wp-json\/wp\/v2\/posts"}],"about":[{"href":"https:\/\/radioleinewelle.de\/index.php\/wp-json\/wp\/v2\/types\/post"}],"author":[{"embeddable":true,"href":"https:\/\/radioleinewelle.de\/index.php\/wp-json\/wp\/v2\/users\/1"}],"replies":[{"embeddable":true,"href":"https:\/\/radioleinewelle.de\/index.php\/wp-json\/wp\/v2\/comments?post=1458"}],"version-history":[{"count":0,"href":"https:\/\/radioleinewelle.de\/index.php\/wp-json\/wp\/v2\/posts\/1458\/revisions"}],"wp:featuredmedia":[{"embeddable":true,"href":"https:\/\/radioleinewelle.de\/index.php\/wp-json\/wp\/v2\/media\/1459"}],"wp:attachment":[{"href":"https:\/\/radioleinewelle.de\/index.php\/wp-json\/wp\/v2\/media?parent=1458"}],"wp:term":[{"taxonomy":"category","embeddable":true,"href":"https:\/\/radioleinewelle.de\/index.php\/wp-json\/wp\/v2\/categories?post=1458"},{"taxonomy":"post_tag","embeddable":true,"href":"https:\/\/radioleinewelle.de\/index.php\/wp-json\/wp\/v2\/tags?post=1458"}],"curies":[{"name":"wp","href":"https:\/\/api.w.org\/{rel}","templated":true}]}}