{"id":14612,"date":"2022-06-13T04:42:15","date_gmt":"2022-06-13T02:42:15","guid":{"rendered":"https:\/\/radioleinewelle.de\/?p=14612"},"modified":"2022-06-13T04:42:15","modified_gmt":"2022-06-13T02:42:15","slug":"der-leitzins-wird-erhoeht-was-bedeutet-das-fuer-die-verbraucher","status":"publish","type":"post","link":"https:\/\/radioleinewelle.de\/index.php\/2022\/06\/13\/der-leitzins-wird-erhoeht-was-bedeutet-das-fuer-die-verbraucher\/","title":{"rendered":"Der Leitzins wird erh\u00f6ht &#8211; was bedeutet das f\u00fcr die Verbraucher?"},"content":{"rendered":"\n<p><strong>Der Leitzins wird zum 1. Juli 2022 von 0 Prozent auf 0,25 Prozent angehoben. Eine weitere Erh\u00f6hung im September 2022 ist wahrscheinlich. Ziel der Europ\u00e4ischen Zentralbank (EZB) ist es, die Geldbeschaffung der Banken zu verteuern, die Konjunktur zu bremsen und dadurch die Inflationsrate zu senken. Wie sich diese Ma\u00dfnahme f\u00fcr Sparerinnen und Sparer voraussichtlich auswirkt, kl\u00e4rt die Verbraucherzentrale Niedersachsen.<\/strong><\/p>\n\n\n\n<p>Die Corona-Pandemie und der Krieg gegen die Ukraine haben die Preise rasant steigen lassen. Besonders betroffen sind Energie und Nahrungsmittel. Die starke Inflation hat die EZB nun zum Handeln gezwungen. \u201eDurch die Erh\u00f6hung des Leitzinses bezweckt die Zentralbank sinkende beziehungsweise langsamer ansteigende Verbraucherpreise\u201c, erkl\u00e4rt Philipp Rehberg, Finanzexperte der Verbraucherzentrale Niedersachsen. Allerdings werde dieser Effekt wohl erst mittelfristig eintreten.<\/p>\n\n\n\n<p>Auch Sparzinsen werden vermutlich nicht unmittelbar ansteigen, da die Banken weiterhin Strafzinsen an die EZB zahlen m\u00fcssen \u2013 mittelfristig sei dies aber durchaus denkbar. \u201eAb 1. Juli k\u00f6nnen Banken keine Gelder mehr zu Null-Prozent-Konditionen von der EZB erhalten. Die Einlagen privater Kundinnen und Kunden werden daher wieder interessanter\u201c, so Rehberg. Das zeige sich bereits im Umgang mit Negativzinsen: Mehrere Banken, darunter die ING und die Oldenburgische Landesbank, haben schon vor der Leitzinserh\u00f6hung angek\u00fcndigt, die Freibetr\u00e4ge f\u00fcr Verwahrentgelte bei Guthaben deutlich zu erh\u00f6hen. \u201eAndere Banken sollten hier nachziehen \u2013 zumal Negativzinsen unserer Ansicht nach ohnehin rechtswidrig sind\u201c, sagt der Finanzexperte.<\/p>\n\n\n\n<p><strong>Umgang mit Krediten&nbsp;<\/strong><\/p>\n\n\n\n<p>Anders als Sparzinsen werden Kreditzinsen vermutlich direkt weiter steigen. F\u00fcr Verbraucherinnen und Verbraucher betrifft dies sowohl Zinsen f\u00fcr Immobilien- und Dispositionskredite als auch Konsumentendarlehen. \u201eSteigende Marktzinsen werden hier meist direkt an Kundinnen und Kunden weitergegeben\u201c, so Rehberg. Er empfiehlt, teure Dispositionskredite gut im Blick zu behalten und allenfalls bei kurzfristigen finanziellen Engp\u00e4ssen zu nutzen. Langfristig sei ein normaler Verbraucherkredit meist sinnvoller.&nbsp;<\/p>\n\n\n\n<p>Bei Immobilienkrediten stellt sich f\u00fcr Betroffene jetzt die Frage, wie es nach dem Ende der Zinsbindung weitergeht. \u201eNiemand kann sicher voraussagen, wie sich die Bauzinsen mittel- und langfristig weiterentwickeln. Vorrangiges Ziel sollte immer sein, die Finanzierung abzusichern, um den Erhalt der Immobilie nicht zu gef\u00e4hrden\u201c, sagt Rehberg. Ob ein Forward-Darlehen \u2013 also die vorzeitige Zusage einer Anschlussfinanzierung oder die Verl\u00e4ngerung einer bestehenden Zinsbindung \u2013 sinnvoll ist, muss im Einzelfall entschieden werden.<\/p>\n\n\n\n<p>Weitere Informationen zum Umgang mit Immobilien-, Dispo- und Verbraucherkrediten unter<a href=\"https:\/\/www.verbraucherzentrale-niedersachsen.de\/themen\/finanzen\/erhoehung-leitzins\">&nbsp;<\/a><a href=\"https:\/\/www.verbraucherzentrale-niedersachsen.de\/themen\/finanzen\/erhoehung-leitzins\" target=\"_blank\" rel=\"noreferrer noopener\">www.verbraucherzentrale-niedersachsen.de\/themen\/finanzen\/erhoehung-leitzins<\/a><\/p>\n\n\n\n<p>Bei Fragen hilft die Beratung der Verbraucherzentrale Niedersachsen \u2013 vor Ort, telefonisch und per Video:&nbsp;<a href=\"https:\/\/www.verbraucherzentrale-niedersachsen.de\/beratung\" target=\"_blank\" rel=\"noreferrer noopener\">www.verbraucherzentrale-niedersachsen.de\/beratung<\/a><\/p>\n","protected":false},"excerpt":{"rendered":"<p>Der Leitzins wird zum 1. Juli 2022 von 0 Prozent auf 0,25 Prozent angehoben. Eine weitere Erh\u00f6hung im September 2022 ist wahrscheinlich. Ziel der Europ\u00e4ischen Zentralbank (EZB) ist es, die Geldbeschaffung der Banken zu verteuern, die Konjunktur zu bremsen und dadurch die Inflationsrate zu senken. Wie sich diese Ma\u00dfnahme f\u00fcr Sparerinnen und Sparer voraussichtlich auswirkt, [&hellip;]<\/p>\n","protected":false},"author":1,"featured_media":0,"comment_status":"closed","ping_status":"closed","sticky":false,"template":"","format":"standard","meta":{"saved_in_kubio":false,"footnotes":""},"categories":[55],"tags":[3170,157],"class_list":["post-14612","post","type-post","status-publish","format-standard","hentry","category-verbrauchertipps","tag-leitzinserhoehung","tag-verbraucherzentrale-niedersachsen"],"yoast_head":"<!-- This site is optimized with the Yoast SEO plugin v27.4 - https:\/\/yoast.com\/product\/yoast-seo-wordpress\/ -->\n<title>Der Leitzins wird erh\u00f6ht - was bedeutet das f\u00fcr die Verbraucher? - Radio Leinewelle<\/title>\n<meta name=\"robots\" content=\"index, follow, max-snippet:-1, max-image-preview:large, max-video-preview:-1\" \/>\n<link rel=\"canonical\" href=\"https:\/\/radioleinewelle.de\/index.php\/2022\/06\/13\/der-leitzins-wird-erhoeht-was-bedeutet-das-fuer-die-verbraucher\/\" \/>\n<meta property=\"og:locale\" content=\"de_DE\" \/>\n<meta property=\"og:type\" content=\"article\" \/>\n<meta property=\"og:title\" content=\"Der Leitzins wird erh\u00f6ht - was bedeutet das f\u00fcr die Verbraucher? - Radio Leinewelle\" \/>\n<meta property=\"og:description\" content=\"Der Leitzins wird zum 1. Juli 2022 von 0 Prozent auf 0,25 Prozent angehoben. Eine weitere Erh\u00f6hung im September 2022 ist wahrscheinlich. Ziel der Europ\u00e4ischen Zentralbank (EZB) ist es, die Geldbeschaffung der Banken zu verteuern, die Konjunktur zu bremsen und dadurch die Inflationsrate zu senken. Wie sich diese Ma\u00dfnahme f\u00fcr Sparerinnen und Sparer voraussichtlich auswirkt, [&hellip;]\" \/>\n<meta property=\"og:url\" content=\"https:\/\/radioleinewelle.de\/index.php\/2022\/06\/13\/der-leitzins-wird-erhoeht-was-bedeutet-das-fuer-die-verbraucher\/\" \/>\n<meta property=\"og:site_name\" content=\"Radio Leinewelle\" \/>\n<meta property=\"article:publisher\" content=\"https:\/\/www.facebook.com\/radioleinewelle\" \/>\n<meta property=\"article:author\" content=\"https:\/\/www.facebook.com\/radioleinewelle\" \/>\n<meta property=\"article:published_time\" content=\"2022-06-13T02:42:15+00:00\" \/>\n<meta name=\"author\" content=\"Leinewelle\" \/>\n<meta name=\"twitter:card\" content=\"summary_large_image\" \/>\n<meta name=\"twitter:creator\" content=\"@https:\/\/twitter.com\/RLeinewelle?ref_src=twsrcgoogletwcampserptwgrauthor\" \/>\n<meta name=\"twitter:site\" content=\"@RLeinewelle\" \/>\n<meta name=\"twitter:label1\" content=\"Verfasst von\" \/>\n\t<meta name=\"twitter:data1\" content=\"Leinewelle\" \/>\n\t<meta name=\"twitter:label2\" content=\"Gesch\u00e4tzte Lesezeit\" \/>\n\t<meta name=\"twitter:data2\" content=\"3\u00a0Minuten\" \/>\n<script type=\"application\/ld+json\" class=\"yoast-schema-graph\">{\"@context\":\"https:\\\/\\\/schema.org\",\"@graph\":[{\"@type\":\"Article\",\"@id\":\"https:\\\/\\\/radioleinewelle.de\\\/index.php\\\/2022\\\/06\\\/13\\\/der-leitzins-wird-erhoeht-was-bedeutet-das-fuer-die-verbraucher\\\/#article\",\"isPartOf\":{\"@id\":\"https:\\\/\\\/radioleinewelle.de\\\/index.php\\\/2022\\\/06\\\/13\\\/der-leitzins-wird-erhoeht-was-bedeutet-das-fuer-die-verbraucher\\\/\"},\"author\":{\"name\":\"Leinewelle\",\"@id\":\"https:\\\/\\\/radioleinewelle.de\\\/#\\\/schema\\\/person\\\/45606f348637df637192dc1b68399a63\"},\"headline\":\"Der Leitzins wird erh\u00f6ht &#8211; was bedeutet das f\u00fcr die Verbraucher?\",\"datePublished\":\"2022-06-13T02:42:15+00:00\",\"mainEntityOfPage\":{\"@id\":\"https:\\\/\\\/radioleinewelle.de\\\/index.php\\\/2022\\\/06\\\/13\\\/der-leitzins-wird-erhoeht-was-bedeutet-das-fuer-die-verbraucher\\\/\"},\"wordCount\":412,\"publisher\":{\"@id\":\"https:\\\/\\\/radioleinewelle.de\\\/#organization\"},\"keywords\":[\"Leitzinserh\u00f6hung\",\"Verbraucherzentrale Niedersachsen\"],\"articleSection\":[\"Verbrauchertipps\"],\"inLanguage\":\"de\"},{\"@type\":\"WebPage\",\"@id\":\"https:\\\/\\\/radioleinewelle.de\\\/index.php\\\/2022\\\/06\\\/13\\\/der-leitzins-wird-erhoeht-was-bedeutet-das-fuer-die-verbraucher\\\/\",\"url\":\"https:\\\/\\\/radioleinewelle.de\\\/index.php\\\/2022\\\/06\\\/13\\\/der-leitzins-wird-erhoeht-was-bedeutet-das-fuer-die-verbraucher\\\/\",\"name\":\"Der Leitzins wird erh\u00f6ht - was bedeutet das f\u00fcr die Verbraucher? - Radio Leinewelle\",\"isPartOf\":{\"@id\":\"https:\\\/\\\/radioleinewelle.de\\\/#website\"},\"datePublished\":\"2022-06-13T02:42:15+00:00\",\"breadcrumb\":{\"@id\":\"https:\\\/\\\/radioleinewelle.de\\\/index.php\\\/2022\\\/06\\\/13\\\/der-leitzins-wird-erhoeht-was-bedeutet-das-fuer-die-verbraucher\\\/#breadcrumb\"},\"inLanguage\":\"de\",\"potentialAction\":[{\"@type\":\"ReadAction\",\"target\":[\"https:\\\/\\\/radioleinewelle.de\\\/index.php\\\/2022\\\/06\\\/13\\\/der-leitzins-wird-erhoeht-was-bedeutet-das-fuer-die-verbraucher\\\/\"]}]},{\"@type\":\"BreadcrumbList\",\"@id\":\"https:\\\/\\\/radioleinewelle.de\\\/index.php\\\/2022\\\/06\\\/13\\\/der-leitzins-wird-erhoeht-was-bedeutet-das-fuer-die-verbraucher\\\/#breadcrumb\",\"itemListElement\":[{\"@type\":\"ListItem\",\"position\":1,\"name\":\"Startseite\",\"item\":\"https:\\\/\\\/radioleinewelle.de\\\/\"},{\"@type\":\"ListItem\",\"position\":2,\"name\":\"Der Leitzins wird erh\u00f6ht &#8211; was bedeutet das f\u00fcr die Verbraucher?\"}]},{\"@type\":\"WebSite\",\"@id\":\"https:\\\/\\\/radioleinewelle.de\\\/#website\",\"url\":\"https:\\\/\\\/radioleinewelle.de\\\/\",\"name\":\"Radio Leinewelle\",\"description\":\"\",\"publisher\":{\"@id\":\"https:\\\/\\\/radioleinewelle.de\\\/#organization\"},\"potentialAction\":[{\"@type\":\"SearchAction\",\"target\":{\"@type\":\"EntryPoint\",\"urlTemplate\":\"https:\\\/\\\/radioleinewelle.de\\\/?s={search_term_string}\"},\"query-input\":{\"@type\":\"PropertyValueSpecification\",\"valueRequired\":true,\"valueName\":\"search_term_string\"}}],\"inLanguage\":\"de\"},{\"@type\":\"Organization\",\"@id\":\"https:\\\/\\\/radioleinewelle.de\\\/#organization\",\"name\":\"Radio Leinewelle\",\"alternateName\":\"Mein Radio f\u00fcr S\u00fcdniedersachsen\",\"url\":\"https:\\\/\\\/radioleinewelle.de\\\/\",\"logo\":{\"@type\":\"ImageObject\",\"inLanguage\":\"de\",\"@id\":\"https:\\\/\\\/radioleinewelle.de\\\/#\\\/schema\\\/logo\\\/image\\\/\",\"url\":\"https:\\\/\\\/radioleinewelle.de\\\/wp-content\\\/uploads\\\/2023\\\/11\\\/cropped-Leinewelle_Logo_weiss.png\",\"contentUrl\":\"https:\\\/\\\/radioleinewelle.de\\\/wp-content\\\/uploads\\\/2023\\\/11\\\/cropped-Leinewelle_Logo_weiss.png\",\"width\":854,\"height\":260,\"caption\":\"Radio Leinewelle\"},\"image\":{\"@id\":\"https:\\\/\\\/radioleinewelle.de\\\/#\\\/schema\\\/logo\\\/image\\\/\"},\"sameAs\":[\"https:\\\/\\\/www.facebook.com\\\/radioleinewelle\",\"https:\\\/\\\/x.com\\\/RLeinewelle\",\"https:\\\/\\\/www.instagram.com\\\/radioleinewelle\\\/?hl=de\"]},{\"@type\":\"Person\",\"@id\":\"https:\\\/\\\/radioleinewelle.de\\\/#\\\/schema\\\/person\\\/45606f348637df637192dc1b68399a63\",\"name\":\"Leinewelle\",\"image\":{\"@type\":\"ImageObject\",\"inLanguage\":\"de\",\"@id\":\"https:\\\/\\\/secure.gravatar.com\\\/avatar\\\/05c9a17bc973052ee5d91549bd32fb4dd0dc85b7b85ae94b2e2b4943476bbea5?s=96&d=blank&r=g\",\"url\":\"https:\\\/\\\/secure.gravatar.com\\\/avatar\\\/05c9a17bc973052ee5d91549bd32fb4dd0dc85b7b85ae94b2e2b4943476bbea5?s=96&d=blank&r=g\",\"contentUrl\":\"https:\\\/\\\/secure.gravatar.com\\\/avatar\\\/05c9a17bc973052ee5d91549bd32fb4dd0dc85b7b85ae94b2e2b4943476bbea5?s=96&d=blank&r=g\",\"caption\":\"Leinewelle\"},\"sameAs\":[\"http:\\\/\\\/localhost\\\/radio%20leinewelle\\\/wordpress\",\"https:\\\/\\\/www.facebook.com\\\/radioleinewelle\",\"https:\\\/\\\/www.instagram.com\\\/radioleinewelle\",\"https:\\\/\\\/x.com\\\/https:\\\/\\\/twitter.com\\\/RLeinewelle?ref_src=twsrcgoogletwcampserptwgrauthor\",\"https:\\\/\\\/soundcloud.com\\\/foerderverein-lokalradio?utm_source=clipboard&utm_medium=text&utm_campaign=social_sharing\"],\"url\":\"https:\\\/\\\/radioleinewelle.de\\\/index.php\\\/author\\\/leinewelle\\\/\"}]}<\/script>\n<!-- \/ Yoast SEO plugin. -->","yoast_head_json":{"title":"Der Leitzins wird erh\u00f6ht - was bedeutet das f\u00fcr die Verbraucher? - Radio Leinewelle","robots":{"index":"index","follow":"follow","max-snippet":"max-snippet:-1","max-image-preview":"max-image-preview:large","max-video-preview":"max-video-preview:-1"},"canonical":"https:\/\/radioleinewelle.de\/index.php\/2022\/06\/13\/der-leitzins-wird-erhoeht-was-bedeutet-das-fuer-die-verbraucher\/","og_locale":"de_DE","og_type":"article","og_title":"Der Leitzins wird erh\u00f6ht - was bedeutet das f\u00fcr die Verbraucher? - Radio Leinewelle","og_description":"Der Leitzins wird zum 1. Juli 2022 von 0 Prozent auf 0,25 Prozent angehoben. Eine weitere Erh\u00f6hung im September 2022 ist wahrscheinlich. Ziel der Europ\u00e4ischen Zentralbank (EZB) ist es, die Geldbeschaffung der Banken zu verteuern, die Konjunktur zu bremsen und dadurch die Inflationsrate zu senken. Wie sich diese Ma\u00dfnahme f\u00fcr Sparerinnen und Sparer voraussichtlich auswirkt, [&hellip;]","og_url":"https:\/\/radioleinewelle.de\/index.php\/2022\/06\/13\/der-leitzins-wird-erhoeht-was-bedeutet-das-fuer-die-verbraucher\/","og_site_name":"Radio Leinewelle","article_publisher":"https:\/\/www.facebook.com\/radioleinewelle","article_author":"https:\/\/www.facebook.com\/radioleinewelle","article_published_time":"2022-06-13T02:42:15+00:00","author":"Leinewelle","twitter_card":"summary_large_image","twitter_creator":"@https:\/\/twitter.com\/RLeinewelle?ref_src=twsrcgoogletwcampserptwgrauthor","twitter_site":"@RLeinewelle","twitter_misc":{"Verfasst von":"Leinewelle","Gesch\u00e4tzte Lesezeit":"3\u00a0Minuten"},"schema":{"@context":"https:\/\/schema.org","@graph":[{"@type":"Article","@id":"https:\/\/radioleinewelle.de\/index.php\/2022\/06\/13\/der-leitzins-wird-erhoeht-was-bedeutet-das-fuer-die-verbraucher\/#article","isPartOf":{"@id":"https:\/\/radioleinewelle.de\/index.php\/2022\/06\/13\/der-leitzins-wird-erhoeht-was-bedeutet-das-fuer-die-verbraucher\/"},"author":{"name":"Leinewelle","@id":"https:\/\/radioleinewelle.de\/#\/schema\/person\/45606f348637df637192dc1b68399a63"},"headline":"Der Leitzins wird erh\u00f6ht &#8211; was bedeutet das f\u00fcr die Verbraucher?","datePublished":"2022-06-13T02:42:15+00:00","mainEntityOfPage":{"@id":"https:\/\/radioleinewelle.de\/index.php\/2022\/06\/13\/der-leitzins-wird-erhoeht-was-bedeutet-das-fuer-die-verbraucher\/"},"wordCount":412,"publisher":{"@id":"https:\/\/radioleinewelle.de\/#organization"},"keywords":["Leitzinserh\u00f6hung","Verbraucherzentrale Niedersachsen"],"articleSection":["Verbrauchertipps"],"inLanguage":"de"},{"@type":"WebPage","@id":"https:\/\/radioleinewelle.de\/index.php\/2022\/06\/13\/der-leitzins-wird-erhoeht-was-bedeutet-das-fuer-die-verbraucher\/","url":"https:\/\/radioleinewelle.de\/index.php\/2022\/06\/13\/der-leitzins-wird-erhoeht-was-bedeutet-das-fuer-die-verbraucher\/","name":"Der Leitzins wird erh\u00f6ht - was bedeutet das f\u00fcr die Verbraucher? - Radio Leinewelle","isPartOf":{"@id":"https:\/\/radioleinewelle.de\/#website"},"datePublished":"2022-06-13T02:42:15+00:00","breadcrumb":{"@id":"https:\/\/radioleinewelle.de\/index.php\/2022\/06\/13\/der-leitzins-wird-erhoeht-was-bedeutet-das-fuer-die-verbraucher\/#breadcrumb"},"inLanguage":"de","potentialAction":[{"@type":"ReadAction","target":["https:\/\/radioleinewelle.de\/index.php\/2022\/06\/13\/der-leitzins-wird-erhoeht-was-bedeutet-das-fuer-die-verbraucher\/"]}]},{"@type":"BreadcrumbList","@id":"https:\/\/radioleinewelle.de\/index.php\/2022\/06\/13\/der-leitzins-wird-erhoeht-was-bedeutet-das-fuer-die-verbraucher\/#breadcrumb","itemListElement":[{"@type":"ListItem","position":1,"name":"Startseite","item":"https:\/\/radioleinewelle.de\/"},{"@type":"ListItem","position":2,"name":"Der Leitzins wird erh\u00f6ht &#8211; was bedeutet das f\u00fcr die Verbraucher?"}]},{"@type":"WebSite","@id":"https:\/\/radioleinewelle.de\/#website","url":"https:\/\/radioleinewelle.de\/","name":"Radio Leinewelle","description":"","publisher":{"@id":"https:\/\/radioleinewelle.de\/#organization"},"potentialAction":[{"@type":"SearchAction","target":{"@type":"EntryPoint","urlTemplate":"https:\/\/radioleinewelle.de\/?s={search_term_string}"},"query-input":{"@type":"PropertyValueSpecification","valueRequired":true,"valueName":"search_term_string"}}],"inLanguage":"de"},{"@type":"Organization","@id":"https:\/\/radioleinewelle.de\/#organization","name":"Radio Leinewelle","alternateName":"Mein Radio f\u00fcr S\u00fcdniedersachsen","url":"https:\/\/radioleinewelle.de\/","logo":{"@type":"ImageObject","inLanguage":"de","@id":"https:\/\/radioleinewelle.de\/#\/schema\/logo\/image\/","url":"https:\/\/radioleinewelle.de\/wp-content\/uploads\/2023\/11\/cropped-Leinewelle_Logo_weiss.png","contentUrl":"https:\/\/radioleinewelle.de\/wp-content\/uploads\/2023\/11\/cropped-Leinewelle_Logo_weiss.png","width":854,"height":260,"caption":"Radio Leinewelle"},"image":{"@id":"https:\/\/radioleinewelle.de\/#\/schema\/logo\/image\/"},"sameAs":["https:\/\/www.facebook.com\/radioleinewelle","https:\/\/x.com\/RLeinewelle","https:\/\/www.instagram.com\/radioleinewelle\/?hl=de"]},{"@type":"Person","@id":"https:\/\/radioleinewelle.de\/#\/schema\/person\/45606f348637df637192dc1b68399a63","name":"Leinewelle","image":{"@type":"ImageObject","inLanguage":"de","@id":"https:\/\/secure.gravatar.com\/avatar\/05c9a17bc973052ee5d91549bd32fb4dd0dc85b7b85ae94b2e2b4943476bbea5?s=96&d=blank&r=g","url":"https:\/\/secure.gravatar.com\/avatar\/05c9a17bc973052ee5d91549bd32fb4dd0dc85b7b85ae94b2e2b4943476bbea5?s=96&d=blank&r=g","contentUrl":"https:\/\/secure.gravatar.com\/avatar\/05c9a17bc973052ee5d91549bd32fb4dd0dc85b7b85ae94b2e2b4943476bbea5?s=96&d=blank&r=g","caption":"Leinewelle"},"sameAs":["http:\/\/localhost\/radio%20leinewelle\/wordpress","https:\/\/www.facebook.com\/radioleinewelle","https:\/\/www.instagram.com\/radioleinewelle","https:\/\/x.com\/https:\/\/twitter.com\/RLeinewelle?ref_src=twsrcgoogletwcampserptwgrauthor","https:\/\/soundcloud.com\/foerderverein-lokalradio?utm_source=clipboard&utm_medium=text&utm_campaign=social_sharing"],"url":"https:\/\/radioleinewelle.de\/index.php\/author\/leinewelle\/"}]}},"_links":{"self":[{"href":"https:\/\/radioleinewelle.de\/index.php\/wp-json\/wp\/v2\/posts\/14612","targetHints":{"allow":["GET"]}}],"collection":[{"href":"https:\/\/radioleinewelle.de\/index.php\/wp-json\/wp\/v2\/posts"}],"about":[{"href":"https:\/\/radioleinewelle.de\/index.php\/wp-json\/wp\/v2\/types\/post"}],"author":[{"embeddable":true,"href":"https:\/\/radioleinewelle.de\/index.php\/wp-json\/wp\/v2\/users\/1"}],"replies":[{"embeddable":true,"href":"https:\/\/radioleinewelle.de\/index.php\/wp-json\/wp\/v2\/comments?post=14612"}],"version-history":[{"count":0,"href":"https:\/\/radioleinewelle.de\/index.php\/wp-json\/wp\/v2\/posts\/14612\/revisions"}],"wp:attachment":[{"href":"https:\/\/radioleinewelle.de\/index.php\/wp-json\/wp\/v2\/media?parent=14612"}],"wp:term":[{"taxonomy":"category","embeddable":true,"href":"https:\/\/radioleinewelle.de\/index.php\/wp-json\/wp\/v2\/categories?post=14612"},{"taxonomy":"post_tag","embeddable":true,"href":"https:\/\/radioleinewelle.de\/index.php\/wp-json\/wp\/v2\/tags?post=14612"}],"curies":[{"name":"wp","href":"https:\/\/api.w.org\/{rel}","templated":true}]}}