{"id":1468,"date":"2020-09-06T12:05:40","date_gmt":"2020-09-06T10:05:40","guid":{"rendered":"https:\/\/radioleinewelle.de\/?p=1468"},"modified":"2020-09-06T12:05:40","modified_gmt":"2020-09-06T10:05:40","slug":"solidaritaetsaufruf-fuer-das-exil","status":"publish","type":"post","link":"https:\/\/radioleinewelle.de\/index.php\/2020\/09\/06\/solidaritaetsaufruf-fuer-das-exil\/","title":{"rendered":"Solidarit\u00e4tsaufruf f\u00fcr das Exil"},"content":{"rendered":"<p>Ohne kulturelle R\u00e4ume keine Kultur. Insbesondere die unabh\u00e4ngigen, eigent\u00fcmergef\u00fchrten Clubs treffen die Einschr\u00e4nkungen der Corona Pandemie sehr hart. Die ohnehin sehr \u00fcbersichtliche G\u00f6ttinger Szene kann sich den Verlust von engagierten Clubs und Liveb\u00fchnen nicht leisten. Hier der Aufruf zur Unterst\u00fctzung des Exils.<\/p>\n<p>In einer Zeit, in der wir Menschen h\u00f6heren M\u00e4chten ausgeliefert sind, muss Solidarit\u00e4t eine Voraussetzung sein und Menschen Menschen helfen, damit am Ende alles Gut ist. Viele kleine Clubs sehen sich angesichts der Ausbreitung des neuartigen Coronavirus und wegbrechender Einnahmen in ihrer Existenz bedroht. Es gibt noch keine klare Gesetzeslage, die die kleinen Clubs unterst\u00fctzen.<br \/>\nBesonders das Exil hat durch die Situation mit schlimmen Nachwirkungen zu rechnen. Das Exil &#8211; Ein Ort der Kultur, der Liebe zur Musik und ein sicherer Ort f\u00fcr jeden Menschen, ein Ort, der Alle Willkommen hei\u00dft und in der Vergangenheit so vielen Menschen ein Ort zum Gl\u00fccklich sein, zum frei sein, ein Ort, den echte Herzensmenschen mit Herzblut f\u00fcr die Menschen pflegen und Teilen, mit allem was sie haben.<\/p>\n<p>Clubs und Kultureinrichtungen m\u00fcssen Veranstaltungen auf eigene Faust absagen selbst f\u00fcr die Ausf\u00e4lle haften. Das w\u00fcrde die betriebliche Existenz noch zus\u00e4tzlich bedrohen! Das Exil hat keine R\u00fccklagen.<br \/>\nDiese neue Situation bedeutet f\u00fcr die komplette Kultur- und Clubszene, sowie f\u00fcr alle daran Beteiligten, massive finanzielle Einbu\u00dfen und damit einhergehend eine akute Existenzbedrohung.<br \/>\nWir k\u00f6nnen helfen! Jeder noch so kleine Beitrag kann unserem geliebten Exil eine St\u00fctze erm\u00f6glichen &#8230; Schlie\u00dflich hat das Exil schon so viel f\u00fcr uns gek\u00e4mpft und ist ein bedeutender Teil der G\u00f6ttinger Kultur und solidarischer Ort der Liebe und Toleranz. #exilbesafe<\/p>\n<p>Liebe Freunde, Familie und Bekannte,<br \/>\nherzlich willkommen zu dieser Sammelkasse, um Danke zu sagen!<br \/>\n<a href=\"https:\/\/www.leetchi.com\/c\/exilbesafe-rettet-das-exil-kultur-die-goettingen-braucht\">Mit nur einem Klick k\u00f6nnt Ihr Euch beteiligen.<\/a><br \/>\nGebt soviel Ihr m\u00f6chtet<br \/>\nAlle Bezahlungen sind sicher mit Sofort\u00dcberweisung, VISA, Mastercard oder Giropay<br \/>\nWarum Leetchi? Weil es \u00fcbersichtlich, transparent und schnell ist<\/p>\n","protected":false},"excerpt":{"rendered":"<p>Ohne kulturelle R\u00e4ume keine Kultur. Insbesondere die unabh\u00e4ngigen, eigent\u00fcmergef\u00fchrten Clubs treffen die Einschr\u00e4nkungen der Corona Pandemie sehr hart. Die ohnehin sehr \u00fcbersichtliche G\u00f6ttinger Szene kann sich den Verlust von engagierten Clubs und Liveb\u00fchnen nicht leisten. Hier der Aufruf zur Unterst\u00fctzung des Exils. In einer Zeit, in der wir Menschen h\u00f6heren M\u00e4chten ausgeliefert sind, muss Solidarit\u00e4t [&hellip;]<\/p>\n","protected":false},"author":1,"featured_media":0,"comment_status":"closed","ping_status":"closed","sticky":false,"template":"","format":"standard","meta":{"saved_in_kubio":false,"footnotes":""},"categories":[1],"tags":[],"class_list":["post-1468","post","type-post","status-publish","format-standard","hentry","category-allgemein"],"yoast_head":"<!-- This site is optimized with the Yoast SEO plugin v27.5 - https:\/\/yoast.com\/product\/yoast-seo-wordpress\/ -->\n<title>Solidarit\u00e4tsaufruf f\u00fcr das Exil - Radio Leinewelle<\/title>\n<meta name=\"robots\" content=\"index, follow, max-snippet:-1, max-image-preview:large, max-video-preview:-1\" \/>\n<link rel=\"canonical\" href=\"https:\/\/radioleinewelle.de\/index.php\/2020\/09\/06\/solidaritaetsaufruf-fuer-das-exil\/\" \/>\n<meta property=\"og:locale\" content=\"de_DE\" \/>\n<meta property=\"og:type\" content=\"article\" \/>\n<meta property=\"og:title\" content=\"Solidarit\u00e4tsaufruf f\u00fcr das Exil - Radio Leinewelle\" \/>\n<meta property=\"og:description\" content=\"Ohne kulturelle R\u00e4ume keine Kultur. Insbesondere die unabh\u00e4ngigen, eigent\u00fcmergef\u00fchrten Clubs treffen die Einschr\u00e4nkungen der Corona Pandemie sehr hart. Die ohnehin sehr \u00fcbersichtliche G\u00f6ttinger Szene kann sich den Verlust von engagierten Clubs und Liveb\u00fchnen nicht leisten. Hier der Aufruf zur Unterst\u00fctzung des Exils. In einer Zeit, in der wir Menschen h\u00f6heren M\u00e4chten ausgeliefert sind, muss Solidarit\u00e4t [&hellip;]\" \/>\n<meta property=\"og:url\" content=\"https:\/\/radioleinewelle.de\/index.php\/2020\/09\/06\/solidaritaetsaufruf-fuer-das-exil\/\" \/>\n<meta property=\"og:site_name\" content=\"Radio Leinewelle\" \/>\n<meta property=\"article:publisher\" content=\"https:\/\/www.facebook.com\/radioleinewelle\" \/>\n<meta property=\"article:author\" content=\"https:\/\/www.facebook.com\/radioleinewelle\" \/>\n<meta property=\"article:published_time\" content=\"2020-09-06T10:05:40+00:00\" \/>\n<meta name=\"author\" content=\"Leinewelle\" \/>\n<meta name=\"twitter:card\" content=\"summary_large_image\" \/>\n<meta name=\"twitter:creator\" content=\"@https:\/\/twitter.com\/RLeinewelle?ref_src=twsrcgoogletwcampserptwgrauthor\" \/>\n<meta name=\"twitter:site\" content=\"@RLeinewelle\" \/>\n<meta name=\"twitter:label1\" content=\"Verfasst von\" \/>\n\t<meta name=\"twitter:data1\" content=\"Leinewelle\" \/>\n\t<meta name=\"twitter:label2\" content=\"Gesch\u00e4tzte Lesezeit\" \/>\n\t<meta name=\"twitter:data2\" content=\"2\u00a0Minuten\" \/>\n<script type=\"application\/ld+json\" class=\"yoast-schema-graph\">{\"@context\":\"https:\\\/\\\/schema.org\",\"@graph\":[{\"@type\":\"Article\",\"@id\":\"https:\\\/\\\/radioleinewelle.de\\\/index.php\\\/2020\\\/09\\\/06\\\/solidaritaetsaufruf-fuer-das-exil\\\/#article\",\"isPartOf\":{\"@id\":\"https:\\\/\\\/radioleinewelle.de\\\/index.php\\\/2020\\\/09\\\/06\\\/solidaritaetsaufruf-fuer-das-exil\\\/\"},\"author\":{\"name\":\"Leinewelle\",\"@id\":\"https:\\\/\\\/radioleinewelle.de\\\/#\\\/schema\\\/person\\\/45606f348637df637192dc1b68399a63\"},\"headline\":\"Solidarit\u00e4tsaufruf f\u00fcr das Exil\",\"datePublished\":\"2020-09-06T10:05:40+00:00\",\"mainEntityOfPage\":{\"@id\":\"https:\\\/\\\/radioleinewelle.de\\\/index.php\\\/2020\\\/09\\\/06\\\/solidaritaetsaufruf-fuer-das-exil\\\/\"},\"wordCount\":344,\"publisher\":{\"@id\":\"https:\\\/\\\/radioleinewelle.de\\\/#organization\"},\"inLanguage\":\"de\"},{\"@type\":\"WebPage\",\"@id\":\"https:\\\/\\\/radioleinewelle.de\\\/index.php\\\/2020\\\/09\\\/06\\\/solidaritaetsaufruf-fuer-das-exil\\\/\",\"url\":\"https:\\\/\\\/radioleinewelle.de\\\/index.php\\\/2020\\\/09\\\/06\\\/solidaritaetsaufruf-fuer-das-exil\\\/\",\"name\":\"Solidarit\u00e4tsaufruf f\u00fcr das Exil - Radio Leinewelle\",\"isPartOf\":{\"@id\":\"https:\\\/\\\/radioleinewelle.de\\\/#website\"},\"datePublished\":\"2020-09-06T10:05:40+00:00\",\"breadcrumb\":{\"@id\":\"https:\\\/\\\/radioleinewelle.de\\\/index.php\\\/2020\\\/09\\\/06\\\/solidaritaetsaufruf-fuer-das-exil\\\/#breadcrumb\"},\"inLanguage\":\"de\",\"potentialAction\":[{\"@type\":\"ReadAction\",\"target\":[\"https:\\\/\\\/radioleinewelle.de\\\/index.php\\\/2020\\\/09\\\/06\\\/solidaritaetsaufruf-fuer-das-exil\\\/\"]}]},{\"@type\":\"BreadcrumbList\",\"@id\":\"https:\\\/\\\/radioleinewelle.de\\\/index.php\\\/2020\\\/09\\\/06\\\/solidaritaetsaufruf-fuer-das-exil\\\/#breadcrumb\",\"itemListElement\":[{\"@type\":\"ListItem\",\"position\":1,\"name\":\"Startseite\",\"item\":\"https:\\\/\\\/radioleinewelle.de\\\/\"},{\"@type\":\"ListItem\",\"position\":2,\"name\":\"Solidarit\u00e4tsaufruf f\u00fcr das Exil\"}]},{\"@type\":\"WebSite\",\"@id\":\"https:\\\/\\\/radioleinewelle.de\\\/#website\",\"url\":\"https:\\\/\\\/radioleinewelle.de\\\/\",\"name\":\"Radio Leinewelle\",\"description\":\"\",\"publisher\":{\"@id\":\"https:\\\/\\\/radioleinewelle.de\\\/#organization\"},\"potentialAction\":[{\"@type\":\"SearchAction\",\"target\":{\"@type\":\"EntryPoint\",\"urlTemplate\":\"https:\\\/\\\/radioleinewelle.de\\\/?s={search_term_string}\"},\"query-input\":{\"@type\":\"PropertyValueSpecification\",\"valueRequired\":true,\"valueName\":\"search_term_string\"}}],\"inLanguage\":\"de\"},{\"@type\":\"Organization\",\"@id\":\"https:\\\/\\\/radioleinewelle.de\\\/#organization\",\"name\":\"Radio Leinewelle\",\"alternateName\":\"Mein Radio f\u00fcr S\u00fcdniedersachsen\",\"url\":\"https:\\\/\\\/radioleinewelle.de\\\/\",\"logo\":{\"@type\":\"ImageObject\",\"inLanguage\":\"de\",\"@id\":\"https:\\\/\\\/radioleinewelle.de\\\/#\\\/schema\\\/logo\\\/image\\\/\",\"url\":\"https:\\\/\\\/radioleinewelle.de\\\/wp-content\\\/uploads\\\/2023\\\/11\\\/cropped-Leinewelle_Logo_weiss.png\",\"contentUrl\":\"https:\\\/\\\/radioleinewelle.de\\\/wp-content\\\/uploads\\\/2023\\\/11\\\/cropped-Leinewelle_Logo_weiss.png\",\"width\":854,\"height\":260,\"caption\":\"Radio Leinewelle\"},\"image\":{\"@id\":\"https:\\\/\\\/radioleinewelle.de\\\/#\\\/schema\\\/logo\\\/image\\\/\"},\"sameAs\":[\"https:\\\/\\\/www.facebook.com\\\/radioleinewelle\",\"https:\\\/\\\/x.com\\\/RLeinewelle\",\"https:\\\/\\\/www.instagram.com\\\/radioleinewelle\\\/?hl=de\"]},{\"@type\":\"Person\",\"@id\":\"https:\\\/\\\/radioleinewelle.de\\\/#\\\/schema\\\/person\\\/45606f348637df637192dc1b68399a63\",\"name\":\"Leinewelle\",\"image\":{\"@type\":\"ImageObject\",\"inLanguage\":\"de\",\"@id\":\"https:\\\/\\\/secure.gravatar.com\\\/avatar\\\/05c9a17bc973052ee5d91549bd32fb4dd0dc85b7b85ae94b2e2b4943476bbea5?s=96&d=blank&r=g\",\"url\":\"https:\\\/\\\/secure.gravatar.com\\\/avatar\\\/05c9a17bc973052ee5d91549bd32fb4dd0dc85b7b85ae94b2e2b4943476bbea5?s=96&d=blank&r=g\",\"contentUrl\":\"https:\\\/\\\/secure.gravatar.com\\\/avatar\\\/05c9a17bc973052ee5d91549bd32fb4dd0dc85b7b85ae94b2e2b4943476bbea5?s=96&d=blank&r=g\",\"caption\":\"Leinewelle\"},\"sameAs\":[\"http:\\\/\\\/localhost\\\/radio%20leinewelle\\\/wordpress\",\"https:\\\/\\\/www.facebook.com\\\/radioleinewelle\",\"https:\\\/\\\/www.instagram.com\\\/radioleinewelle\",\"https:\\\/\\\/x.com\\\/https:\\\/\\\/twitter.com\\\/RLeinewelle?ref_src=twsrcgoogletwcampserptwgrauthor\",\"https:\\\/\\\/soundcloud.com\\\/foerderverein-lokalradio?utm_source=clipboard&utm_medium=text&utm_campaign=social_sharing\"],\"url\":\"https:\\\/\\\/radioleinewelle.de\\\/index.php\\\/author\\\/leinewelle\\\/\"}]}<\/script>\n<!-- \/ Yoast SEO plugin. -->","yoast_head_json":{"title":"Solidarit\u00e4tsaufruf f\u00fcr das Exil - Radio Leinewelle","robots":{"index":"index","follow":"follow","max-snippet":"max-snippet:-1","max-image-preview":"max-image-preview:large","max-video-preview":"max-video-preview:-1"},"canonical":"https:\/\/radioleinewelle.de\/index.php\/2020\/09\/06\/solidaritaetsaufruf-fuer-das-exil\/","og_locale":"de_DE","og_type":"article","og_title":"Solidarit\u00e4tsaufruf f\u00fcr das Exil - Radio Leinewelle","og_description":"Ohne kulturelle R\u00e4ume keine Kultur. Insbesondere die unabh\u00e4ngigen, eigent\u00fcmergef\u00fchrten Clubs treffen die Einschr\u00e4nkungen der Corona Pandemie sehr hart. Die ohnehin sehr \u00fcbersichtliche G\u00f6ttinger Szene kann sich den Verlust von engagierten Clubs und Liveb\u00fchnen nicht leisten. Hier der Aufruf zur Unterst\u00fctzung des Exils. In einer Zeit, in der wir Menschen h\u00f6heren M\u00e4chten ausgeliefert sind, muss Solidarit\u00e4t [&hellip;]","og_url":"https:\/\/radioleinewelle.de\/index.php\/2020\/09\/06\/solidaritaetsaufruf-fuer-das-exil\/","og_site_name":"Radio Leinewelle","article_publisher":"https:\/\/www.facebook.com\/radioleinewelle","article_author":"https:\/\/www.facebook.com\/radioleinewelle","article_published_time":"2020-09-06T10:05:40+00:00","author":"Leinewelle","twitter_card":"summary_large_image","twitter_creator":"@https:\/\/twitter.com\/RLeinewelle?ref_src=twsrcgoogletwcampserptwgrauthor","twitter_site":"@RLeinewelle","twitter_misc":{"Verfasst von":"Leinewelle","Gesch\u00e4tzte Lesezeit":"2\u00a0Minuten"},"schema":{"@context":"https:\/\/schema.org","@graph":[{"@type":"Article","@id":"https:\/\/radioleinewelle.de\/index.php\/2020\/09\/06\/solidaritaetsaufruf-fuer-das-exil\/#article","isPartOf":{"@id":"https:\/\/radioleinewelle.de\/index.php\/2020\/09\/06\/solidaritaetsaufruf-fuer-das-exil\/"},"author":{"name":"Leinewelle","@id":"https:\/\/radioleinewelle.de\/#\/schema\/person\/45606f348637df637192dc1b68399a63"},"headline":"Solidarit\u00e4tsaufruf f\u00fcr das Exil","datePublished":"2020-09-06T10:05:40+00:00","mainEntityOfPage":{"@id":"https:\/\/radioleinewelle.de\/index.php\/2020\/09\/06\/solidaritaetsaufruf-fuer-das-exil\/"},"wordCount":344,"publisher":{"@id":"https:\/\/radioleinewelle.de\/#organization"},"inLanguage":"de"},{"@type":"WebPage","@id":"https:\/\/radioleinewelle.de\/index.php\/2020\/09\/06\/solidaritaetsaufruf-fuer-das-exil\/","url":"https:\/\/radioleinewelle.de\/index.php\/2020\/09\/06\/solidaritaetsaufruf-fuer-das-exil\/","name":"Solidarit\u00e4tsaufruf f\u00fcr das Exil - Radio Leinewelle","isPartOf":{"@id":"https:\/\/radioleinewelle.de\/#website"},"datePublished":"2020-09-06T10:05:40+00:00","breadcrumb":{"@id":"https:\/\/radioleinewelle.de\/index.php\/2020\/09\/06\/solidaritaetsaufruf-fuer-das-exil\/#breadcrumb"},"inLanguage":"de","potentialAction":[{"@type":"ReadAction","target":["https:\/\/radioleinewelle.de\/index.php\/2020\/09\/06\/solidaritaetsaufruf-fuer-das-exil\/"]}]},{"@type":"BreadcrumbList","@id":"https:\/\/radioleinewelle.de\/index.php\/2020\/09\/06\/solidaritaetsaufruf-fuer-das-exil\/#breadcrumb","itemListElement":[{"@type":"ListItem","position":1,"name":"Startseite","item":"https:\/\/radioleinewelle.de\/"},{"@type":"ListItem","position":2,"name":"Solidarit\u00e4tsaufruf f\u00fcr das Exil"}]},{"@type":"WebSite","@id":"https:\/\/radioleinewelle.de\/#website","url":"https:\/\/radioleinewelle.de\/","name":"Radio Leinewelle","description":"","publisher":{"@id":"https:\/\/radioleinewelle.de\/#organization"},"potentialAction":[{"@type":"SearchAction","target":{"@type":"EntryPoint","urlTemplate":"https:\/\/radioleinewelle.de\/?s={search_term_string}"},"query-input":{"@type":"PropertyValueSpecification","valueRequired":true,"valueName":"search_term_string"}}],"inLanguage":"de"},{"@type":"Organization","@id":"https:\/\/radioleinewelle.de\/#organization","name":"Radio Leinewelle","alternateName":"Mein Radio f\u00fcr S\u00fcdniedersachsen","url":"https:\/\/radioleinewelle.de\/","logo":{"@type":"ImageObject","inLanguage":"de","@id":"https:\/\/radioleinewelle.de\/#\/schema\/logo\/image\/","url":"https:\/\/radioleinewelle.de\/wp-content\/uploads\/2023\/11\/cropped-Leinewelle_Logo_weiss.png","contentUrl":"https:\/\/radioleinewelle.de\/wp-content\/uploads\/2023\/11\/cropped-Leinewelle_Logo_weiss.png","width":854,"height":260,"caption":"Radio Leinewelle"},"image":{"@id":"https:\/\/radioleinewelle.de\/#\/schema\/logo\/image\/"},"sameAs":["https:\/\/www.facebook.com\/radioleinewelle","https:\/\/x.com\/RLeinewelle","https:\/\/www.instagram.com\/radioleinewelle\/?hl=de"]},{"@type":"Person","@id":"https:\/\/radioleinewelle.de\/#\/schema\/person\/45606f348637df637192dc1b68399a63","name":"Leinewelle","image":{"@type":"ImageObject","inLanguage":"de","@id":"https:\/\/secure.gravatar.com\/avatar\/05c9a17bc973052ee5d91549bd32fb4dd0dc85b7b85ae94b2e2b4943476bbea5?s=96&d=blank&r=g","url":"https:\/\/secure.gravatar.com\/avatar\/05c9a17bc973052ee5d91549bd32fb4dd0dc85b7b85ae94b2e2b4943476bbea5?s=96&d=blank&r=g","contentUrl":"https:\/\/secure.gravatar.com\/avatar\/05c9a17bc973052ee5d91549bd32fb4dd0dc85b7b85ae94b2e2b4943476bbea5?s=96&d=blank&r=g","caption":"Leinewelle"},"sameAs":["http:\/\/localhost\/radio%20leinewelle\/wordpress","https:\/\/www.facebook.com\/radioleinewelle","https:\/\/www.instagram.com\/radioleinewelle","https:\/\/x.com\/https:\/\/twitter.com\/RLeinewelle?ref_src=twsrcgoogletwcampserptwgrauthor","https:\/\/soundcloud.com\/foerderverein-lokalradio?utm_source=clipboard&utm_medium=text&utm_campaign=social_sharing"],"url":"https:\/\/radioleinewelle.de\/index.php\/author\/leinewelle\/"}]}},"_links":{"self":[{"href":"https:\/\/radioleinewelle.de\/index.php\/wp-json\/wp\/v2\/posts\/1468","targetHints":{"allow":["GET"]}}],"collection":[{"href":"https:\/\/radioleinewelle.de\/index.php\/wp-json\/wp\/v2\/posts"}],"about":[{"href":"https:\/\/radioleinewelle.de\/index.php\/wp-json\/wp\/v2\/types\/post"}],"author":[{"embeddable":true,"href":"https:\/\/radioleinewelle.de\/index.php\/wp-json\/wp\/v2\/users\/1"}],"replies":[{"embeddable":true,"href":"https:\/\/radioleinewelle.de\/index.php\/wp-json\/wp\/v2\/comments?post=1468"}],"version-history":[{"count":0,"href":"https:\/\/radioleinewelle.de\/index.php\/wp-json\/wp\/v2\/posts\/1468\/revisions"}],"wp:attachment":[{"href":"https:\/\/radioleinewelle.de\/index.php\/wp-json\/wp\/v2\/media?parent=1468"}],"wp:term":[{"taxonomy":"category","embeddable":true,"href":"https:\/\/radioleinewelle.de\/index.php\/wp-json\/wp\/v2\/categories?post=1468"},{"taxonomy":"post_tag","embeddable":true,"href":"https:\/\/radioleinewelle.de\/index.php\/wp-json\/wp\/v2\/tags?post=1468"}],"curies":[{"name":"wp","href":"https:\/\/api.w.org\/{rel}","templated":true}]}}