{"id":1473,"date":"2020-09-07T08:13:57","date_gmt":"2020-09-07T06:13:57","guid":{"rendered":"https:\/\/radioleinewelle.de\/?p=1473"},"modified":"2020-09-07T08:13:57","modified_gmt":"2020-09-07T06:13:57","slug":"thimon-von-berlepsch-wird-botschafter-fuer-das-geplante-kinder-und-jugendhospiz-sternenlichter-ein","status":"publish","type":"post","link":"https:\/\/radioleinewelle.de\/index.php\/2020\/09\/07\/thimon-von-berlepsch-wird-botschafter-fuer-das-geplante-kinder-und-jugendhospiz-sternenlichter-ein\/","title":{"rendered":"Thimon von Berlepsch wird Botschafter f\u00fcr das geplante Kinder- und Jugendhospiz Sternenlichter"},"content":{"rendered":"<div class=\"page\" title=\"Page 1\">\n<div class=\"layoutArea\">\n<div class=\"column\">\n<p>Der bekannte Magier, Hypnotiseur und Buchautor Thimon von Berlepsch setzt sich ab sofort als Botschafter f\u00fcr das geplante Kinder- und Jugendhospiz Sternenlichter ein.<\/p>\n<p>\u201eIch unterst\u00fctze die Einrichtung als Botschafter, weil es sich neben dem lokalen Bezug zu meiner Heimat um ein Projekt handelt, das direkt ins Herz geht. Aufgewachsen in einer Gro\u00dffamilie und inzwi- schen auch als frischgebackener Vater wei\u00df ich um die heilsame Kraft eines unterst\u00fctzenden Netzwerkes im Alltag. Unseren Kindern geh\u00f6rt die Zukunft, ihnen geb\u00fchrt unsere ganze Aufmerksamkeit,Liebe und Zuwendung. Die Hoffnung gebende Arbeit des HospizesSternenlichter ist ein wahrer Lichtblick f\u00fcr Kinder und Eltern in be- sonders herausfordernden und schweren Lebensphasen\u201c, begr\u00fcn- det Thimon von Berlepsch seine Entscheidung.<\/p>\n<p>Aufgewachsen auf Schloss Berlepsch (rund 20 Kilometer s\u00fcdlichvon G\u00f6ttingen), dem Stammsitz der Familie seit 1369, findet Thimonvon Berlepsch als 13-J\u00e4hriger auf dem Dachboden das antiquari- sche Buch \u201eModerne Salon-Magie\u201c. Seitdem studiert er die Kunst des Zauberns, gefolgt von der Hypnose und allem, was den Men- schen zum Staunen, Nach- und Umdenken bringt.<\/p>\n<p>Heute tritt er mit seiner Kunst international f\u00fcr namhafte Unter- nehmen auf, tourt mit seinen Soloprogrammen durch Deutsch- land und h\u00e4lt Vortr\u00e4ge zum Thema Pers\u00f6nlichkeitsentwicklung. Als ausgebildeter Hypnose-Coach hilft er Menschen dabei, sich von negativen Verhaltensweisen zu befreien und vermittelt au\u00dfer- dem sein Wissen in regelm\u00e4\u00dfigen Hypnose-Seminaren. Seine spielerische Art, Magie, Hypnose und lebensbejahende Weis- heiten miteinander zu verbinden, ist einzigartig und inspiriert tau- sende Menschen, ihr Denken zu ver\u00e4ndern. 2014 erschien sein SPIEGEL-Bestseller \u201eDer Magier in uns\u201c. Sein aktuelles Buch \u201eUp- date f\u00fcr Dein Unterbewusstsein\u201c stieg kurz nach seiner Erscheinung auf Platz 1 der SPIEGEL-Bestseller-Liste auf.<\/p>\n<div class=\"page\" title=\"Page 2\">\n<div class=\"layoutArea\">\n<div class=\"column\">\n<p>\u201eWir sind hocherfreut \u00fcber das Engagement von Thimon von Berlepsch und freuen uns auf die gemeinsame Zusammenarbeit zugunsten schwerstkranker Kinder und Jugendlicher und ihren Familien\u201c, sagt Nicole Zimmer, Oberin der DRK-Schwesternschaft Georgia Augusta e.V. und zweite Vorsitzende des F\u00f6rdervereins f\u00fcr das geplante Kinder- und Jugendhospiz Sternenlichter. Auf ca. 1.600 Quadratmetern wird im G\u00f6ttinger Ortsteil Grone am Helvesanger 10 ein Zentrum f\u00fcr lebensverk\u00fcrzt erkrankte Kinder und ihre Familien entstehen. Das Kinder- und Jugendhospiz Sternenlichter wird sp\u00e4ter von der DRK-Schwesternschaft Georgia-Augusta e.V. betrieben.<\/p>\n<\/div>\n<\/div>\n<\/div>\n<p>&nbsp;<\/p>\n<div class=\"page\" title=\"Page 2\">\n<div class=\"layoutArea\">\n<div class=\"column\">\n<p>Bildunterschrift:<\/p>\n<p>Der Magier, Hypnotiseur und Buchautor Thimon von Berlepsch ist ab sofort als Botschafter f\u00fcr das geplante Kinder- und Jugendhospiz Sternenlichter im Einsatz.<br \/>\n\u00a9 Foto 1: Carsten Sander \/ Foto 2: Bernd Brundert<\/p>\n<\/div>\n<\/div>\n<\/div>\n<\/div>\n<\/div>\n<\/div>\n","protected":false},"excerpt":{"rendered":"<p>Der bekannte Magier, Hypnotiseur und Buchautor Thimon von Berlepsch setzt sich ab sofort als Botschafter f\u00fcr das geplante Kinder- und Jugendhospiz Sternenlichter ein. \u201eIch unterst\u00fctze die Einrichtung als Botschafter, weil es sich neben dem lokalen Bezug zu meiner Heimat um ein Projekt handelt, das direkt ins Herz geht. Aufgewachsen in einer Gro\u00dffamilie und inzwi- schen [&hellip;]<\/p>\n","protected":false},"author":1,"featured_media":0,"comment_status":"closed","ping_status":"closed","sticky":false,"template":"","format":"standard","meta":{"saved_in_kubio":false,"footnotes":""},"categories":[1],"tags":[],"class_list":["post-1473","post","type-post","status-publish","format-standard","hentry","category-allgemein"],"yoast_head":"<!-- This site is optimized with the Yoast SEO plugin v27.5 - https:\/\/yoast.com\/product\/yoast-seo-wordpress\/ -->\n<title>Thimon von Berlepsch wird Botschafter f\u00fcr das geplante Kinder- und Jugendhospiz Sternenlichter - Radio Leinewelle<\/title>\n<meta name=\"robots\" content=\"index, follow, max-snippet:-1, max-image-preview:large, max-video-preview:-1\" \/>\n<link rel=\"canonical\" href=\"https:\/\/radioleinewelle.de\/index.php\/2020\/09\/07\/thimon-von-berlepsch-wird-botschafter-fuer-das-geplante-kinder-und-jugendhospiz-sternenlichter-ein\/\" \/>\n<meta property=\"og:locale\" content=\"de_DE\" \/>\n<meta property=\"og:type\" content=\"article\" \/>\n<meta property=\"og:title\" content=\"Thimon von Berlepsch wird Botschafter f\u00fcr das geplante Kinder- und Jugendhospiz Sternenlichter - Radio Leinewelle\" \/>\n<meta property=\"og:description\" content=\"Der bekannte Magier, Hypnotiseur und Buchautor Thimon von Berlepsch setzt sich ab sofort als Botschafter f\u00fcr das geplante Kinder- und Jugendhospiz Sternenlichter ein. \u201eIch unterst\u00fctze die Einrichtung als Botschafter, weil es sich neben dem lokalen Bezug zu meiner Heimat um ein Projekt handelt, das direkt ins Herz geht. Aufgewachsen in einer Gro\u00dffamilie und inzwi- schen [&hellip;]\" \/>\n<meta property=\"og:url\" content=\"https:\/\/radioleinewelle.de\/index.php\/2020\/09\/07\/thimon-von-berlepsch-wird-botschafter-fuer-das-geplante-kinder-und-jugendhospiz-sternenlichter-ein\/\" \/>\n<meta property=\"og:site_name\" content=\"Radio Leinewelle\" \/>\n<meta property=\"article:publisher\" content=\"https:\/\/www.facebook.com\/radioleinewelle\" \/>\n<meta property=\"article:author\" content=\"https:\/\/www.facebook.com\/radioleinewelle\" \/>\n<meta property=\"article:published_time\" content=\"2020-09-07T06:13:57+00:00\" \/>\n<meta name=\"author\" content=\"Leinewelle\" \/>\n<meta name=\"twitter:card\" content=\"summary_large_image\" \/>\n<meta name=\"twitter:creator\" content=\"@https:\/\/twitter.com\/RLeinewelle?ref_src=twsrcgoogletwcampserptwgrauthor\" \/>\n<meta name=\"twitter:site\" content=\"@RLeinewelle\" \/>\n<meta name=\"twitter:label1\" content=\"Verfasst von\" \/>\n\t<meta name=\"twitter:data1\" content=\"Leinewelle\" \/>\n\t<meta name=\"twitter:label2\" content=\"Gesch\u00e4tzte Lesezeit\" \/>\n\t<meta name=\"twitter:data2\" content=\"2\u00a0Minuten\" \/>\n<script type=\"application\/ld+json\" class=\"yoast-schema-graph\">{\"@context\":\"https:\\\/\\\/schema.org\",\"@graph\":[{\"@type\":\"Article\",\"@id\":\"https:\\\/\\\/radioleinewelle.de\\\/index.php\\\/2020\\\/09\\\/07\\\/thimon-von-berlepsch-wird-botschafter-fuer-das-geplante-kinder-und-jugendhospiz-sternenlichter-ein\\\/#article\",\"isPartOf\":{\"@id\":\"https:\\\/\\\/radioleinewelle.de\\\/index.php\\\/2020\\\/09\\\/07\\\/thimon-von-berlepsch-wird-botschafter-fuer-das-geplante-kinder-und-jugendhospiz-sternenlichter-ein\\\/\"},\"author\":{\"name\":\"Leinewelle\",\"@id\":\"https:\\\/\\\/radioleinewelle.de\\\/#\\\/schema\\\/person\\\/45606f348637df637192dc1b68399a63\"},\"headline\":\"Thimon von Berlepsch wird Botschafter f\u00fcr das geplante Kinder- und Jugendhospiz Sternenlichter\",\"datePublished\":\"2020-09-07T06:13:57+00:00\",\"mainEntityOfPage\":{\"@id\":\"https:\\\/\\\/radioleinewelle.de\\\/index.php\\\/2020\\\/09\\\/07\\\/thimon-von-berlepsch-wird-botschafter-fuer-das-geplante-kinder-und-jugendhospiz-sternenlichter-ein\\\/\"},\"wordCount\":406,\"publisher\":{\"@id\":\"https:\\\/\\\/radioleinewelle.de\\\/#organization\"},\"inLanguage\":\"de\"},{\"@type\":\"WebPage\",\"@id\":\"https:\\\/\\\/radioleinewelle.de\\\/index.php\\\/2020\\\/09\\\/07\\\/thimon-von-berlepsch-wird-botschafter-fuer-das-geplante-kinder-und-jugendhospiz-sternenlichter-ein\\\/\",\"url\":\"https:\\\/\\\/radioleinewelle.de\\\/index.php\\\/2020\\\/09\\\/07\\\/thimon-von-berlepsch-wird-botschafter-fuer-das-geplante-kinder-und-jugendhospiz-sternenlichter-ein\\\/\",\"name\":\"Thimon von Berlepsch wird Botschafter f\u00fcr das geplante Kinder- und Jugendhospiz Sternenlichter - Radio Leinewelle\",\"isPartOf\":{\"@id\":\"https:\\\/\\\/radioleinewelle.de\\\/#website\"},\"datePublished\":\"2020-09-07T06:13:57+00:00\",\"breadcrumb\":{\"@id\":\"https:\\\/\\\/radioleinewelle.de\\\/index.php\\\/2020\\\/09\\\/07\\\/thimon-von-berlepsch-wird-botschafter-fuer-das-geplante-kinder-und-jugendhospiz-sternenlichter-ein\\\/#breadcrumb\"},\"inLanguage\":\"de\",\"potentialAction\":[{\"@type\":\"ReadAction\",\"target\":[\"https:\\\/\\\/radioleinewelle.de\\\/index.php\\\/2020\\\/09\\\/07\\\/thimon-von-berlepsch-wird-botschafter-fuer-das-geplante-kinder-und-jugendhospiz-sternenlichter-ein\\\/\"]}]},{\"@type\":\"BreadcrumbList\",\"@id\":\"https:\\\/\\\/radioleinewelle.de\\\/index.php\\\/2020\\\/09\\\/07\\\/thimon-von-berlepsch-wird-botschafter-fuer-das-geplante-kinder-und-jugendhospiz-sternenlichter-ein\\\/#breadcrumb\",\"itemListElement\":[{\"@type\":\"ListItem\",\"position\":1,\"name\":\"Startseite\",\"item\":\"https:\\\/\\\/radioleinewelle.de\\\/\"},{\"@type\":\"ListItem\",\"position\":2,\"name\":\"Thimon von Berlepsch wird Botschafter f\u00fcr das geplante Kinder- und Jugendhospiz Sternenlichter\"}]},{\"@type\":\"WebSite\",\"@id\":\"https:\\\/\\\/radioleinewelle.de\\\/#website\",\"url\":\"https:\\\/\\\/radioleinewelle.de\\\/\",\"name\":\"Radio Leinewelle\",\"description\":\"\",\"publisher\":{\"@id\":\"https:\\\/\\\/radioleinewelle.de\\\/#organization\"},\"potentialAction\":[{\"@type\":\"SearchAction\",\"target\":{\"@type\":\"EntryPoint\",\"urlTemplate\":\"https:\\\/\\\/radioleinewelle.de\\\/?s={search_term_string}\"},\"query-input\":{\"@type\":\"PropertyValueSpecification\",\"valueRequired\":true,\"valueName\":\"search_term_string\"}}],\"inLanguage\":\"de\"},{\"@type\":\"Organization\",\"@id\":\"https:\\\/\\\/radioleinewelle.de\\\/#organization\",\"name\":\"Radio Leinewelle\",\"alternateName\":\"Mein Radio f\u00fcr S\u00fcdniedersachsen\",\"url\":\"https:\\\/\\\/radioleinewelle.de\\\/\",\"logo\":{\"@type\":\"ImageObject\",\"inLanguage\":\"de\",\"@id\":\"https:\\\/\\\/radioleinewelle.de\\\/#\\\/schema\\\/logo\\\/image\\\/\",\"url\":\"https:\\\/\\\/radioleinewelle.de\\\/wp-content\\\/uploads\\\/2023\\\/11\\\/cropped-Leinewelle_Logo_weiss.png\",\"contentUrl\":\"https:\\\/\\\/radioleinewelle.de\\\/wp-content\\\/uploads\\\/2023\\\/11\\\/cropped-Leinewelle_Logo_weiss.png\",\"width\":854,\"height\":260,\"caption\":\"Radio Leinewelle\"},\"image\":{\"@id\":\"https:\\\/\\\/radioleinewelle.de\\\/#\\\/schema\\\/logo\\\/image\\\/\"},\"sameAs\":[\"https:\\\/\\\/www.facebook.com\\\/radioleinewelle\",\"https:\\\/\\\/x.com\\\/RLeinewelle\",\"https:\\\/\\\/www.instagram.com\\\/radioleinewelle\\\/?hl=de\"]},{\"@type\":\"Person\",\"@id\":\"https:\\\/\\\/radioleinewelle.de\\\/#\\\/schema\\\/person\\\/45606f348637df637192dc1b68399a63\",\"name\":\"Leinewelle\",\"image\":{\"@type\":\"ImageObject\",\"inLanguage\":\"de\",\"@id\":\"https:\\\/\\\/secure.gravatar.com\\\/avatar\\\/05c9a17bc973052ee5d91549bd32fb4dd0dc85b7b85ae94b2e2b4943476bbea5?s=96&d=blank&r=g\",\"url\":\"https:\\\/\\\/secure.gravatar.com\\\/avatar\\\/05c9a17bc973052ee5d91549bd32fb4dd0dc85b7b85ae94b2e2b4943476bbea5?s=96&d=blank&r=g\",\"contentUrl\":\"https:\\\/\\\/secure.gravatar.com\\\/avatar\\\/05c9a17bc973052ee5d91549bd32fb4dd0dc85b7b85ae94b2e2b4943476bbea5?s=96&d=blank&r=g\",\"caption\":\"Leinewelle\"},\"sameAs\":[\"http:\\\/\\\/localhost\\\/radio%20leinewelle\\\/wordpress\",\"https:\\\/\\\/www.facebook.com\\\/radioleinewelle\",\"https:\\\/\\\/www.instagram.com\\\/radioleinewelle\",\"https:\\\/\\\/x.com\\\/https:\\\/\\\/twitter.com\\\/RLeinewelle?ref_src=twsrcgoogletwcampserptwgrauthor\",\"https:\\\/\\\/soundcloud.com\\\/foerderverein-lokalradio?utm_source=clipboard&utm_medium=text&utm_campaign=social_sharing\"],\"url\":\"https:\\\/\\\/radioleinewelle.de\\\/index.php\\\/author\\\/leinewelle\\\/\"}]}<\/script>\n<!-- \/ Yoast SEO plugin. -->","yoast_head_json":{"title":"Thimon von Berlepsch wird Botschafter f\u00fcr das geplante Kinder- und Jugendhospiz Sternenlichter - Radio Leinewelle","robots":{"index":"index","follow":"follow","max-snippet":"max-snippet:-1","max-image-preview":"max-image-preview:large","max-video-preview":"max-video-preview:-1"},"canonical":"https:\/\/radioleinewelle.de\/index.php\/2020\/09\/07\/thimon-von-berlepsch-wird-botschafter-fuer-das-geplante-kinder-und-jugendhospiz-sternenlichter-ein\/","og_locale":"de_DE","og_type":"article","og_title":"Thimon von Berlepsch wird Botschafter f\u00fcr das geplante Kinder- und Jugendhospiz Sternenlichter - Radio Leinewelle","og_description":"Der bekannte Magier, Hypnotiseur und Buchautor Thimon von Berlepsch setzt sich ab sofort als Botschafter f\u00fcr das geplante Kinder- und Jugendhospiz Sternenlichter ein. \u201eIch unterst\u00fctze die Einrichtung als Botschafter, weil es sich neben dem lokalen Bezug zu meiner Heimat um ein Projekt handelt, das direkt ins Herz geht. Aufgewachsen in einer Gro\u00dffamilie und inzwi- schen [&hellip;]","og_url":"https:\/\/radioleinewelle.de\/index.php\/2020\/09\/07\/thimon-von-berlepsch-wird-botschafter-fuer-das-geplante-kinder-und-jugendhospiz-sternenlichter-ein\/","og_site_name":"Radio Leinewelle","article_publisher":"https:\/\/www.facebook.com\/radioleinewelle","article_author":"https:\/\/www.facebook.com\/radioleinewelle","article_published_time":"2020-09-07T06:13:57+00:00","author":"Leinewelle","twitter_card":"summary_large_image","twitter_creator":"@https:\/\/twitter.com\/RLeinewelle?ref_src=twsrcgoogletwcampserptwgrauthor","twitter_site":"@RLeinewelle","twitter_misc":{"Verfasst von":"Leinewelle","Gesch\u00e4tzte Lesezeit":"2\u00a0Minuten"},"schema":{"@context":"https:\/\/schema.org","@graph":[{"@type":"Article","@id":"https:\/\/radioleinewelle.de\/index.php\/2020\/09\/07\/thimon-von-berlepsch-wird-botschafter-fuer-das-geplante-kinder-und-jugendhospiz-sternenlichter-ein\/#article","isPartOf":{"@id":"https:\/\/radioleinewelle.de\/index.php\/2020\/09\/07\/thimon-von-berlepsch-wird-botschafter-fuer-das-geplante-kinder-und-jugendhospiz-sternenlichter-ein\/"},"author":{"name":"Leinewelle","@id":"https:\/\/radioleinewelle.de\/#\/schema\/person\/45606f348637df637192dc1b68399a63"},"headline":"Thimon von Berlepsch wird Botschafter f\u00fcr das geplante Kinder- und Jugendhospiz Sternenlichter","datePublished":"2020-09-07T06:13:57+00:00","mainEntityOfPage":{"@id":"https:\/\/radioleinewelle.de\/index.php\/2020\/09\/07\/thimon-von-berlepsch-wird-botschafter-fuer-das-geplante-kinder-und-jugendhospiz-sternenlichter-ein\/"},"wordCount":406,"publisher":{"@id":"https:\/\/radioleinewelle.de\/#organization"},"inLanguage":"de"},{"@type":"WebPage","@id":"https:\/\/radioleinewelle.de\/index.php\/2020\/09\/07\/thimon-von-berlepsch-wird-botschafter-fuer-das-geplante-kinder-und-jugendhospiz-sternenlichter-ein\/","url":"https:\/\/radioleinewelle.de\/index.php\/2020\/09\/07\/thimon-von-berlepsch-wird-botschafter-fuer-das-geplante-kinder-und-jugendhospiz-sternenlichter-ein\/","name":"Thimon von Berlepsch wird Botschafter f\u00fcr das geplante Kinder- und Jugendhospiz Sternenlichter - Radio Leinewelle","isPartOf":{"@id":"https:\/\/radioleinewelle.de\/#website"},"datePublished":"2020-09-07T06:13:57+00:00","breadcrumb":{"@id":"https:\/\/radioleinewelle.de\/index.php\/2020\/09\/07\/thimon-von-berlepsch-wird-botschafter-fuer-das-geplante-kinder-und-jugendhospiz-sternenlichter-ein\/#breadcrumb"},"inLanguage":"de","potentialAction":[{"@type":"ReadAction","target":["https:\/\/radioleinewelle.de\/index.php\/2020\/09\/07\/thimon-von-berlepsch-wird-botschafter-fuer-das-geplante-kinder-und-jugendhospiz-sternenlichter-ein\/"]}]},{"@type":"BreadcrumbList","@id":"https:\/\/radioleinewelle.de\/index.php\/2020\/09\/07\/thimon-von-berlepsch-wird-botschafter-fuer-das-geplante-kinder-und-jugendhospiz-sternenlichter-ein\/#breadcrumb","itemListElement":[{"@type":"ListItem","position":1,"name":"Startseite","item":"https:\/\/radioleinewelle.de\/"},{"@type":"ListItem","position":2,"name":"Thimon von Berlepsch wird Botschafter f\u00fcr das geplante Kinder- und Jugendhospiz Sternenlichter"}]},{"@type":"WebSite","@id":"https:\/\/radioleinewelle.de\/#website","url":"https:\/\/radioleinewelle.de\/","name":"Radio Leinewelle","description":"","publisher":{"@id":"https:\/\/radioleinewelle.de\/#organization"},"potentialAction":[{"@type":"SearchAction","target":{"@type":"EntryPoint","urlTemplate":"https:\/\/radioleinewelle.de\/?s={search_term_string}"},"query-input":{"@type":"PropertyValueSpecification","valueRequired":true,"valueName":"search_term_string"}}],"inLanguage":"de"},{"@type":"Organization","@id":"https:\/\/radioleinewelle.de\/#organization","name":"Radio Leinewelle","alternateName":"Mein Radio f\u00fcr S\u00fcdniedersachsen","url":"https:\/\/radioleinewelle.de\/","logo":{"@type":"ImageObject","inLanguage":"de","@id":"https:\/\/radioleinewelle.de\/#\/schema\/logo\/image\/","url":"https:\/\/radioleinewelle.de\/wp-content\/uploads\/2023\/11\/cropped-Leinewelle_Logo_weiss.png","contentUrl":"https:\/\/radioleinewelle.de\/wp-content\/uploads\/2023\/11\/cropped-Leinewelle_Logo_weiss.png","width":854,"height":260,"caption":"Radio Leinewelle"},"image":{"@id":"https:\/\/radioleinewelle.de\/#\/schema\/logo\/image\/"},"sameAs":["https:\/\/www.facebook.com\/radioleinewelle","https:\/\/x.com\/RLeinewelle","https:\/\/www.instagram.com\/radioleinewelle\/?hl=de"]},{"@type":"Person","@id":"https:\/\/radioleinewelle.de\/#\/schema\/person\/45606f348637df637192dc1b68399a63","name":"Leinewelle","image":{"@type":"ImageObject","inLanguage":"de","@id":"https:\/\/secure.gravatar.com\/avatar\/05c9a17bc973052ee5d91549bd32fb4dd0dc85b7b85ae94b2e2b4943476bbea5?s=96&d=blank&r=g","url":"https:\/\/secure.gravatar.com\/avatar\/05c9a17bc973052ee5d91549bd32fb4dd0dc85b7b85ae94b2e2b4943476bbea5?s=96&d=blank&r=g","contentUrl":"https:\/\/secure.gravatar.com\/avatar\/05c9a17bc973052ee5d91549bd32fb4dd0dc85b7b85ae94b2e2b4943476bbea5?s=96&d=blank&r=g","caption":"Leinewelle"},"sameAs":["http:\/\/localhost\/radio%20leinewelle\/wordpress","https:\/\/www.facebook.com\/radioleinewelle","https:\/\/www.instagram.com\/radioleinewelle","https:\/\/x.com\/https:\/\/twitter.com\/RLeinewelle?ref_src=twsrcgoogletwcampserptwgrauthor","https:\/\/soundcloud.com\/foerderverein-lokalradio?utm_source=clipboard&utm_medium=text&utm_campaign=social_sharing"],"url":"https:\/\/radioleinewelle.de\/index.php\/author\/leinewelle\/"}]}},"_links":{"self":[{"href":"https:\/\/radioleinewelle.de\/index.php\/wp-json\/wp\/v2\/posts\/1473","targetHints":{"allow":["GET"]}}],"collection":[{"href":"https:\/\/radioleinewelle.de\/index.php\/wp-json\/wp\/v2\/posts"}],"about":[{"href":"https:\/\/radioleinewelle.de\/index.php\/wp-json\/wp\/v2\/types\/post"}],"author":[{"embeddable":true,"href":"https:\/\/radioleinewelle.de\/index.php\/wp-json\/wp\/v2\/users\/1"}],"replies":[{"embeddable":true,"href":"https:\/\/radioleinewelle.de\/index.php\/wp-json\/wp\/v2\/comments?post=1473"}],"version-history":[{"count":0,"href":"https:\/\/radioleinewelle.de\/index.php\/wp-json\/wp\/v2\/posts\/1473\/revisions"}],"wp:attachment":[{"href":"https:\/\/radioleinewelle.de\/index.php\/wp-json\/wp\/v2\/media?parent=1473"}],"wp:term":[{"taxonomy":"category","embeddable":true,"href":"https:\/\/radioleinewelle.de\/index.php\/wp-json\/wp\/v2\/categories?post=1473"},{"taxonomy":"post_tag","embeddable":true,"href":"https:\/\/radioleinewelle.de\/index.php\/wp-json\/wp\/v2\/tags?post=1473"}],"curies":[{"name":"wp","href":"https:\/\/api.w.org\/{rel}","templated":true}]}}