{"id":1479,"date":"2020-09-08T10:32:52","date_gmt":"2020-09-08T08:32:52","guid":{"rendered":"https:\/\/radioleinewelle.de\/?p=1479"},"modified":"2020-09-08T10:32:52","modified_gmt":"2020-09-08T08:32:52","slug":"corona-semester-niedersachsen-erwaegt-verlaengerung-der-regelstudienzeit","status":"publish","type":"post","link":"https:\/\/radioleinewelle.de\/index.php\/2020\/09\/08\/corona-semester-niedersachsen-erwaegt-verlaengerung-der-regelstudienzeit\/","title":{"rendered":"&#8222;Corona-Semester&#8220;: Niedersachsen erw\u00e4gt Verl\u00e4ngerung der Regelstudienzeit"},"content":{"rendered":"<p>Hannover. Niedersachsens Wissenschaftsminister Bj\u00f6rn Th\u00fcmler erw\u00e4gt, den etwa 210.000 Studierenden im Land wegen der Corona-Pandemie mit einem Freisemester entgegenzukommen. &#8222;Ich halte eine Verl\u00e4ngerung der Regelstudienzeit f\u00fcr denkbar&#8220;, erkl\u00e4rte der CDU-Politiker gegen\u00fcber der &#8222;Neuen Osnabr\u00fccker Zeitung&#8220; (NOZ). Gleichzeitig f\u00fcgte der 49-J\u00e4hrige, der von 1991 bis 2000 Politikwissenschaft und Geschichte in Hannover und Oldenburg studiert hatte, hinzu: &#8222;Dabei muss klar sein, dass es insgesamt bis zur R\u00fcckkehr in einen Regelbetrieb nur eine einmalige Verl\u00e4ngerung um ein Semester geben wird.&#8220; W\u00fcrde die Regelstudienzeit verl\u00e4ngert, w\u00fcrde etwa auch die F\u00f6rderh\u00f6chstdauer des Baf\u00f6g um ein Semester erh\u00f6ht. Eine Erstattung der Semestergeb\u00fchren f\u00fcr das &#8222;Corona-Semester&#8220; kommt f\u00fcr Th\u00fcmler indes nicht in Betracht. &#8222;Es wird keine Geldr\u00fcckfl\u00fcsse geben&#8220;, stellte der Minister klar.Th\u00fcmler will zudem &#8222;Schnellsch\u00fcsse vermeiden&#8220; und das vergangene Sommersemester und das kommende Wintersemester zusammen betrachten. Beim kommenden Wintersemester werde es sich um ein Hybrid-Semester handeln, einer Mischung aus Uni-Besuch und digitalen Formaten also. F\u00fcr die Forderung, das &#8222;Corona-Semester&#8220; nicht auf die Regelstudienzeit anzurechnen, waren vor einigen Tagen Studierende in Hannover auf die Stra\u00dfe gegangen.Der Minister aus der Wesermarsch k\u00fcndigte zugleich Entlastungen f\u00fcr Erstsemester an. Sie sollen vorrangig an Pr\u00e4senzveranstaltungen teilnehmen k\u00f6nnen. Unis sollen zudem die M\u00f6glichkeit bekommen, die Langzeitstudiengeb\u00fchren f\u00fcr ein Semester zu erlassen. Ein entsprechender Passus werde in die Novelle des Nieders\u00e4chsischen Hochschulgesetzes eingef\u00fcgt. Im Bereich der Pr\u00fcfungen h\u00e4tten die Hochschulen au\u00dferdem die Freiheit, andere Formate zu w\u00e4hlen, Pr\u00fcfungen zu verschieben oder nachzuholen. Nach Angaben des Wissenschaftsministeriums investiert Niedersachsen \u00fcberdies in kurzer Zeit mehr als 25 Millionen Euro in die Digitalisierung der Hochschulen.<\/p>\n","protected":false},"excerpt":{"rendered":"<p>Hannover. Niedersachsens Wissenschaftsminister Bj\u00f6rn Th\u00fcmler erw\u00e4gt, den etwa 210.000 Studierenden im Land wegen der Corona-Pandemie mit einem Freisemester entgegenzukommen. &#8222;Ich halte eine Verl\u00e4ngerung der Regelstudienzeit f\u00fcr denkbar&#8220;, erkl\u00e4rte der CDU-Politiker gegen\u00fcber der &#8222;Neuen Osnabr\u00fccker Zeitung&#8220; (NOZ). Gleichzeitig f\u00fcgte der 49-J\u00e4hrige, der von 1991 bis 2000 Politikwissenschaft und Geschichte in Hannover und Oldenburg studiert hatte, hinzu: [&hellip;]<\/p>\n","protected":false},"author":1,"featured_media":1499,"comment_status":"closed","ping_status":"closed","sticky":false,"template":"","format":"standard","meta":{"saved_in_kubio":false,"footnotes":""},"categories":[1],"tags":[],"class_list":["post-1479","post","type-post","status-publish","format-standard","has-post-thumbnail","hentry","category-allgemein"],"yoast_head":"<!-- This site is optimized with the Yoast SEO plugin v27.5 - https:\/\/yoast.com\/product\/yoast-seo-wordpress\/ -->\n<title>&quot;Corona-Semester&quot;: Niedersachsen erw\u00e4gt Verl\u00e4ngerung der Regelstudienzeit - Radio Leinewelle<\/title>\n<meta name=\"robots\" content=\"index, follow, max-snippet:-1, max-image-preview:large, max-video-preview:-1\" \/>\n<link rel=\"canonical\" href=\"https:\/\/radioleinewelle.de\/index.php\/2020\/09\/08\/corona-semester-niedersachsen-erwaegt-verlaengerung-der-regelstudienzeit\/\" \/>\n<meta property=\"og:locale\" content=\"de_DE\" \/>\n<meta property=\"og:type\" content=\"article\" \/>\n<meta property=\"og:title\" content=\"&quot;Corona-Semester&quot;: Niedersachsen erw\u00e4gt Verl\u00e4ngerung der Regelstudienzeit - Radio Leinewelle\" \/>\n<meta property=\"og:description\" content=\"Hannover. Niedersachsens Wissenschaftsminister Bj\u00f6rn Th\u00fcmler erw\u00e4gt, den etwa 210.000 Studierenden im Land wegen der Corona-Pandemie mit einem Freisemester entgegenzukommen. &#8222;Ich halte eine Verl\u00e4ngerung der Regelstudienzeit f\u00fcr denkbar&#8220;, erkl\u00e4rte der CDU-Politiker gegen\u00fcber der &#8222;Neuen Osnabr\u00fccker Zeitung&#8220; (NOZ). Gleichzeitig f\u00fcgte der 49-J\u00e4hrige, der von 1991 bis 2000 Politikwissenschaft und Geschichte in Hannover und Oldenburg studiert hatte, hinzu: [&hellip;]\" \/>\n<meta property=\"og:url\" content=\"https:\/\/radioleinewelle.de\/index.php\/2020\/09\/08\/corona-semester-niedersachsen-erwaegt-verlaengerung-der-regelstudienzeit\/\" \/>\n<meta property=\"og:site_name\" content=\"Radio Leinewelle\" \/>\n<meta property=\"article:publisher\" content=\"https:\/\/www.facebook.com\/radioleinewelle\" \/>\n<meta property=\"article:author\" content=\"https:\/\/www.facebook.com\/radioleinewelle\" \/>\n<meta property=\"article:published_time\" content=\"2020-09-08T08:32:52+00:00\" \/>\n<meta property=\"og:image\" content=\"https:\/\/radioleinewelle.de\/wp-content\/uploads\/2020\/09\/university-105709_640.jpg\" \/>\n\t<meta property=\"og:image:width\" content=\"640\" \/>\n\t<meta property=\"og:image:height\" content=\"480\" \/>\n\t<meta property=\"og:image:type\" content=\"image\/jpeg\" \/>\n<meta name=\"author\" content=\"Leinewelle\" \/>\n<meta name=\"twitter:card\" content=\"summary_large_image\" \/>\n<meta name=\"twitter:creator\" content=\"@https:\/\/twitter.com\/RLeinewelle?ref_src=twsrcgoogletwcampserptwgrauthor\" \/>\n<meta name=\"twitter:site\" content=\"@RLeinewelle\" \/>\n<meta name=\"twitter:label1\" content=\"Verfasst von\" \/>\n\t<meta name=\"twitter:data1\" content=\"Leinewelle\" \/>\n\t<meta name=\"twitter:label2\" content=\"Gesch\u00e4tzte Lesezeit\" \/>\n\t<meta name=\"twitter:data2\" content=\"1\u00a0Minute\" \/>\n<script type=\"application\/ld+json\" class=\"yoast-schema-graph\">{\"@context\":\"https:\\\/\\\/schema.org\",\"@graph\":[{\"@type\":\"Article\",\"@id\":\"https:\\\/\\\/radioleinewelle.de\\\/index.php\\\/2020\\\/09\\\/08\\\/corona-semester-niedersachsen-erwaegt-verlaengerung-der-regelstudienzeit\\\/#article\",\"isPartOf\":{\"@id\":\"https:\\\/\\\/radioleinewelle.de\\\/index.php\\\/2020\\\/09\\\/08\\\/corona-semester-niedersachsen-erwaegt-verlaengerung-der-regelstudienzeit\\\/\"},\"author\":{\"name\":\"Leinewelle\",\"@id\":\"https:\\\/\\\/radioleinewelle.de\\\/#\\\/schema\\\/person\\\/45606f348637df637192dc1b68399a63\"},\"headline\":\"&#8222;Corona-Semester&#8220;: Niedersachsen erw\u00e4gt Verl\u00e4ngerung der Regelstudienzeit\",\"datePublished\":\"2020-09-08T08:32:52+00:00\",\"mainEntityOfPage\":{\"@id\":\"https:\\\/\\\/radioleinewelle.de\\\/index.php\\\/2020\\\/09\\\/08\\\/corona-semester-niedersachsen-erwaegt-verlaengerung-der-regelstudienzeit\\\/\"},\"wordCount\":297,\"publisher\":{\"@id\":\"https:\\\/\\\/radioleinewelle.de\\\/#organization\"},\"image\":{\"@id\":\"https:\\\/\\\/radioleinewelle.de\\\/index.php\\\/2020\\\/09\\\/08\\\/corona-semester-niedersachsen-erwaegt-verlaengerung-der-regelstudienzeit\\\/#primaryimage\"},\"thumbnailUrl\":\"https:\\\/\\\/radioleinewelle.de\\\/wp-content\\\/uploads\\\/2020\\\/09\\\/university-105709_640.jpg\",\"inLanguage\":\"de\"},{\"@type\":\"WebPage\",\"@id\":\"https:\\\/\\\/radioleinewelle.de\\\/index.php\\\/2020\\\/09\\\/08\\\/corona-semester-niedersachsen-erwaegt-verlaengerung-der-regelstudienzeit\\\/\",\"url\":\"https:\\\/\\\/radioleinewelle.de\\\/index.php\\\/2020\\\/09\\\/08\\\/corona-semester-niedersachsen-erwaegt-verlaengerung-der-regelstudienzeit\\\/\",\"name\":\"\\\"Corona-Semester\\\": Niedersachsen erw\u00e4gt Verl\u00e4ngerung der Regelstudienzeit - Radio Leinewelle\",\"isPartOf\":{\"@id\":\"https:\\\/\\\/radioleinewelle.de\\\/#website\"},\"primaryImageOfPage\":{\"@id\":\"https:\\\/\\\/radioleinewelle.de\\\/index.php\\\/2020\\\/09\\\/08\\\/corona-semester-niedersachsen-erwaegt-verlaengerung-der-regelstudienzeit\\\/#primaryimage\"},\"image\":{\"@id\":\"https:\\\/\\\/radioleinewelle.de\\\/index.php\\\/2020\\\/09\\\/08\\\/corona-semester-niedersachsen-erwaegt-verlaengerung-der-regelstudienzeit\\\/#primaryimage\"},\"thumbnailUrl\":\"https:\\\/\\\/radioleinewelle.de\\\/wp-content\\\/uploads\\\/2020\\\/09\\\/university-105709_640.jpg\",\"datePublished\":\"2020-09-08T08:32:52+00:00\",\"breadcrumb\":{\"@id\":\"https:\\\/\\\/radioleinewelle.de\\\/index.php\\\/2020\\\/09\\\/08\\\/corona-semester-niedersachsen-erwaegt-verlaengerung-der-regelstudienzeit\\\/#breadcrumb\"},\"inLanguage\":\"de\",\"potentialAction\":[{\"@type\":\"ReadAction\",\"target\":[\"https:\\\/\\\/radioleinewelle.de\\\/index.php\\\/2020\\\/09\\\/08\\\/corona-semester-niedersachsen-erwaegt-verlaengerung-der-regelstudienzeit\\\/\"]}]},{\"@type\":\"ImageObject\",\"inLanguage\":\"de\",\"@id\":\"https:\\\/\\\/radioleinewelle.de\\\/index.php\\\/2020\\\/09\\\/08\\\/corona-semester-niedersachsen-erwaegt-verlaengerung-der-regelstudienzeit\\\/#primaryimage\",\"url\":\"https:\\\/\\\/radioleinewelle.de\\\/wp-content\\\/uploads\\\/2020\\\/09\\\/university-105709_640.jpg\",\"contentUrl\":\"https:\\\/\\\/radioleinewelle.de\\\/wp-content\\\/uploads\\\/2020\\\/09\\\/university-105709_640.jpg\",\"width\":640,\"height\":480},{\"@type\":\"BreadcrumbList\",\"@id\":\"https:\\\/\\\/radioleinewelle.de\\\/index.php\\\/2020\\\/09\\\/08\\\/corona-semester-niedersachsen-erwaegt-verlaengerung-der-regelstudienzeit\\\/#breadcrumb\",\"itemListElement\":[{\"@type\":\"ListItem\",\"position\":1,\"name\":\"Startseite\",\"item\":\"https:\\\/\\\/radioleinewelle.de\\\/\"},{\"@type\":\"ListItem\",\"position\":2,\"name\":\"&#8222;Corona-Semester&#8220;: Niedersachsen erw\u00e4gt Verl\u00e4ngerung der Regelstudienzeit\"}]},{\"@type\":\"WebSite\",\"@id\":\"https:\\\/\\\/radioleinewelle.de\\\/#website\",\"url\":\"https:\\\/\\\/radioleinewelle.de\\\/\",\"name\":\"Radio Leinewelle\",\"description\":\"\",\"publisher\":{\"@id\":\"https:\\\/\\\/radioleinewelle.de\\\/#organization\"},\"potentialAction\":[{\"@type\":\"SearchAction\",\"target\":{\"@type\":\"EntryPoint\",\"urlTemplate\":\"https:\\\/\\\/radioleinewelle.de\\\/?s={search_term_string}\"},\"query-input\":{\"@type\":\"PropertyValueSpecification\",\"valueRequired\":true,\"valueName\":\"search_term_string\"}}],\"inLanguage\":\"de\"},{\"@type\":\"Organization\",\"@id\":\"https:\\\/\\\/radioleinewelle.de\\\/#organization\",\"name\":\"Radio Leinewelle\",\"alternateName\":\"Mein Radio f\u00fcr S\u00fcdniedersachsen\",\"url\":\"https:\\\/\\\/radioleinewelle.de\\\/\",\"logo\":{\"@type\":\"ImageObject\",\"inLanguage\":\"de\",\"@id\":\"https:\\\/\\\/radioleinewelle.de\\\/#\\\/schema\\\/logo\\\/image\\\/\",\"url\":\"https:\\\/\\\/radioleinewelle.de\\\/wp-content\\\/uploads\\\/2023\\\/11\\\/cropped-Leinewelle_Logo_weiss.png\",\"contentUrl\":\"https:\\\/\\\/radioleinewelle.de\\\/wp-content\\\/uploads\\\/2023\\\/11\\\/cropped-Leinewelle_Logo_weiss.png\",\"width\":854,\"height\":260,\"caption\":\"Radio Leinewelle\"},\"image\":{\"@id\":\"https:\\\/\\\/radioleinewelle.de\\\/#\\\/schema\\\/logo\\\/image\\\/\"},\"sameAs\":[\"https:\\\/\\\/www.facebook.com\\\/radioleinewelle\",\"https:\\\/\\\/x.com\\\/RLeinewelle\",\"https:\\\/\\\/www.instagram.com\\\/radioleinewelle\\\/?hl=de\"]},{\"@type\":\"Person\",\"@id\":\"https:\\\/\\\/radioleinewelle.de\\\/#\\\/schema\\\/person\\\/45606f348637df637192dc1b68399a63\",\"name\":\"Leinewelle\",\"image\":{\"@type\":\"ImageObject\",\"inLanguage\":\"de\",\"@id\":\"https:\\\/\\\/secure.gravatar.com\\\/avatar\\\/05c9a17bc973052ee5d91549bd32fb4dd0dc85b7b85ae94b2e2b4943476bbea5?s=96&d=blank&r=g\",\"url\":\"https:\\\/\\\/secure.gravatar.com\\\/avatar\\\/05c9a17bc973052ee5d91549bd32fb4dd0dc85b7b85ae94b2e2b4943476bbea5?s=96&d=blank&r=g\",\"contentUrl\":\"https:\\\/\\\/secure.gravatar.com\\\/avatar\\\/05c9a17bc973052ee5d91549bd32fb4dd0dc85b7b85ae94b2e2b4943476bbea5?s=96&d=blank&r=g\",\"caption\":\"Leinewelle\"},\"sameAs\":[\"http:\\\/\\\/localhost\\\/radio%20leinewelle\\\/wordpress\",\"https:\\\/\\\/www.facebook.com\\\/radioleinewelle\",\"https:\\\/\\\/www.instagram.com\\\/radioleinewelle\",\"https:\\\/\\\/x.com\\\/https:\\\/\\\/twitter.com\\\/RLeinewelle?ref_src=twsrcgoogletwcampserptwgrauthor\",\"https:\\\/\\\/soundcloud.com\\\/foerderverein-lokalradio?utm_source=clipboard&utm_medium=text&utm_campaign=social_sharing\"],\"url\":\"https:\\\/\\\/radioleinewelle.de\\\/index.php\\\/author\\\/leinewelle\\\/\"}]}<\/script>\n<!-- \/ Yoast SEO plugin. -->","yoast_head_json":{"title":"\"Corona-Semester\": Niedersachsen erw\u00e4gt Verl\u00e4ngerung der Regelstudienzeit - Radio Leinewelle","robots":{"index":"index","follow":"follow","max-snippet":"max-snippet:-1","max-image-preview":"max-image-preview:large","max-video-preview":"max-video-preview:-1"},"canonical":"https:\/\/radioleinewelle.de\/index.php\/2020\/09\/08\/corona-semester-niedersachsen-erwaegt-verlaengerung-der-regelstudienzeit\/","og_locale":"de_DE","og_type":"article","og_title":"\"Corona-Semester\": Niedersachsen erw\u00e4gt Verl\u00e4ngerung der Regelstudienzeit - Radio Leinewelle","og_description":"Hannover. Niedersachsens Wissenschaftsminister Bj\u00f6rn Th\u00fcmler erw\u00e4gt, den etwa 210.000 Studierenden im Land wegen der Corona-Pandemie mit einem Freisemester entgegenzukommen. &#8222;Ich halte eine Verl\u00e4ngerung der Regelstudienzeit f\u00fcr denkbar&#8220;, erkl\u00e4rte der CDU-Politiker gegen\u00fcber der &#8222;Neuen Osnabr\u00fccker Zeitung&#8220; (NOZ). Gleichzeitig f\u00fcgte der 49-J\u00e4hrige, der von 1991 bis 2000 Politikwissenschaft und Geschichte in Hannover und Oldenburg studiert hatte, hinzu: [&hellip;]","og_url":"https:\/\/radioleinewelle.de\/index.php\/2020\/09\/08\/corona-semester-niedersachsen-erwaegt-verlaengerung-der-regelstudienzeit\/","og_site_name":"Radio Leinewelle","article_publisher":"https:\/\/www.facebook.com\/radioleinewelle","article_author":"https:\/\/www.facebook.com\/radioleinewelle","article_published_time":"2020-09-08T08:32:52+00:00","og_image":[{"width":640,"height":480,"url":"https:\/\/radioleinewelle.de\/wp-content\/uploads\/2020\/09\/university-105709_640.jpg","type":"image\/jpeg"}],"author":"Leinewelle","twitter_card":"summary_large_image","twitter_creator":"@https:\/\/twitter.com\/RLeinewelle?ref_src=twsrcgoogletwcampserptwgrauthor","twitter_site":"@RLeinewelle","twitter_misc":{"Verfasst von":"Leinewelle","Gesch\u00e4tzte Lesezeit":"1\u00a0Minute"},"schema":{"@context":"https:\/\/schema.org","@graph":[{"@type":"Article","@id":"https:\/\/radioleinewelle.de\/index.php\/2020\/09\/08\/corona-semester-niedersachsen-erwaegt-verlaengerung-der-regelstudienzeit\/#article","isPartOf":{"@id":"https:\/\/radioleinewelle.de\/index.php\/2020\/09\/08\/corona-semester-niedersachsen-erwaegt-verlaengerung-der-regelstudienzeit\/"},"author":{"name":"Leinewelle","@id":"https:\/\/radioleinewelle.de\/#\/schema\/person\/45606f348637df637192dc1b68399a63"},"headline":"&#8222;Corona-Semester&#8220;: Niedersachsen erw\u00e4gt Verl\u00e4ngerung der Regelstudienzeit","datePublished":"2020-09-08T08:32:52+00:00","mainEntityOfPage":{"@id":"https:\/\/radioleinewelle.de\/index.php\/2020\/09\/08\/corona-semester-niedersachsen-erwaegt-verlaengerung-der-regelstudienzeit\/"},"wordCount":297,"publisher":{"@id":"https:\/\/radioleinewelle.de\/#organization"},"image":{"@id":"https:\/\/radioleinewelle.de\/index.php\/2020\/09\/08\/corona-semester-niedersachsen-erwaegt-verlaengerung-der-regelstudienzeit\/#primaryimage"},"thumbnailUrl":"https:\/\/radioleinewelle.de\/wp-content\/uploads\/2020\/09\/university-105709_640.jpg","inLanguage":"de"},{"@type":"WebPage","@id":"https:\/\/radioleinewelle.de\/index.php\/2020\/09\/08\/corona-semester-niedersachsen-erwaegt-verlaengerung-der-regelstudienzeit\/","url":"https:\/\/radioleinewelle.de\/index.php\/2020\/09\/08\/corona-semester-niedersachsen-erwaegt-verlaengerung-der-regelstudienzeit\/","name":"\"Corona-Semester\": Niedersachsen erw\u00e4gt Verl\u00e4ngerung der Regelstudienzeit - Radio Leinewelle","isPartOf":{"@id":"https:\/\/radioleinewelle.de\/#website"},"primaryImageOfPage":{"@id":"https:\/\/radioleinewelle.de\/index.php\/2020\/09\/08\/corona-semester-niedersachsen-erwaegt-verlaengerung-der-regelstudienzeit\/#primaryimage"},"image":{"@id":"https:\/\/radioleinewelle.de\/index.php\/2020\/09\/08\/corona-semester-niedersachsen-erwaegt-verlaengerung-der-regelstudienzeit\/#primaryimage"},"thumbnailUrl":"https:\/\/radioleinewelle.de\/wp-content\/uploads\/2020\/09\/university-105709_640.jpg","datePublished":"2020-09-08T08:32:52+00:00","breadcrumb":{"@id":"https:\/\/radioleinewelle.de\/index.php\/2020\/09\/08\/corona-semester-niedersachsen-erwaegt-verlaengerung-der-regelstudienzeit\/#breadcrumb"},"inLanguage":"de","potentialAction":[{"@type":"ReadAction","target":["https:\/\/radioleinewelle.de\/index.php\/2020\/09\/08\/corona-semester-niedersachsen-erwaegt-verlaengerung-der-regelstudienzeit\/"]}]},{"@type":"ImageObject","inLanguage":"de","@id":"https:\/\/radioleinewelle.de\/index.php\/2020\/09\/08\/corona-semester-niedersachsen-erwaegt-verlaengerung-der-regelstudienzeit\/#primaryimage","url":"https:\/\/radioleinewelle.de\/wp-content\/uploads\/2020\/09\/university-105709_640.jpg","contentUrl":"https:\/\/radioleinewelle.de\/wp-content\/uploads\/2020\/09\/university-105709_640.jpg","width":640,"height":480},{"@type":"BreadcrumbList","@id":"https:\/\/radioleinewelle.de\/index.php\/2020\/09\/08\/corona-semester-niedersachsen-erwaegt-verlaengerung-der-regelstudienzeit\/#breadcrumb","itemListElement":[{"@type":"ListItem","position":1,"name":"Startseite","item":"https:\/\/radioleinewelle.de\/"},{"@type":"ListItem","position":2,"name":"&#8222;Corona-Semester&#8220;: Niedersachsen erw\u00e4gt Verl\u00e4ngerung der Regelstudienzeit"}]},{"@type":"WebSite","@id":"https:\/\/radioleinewelle.de\/#website","url":"https:\/\/radioleinewelle.de\/","name":"Radio Leinewelle","description":"","publisher":{"@id":"https:\/\/radioleinewelle.de\/#organization"},"potentialAction":[{"@type":"SearchAction","target":{"@type":"EntryPoint","urlTemplate":"https:\/\/radioleinewelle.de\/?s={search_term_string}"},"query-input":{"@type":"PropertyValueSpecification","valueRequired":true,"valueName":"search_term_string"}}],"inLanguage":"de"},{"@type":"Organization","@id":"https:\/\/radioleinewelle.de\/#organization","name":"Radio Leinewelle","alternateName":"Mein Radio f\u00fcr S\u00fcdniedersachsen","url":"https:\/\/radioleinewelle.de\/","logo":{"@type":"ImageObject","inLanguage":"de","@id":"https:\/\/radioleinewelle.de\/#\/schema\/logo\/image\/","url":"https:\/\/radioleinewelle.de\/wp-content\/uploads\/2023\/11\/cropped-Leinewelle_Logo_weiss.png","contentUrl":"https:\/\/radioleinewelle.de\/wp-content\/uploads\/2023\/11\/cropped-Leinewelle_Logo_weiss.png","width":854,"height":260,"caption":"Radio Leinewelle"},"image":{"@id":"https:\/\/radioleinewelle.de\/#\/schema\/logo\/image\/"},"sameAs":["https:\/\/www.facebook.com\/radioleinewelle","https:\/\/x.com\/RLeinewelle","https:\/\/www.instagram.com\/radioleinewelle\/?hl=de"]},{"@type":"Person","@id":"https:\/\/radioleinewelle.de\/#\/schema\/person\/45606f348637df637192dc1b68399a63","name":"Leinewelle","image":{"@type":"ImageObject","inLanguage":"de","@id":"https:\/\/secure.gravatar.com\/avatar\/05c9a17bc973052ee5d91549bd32fb4dd0dc85b7b85ae94b2e2b4943476bbea5?s=96&d=blank&r=g","url":"https:\/\/secure.gravatar.com\/avatar\/05c9a17bc973052ee5d91549bd32fb4dd0dc85b7b85ae94b2e2b4943476bbea5?s=96&d=blank&r=g","contentUrl":"https:\/\/secure.gravatar.com\/avatar\/05c9a17bc973052ee5d91549bd32fb4dd0dc85b7b85ae94b2e2b4943476bbea5?s=96&d=blank&r=g","caption":"Leinewelle"},"sameAs":["http:\/\/localhost\/radio%20leinewelle\/wordpress","https:\/\/www.facebook.com\/radioleinewelle","https:\/\/www.instagram.com\/radioleinewelle","https:\/\/x.com\/https:\/\/twitter.com\/RLeinewelle?ref_src=twsrcgoogletwcampserptwgrauthor","https:\/\/soundcloud.com\/foerderverein-lokalradio?utm_source=clipboard&utm_medium=text&utm_campaign=social_sharing"],"url":"https:\/\/radioleinewelle.de\/index.php\/author\/leinewelle\/"}]}},"_links":{"self":[{"href":"https:\/\/radioleinewelle.de\/index.php\/wp-json\/wp\/v2\/posts\/1479","targetHints":{"allow":["GET"]}}],"collection":[{"href":"https:\/\/radioleinewelle.de\/index.php\/wp-json\/wp\/v2\/posts"}],"about":[{"href":"https:\/\/radioleinewelle.de\/index.php\/wp-json\/wp\/v2\/types\/post"}],"author":[{"embeddable":true,"href":"https:\/\/radioleinewelle.de\/index.php\/wp-json\/wp\/v2\/users\/1"}],"replies":[{"embeddable":true,"href":"https:\/\/radioleinewelle.de\/index.php\/wp-json\/wp\/v2\/comments?post=1479"}],"version-history":[{"count":0,"href":"https:\/\/radioleinewelle.de\/index.php\/wp-json\/wp\/v2\/posts\/1479\/revisions"}],"wp:featuredmedia":[{"embeddable":true,"href":"https:\/\/radioleinewelle.de\/index.php\/wp-json\/wp\/v2\/media\/1499"}],"wp:attachment":[{"href":"https:\/\/radioleinewelle.de\/index.php\/wp-json\/wp\/v2\/media?parent=1479"}],"wp:term":[{"taxonomy":"category","embeddable":true,"href":"https:\/\/radioleinewelle.de\/index.php\/wp-json\/wp\/v2\/categories?post=1479"},{"taxonomy":"post_tag","embeddable":true,"href":"https:\/\/radioleinewelle.de\/index.php\/wp-json\/wp\/v2\/tags?post=1479"}],"curies":[{"name":"wp","href":"https:\/\/api.w.org\/{rel}","templated":true}]}}