{"id":14798,"date":"2022-06-24T12:55:27","date_gmt":"2022-06-24T10:55:27","guid":{"rendered":"https:\/\/radioleinewelle.de\/?p=14798"},"modified":"2022-06-24T12:55:27","modified_gmt":"2022-06-24T10:55:27","slug":"digital-hub-im-startraum-feierlich-eroeffnet","status":"publish","type":"post","link":"https:\/\/radioleinewelle.de\/index.php\/2022\/06\/24\/digital-hub-im-startraum-feierlich-eroeffnet\/","title":{"rendered":"Digital Hub im Startraum feierlich er\u00f6ffnet"},"content":{"rendered":"\n<p>Vergangenen Mittwoch wurde in einer Pr\u00e4senzveranstaltung endlich der Digital Hub des G\u00f6ttinger Startraums feierlich er\u00f6ffnet. Unter Digital Hub versteht man digitale Technologien, die einem Netzwerk von Co-Workern, Gr\u00fcnder*innen. Startups und kleinen Unternehmen unter einem gemeinsamen Dach angeboten werden. Und da hat der Startraum durch die entsprechende finanzielle Unterst\u00fctzung der nieders\u00e4chsischen Landesregierung einiges zu bieten. Ein Multimediastudio f\u00fcr Zoomkonferenzen, Video- und Podcastproduktionen, eine volleingerichtete Technikwerkstatt mit 3D Drucker und Fr\u00e4smaschinen, digitale Produktentwicklung mittels Machine Learning, VR, CAD, sowie eine professionelle Schulungsumgebung. Hervorragende Bedingungen also f\u00fcr alle, die ihre Ideen umsetzen wollen, Austausch mit anderen Start-Ups w\u00fcnschen, oder Hochtechnologie f\u00fcr ihre eigenen Projekte nutzen wollen. <\/p>\n\n\n\n<p><strong><a href=\"http:\/\/www.startraum-goettingen.de\">Mehr Infos zum Startraum gibt es hier<\/a><\/strong><\/p>\n\n\n\n<p><strong>Foto:<\/strong> \u00a9Radio Leinewelle (ue)<\/p>\n","protected":false},"excerpt":{"rendered":"<p>Vergangenen Mittwoch wurde in einer Pr\u00e4senzveranstaltung endlich der Digital Hub des G\u00f6ttinger Startraums feierlich er\u00f6ffnet. Unter Digital Hub versteht man digitale Technologien, die einem Netzwerk von Co-Workern, Gr\u00fcnder*innen. Startups und kleinen Unternehmen unter einem gemeinsamen Dach angeboten werden. Und da hat der Startraum durch die entsprechende finanzielle Unterst\u00fctzung der nieders\u00e4chsischen Landesregierung einiges zu bieten. Ein [&hellip;]<\/p>\n","protected":false},"author":1,"featured_media":14801,"comment_status":"closed","ping_status":"closed","sticky":false,"template":"","format":"standard","meta":{"saved_in_kubio":false,"footnotes":""},"categories":[712],"tags":[2222],"class_list":["post-14798","post","type-post","status-publish","format-standard","has-post-thumbnail","hentry","category-digitalisierung","tag-startraum-goettingen"],"yoast_head":"<!-- This site is optimized with the Yoast SEO plugin v27.4 - https:\/\/yoast.com\/product\/yoast-seo-wordpress\/ -->\n<title>Digital Hub im Startraum feierlich er\u00f6ffnet - Radio Leinewelle<\/title>\n<meta name=\"robots\" content=\"index, follow, max-snippet:-1, max-image-preview:large, max-video-preview:-1\" \/>\n<link rel=\"canonical\" href=\"https:\/\/radioleinewelle.de\/index.php\/2022\/06\/24\/digital-hub-im-startraum-feierlich-eroeffnet\/\" \/>\n<meta property=\"og:locale\" content=\"de_DE\" \/>\n<meta property=\"og:type\" content=\"article\" \/>\n<meta property=\"og:title\" content=\"Digital Hub im Startraum feierlich er\u00f6ffnet - Radio Leinewelle\" \/>\n<meta property=\"og:description\" content=\"Vergangenen Mittwoch wurde in einer Pr\u00e4senzveranstaltung endlich der Digital Hub des G\u00f6ttinger Startraums feierlich er\u00f6ffnet. Unter Digital Hub versteht man digitale Technologien, die einem Netzwerk von Co-Workern, Gr\u00fcnder*innen. Startups und kleinen Unternehmen unter einem gemeinsamen Dach angeboten werden. Und da hat der Startraum durch die entsprechende finanzielle Unterst\u00fctzung der nieders\u00e4chsischen Landesregierung einiges zu bieten. Ein [&hellip;]\" \/>\n<meta property=\"og:url\" content=\"https:\/\/radioleinewelle.de\/index.php\/2022\/06\/24\/digital-hub-im-startraum-feierlich-eroeffnet\/\" \/>\n<meta property=\"og:site_name\" content=\"Radio Leinewelle\" \/>\n<meta property=\"article:publisher\" content=\"https:\/\/www.facebook.com\/radioleinewelle\" \/>\n<meta property=\"article:author\" content=\"https:\/\/www.facebook.com\/radioleinewelle\" \/>\n<meta property=\"article:published_time\" content=\"2022-06-24T10:55:27+00:00\" \/>\n<meta property=\"og:image\" content=\"https:\/\/radioleinewelle.de\/wp-content\/uploads\/2022\/06\/Startraum-Digital-Hub-e1656068114840.jpg\" \/>\n\t<meta property=\"og:image:width\" content=\"600\" \/>\n\t<meta property=\"og:image:height\" content=\"344\" \/>\n\t<meta property=\"og:image:type\" content=\"image\/jpeg\" \/>\n<meta name=\"author\" content=\"Leinewelle\" \/>\n<meta name=\"twitter:card\" content=\"summary_large_image\" \/>\n<meta name=\"twitter:creator\" content=\"@https:\/\/twitter.com\/RLeinewelle?ref_src=twsrcgoogletwcampserptwgrauthor\" \/>\n<meta name=\"twitter:site\" content=\"@RLeinewelle\" \/>\n<meta name=\"twitter:label1\" content=\"Verfasst von\" \/>\n\t<meta name=\"twitter:data1\" content=\"Leinewelle\" \/>\n\t<meta name=\"twitter:label2\" content=\"Gesch\u00e4tzte Lesezeit\" \/>\n\t<meta name=\"twitter:data2\" content=\"1\u00a0Minute\" \/>\n<script type=\"application\/ld+json\" class=\"yoast-schema-graph\">{\"@context\":\"https:\\\/\\\/schema.org\",\"@graph\":[{\"@type\":\"Article\",\"@id\":\"https:\\\/\\\/radioleinewelle.de\\\/index.php\\\/2022\\\/06\\\/24\\\/digital-hub-im-startraum-feierlich-eroeffnet\\\/#article\",\"isPartOf\":{\"@id\":\"https:\\\/\\\/radioleinewelle.de\\\/index.php\\\/2022\\\/06\\\/24\\\/digital-hub-im-startraum-feierlich-eroeffnet\\\/\"},\"author\":{\"name\":\"Leinewelle\",\"@id\":\"https:\\\/\\\/radioleinewelle.de\\\/#\\\/schema\\\/person\\\/45606f348637df637192dc1b68399a63\"},\"headline\":\"Digital Hub im Startraum feierlich er\u00f6ffnet\",\"datePublished\":\"2022-06-24T10:55:27+00:00\",\"mainEntityOfPage\":{\"@id\":\"https:\\\/\\\/radioleinewelle.de\\\/index.php\\\/2022\\\/06\\\/24\\\/digital-hub-im-startraum-feierlich-eroeffnet\\\/\"},\"wordCount\":133,\"publisher\":{\"@id\":\"https:\\\/\\\/radioleinewelle.de\\\/#organization\"},\"image\":{\"@id\":\"https:\\\/\\\/radioleinewelle.de\\\/index.php\\\/2022\\\/06\\\/24\\\/digital-hub-im-startraum-feierlich-eroeffnet\\\/#primaryimage\"},\"thumbnailUrl\":\"https:\\\/\\\/radioleinewelle.de\\\/wp-content\\\/uploads\\\/2022\\\/06\\\/Startraum-Digital-Hub-e1656068114840.jpg\",\"keywords\":[\"Startraum G\u00f6ttingen\"],\"articleSection\":[\"Digitalisierung\"],\"inLanguage\":\"de\"},{\"@type\":\"WebPage\",\"@id\":\"https:\\\/\\\/radioleinewelle.de\\\/index.php\\\/2022\\\/06\\\/24\\\/digital-hub-im-startraum-feierlich-eroeffnet\\\/\",\"url\":\"https:\\\/\\\/radioleinewelle.de\\\/index.php\\\/2022\\\/06\\\/24\\\/digital-hub-im-startraum-feierlich-eroeffnet\\\/\",\"name\":\"Digital Hub im Startraum feierlich er\u00f6ffnet - Radio Leinewelle\",\"isPartOf\":{\"@id\":\"https:\\\/\\\/radioleinewelle.de\\\/#website\"},\"primaryImageOfPage\":{\"@id\":\"https:\\\/\\\/radioleinewelle.de\\\/index.php\\\/2022\\\/06\\\/24\\\/digital-hub-im-startraum-feierlich-eroeffnet\\\/#primaryimage\"},\"image\":{\"@id\":\"https:\\\/\\\/radioleinewelle.de\\\/index.php\\\/2022\\\/06\\\/24\\\/digital-hub-im-startraum-feierlich-eroeffnet\\\/#primaryimage\"},\"thumbnailUrl\":\"https:\\\/\\\/radioleinewelle.de\\\/wp-content\\\/uploads\\\/2022\\\/06\\\/Startraum-Digital-Hub-e1656068114840.jpg\",\"datePublished\":\"2022-06-24T10:55:27+00:00\",\"breadcrumb\":{\"@id\":\"https:\\\/\\\/radioleinewelle.de\\\/index.php\\\/2022\\\/06\\\/24\\\/digital-hub-im-startraum-feierlich-eroeffnet\\\/#breadcrumb\"},\"inLanguage\":\"de\",\"potentialAction\":[{\"@type\":\"ReadAction\",\"target\":[\"https:\\\/\\\/radioleinewelle.de\\\/index.php\\\/2022\\\/06\\\/24\\\/digital-hub-im-startraum-feierlich-eroeffnet\\\/\"]}]},{\"@type\":\"ImageObject\",\"inLanguage\":\"de\",\"@id\":\"https:\\\/\\\/radioleinewelle.de\\\/index.php\\\/2022\\\/06\\\/24\\\/digital-hub-im-startraum-feierlich-eroeffnet\\\/#primaryimage\",\"url\":\"https:\\\/\\\/radioleinewelle.de\\\/wp-content\\\/uploads\\\/2022\\\/06\\\/Startraum-Digital-Hub-e1656068114840.jpg\",\"contentUrl\":\"https:\\\/\\\/radioleinewelle.de\\\/wp-content\\\/uploads\\\/2022\\\/06\\\/Startraum-Digital-Hub-e1656068114840.jpg\",\"width\":600,\"height\":344},{\"@type\":\"BreadcrumbList\",\"@id\":\"https:\\\/\\\/radioleinewelle.de\\\/index.php\\\/2022\\\/06\\\/24\\\/digital-hub-im-startraum-feierlich-eroeffnet\\\/#breadcrumb\",\"itemListElement\":[{\"@type\":\"ListItem\",\"position\":1,\"name\":\"Startseite\",\"item\":\"https:\\\/\\\/radioleinewelle.de\\\/\"},{\"@type\":\"ListItem\",\"position\":2,\"name\":\"Digital Hub im Startraum feierlich er\u00f6ffnet\"}]},{\"@type\":\"WebSite\",\"@id\":\"https:\\\/\\\/radioleinewelle.de\\\/#website\",\"url\":\"https:\\\/\\\/radioleinewelle.de\\\/\",\"name\":\"Radio Leinewelle\",\"description\":\"\",\"publisher\":{\"@id\":\"https:\\\/\\\/radioleinewelle.de\\\/#organization\"},\"potentialAction\":[{\"@type\":\"SearchAction\",\"target\":{\"@type\":\"EntryPoint\",\"urlTemplate\":\"https:\\\/\\\/radioleinewelle.de\\\/?s={search_term_string}\"},\"query-input\":{\"@type\":\"PropertyValueSpecification\",\"valueRequired\":true,\"valueName\":\"search_term_string\"}}],\"inLanguage\":\"de\"},{\"@type\":\"Organization\",\"@id\":\"https:\\\/\\\/radioleinewelle.de\\\/#organization\",\"name\":\"Radio Leinewelle\",\"alternateName\":\"Mein Radio f\u00fcr S\u00fcdniedersachsen\",\"url\":\"https:\\\/\\\/radioleinewelle.de\\\/\",\"logo\":{\"@type\":\"ImageObject\",\"inLanguage\":\"de\",\"@id\":\"https:\\\/\\\/radioleinewelle.de\\\/#\\\/schema\\\/logo\\\/image\\\/\",\"url\":\"https:\\\/\\\/radioleinewelle.de\\\/wp-content\\\/uploads\\\/2023\\\/11\\\/cropped-Leinewelle_Logo_weiss.png\",\"contentUrl\":\"https:\\\/\\\/radioleinewelle.de\\\/wp-content\\\/uploads\\\/2023\\\/11\\\/cropped-Leinewelle_Logo_weiss.png\",\"width\":854,\"height\":260,\"caption\":\"Radio Leinewelle\"},\"image\":{\"@id\":\"https:\\\/\\\/radioleinewelle.de\\\/#\\\/schema\\\/logo\\\/image\\\/\"},\"sameAs\":[\"https:\\\/\\\/www.facebook.com\\\/radioleinewelle\",\"https:\\\/\\\/x.com\\\/RLeinewelle\",\"https:\\\/\\\/www.instagram.com\\\/radioleinewelle\\\/?hl=de\"]},{\"@type\":\"Person\",\"@id\":\"https:\\\/\\\/radioleinewelle.de\\\/#\\\/schema\\\/person\\\/45606f348637df637192dc1b68399a63\",\"name\":\"Leinewelle\",\"image\":{\"@type\":\"ImageObject\",\"inLanguage\":\"de\",\"@id\":\"https:\\\/\\\/secure.gravatar.com\\\/avatar\\\/05c9a17bc973052ee5d91549bd32fb4dd0dc85b7b85ae94b2e2b4943476bbea5?s=96&d=blank&r=g\",\"url\":\"https:\\\/\\\/secure.gravatar.com\\\/avatar\\\/05c9a17bc973052ee5d91549bd32fb4dd0dc85b7b85ae94b2e2b4943476bbea5?s=96&d=blank&r=g\",\"contentUrl\":\"https:\\\/\\\/secure.gravatar.com\\\/avatar\\\/05c9a17bc973052ee5d91549bd32fb4dd0dc85b7b85ae94b2e2b4943476bbea5?s=96&d=blank&r=g\",\"caption\":\"Leinewelle\"},\"sameAs\":[\"http:\\\/\\\/localhost\\\/radio%20leinewelle\\\/wordpress\",\"https:\\\/\\\/www.facebook.com\\\/radioleinewelle\",\"https:\\\/\\\/www.instagram.com\\\/radioleinewelle\",\"https:\\\/\\\/x.com\\\/https:\\\/\\\/twitter.com\\\/RLeinewelle?ref_src=twsrcgoogletwcampserptwgrauthor\",\"https:\\\/\\\/soundcloud.com\\\/foerderverein-lokalradio?utm_source=clipboard&utm_medium=text&utm_campaign=social_sharing\"],\"url\":\"https:\\\/\\\/radioleinewelle.de\\\/index.php\\\/author\\\/leinewelle\\\/\"}]}<\/script>\n<!-- \/ Yoast SEO plugin. -->","yoast_head_json":{"title":"Digital Hub im Startraum feierlich er\u00f6ffnet - Radio Leinewelle","robots":{"index":"index","follow":"follow","max-snippet":"max-snippet:-1","max-image-preview":"max-image-preview:large","max-video-preview":"max-video-preview:-1"},"canonical":"https:\/\/radioleinewelle.de\/index.php\/2022\/06\/24\/digital-hub-im-startraum-feierlich-eroeffnet\/","og_locale":"de_DE","og_type":"article","og_title":"Digital Hub im Startraum feierlich er\u00f6ffnet - Radio Leinewelle","og_description":"Vergangenen Mittwoch wurde in einer Pr\u00e4senzveranstaltung endlich der Digital Hub des G\u00f6ttinger Startraums feierlich er\u00f6ffnet. Unter Digital Hub versteht man digitale Technologien, die einem Netzwerk von Co-Workern, Gr\u00fcnder*innen. Startups und kleinen Unternehmen unter einem gemeinsamen Dach angeboten werden. Und da hat der Startraum durch die entsprechende finanzielle Unterst\u00fctzung der nieders\u00e4chsischen Landesregierung einiges zu bieten. Ein [&hellip;]","og_url":"https:\/\/radioleinewelle.de\/index.php\/2022\/06\/24\/digital-hub-im-startraum-feierlich-eroeffnet\/","og_site_name":"Radio Leinewelle","article_publisher":"https:\/\/www.facebook.com\/radioleinewelle","article_author":"https:\/\/www.facebook.com\/radioleinewelle","article_published_time":"2022-06-24T10:55:27+00:00","og_image":[{"width":600,"height":344,"url":"https:\/\/radioleinewelle.de\/wp-content\/uploads\/2022\/06\/Startraum-Digital-Hub-e1656068114840.jpg","type":"image\/jpeg"}],"author":"Leinewelle","twitter_card":"summary_large_image","twitter_creator":"@https:\/\/twitter.com\/RLeinewelle?ref_src=twsrcgoogletwcampserptwgrauthor","twitter_site":"@RLeinewelle","twitter_misc":{"Verfasst von":"Leinewelle","Gesch\u00e4tzte Lesezeit":"1\u00a0Minute"},"schema":{"@context":"https:\/\/schema.org","@graph":[{"@type":"Article","@id":"https:\/\/radioleinewelle.de\/index.php\/2022\/06\/24\/digital-hub-im-startraum-feierlich-eroeffnet\/#article","isPartOf":{"@id":"https:\/\/radioleinewelle.de\/index.php\/2022\/06\/24\/digital-hub-im-startraum-feierlich-eroeffnet\/"},"author":{"name":"Leinewelle","@id":"https:\/\/radioleinewelle.de\/#\/schema\/person\/45606f348637df637192dc1b68399a63"},"headline":"Digital Hub im Startraum feierlich er\u00f6ffnet","datePublished":"2022-06-24T10:55:27+00:00","mainEntityOfPage":{"@id":"https:\/\/radioleinewelle.de\/index.php\/2022\/06\/24\/digital-hub-im-startraum-feierlich-eroeffnet\/"},"wordCount":133,"publisher":{"@id":"https:\/\/radioleinewelle.de\/#organization"},"image":{"@id":"https:\/\/radioleinewelle.de\/index.php\/2022\/06\/24\/digital-hub-im-startraum-feierlich-eroeffnet\/#primaryimage"},"thumbnailUrl":"https:\/\/radioleinewelle.de\/wp-content\/uploads\/2022\/06\/Startraum-Digital-Hub-e1656068114840.jpg","keywords":["Startraum G\u00f6ttingen"],"articleSection":["Digitalisierung"],"inLanguage":"de"},{"@type":"WebPage","@id":"https:\/\/radioleinewelle.de\/index.php\/2022\/06\/24\/digital-hub-im-startraum-feierlich-eroeffnet\/","url":"https:\/\/radioleinewelle.de\/index.php\/2022\/06\/24\/digital-hub-im-startraum-feierlich-eroeffnet\/","name":"Digital Hub im Startraum feierlich er\u00f6ffnet - Radio Leinewelle","isPartOf":{"@id":"https:\/\/radioleinewelle.de\/#website"},"primaryImageOfPage":{"@id":"https:\/\/radioleinewelle.de\/index.php\/2022\/06\/24\/digital-hub-im-startraum-feierlich-eroeffnet\/#primaryimage"},"image":{"@id":"https:\/\/radioleinewelle.de\/index.php\/2022\/06\/24\/digital-hub-im-startraum-feierlich-eroeffnet\/#primaryimage"},"thumbnailUrl":"https:\/\/radioleinewelle.de\/wp-content\/uploads\/2022\/06\/Startraum-Digital-Hub-e1656068114840.jpg","datePublished":"2022-06-24T10:55:27+00:00","breadcrumb":{"@id":"https:\/\/radioleinewelle.de\/index.php\/2022\/06\/24\/digital-hub-im-startraum-feierlich-eroeffnet\/#breadcrumb"},"inLanguage":"de","potentialAction":[{"@type":"ReadAction","target":["https:\/\/radioleinewelle.de\/index.php\/2022\/06\/24\/digital-hub-im-startraum-feierlich-eroeffnet\/"]}]},{"@type":"ImageObject","inLanguage":"de","@id":"https:\/\/radioleinewelle.de\/index.php\/2022\/06\/24\/digital-hub-im-startraum-feierlich-eroeffnet\/#primaryimage","url":"https:\/\/radioleinewelle.de\/wp-content\/uploads\/2022\/06\/Startraum-Digital-Hub-e1656068114840.jpg","contentUrl":"https:\/\/radioleinewelle.de\/wp-content\/uploads\/2022\/06\/Startraum-Digital-Hub-e1656068114840.jpg","width":600,"height":344},{"@type":"BreadcrumbList","@id":"https:\/\/radioleinewelle.de\/index.php\/2022\/06\/24\/digital-hub-im-startraum-feierlich-eroeffnet\/#breadcrumb","itemListElement":[{"@type":"ListItem","position":1,"name":"Startseite","item":"https:\/\/radioleinewelle.de\/"},{"@type":"ListItem","position":2,"name":"Digital Hub im Startraum feierlich er\u00f6ffnet"}]},{"@type":"WebSite","@id":"https:\/\/radioleinewelle.de\/#website","url":"https:\/\/radioleinewelle.de\/","name":"Radio Leinewelle","description":"","publisher":{"@id":"https:\/\/radioleinewelle.de\/#organization"},"potentialAction":[{"@type":"SearchAction","target":{"@type":"EntryPoint","urlTemplate":"https:\/\/radioleinewelle.de\/?s={search_term_string}"},"query-input":{"@type":"PropertyValueSpecification","valueRequired":true,"valueName":"search_term_string"}}],"inLanguage":"de"},{"@type":"Organization","@id":"https:\/\/radioleinewelle.de\/#organization","name":"Radio Leinewelle","alternateName":"Mein Radio f\u00fcr S\u00fcdniedersachsen","url":"https:\/\/radioleinewelle.de\/","logo":{"@type":"ImageObject","inLanguage":"de","@id":"https:\/\/radioleinewelle.de\/#\/schema\/logo\/image\/","url":"https:\/\/radioleinewelle.de\/wp-content\/uploads\/2023\/11\/cropped-Leinewelle_Logo_weiss.png","contentUrl":"https:\/\/radioleinewelle.de\/wp-content\/uploads\/2023\/11\/cropped-Leinewelle_Logo_weiss.png","width":854,"height":260,"caption":"Radio Leinewelle"},"image":{"@id":"https:\/\/radioleinewelle.de\/#\/schema\/logo\/image\/"},"sameAs":["https:\/\/www.facebook.com\/radioleinewelle","https:\/\/x.com\/RLeinewelle","https:\/\/www.instagram.com\/radioleinewelle\/?hl=de"]},{"@type":"Person","@id":"https:\/\/radioleinewelle.de\/#\/schema\/person\/45606f348637df637192dc1b68399a63","name":"Leinewelle","image":{"@type":"ImageObject","inLanguage":"de","@id":"https:\/\/secure.gravatar.com\/avatar\/05c9a17bc973052ee5d91549bd32fb4dd0dc85b7b85ae94b2e2b4943476bbea5?s=96&d=blank&r=g","url":"https:\/\/secure.gravatar.com\/avatar\/05c9a17bc973052ee5d91549bd32fb4dd0dc85b7b85ae94b2e2b4943476bbea5?s=96&d=blank&r=g","contentUrl":"https:\/\/secure.gravatar.com\/avatar\/05c9a17bc973052ee5d91549bd32fb4dd0dc85b7b85ae94b2e2b4943476bbea5?s=96&d=blank&r=g","caption":"Leinewelle"},"sameAs":["http:\/\/localhost\/radio%20leinewelle\/wordpress","https:\/\/www.facebook.com\/radioleinewelle","https:\/\/www.instagram.com\/radioleinewelle","https:\/\/x.com\/https:\/\/twitter.com\/RLeinewelle?ref_src=twsrcgoogletwcampserptwgrauthor","https:\/\/soundcloud.com\/foerderverein-lokalradio?utm_source=clipboard&utm_medium=text&utm_campaign=social_sharing"],"url":"https:\/\/radioleinewelle.de\/index.php\/author\/leinewelle\/"}]}},"_links":{"self":[{"href":"https:\/\/radioleinewelle.de\/index.php\/wp-json\/wp\/v2\/posts\/14798","targetHints":{"allow":["GET"]}}],"collection":[{"href":"https:\/\/radioleinewelle.de\/index.php\/wp-json\/wp\/v2\/posts"}],"about":[{"href":"https:\/\/radioleinewelle.de\/index.php\/wp-json\/wp\/v2\/types\/post"}],"author":[{"embeddable":true,"href":"https:\/\/radioleinewelle.de\/index.php\/wp-json\/wp\/v2\/users\/1"}],"replies":[{"embeddable":true,"href":"https:\/\/radioleinewelle.de\/index.php\/wp-json\/wp\/v2\/comments?post=14798"}],"version-history":[{"count":0,"href":"https:\/\/radioleinewelle.de\/index.php\/wp-json\/wp\/v2\/posts\/14798\/revisions"}],"wp:featuredmedia":[{"embeddable":true,"href":"https:\/\/radioleinewelle.de\/index.php\/wp-json\/wp\/v2\/media\/14801"}],"wp:attachment":[{"href":"https:\/\/radioleinewelle.de\/index.php\/wp-json\/wp\/v2\/media?parent=14798"}],"wp:term":[{"taxonomy":"category","embeddable":true,"href":"https:\/\/radioleinewelle.de\/index.php\/wp-json\/wp\/v2\/categories?post=14798"},{"taxonomy":"post_tag","embeddable":true,"href":"https:\/\/radioleinewelle.de\/index.php\/wp-json\/wp\/v2\/tags?post=14798"}],"curies":[{"name":"wp","href":"https:\/\/api.w.org\/{rel}","templated":true}]}}