{"id":14822,"date":"2022-06-27T06:17:57","date_gmt":"2022-06-27T04:17:57","guid":{"rendered":"https:\/\/radioleinewelle.de\/?p=14822"},"modified":"2022-06-27T06:17:57","modified_gmt":"2022-06-27T04:17:57","slug":"goettingen-toedlicher-badeunfall-am-kiessee","status":"publish","type":"post","link":"https:\/\/radioleinewelle.de\/index.php\/2022\/06\/27\/goettingen-toedlicher-badeunfall-am-kiessee\/","title":{"rendered":"G\u00f6ttingen: t\u00f6dlicher Badeunfall am Kiessee"},"content":{"rendered":"\n<p>Baden an Kiesseen und unbekannten Gew\u00e4ssern kann ein lebensgef\u00e4hrliches Unterfangen sein. Jedes Jahr kommt es zu zahlreichen Todesf\u00e4llen in Deutschland. Jetzt ist es am vergangenen Wochenende zu einem Todesfall am Rosdorfer Kiesteich gekommen. In einer Pressemitteilung der Polizei hei\u00dft es dazu:<\/p>\n\n\n\n<p>Nach einer gro\u00df angelegten Suchaktion zu Wasser, zu Land und aus der Luft, haben Rettungskr\u00e4fte am Sonntagvormittag (26.06.22) gegen 10.00 Uhr aus dem Rosdorfer Kiesteich nahe der Ortschaft Reinshof (Landkreis G\u00f6ttingen) einen mutma\u00dflich bei einem Badeunfall ertrunkenen jungen Mann geborgen.<\/p>\n\n\n\n<p>Bekannte hatten sich am Sonntagmorgen bei der Polizei gemeldet und eine Vermisstenanzeige erstattet, nachdem sie ihren Freund seit dem Vortag nicht mehr erreichen konnten. Erste Hinweise deuteten schlie\u00dflich darauf hin, dass sich der Gesuchte an dem beliebten Badeort aufhalten k\u00f6nnte. Vor Ort stie\u00dfen Beamte an der Westseite der Kiesgrube auf das Fahrrad des Vermissten sowie wenig sp\u00e4ter auf einen Rucksack mit diversen Gegenst\u00e4nden, unter anderem einem Mobiltelefon. Am Fundort der pers\u00f6nlichen Gegenst\u00e4nde waren au\u00dferdem frische Fu\u00dfspuren direkt bis zum Wasser festzustellen.<\/p>\n\n\n\n<p>Die Polizei leitete unmittelbar eine gro\u00df angelegte Suche ein. Eine Vielzahl angeforderter Einsatz- und Rettungskr\u00e4fte, darunter die Freiwillige Feuerwehr Gro\u00df Schneen mit einem Boot, Fl\u00e4chensuchhunde und Taucher der Feuerwehr Northeim, trafen am Kiessteich ein und nahmen sofort die Arbeit auf.<\/p>\n\n\n\n<p>Taucher fanden den leblosen K\u00f6rper des Vermissten schlie\u00dflich gegen 10 Uhr auf dem Grund des Sees. Die polizeilichen Ermittlungen zur genauen Todesursache dauern an.<\/p>\n\n\n\n<p>In den Sucheinsatz am Sonntagvormittag waren die FFW Gro\u00df Schneen, Stockhausen und Niedernjesa, Taucher der FW Northeim, Rettungshunde, der Rettungshubschrauber Christoph 44 sowie mehrere Streifenwagen der Polizei eingebunden.<\/p>\n","protected":false},"excerpt":{"rendered":"<p>Baden an Kiesseen und unbekannten Gew\u00e4ssern kann ein lebensgef\u00e4hrliches Unterfangen sein. Jedes Jahr kommt es zu zahlreichen Todesf\u00e4llen in Deutschland. Jetzt ist es am vergangenen Wochenende zu einem Todesfall am Rosdorfer Kiesteich gekommen. In einer Pressemitteilung der Polizei hei\u00dft es dazu: Nach einer gro\u00df angelegten Suchaktion zu Wasser, zu Land und aus der Luft, haben [&hellip;]<\/p>\n","protected":false},"author":1,"featured_media":11042,"comment_status":"closed","ping_status":"closed","sticky":false,"template":"","format":"standard","meta":{"saved_in_kubio":false,"footnotes":""},"categories":[24],"tags":[],"class_list":["post-14822","post","type-post","status-publish","format-standard","has-post-thumbnail","hentry","category-news"],"yoast_head":"<!-- This site is optimized with the Yoast SEO plugin v27.4 - https:\/\/yoast.com\/product\/yoast-seo-wordpress\/ -->\n<title>G\u00f6ttingen: t\u00f6dlicher Badeunfall am Kiessee - Radio Leinewelle<\/title>\n<meta name=\"robots\" content=\"index, follow, max-snippet:-1, max-image-preview:large, max-video-preview:-1\" \/>\n<link rel=\"canonical\" href=\"https:\/\/radioleinewelle.de\/index.php\/2022\/06\/27\/goettingen-toedlicher-badeunfall-am-kiessee\/\" \/>\n<meta property=\"og:locale\" content=\"de_DE\" \/>\n<meta property=\"og:type\" content=\"article\" \/>\n<meta property=\"og:title\" content=\"G\u00f6ttingen: t\u00f6dlicher Badeunfall am Kiessee - Radio Leinewelle\" \/>\n<meta property=\"og:description\" content=\"Baden an Kiesseen und unbekannten Gew\u00e4ssern kann ein lebensgef\u00e4hrliches Unterfangen sein. Jedes Jahr kommt es zu zahlreichen Todesf\u00e4llen in Deutschland. Jetzt ist es am vergangenen Wochenende zu einem Todesfall am Rosdorfer Kiesteich gekommen. In einer Pressemitteilung der Polizei hei\u00dft es dazu: Nach einer gro\u00df angelegten Suchaktion zu Wasser, zu Land und aus der Luft, haben [&hellip;]\" \/>\n<meta property=\"og:url\" content=\"https:\/\/radioleinewelle.de\/index.php\/2022\/06\/27\/goettingen-toedlicher-badeunfall-am-kiessee\/\" \/>\n<meta property=\"og:site_name\" content=\"Radio Leinewelle\" \/>\n<meta property=\"article:publisher\" content=\"https:\/\/www.facebook.com\/radioleinewelle\" \/>\n<meta property=\"article:author\" content=\"https:\/\/www.facebook.com\/radioleinewelle\" \/>\n<meta property=\"article:published_time\" content=\"2022-06-27T04:17:57+00:00\" \/>\n<meta property=\"og:image\" content=\"https:\/\/radioleinewelle.de\/wp-content\/uploads\/2021\/10\/fire-fighters-g6c6909749_640.jpg\" \/>\n\t<meta property=\"og:image:width\" content=\"640\" \/>\n\t<meta property=\"og:image:height\" content=\"428\" \/>\n\t<meta property=\"og:image:type\" content=\"image\/jpeg\" \/>\n<meta name=\"author\" content=\"Leinewelle\" \/>\n<meta name=\"twitter:card\" content=\"summary_large_image\" \/>\n<meta name=\"twitter:creator\" content=\"@https:\/\/twitter.com\/RLeinewelle?ref_src=twsrcgoogletwcampserptwgrauthor\" \/>\n<meta name=\"twitter:site\" content=\"@RLeinewelle\" \/>\n<meta name=\"twitter:label1\" content=\"Verfasst von\" \/>\n\t<meta name=\"twitter:data1\" content=\"Leinewelle\" \/>\n\t<meta name=\"twitter:label2\" content=\"Gesch\u00e4tzte Lesezeit\" \/>\n\t<meta name=\"twitter:data2\" content=\"2\u00a0Minuten\" \/>\n<script type=\"application\/ld+json\" class=\"yoast-schema-graph\">{\"@context\":\"https:\\\/\\\/schema.org\",\"@graph\":[{\"@type\":\"Article\",\"@id\":\"https:\\\/\\\/radioleinewelle.de\\\/index.php\\\/2022\\\/06\\\/27\\\/goettingen-toedlicher-badeunfall-am-kiessee\\\/#article\",\"isPartOf\":{\"@id\":\"https:\\\/\\\/radioleinewelle.de\\\/index.php\\\/2022\\\/06\\\/27\\\/goettingen-toedlicher-badeunfall-am-kiessee\\\/\"},\"author\":{\"name\":\"Leinewelle\",\"@id\":\"https:\\\/\\\/radioleinewelle.de\\\/#\\\/schema\\\/person\\\/45606f348637df637192dc1b68399a63\"},\"headline\":\"G\u00f6ttingen: t\u00f6dlicher Badeunfall am Kiessee\",\"datePublished\":\"2022-06-27T04:17:57+00:00\",\"mainEntityOfPage\":{\"@id\":\"https:\\\/\\\/radioleinewelle.de\\\/index.php\\\/2022\\\/06\\\/27\\\/goettingen-toedlicher-badeunfall-am-kiessee\\\/\"},\"wordCount\":277,\"publisher\":{\"@id\":\"https:\\\/\\\/radioleinewelle.de\\\/#organization\"},\"image\":{\"@id\":\"https:\\\/\\\/radioleinewelle.de\\\/index.php\\\/2022\\\/06\\\/27\\\/goettingen-toedlicher-badeunfall-am-kiessee\\\/#primaryimage\"},\"thumbnailUrl\":\"https:\\\/\\\/radioleinewelle.de\\\/wp-content\\\/uploads\\\/2021\\\/10\\\/fire-fighters-g6c6909749_640.jpg\",\"articleSection\":[\"Aktuelle Nachrichten\"],\"inLanguage\":\"de\"},{\"@type\":\"WebPage\",\"@id\":\"https:\\\/\\\/radioleinewelle.de\\\/index.php\\\/2022\\\/06\\\/27\\\/goettingen-toedlicher-badeunfall-am-kiessee\\\/\",\"url\":\"https:\\\/\\\/radioleinewelle.de\\\/index.php\\\/2022\\\/06\\\/27\\\/goettingen-toedlicher-badeunfall-am-kiessee\\\/\",\"name\":\"G\u00f6ttingen: t\u00f6dlicher Badeunfall am Kiessee - Radio Leinewelle\",\"isPartOf\":{\"@id\":\"https:\\\/\\\/radioleinewelle.de\\\/#website\"},\"primaryImageOfPage\":{\"@id\":\"https:\\\/\\\/radioleinewelle.de\\\/index.php\\\/2022\\\/06\\\/27\\\/goettingen-toedlicher-badeunfall-am-kiessee\\\/#primaryimage\"},\"image\":{\"@id\":\"https:\\\/\\\/radioleinewelle.de\\\/index.php\\\/2022\\\/06\\\/27\\\/goettingen-toedlicher-badeunfall-am-kiessee\\\/#primaryimage\"},\"thumbnailUrl\":\"https:\\\/\\\/radioleinewelle.de\\\/wp-content\\\/uploads\\\/2021\\\/10\\\/fire-fighters-g6c6909749_640.jpg\",\"datePublished\":\"2022-06-27T04:17:57+00:00\",\"breadcrumb\":{\"@id\":\"https:\\\/\\\/radioleinewelle.de\\\/index.php\\\/2022\\\/06\\\/27\\\/goettingen-toedlicher-badeunfall-am-kiessee\\\/#breadcrumb\"},\"inLanguage\":\"de\",\"potentialAction\":[{\"@type\":\"ReadAction\",\"target\":[\"https:\\\/\\\/radioleinewelle.de\\\/index.php\\\/2022\\\/06\\\/27\\\/goettingen-toedlicher-badeunfall-am-kiessee\\\/\"]}]},{\"@type\":\"ImageObject\",\"inLanguage\":\"de\",\"@id\":\"https:\\\/\\\/radioleinewelle.de\\\/index.php\\\/2022\\\/06\\\/27\\\/goettingen-toedlicher-badeunfall-am-kiessee\\\/#primaryimage\",\"url\":\"https:\\\/\\\/radioleinewelle.de\\\/wp-content\\\/uploads\\\/2021\\\/10\\\/fire-fighters-g6c6909749_640.jpg\",\"contentUrl\":\"https:\\\/\\\/radioleinewelle.de\\\/wp-content\\\/uploads\\\/2021\\\/10\\\/fire-fighters-g6c6909749_640.jpg\",\"width\":640,\"height\":428},{\"@type\":\"BreadcrumbList\",\"@id\":\"https:\\\/\\\/radioleinewelle.de\\\/index.php\\\/2022\\\/06\\\/27\\\/goettingen-toedlicher-badeunfall-am-kiessee\\\/#breadcrumb\",\"itemListElement\":[{\"@type\":\"ListItem\",\"position\":1,\"name\":\"Startseite\",\"item\":\"https:\\\/\\\/radioleinewelle.de\\\/\"},{\"@type\":\"ListItem\",\"position\":2,\"name\":\"G\u00f6ttingen: t\u00f6dlicher Badeunfall am Kiessee\"}]},{\"@type\":\"WebSite\",\"@id\":\"https:\\\/\\\/radioleinewelle.de\\\/#website\",\"url\":\"https:\\\/\\\/radioleinewelle.de\\\/\",\"name\":\"Radio Leinewelle\",\"description\":\"\",\"publisher\":{\"@id\":\"https:\\\/\\\/radioleinewelle.de\\\/#organization\"},\"potentialAction\":[{\"@type\":\"SearchAction\",\"target\":{\"@type\":\"EntryPoint\",\"urlTemplate\":\"https:\\\/\\\/radioleinewelle.de\\\/?s={search_term_string}\"},\"query-input\":{\"@type\":\"PropertyValueSpecification\",\"valueRequired\":true,\"valueName\":\"search_term_string\"}}],\"inLanguage\":\"de\"},{\"@type\":\"Organization\",\"@id\":\"https:\\\/\\\/radioleinewelle.de\\\/#organization\",\"name\":\"Radio Leinewelle\",\"alternateName\":\"Mein Radio f\u00fcr S\u00fcdniedersachsen\",\"url\":\"https:\\\/\\\/radioleinewelle.de\\\/\",\"logo\":{\"@type\":\"ImageObject\",\"inLanguage\":\"de\",\"@id\":\"https:\\\/\\\/radioleinewelle.de\\\/#\\\/schema\\\/logo\\\/image\\\/\",\"url\":\"https:\\\/\\\/radioleinewelle.de\\\/wp-content\\\/uploads\\\/2023\\\/11\\\/cropped-Leinewelle_Logo_weiss.png\",\"contentUrl\":\"https:\\\/\\\/radioleinewelle.de\\\/wp-content\\\/uploads\\\/2023\\\/11\\\/cropped-Leinewelle_Logo_weiss.png\",\"width\":854,\"height\":260,\"caption\":\"Radio Leinewelle\"},\"image\":{\"@id\":\"https:\\\/\\\/radioleinewelle.de\\\/#\\\/schema\\\/logo\\\/image\\\/\"},\"sameAs\":[\"https:\\\/\\\/www.facebook.com\\\/radioleinewelle\",\"https:\\\/\\\/x.com\\\/RLeinewelle\",\"https:\\\/\\\/www.instagram.com\\\/radioleinewelle\\\/?hl=de\"]},{\"@type\":\"Person\",\"@id\":\"https:\\\/\\\/radioleinewelle.de\\\/#\\\/schema\\\/person\\\/45606f348637df637192dc1b68399a63\",\"name\":\"Leinewelle\",\"image\":{\"@type\":\"ImageObject\",\"inLanguage\":\"de\",\"@id\":\"https:\\\/\\\/secure.gravatar.com\\\/avatar\\\/05c9a17bc973052ee5d91549bd32fb4dd0dc85b7b85ae94b2e2b4943476bbea5?s=96&d=blank&r=g\",\"url\":\"https:\\\/\\\/secure.gravatar.com\\\/avatar\\\/05c9a17bc973052ee5d91549bd32fb4dd0dc85b7b85ae94b2e2b4943476bbea5?s=96&d=blank&r=g\",\"contentUrl\":\"https:\\\/\\\/secure.gravatar.com\\\/avatar\\\/05c9a17bc973052ee5d91549bd32fb4dd0dc85b7b85ae94b2e2b4943476bbea5?s=96&d=blank&r=g\",\"caption\":\"Leinewelle\"},\"sameAs\":[\"http:\\\/\\\/localhost\\\/radio%20leinewelle\\\/wordpress\",\"https:\\\/\\\/www.facebook.com\\\/radioleinewelle\",\"https:\\\/\\\/www.instagram.com\\\/radioleinewelle\",\"https:\\\/\\\/x.com\\\/https:\\\/\\\/twitter.com\\\/RLeinewelle?ref_src=twsrcgoogletwcampserptwgrauthor\",\"https:\\\/\\\/soundcloud.com\\\/foerderverein-lokalradio?utm_source=clipboard&utm_medium=text&utm_campaign=social_sharing\"],\"url\":\"https:\\\/\\\/radioleinewelle.de\\\/index.php\\\/author\\\/leinewelle\\\/\"}]}<\/script>\n<!-- \/ Yoast SEO plugin. -->","yoast_head_json":{"title":"G\u00f6ttingen: t\u00f6dlicher Badeunfall am Kiessee - Radio Leinewelle","robots":{"index":"index","follow":"follow","max-snippet":"max-snippet:-1","max-image-preview":"max-image-preview:large","max-video-preview":"max-video-preview:-1"},"canonical":"https:\/\/radioleinewelle.de\/index.php\/2022\/06\/27\/goettingen-toedlicher-badeunfall-am-kiessee\/","og_locale":"de_DE","og_type":"article","og_title":"G\u00f6ttingen: t\u00f6dlicher Badeunfall am Kiessee - Radio Leinewelle","og_description":"Baden an Kiesseen und unbekannten Gew\u00e4ssern kann ein lebensgef\u00e4hrliches Unterfangen sein. Jedes Jahr kommt es zu zahlreichen Todesf\u00e4llen in Deutschland. Jetzt ist es am vergangenen Wochenende zu einem Todesfall am Rosdorfer Kiesteich gekommen. In einer Pressemitteilung der Polizei hei\u00dft es dazu: Nach einer gro\u00df angelegten Suchaktion zu Wasser, zu Land und aus der Luft, haben [&hellip;]","og_url":"https:\/\/radioleinewelle.de\/index.php\/2022\/06\/27\/goettingen-toedlicher-badeunfall-am-kiessee\/","og_site_name":"Radio Leinewelle","article_publisher":"https:\/\/www.facebook.com\/radioleinewelle","article_author":"https:\/\/www.facebook.com\/radioleinewelle","article_published_time":"2022-06-27T04:17:57+00:00","og_image":[{"width":640,"height":428,"url":"https:\/\/radioleinewelle.de\/wp-content\/uploads\/2021\/10\/fire-fighters-g6c6909749_640.jpg","type":"image\/jpeg"}],"author":"Leinewelle","twitter_card":"summary_large_image","twitter_creator":"@https:\/\/twitter.com\/RLeinewelle?ref_src=twsrcgoogletwcampserptwgrauthor","twitter_site":"@RLeinewelle","twitter_misc":{"Verfasst von":"Leinewelle","Gesch\u00e4tzte Lesezeit":"2\u00a0Minuten"},"schema":{"@context":"https:\/\/schema.org","@graph":[{"@type":"Article","@id":"https:\/\/radioleinewelle.de\/index.php\/2022\/06\/27\/goettingen-toedlicher-badeunfall-am-kiessee\/#article","isPartOf":{"@id":"https:\/\/radioleinewelle.de\/index.php\/2022\/06\/27\/goettingen-toedlicher-badeunfall-am-kiessee\/"},"author":{"name":"Leinewelle","@id":"https:\/\/radioleinewelle.de\/#\/schema\/person\/45606f348637df637192dc1b68399a63"},"headline":"G\u00f6ttingen: t\u00f6dlicher Badeunfall am Kiessee","datePublished":"2022-06-27T04:17:57+00:00","mainEntityOfPage":{"@id":"https:\/\/radioleinewelle.de\/index.php\/2022\/06\/27\/goettingen-toedlicher-badeunfall-am-kiessee\/"},"wordCount":277,"publisher":{"@id":"https:\/\/radioleinewelle.de\/#organization"},"image":{"@id":"https:\/\/radioleinewelle.de\/index.php\/2022\/06\/27\/goettingen-toedlicher-badeunfall-am-kiessee\/#primaryimage"},"thumbnailUrl":"https:\/\/radioleinewelle.de\/wp-content\/uploads\/2021\/10\/fire-fighters-g6c6909749_640.jpg","articleSection":["Aktuelle Nachrichten"],"inLanguage":"de"},{"@type":"WebPage","@id":"https:\/\/radioleinewelle.de\/index.php\/2022\/06\/27\/goettingen-toedlicher-badeunfall-am-kiessee\/","url":"https:\/\/radioleinewelle.de\/index.php\/2022\/06\/27\/goettingen-toedlicher-badeunfall-am-kiessee\/","name":"G\u00f6ttingen: t\u00f6dlicher Badeunfall am Kiessee - Radio Leinewelle","isPartOf":{"@id":"https:\/\/radioleinewelle.de\/#website"},"primaryImageOfPage":{"@id":"https:\/\/radioleinewelle.de\/index.php\/2022\/06\/27\/goettingen-toedlicher-badeunfall-am-kiessee\/#primaryimage"},"image":{"@id":"https:\/\/radioleinewelle.de\/index.php\/2022\/06\/27\/goettingen-toedlicher-badeunfall-am-kiessee\/#primaryimage"},"thumbnailUrl":"https:\/\/radioleinewelle.de\/wp-content\/uploads\/2021\/10\/fire-fighters-g6c6909749_640.jpg","datePublished":"2022-06-27T04:17:57+00:00","breadcrumb":{"@id":"https:\/\/radioleinewelle.de\/index.php\/2022\/06\/27\/goettingen-toedlicher-badeunfall-am-kiessee\/#breadcrumb"},"inLanguage":"de","potentialAction":[{"@type":"ReadAction","target":["https:\/\/radioleinewelle.de\/index.php\/2022\/06\/27\/goettingen-toedlicher-badeunfall-am-kiessee\/"]}]},{"@type":"ImageObject","inLanguage":"de","@id":"https:\/\/radioleinewelle.de\/index.php\/2022\/06\/27\/goettingen-toedlicher-badeunfall-am-kiessee\/#primaryimage","url":"https:\/\/radioleinewelle.de\/wp-content\/uploads\/2021\/10\/fire-fighters-g6c6909749_640.jpg","contentUrl":"https:\/\/radioleinewelle.de\/wp-content\/uploads\/2021\/10\/fire-fighters-g6c6909749_640.jpg","width":640,"height":428},{"@type":"BreadcrumbList","@id":"https:\/\/radioleinewelle.de\/index.php\/2022\/06\/27\/goettingen-toedlicher-badeunfall-am-kiessee\/#breadcrumb","itemListElement":[{"@type":"ListItem","position":1,"name":"Startseite","item":"https:\/\/radioleinewelle.de\/"},{"@type":"ListItem","position":2,"name":"G\u00f6ttingen: t\u00f6dlicher Badeunfall am Kiessee"}]},{"@type":"WebSite","@id":"https:\/\/radioleinewelle.de\/#website","url":"https:\/\/radioleinewelle.de\/","name":"Radio Leinewelle","description":"","publisher":{"@id":"https:\/\/radioleinewelle.de\/#organization"},"potentialAction":[{"@type":"SearchAction","target":{"@type":"EntryPoint","urlTemplate":"https:\/\/radioleinewelle.de\/?s={search_term_string}"},"query-input":{"@type":"PropertyValueSpecification","valueRequired":true,"valueName":"search_term_string"}}],"inLanguage":"de"},{"@type":"Organization","@id":"https:\/\/radioleinewelle.de\/#organization","name":"Radio Leinewelle","alternateName":"Mein Radio f\u00fcr S\u00fcdniedersachsen","url":"https:\/\/radioleinewelle.de\/","logo":{"@type":"ImageObject","inLanguage":"de","@id":"https:\/\/radioleinewelle.de\/#\/schema\/logo\/image\/","url":"https:\/\/radioleinewelle.de\/wp-content\/uploads\/2023\/11\/cropped-Leinewelle_Logo_weiss.png","contentUrl":"https:\/\/radioleinewelle.de\/wp-content\/uploads\/2023\/11\/cropped-Leinewelle_Logo_weiss.png","width":854,"height":260,"caption":"Radio Leinewelle"},"image":{"@id":"https:\/\/radioleinewelle.de\/#\/schema\/logo\/image\/"},"sameAs":["https:\/\/www.facebook.com\/radioleinewelle","https:\/\/x.com\/RLeinewelle","https:\/\/www.instagram.com\/radioleinewelle\/?hl=de"]},{"@type":"Person","@id":"https:\/\/radioleinewelle.de\/#\/schema\/person\/45606f348637df637192dc1b68399a63","name":"Leinewelle","image":{"@type":"ImageObject","inLanguage":"de","@id":"https:\/\/secure.gravatar.com\/avatar\/05c9a17bc973052ee5d91549bd32fb4dd0dc85b7b85ae94b2e2b4943476bbea5?s=96&d=blank&r=g","url":"https:\/\/secure.gravatar.com\/avatar\/05c9a17bc973052ee5d91549bd32fb4dd0dc85b7b85ae94b2e2b4943476bbea5?s=96&d=blank&r=g","contentUrl":"https:\/\/secure.gravatar.com\/avatar\/05c9a17bc973052ee5d91549bd32fb4dd0dc85b7b85ae94b2e2b4943476bbea5?s=96&d=blank&r=g","caption":"Leinewelle"},"sameAs":["http:\/\/localhost\/radio%20leinewelle\/wordpress","https:\/\/www.facebook.com\/radioleinewelle","https:\/\/www.instagram.com\/radioleinewelle","https:\/\/x.com\/https:\/\/twitter.com\/RLeinewelle?ref_src=twsrcgoogletwcampserptwgrauthor","https:\/\/soundcloud.com\/foerderverein-lokalradio?utm_source=clipboard&utm_medium=text&utm_campaign=social_sharing"],"url":"https:\/\/radioleinewelle.de\/index.php\/author\/leinewelle\/"}]}},"_links":{"self":[{"href":"https:\/\/radioleinewelle.de\/index.php\/wp-json\/wp\/v2\/posts\/14822","targetHints":{"allow":["GET"]}}],"collection":[{"href":"https:\/\/radioleinewelle.de\/index.php\/wp-json\/wp\/v2\/posts"}],"about":[{"href":"https:\/\/radioleinewelle.de\/index.php\/wp-json\/wp\/v2\/types\/post"}],"author":[{"embeddable":true,"href":"https:\/\/radioleinewelle.de\/index.php\/wp-json\/wp\/v2\/users\/1"}],"replies":[{"embeddable":true,"href":"https:\/\/radioleinewelle.de\/index.php\/wp-json\/wp\/v2\/comments?post=14822"}],"version-history":[{"count":0,"href":"https:\/\/radioleinewelle.de\/index.php\/wp-json\/wp\/v2\/posts\/14822\/revisions"}],"wp:featuredmedia":[{"embeddable":true,"href":"https:\/\/radioleinewelle.de\/index.php\/wp-json\/wp\/v2\/media\/11042"}],"wp:attachment":[{"href":"https:\/\/radioleinewelle.de\/index.php\/wp-json\/wp\/v2\/media?parent=14822"}],"wp:term":[{"taxonomy":"category","embeddable":true,"href":"https:\/\/radioleinewelle.de\/index.php\/wp-json\/wp\/v2\/categories?post=14822"},{"taxonomy":"post_tag","embeddable":true,"href":"https:\/\/radioleinewelle.de\/index.php\/wp-json\/wp\/v2\/tags?post=14822"}],"curies":[{"name":"wp","href":"https:\/\/api.w.org\/{rel}","templated":true}]}}