{"id":14825,"date":"2022-06-27T10:36:42","date_gmt":"2022-06-27T08:36:42","guid":{"rendered":"https:\/\/radioleinewelle.de\/?p=14825"},"modified":"2022-06-27T10:36:42","modified_gmt":"2022-06-27T08:36:42","slug":"das-teddykrankenhaus-der-universitaetsmedizin-goettingen-hat-wieder-geoeffnet","status":"publish","type":"post","link":"https:\/\/radioleinewelle.de\/index.php\/2022\/06\/27\/das-teddykrankenhaus-der-universitaetsmedizin-goettingen-hat-wieder-geoeffnet\/","title":{"rendered":"Das Teddykrankenhaus der Universit\u00e4tsmedizin G\u00f6ttingen hat wieder ge\u00f6ffnet"},"content":{"rendered":"\n<p>Das Teddyb\u00e4r-Krankenhaus \u00f6ffnet wieder seine T\u00fcren! Am Montag, dem 27. Juni 2022, und Dienstag, dem 28. Juni 2022, von 8:30 bis 17:00 Uhr behandeln die Teddy-Docs \u2013 Medizin- und Zahnmedizinstudierende sowie Auszubildende der Gesundheitsberufe der Universit\u00e4tsmedizin G\u00f6ttingen (UMG) \u2013 zusammen mit den Kindern alle kranken Kuscheltiere. Als Spezialisten aller Fachrichtungen helfen sie gebrochene Flossen, verschluckte L\u00f6ffel oder eingerissene Tatzen erfolgreich zu kurieren. Vom OP-Saal \u00fcber eine voll ausgestattete R\u00f6ntgenstation, Physiotherapie, Zahnklinik und Apotheke bis hin zum Rettungswagen der Johanniter und dem Rettungshubschrauber \u201eChristoph 44\u201c ist das Teddyb\u00e4r-Krankenhaus ein echtes Erlebnis. Dazu Spiel und Spa\u00df mit Clowns und auch das Maskottchen der Kinderherzklinik, der B\u00e4r \u201ePauli\u201c, kommt vorbei. An den Nachmittagen informiert zudem das Gesundheitsamt G\u00f6ttingen jeweils von 15:00 bis 17:00 Uhr \u00fcber das Impfen.<\/p>\n\n\n\n<p>Die jeweiligen Vormittage von 8:30 bis 14:00 Uhr sind f\u00fcr Kindergarten- und Kitagruppen reserviert, die sich dazu vorab offiziell anmelden m\u00fcssen. Noch sind f\u00fcr weitere Gruppen, die Interesse an einem Besuch haben, einige wenige Zeitfenster frei. Sie k\u00f6nnen gebucht werden: https:\/\/www.tbk-goettingen.de\/index.php\/anmeldung2022\/<\/p>\n\n\n\n<p><strong>Der Zeitraum ab 14:00 Uhr ist dann f\u00fcr Privatpersonen ge\u00f6ffnet. Hier ist dann KEINE Anmeldung notwendig.<\/strong><\/p>\n\n\n\n<p><strong>Foto:<\/strong> \u00a9UMG<\/p>\n","protected":false},"excerpt":{"rendered":"<p>Das Teddyb\u00e4r-Krankenhaus \u00f6ffnet wieder seine T\u00fcren! Am Montag, dem 27. Juni 2022, und Dienstag, dem 28. Juni 2022, von 8:30 bis 17:00 Uhr behandeln die Teddy-Docs \u2013 Medizin- und Zahnmedizinstudierende sowie Auszubildende der Gesundheitsberufe der Universit\u00e4tsmedizin G\u00f6ttingen (UMG) \u2013 zusammen mit den Kindern alle kranken Kuscheltiere. Als Spezialisten aller Fachrichtungen helfen sie gebrochene Flossen, verschluckte [&hellip;]<\/p>\n","protected":false},"author":1,"featured_media":14828,"comment_status":"closed","ping_status":"closed","sticky":false,"template":"","format":"standard","meta":{"saved_in_kubio":false,"footnotes":""},"categories":[35,41],"tags":[],"class_list":["post-14825","post","type-post","status-publish","format-standard","has-post-thumbnail","hentry","category-universitaet","category-veranstaltungen"],"yoast_head":"<!-- This site is optimized with the Yoast SEO plugin v27.4 - https:\/\/yoast.com\/product\/yoast-seo-wordpress\/ -->\n<title>Das Teddykrankenhaus der Universit\u00e4tsmedizin G\u00f6ttingen hat wieder ge\u00f6ffnet - Radio Leinewelle<\/title>\n<meta name=\"robots\" content=\"index, follow, max-snippet:-1, max-image-preview:large, max-video-preview:-1\" \/>\n<link rel=\"canonical\" href=\"https:\/\/radioleinewelle.de\/index.php\/2022\/06\/27\/das-teddykrankenhaus-der-universitaetsmedizin-goettingen-hat-wieder-geoeffnet\/\" \/>\n<meta property=\"og:locale\" content=\"de_DE\" \/>\n<meta property=\"og:type\" content=\"article\" \/>\n<meta property=\"og:title\" content=\"Das Teddykrankenhaus der Universit\u00e4tsmedizin G\u00f6ttingen hat wieder ge\u00f6ffnet - Radio Leinewelle\" \/>\n<meta property=\"og:description\" content=\"Das Teddyb\u00e4r-Krankenhaus \u00f6ffnet wieder seine T\u00fcren! Am Montag, dem 27. Juni 2022, und Dienstag, dem 28. Juni 2022, von 8:30 bis 17:00 Uhr behandeln die Teddy-Docs \u2013 Medizin- und Zahnmedizinstudierende sowie Auszubildende der Gesundheitsberufe der Universit\u00e4tsmedizin G\u00f6ttingen (UMG) \u2013 zusammen mit den Kindern alle kranken Kuscheltiere. Als Spezialisten aller Fachrichtungen helfen sie gebrochene Flossen, verschluckte [&hellip;]\" \/>\n<meta property=\"og:url\" content=\"https:\/\/radioleinewelle.de\/index.php\/2022\/06\/27\/das-teddykrankenhaus-der-universitaetsmedizin-goettingen-hat-wieder-geoeffnet\/\" \/>\n<meta property=\"og:site_name\" content=\"Radio Leinewelle\" \/>\n<meta property=\"article:publisher\" content=\"https:\/\/www.facebook.com\/radioleinewelle\" \/>\n<meta property=\"article:author\" content=\"https:\/\/www.facebook.com\/radioleinewelle\" \/>\n<meta property=\"article:published_time\" content=\"2022-06-27T08:36:42+00:00\" \/>\n<meta property=\"og:image\" content=\"https:\/\/radioleinewelle.de\/wp-content\/uploads\/2022\/06\/Teddybaer-KH_Teddybaer_2_300dpi-e1656318985964.jpg\" \/>\n\t<meta property=\"og:image:width\" content=\"1024\" \/>\n\t<meta property=\"og:image:height\" content=\"611\" \/>\n\t<meta property=\"og:image:type\" content=\"image\/jpeg\" \/>\n<meta name=\"author\" content=\"Leinewelle\" \/>\n<meta name=\"twitter:card\" content=\"summary_large_image\" \/>\n<meta name=\"twitter:creator\" content=\"@https:\/\/twitter.com\/RLeinewelle?ref_src=twsrcgoogletwcampserptwgrauthor\" \/>\n<meta name=\"twitter:site\" content=\"@RLeinewelle\" \/>\n<meta name=\"twitter:label1\" content=\"Verfasst von\" \/>\n\t<meta name=\"twitter:data1\" content=\"Leinewelle\" \/>\n\t<meta name=\"twitter:label2\" content=\"Gesch\u00e4tzte Lesezeit\" \/>\n\t<meta name=\"twitter:data2\" content=\"2\u00a0Minuten\" \/>\n<script type=\"application\/ld+json\" class=\"yoast-schema-graph\">{\"@context\":\"https:\\\/\\\/schema.org\",\"@graph\":[{\"@type\":\"Article\",\"@id\":\"https:\\\/\\\/radioleinewelle.de\\\/index.php\\\/2022\\\/06\\\/27\\\/das-teddykrankenhaus-der-universitaetsmedizin-goettingen-hat-wieder-geoeffnet\\\/#article\",\"isPartOf\":{\"@id\":\"https:\\\/\\\/radioleinewelle.de\\\/index.php\\\/2022\\\/06\\\/27\\\/das-teddykrankenhaus-der-universitaetsmedizin-goettingen-hat-wieder-geoeffnet\\\/\"},\"author\":{\"name\":\"Leinewelle\",\"@id\":\"https:\\\/\\\/radioleinewelle.de\\\/#\\\/schema\\\/person\\\/45606f348637df637192dc1b68399a63\"},\"headline\":\"Das Teddykrankenhaus der Universit\u00e4tsmedizin G\u00f6ttingen hat wieder ge\u00f6ffnet\",\"datePublished\":\"2022-06-27T08:36:42+00:00\",\"mainEntityOfPage\":{\"@id\":\"https:\\\/\\\/radioleinewelle.de\\\/index.php\\\/2022\\\/06\\\/27\\\/das-teddykrankenhaus-der-universitaetsmedizin-goettingen-hat-wieder-geoeffnet\\\/\"},\"wordCount\":201,\"publisher\":{\"@id\":\"https:\\\/\\\/radioleinewelle.de\\\/#organization\"},\"image\":{\"@id\":\"https:\\\/\\\/radioleinewelle.de\\\/index.php\\\/2022\\\/06\\\/27\\\/das-teddykrankenhaus-der-universitaetsmedizin-goettingen-hat-wieder-geoeffnet\\\/#primaryimage\"},\"thumbnailUrl\":\"https:\\\/\\\/radioleinewelle.de\\\/wp-content\\\/uploads\\\/2022\\\/06\\\/Teddybaer-KH_Teddybaer_2_300dpi-e1656318985964.jpg\",\"articleSection\":[\"Universit\u00e4t\",\"Veranstaltungen\"],\"inLanguage\":\"de\"},{\"@type\":\"WebPage\",\"@id\":\"https:\\\/\\\/radioleinewelle.de\\\/index.php\\\/2022\\\/06\\\/27\\\/das-teddykrankenhaus-der-universitaetsmedizin-goettingen-hat-wieder-geoeffnet\\\/\",\"url\":\"https:\\\/\\\/radioleinewelle.de\\\/index.php\\\/2022\\\/06\\\/27\\\/das-teddykrankenhaus-der-universitaetsmedizin-goettingen-hat-wieder-geoeffnet\\\/\",\"name\":\"Das Teddykrankenhaus der Universit\u00e4tsmedizin G\u00f6ttingen hat wieder ge\u00f6ffnet - Radio Leinewelle\",\"isPartOf\":{\"@id\":\"https:\\\/\\\/radioleinewelle.de\\\/#website\"},\"primaryImageOfPage\":{\"@id\":\"https:\\\/\\\/radioleinewelle.de\\\/index.php\\\/2022\\\/06\\\/27\\\/das-teddykrankenhaus-der-universitaetsmedizin-goettingen-hat-wieder-geoeffnet\\\/#primaryimage\"},\"image\":{\"@id\":\"https:\\\/\\\/radioleinewelle.de\\\/index.php\\\/2022\\\/06\\\/27\\\/das-teddykrankenhaus-der-universitaetsmedizin-goettingen-hat-wieder-geoeffnet\\\/#primaryimage\"},\"thumbnailUrl\":\"https:\\\/\\\/radioleinewelle.de\\\/wp-content\\\/uploads\\\/2022\\\/06\\\/Teddybaer-KH_Teddybaer_2_300dpi-e1656318985964.jpg\",\"datePublished\":\"2022-06-27T08:36:42+00:00\",\"breadcrumb\":{\"@id\":\"https:\\\/\\\/radioleinewelle.de\\\/index.php\\\/2022\\\/06\\\/27\\\/das-teddykrankenhaus-der-universitaetsmedizin-goettingen-hat-wieder-geoeffnet\\\/#breadcrumb\"},\"inLanguage\":\"de\",\"potentialAction\":[{\"@type\":\"ReadAction\",\"target\":[\"https:\\\/\\\/radioleinewelle.de\\\/index.php\\\/2022\\\/06\\\/27\\\/das-teddykrankenhaus-der-universitaetsmedizin-goettingen-hat-wieder-geoeffnet\\\/\"]}]},{\"@type\":\"ImageObject\",\"inLanguage\":\"de\",\"@id\":\"https:\\\/\\\/radioleinewelle.de\\\/index.php\\\/2022\\\/06\\\/27\\\/das-teddykrankenhaus-der-universitaetsmedizin-goettingen-hat-wieder-geoeffnet\\\/#primaryimage\",\"url\":\"https:\\\/\\\/radioleinewelle.de\\\/wp-content\\\/uploads\\\/2022\\\/06\\\/Teddybaer-KH_Teddybaer_2_300dpi-e1656318985964.jpg\",\"contentUrl\":\"https:\\\/\\\/radioleinewelle.de\\\/wp-content\\\/uploads\\\/2022\\\/06\\\/Teddybaer-KH_Teddybaer_2_300dpi-e1656318985964.jpg\",\"width\":1024,\"height\":611,\"caption\":\"Teddyba?r Krankenhaus im Universita?tsklinikum Go?ttingen, 02.05.2018. Foto: Swen Pf\u0161rtner\"},{\"@type\":\"BreadcrumbList\",\"@id\":\"https:\\\/\\\/radioleinewelle.de\\\/index.php\\\/2022\\\/06\\\/27\\\/das-teddykrankenhaus-der-universitaetsmedizin-goettingen-hat-wieder-geoeffnet\\\/#breadcrumb\",\"itemListElement\":[{\"@type\":\"ListItem\",\"position\":1,\"name\":\"Startseite\",\"item\":\"https:\\\/\\\/radioleinewelle.de\\\/\"},{\"@type\":\"ListItem\",\"position\":2,\"name\":\"Das Teddykrankenhaus der Universit\u00e4tsmedizin G\u00f6ttingen hat wieder ge\u00f6ffnet\"}]},{\"@type\":\"WebSite\",\"@id\":\"https:\\\/\\\/radioleinewelle.de\\\/#website\",\"url\":\"https:\\\/\\\/radioleinewelle.de\\\/\",\"name\":\"Radio Leinewelle\",\"description\":\"\",\"publisher\":{\"@id\":\"https:\\\/\\\/radioleinewelle.de\\\/#organization\"},\"potentialAction\":[{\"@type\":\"SearchAction\",\"target\":{\"@type\":\"EntryPoint\",\"urlTemplate\":\"https:\\\/\\\/radioleinewelle.de\\\/?s={search_term_string}\"},\"query-input\":{\"@type\":\"PropertyValueSpecification\",\"valueRequired\":true,\"valueName\":\"search_term_string\"}}],\"inLanguage\":\"de\"},{\"@type\":\"Organization\",\"@id\":\"https:\\\/\\\/radioleinewelle.de\\\/#organization\",\"name\":\"Radio Leinewelle\",\"alternateName\":\"Mein Radio f\u00fcr S\u00fcdniedersachsen\",\"url\":\"https:\\\/\\\/radioleinewelle.de\\\/\",\"logo\":{\"@type\":\"ImageObject\",\"inLanguage\":\"de\",\"@id\":\"https:\\\/\\\/radioleinewelle.de\\\/#\\\/schema\\\/logo\\\/image\\\/\",\"url\":\"https:\\\/\\\/radioleinewelle.de\\\/wp-content\\\/uploads\\\/2023\\\/11\\\/cropped-Leinewelle_Logo_weiss.png\",\"contentUrl\":\"https:\\\/\\\/radioleinewelle.de\\\/wp-content\\\/uploads\\\/2023\\\/11\\\/cropped-Leinewelle_Logo_weiss.png\",\"width\":854,\"height\":260,\"caption\":\"Radio Leinewelle\"},\"image\":{\"@id\":\"https:\\\/\\\/radioleinewelle.de\\\/#\\\/schema\\\/logo\\\/image\\\/\"},\"sameAs\":[\"https:\\\/\\\/www.facebook.com\\\/radioleinewelle\",\"https:\\\/\\\/x.com\\\/RLeinewelle\",\"https:\\\/\\\/www.instagram.com\\\/radioleinewelle\\\/?hl=de\"]},{\"@type\":\"Person\",\"@id\":\"https:\\\/\\\/radioleinewelle.de\\\/#\\\/schema\\\/person\\\/45606f348637df637192dc1b68399a63\",\"name\":\"Leinewelle\",\"image\":{\"@type\":\"ImageObject\",\"inLanguage\":\"de\",\"@id\":\"https:\\\/\\\/secure.gravatar.com\\\/avatar\\\/05c9a17bc973052ee5d91549bd32fb4dd0dc85b7b85ae94b2e2b4943476bbea5?s=96&d=blank&r=g\",\"url\":\"https:\\\/\\\/secure.gravatar.com\\\/avatar\\\/05c9a17bc973052ee5d91549bd32fb4dd0dc85b7b85ae94b2e2b4943476bbea5?s=96&d=blank&r=g\",\"contentUrl\":\"https:\\\/\\\/secure.gravatar.com\\\/avatar\\\/05c9a17bc973052ee5d91549bd32fb4dd0dc85b7b85ae94b2e2b4943476bbea5?s=96&d=blank&r=g\",\"caption\":\"Leinewelle\"},\"sameAs\":[\"http:\\\/\\\/localhost\\\/radio%20leinewelle\\\/wordpress\",\"https:\\\/\\\/www.facebook.com\\\/radioleinewelle\",\"https:\\\/\\\/www.instagram.com\\\/radioleinewelle\",\"https:\\\/\\\/x.com\\\/https:\\\/\\\/twitter.com\\\/RLeinewelle?ref_src=twsrcgoogletwcampserptwgrauthor\",\"https:\\\/\\\/soundcloud.com\\\/foerderverein-lokalradio?utm_source=clipboard&utm_medium=text&utm_campaign=social_sharing\"],\"url\":\"https:\\\/\\\/radioleinewelle.de\\\/index.php\\\/author\\\/leinewelle\\\/\"}]}<\/script>\n<!-- \/ Yoast SEO plugin. -->","yoast_head_json":{"title":"Das Teddykrankenhaus der Universit\u00e4tsmedizin G\u00f6ttingen hat wieder ge\u00f6ffnet - Radio Leinewelle","robots":{"index":"index","follow":"follow","max-snippet":"max-snippet:-1","max-image-preview":"max-image-preview:large","max-video-preview":"max-video-preview:-1"},"canonical":"https:\/\/radioleinewelle.de\/index.php\/2022\/06\/27\/das-teddykrankenhaus-der-universitaetsmedizin-goettingen-hat-wieder-geoeffnet\/","og_locale":"de_DE","og_type":"article","og_title":"Das Teddykrankenhaus der Universit\u00e4tsmedizin G\u00f6ttingen hat wieder ge\u00f6ffnet - Radio Leinewelle","og_description":"Das Teddyb\u00e4r-Krankenhaus \u00f6ffnet wieder seine T\u00fcren! Am Montag, dem 27. Juni 2022, und Dienstag, dem 28. Juni 2022, von 8:30 bis 17:00 Uhr behandeln die Teddy-Docs \u2013 Medizin- und Zahnmedizinstudierende sowie Auszubildende der Gesundheitsberufe der Universit\u00e4tsmedizin G\u00f6ttingen (UMG) \u2013 zusammen mit den Kindern alle kranken Kuscheltiere. Als Spezialisten aller Fachrichtungen helfen sie gebrochene Flossen, verschluckte [&hellip;]","og_url":"https:\/\/radioleinewelle.de\/index.php\/2022\/06\/27\/das-teddykrankenhaus-der-universitaetsmedizin-goettingen-hat-wieder-geoeffnet\/","og_site_name":"Radio Leinewelle","article_publisher":"https:\/\/www.facebook.com\/radioleinewelle","article_author":"https:\/\/www.facebook.com\/radioleinewelle","article_published_time":"2022-06-27T08:36:42+00:00","og_image":[{"width":1024,"height":611,"url":"https:\/\/radioleinewelle.de\/wp-content\/uploads\/2022\/06\/Teddybaer-KH_Teddybaer_2_300dpi-e1656318985964.jpg","type":"image\/jpeg"}],"author":"Leinewelle","twitter_card":"summary_large_image","twitter_creator":"@https:\/\/twitter.com\/RLeinewelle?ref_src=twsrcgoogletwcampserptwgrauthor","twitter_site":"@RLeinewelle","twitter_misc":{"Verfasst von":"Leinewelle","Gesch\u00e4tzte Lesezeit":"2\u00a0Minuten"},"schema":{"@context":"https:\/\/schema.org","@graph":[{"@type":"Article","@id":"https:\/\/radioleinewelle.de\/index.php\/2022\/06\/27\/das-teddykrankenhaus-der-universitaetsmedizin-goettingen-hat-wieder-geoeffnet\/#article","isPartOf":{"@id":"https:\/\/radioleinewelle.de\/index.php\/2022\/06\/27\/das-teddykrankenhaus-der-universitaetsmedizin-goettingen-hat-wieder-geoeffnet\/"},"author":{"name":"Leinewelle","@id":"https:\/\/radioleinewelle.de\/#\/schema\/person\/45606f348637df637192dc1b68399a63"},"headline":"Das Teddykrankenhaus der Universit\u00e4tsmedizin G\u00f6ttingen hat wieder ge\u00f6ffnet","datePublished":"2022-06-27T08:36:42+00:00","mainEntityOfPage":{"@id":"https:\/\/radioleinewelle.de\/index.php\/2022\/06\/27\/das-teddykrankenhaus-der-universitaetsmedizin-goettingen-hat-wieder-geoeffnet\/"},"wordCount":201,"publisher":{"@id":"https:\/\/radioleinewelle.de\/#organization"},"image":{"@id":"https:\/\/radioleinewelle.de\/index.php\/2022\/06\/27\/das-teddykrankenhaus-der-universitaetsmedizin-goettingen-hat-wieder-geoeffnet\/#primaryimage"},"thumbnailUrl":"https:\/\/radioleinewelle.de\/wp-content\/uploads\/2022\/06\/Teddybaer-KH_Teddybaer_2_300dpi-e1656318985964.jpg","articleSection":["Universit\u00e4t","Veranstaltungen"],"inLanguage":"de"},{"@type":"WebPage","@id":"https:\/\/radioleinewelle.de\/index.php\/2022\/06\/27\/das-teddykrankenhaus-der-universitaetsmedizin-goettingen-hat-wieder-geoeffnet\/","url":"https:\/\/radioleinewelle.de\/index.php\/2022\/06\/27\/das-teddykrankenhaus-der-universitaetsmedizin-goettingen-hat-wieder-geoeffnet\/","name":"Das Teddykrankenhaus der Universit\u00e4tsmedizin G\u00f6ttingen hat wieder ge\u00f6ffnet - Radio Leinewelle","isPartOf":{"@id":"https:\/\/radioleinewelle.de\/#website"},"primaryImageOfPage":{"@id":"https:\/\/radioleinewelle.de\/index.php\/2022\/06\/27\/das-teddykrankenhaus-der-universitaetsmedizin-goettingen-hat-wieder-geoeffnet\/#primaryimage"},"image":{"@id":"https:\/\/radioleinewelle.de\/index.php\/2022\/06\/27\/das-teddykrankenhaus-der-universitaetsmedizin-goettingen-hat-wieder-geoeffnet\/#primaryimage"},"thumbnailUrl":"https:\/\/radioleinewelle.de\/wp-content\/uploads\/2022\/06\/Teddybaer-KH_Teddybaer_2_300dpi-e1656318985964.jpg","datePublished":"2022-06-27T08:36:42+00:00","breadcrumb":{"@id":"https:\/\/radioleinewelle.de\/index.php\/2022\/06\/27\/das-teddykrankenhaus-der-universitaetsmedizin-goettingen-hat-wieder-geoeffnet\/#breadcrumb"},"inLanguage":"de","potentialAction":[{"@type":"ReadAction","target":["https:\/\/radioleinewelle.de\/index.php\/2022\/06\/27\/das-teddykrankenhaus-der-universitaetsmedizin-goettingen-hat-wieder-geoeffnet\/"]}]},{"@type":"ImageObject","inLanguage":"de","@id":"https:\/\/radioleinewelle.de\/index.php\/2022\/06\/27\/das-teddykrankenhaus-der-universitaetsmedizin-goettingen-hat-wieder-geoeffnet\/#primaryimage","url":"https:\/\/radioleinewelle.de\/wp-content\/uploads\/2022\/06\/Teddybaer-KH_Teddybaer_2_300dpi-e1656318985964.jpg","contentUrl":"https:\/\/radioleinewelle.de\/wp-content\/uploads\/2022\/06\/Teddybaer-KH_Teddybaer_2_300dpi-e1656318985964.jpg","width":1024,"height":611,"caption":"Teddyba?r Krankenhaus im Universita?tsklinikum Go?ttingen, 02.05.2018. Foto: Swen Pf\u0161rtner"},{"@type":"BreadcrumbList","@id":"https:\/\/radioleinewelle.de\/index.php\/2022\/06\/27\/das-teddykrankenhaus-der-universitaetsmedizin-goettingen-hat-wieder-geoeffnet\/#breadcrumb","itemListElement":[{"@type":"ListItem","position":1,"name":"Startseite","item":"https:\/\/radioleinewelle.de\/"},{"@type":"ListItem","position":2,"name":"Das Teddykrankenhaus der Universit\u00e4tsmedizin G\u00f6ttingen hat wieder ge\u00f6ffnet"}]},{"@type":"WebSite","@id":"https:\/\/radioleinewelle.de\/#website","url":"https:\/\/radioleinewelle.de\/","name":"Radio Leinewelle","description":"","publisher":{"@id":"https:\/\/radioleinewelle.de\/#organization"},"potentialAction":[{"@type":"SearchAction","target":{"@type":"EntryPoint","urlTemplate":"https:\/\/radioleinewelle.de\/?s={search_term_string}"},"query-input":{"@type":"PropertyValueSpecification","valueRequired":true,"valueName":"search_term_string"}}],"inLanguage":"de"},{"@type":"Organization","@id":"https:\/\/radioleinewelle.de\/#organization","name":"Radio Leinewelle","alternateName":"Mein Radio f\u00fcr S\u00fcdniedersachsen","url":"https:\/\/radioleinewelle.de\/","logo":{"@type":"ImageObject","inLanguage":"de","@id":"https:\/\/radioleinewelle.de\/#\/schema\/logo\/image\/","url":"https:\/\/radioleinewelle.de\/wp-content\/uploads\/2023\/11\/cropped-Leinewelle_Logo_weiss.png","contentUrl":"https:\/\/radioleinewelle.de\/wp-content\/uploads\/2023\/11\/cropped-Leinewelle_Logo_weiss.png","width":854,"height":260,"caption":"Radio Leinewelle"},"image":{"@id":"https:\/\/radioleinewelle.de\/#\/schema\/logo\/image\/"},"sameAs":["https:\/\/www.facebook.com\/radioleinewelle","https:\/\/x.com\/RLeinewelle","https:\/\/www.instagram.com\/radioleinewelle\/?hl=de"]},{"@type":"Person","@id":"https:\/\/radioleinewelle.de\/#\/schema\/person\/45606f348637df637192dc1b68399a63","name":"Leinewelle","image":{"@type":"ImageObject","inLanguage":"de","@id":"https:\/\/secure.gravatar.com\/avatar\/05c9a17bc973052ee5d91549bd32fb4dd0dc85b7b85ae94b2e2b4943476bbea5?s=96&d=blank&r=g","url":"https:\/\/secure.gravatar.com\/avatar\/05c9a17bc973052ee5d91549bd32fb4dd0dc85b7b85ae94b2e2b4943476bbea5?s=96&d=blank&r=g","contentUrl":"https:\/\/secure.gravatar.com\/avatar\/05c9a17bc973052ee5d91549bd32fb4dd0dc85b7b85ae94b2e2b4943476bbea5?s=96&d=blank&r=g","caption":"Leinewelle"},"sameAs":["http:\/\/localhost\/radio%20leinewelle\/wordpress","https:\/\/www.facebook.com\/radioleinewelle","https:\/\/www.instagram.com\/radioleinewelle","https:\/\/x.com\/https:\/\/twitter.com\/RLeinewelle?ref_src=twsrcgoogletwcampserptwgrauthor","https:\/\/soundcloud.com\/foerderverein-lokalradio?utm_source=clipboard&utm_medium=text&utm_campaign=social_sharing"],"url":"https:\/\/radioleinewelle.de\/index.php\/author\/leinewelle\/"}]}},"_links":{"self":[{"href":"https:\/\/radioleinewelle.de\/index.php\/wp-json\/wp\/v2\/posts\/14825","targetHints":{"allow":["GET"]}}],"collection":[{"href":"https:\/\/radioleinewelle.de\/index.php\/wp-json\/wp\/v2\/posts"}],"about":[{"href":"https:\/\/radioleinewelle.de\/index.php\/wp-json\/wp\/v2\/types\/post"}],"author":[{"embeddable":true,"href":"https:\/\/radioleinewelle.de\/index.php\/wp-json\/wp\/v2\/users\/1"}],"replies":[{"embeddable":true,"href":"https:\/\/radioleinewelle.de\/index.php\/wp-json\/wp\/v2\/comments?post=14825"}],"version-history":[{"count":0,"href":"https:\/\/radioleinewelle.de\/index.php\/wp-json\/wp\/v2\/posts\/14825\/revisions"}],"wp:featuredmedia":[{"embeddable":true,"href":"https:\/\/radioleinewelle.de\/index.php\/wp-json\/wp\/v2\/media\/14828"}],"wp:attachment":[{"href":"https:\/\/radioleinewelle.de\/index.php\/wp-json\/wp\/v2\/media?parent=14825"}],"wp:term":[{"taxonomy":"category","embeddable":true,"href":"https:\/\/radioleinewelle.de\/index.php\/wp-json\/wp\/v2\/categories?post=14825"},{"taxonomy":"post_tag","embeddable":true,"href":"https:\/\/radioleinewelle.de\/index.php\/wp-json\/wp\/v2\/tags?post=14825"}],"curies":[{"name":"wp","href":"https:\/\/api.w.org\/{rel}","templated":true}]}}