{"id":14867,"date":"2022-07-01T05:43:14","date_gmt":"2022-07-01T03:43:14","guid":{"rendered":"https:\/\/radioleinewelle.de\/?p=14867"},"modified":"2022-07-01T05:43:14","modified_gmt":"2022-07-01T03:43:14","slug":"mutmasslich-psychisch-kranker-attackiert-beamte-bei-einsatz-in-goettingen-polizisten-leicht-verletzt","status":"publish","type":"post","link":"https:\/\/radioleinewelle.de\/index.php\/2022\/07\/01\/mutmasslich-psychisch-kranker-attackiert-beamte-bei-einsatz-in-goettingen-polizisten-leicht-verletzt\/","title":{"rendered":"Mutma\u00dflich psychisch Kranker attackiert Beamte bei Einsatz in G\u00f6ttingen &#8211; Polizisten leicht verletzt"},"content":{"rendered":"\n<p>Ein mutma\u00dflich psychisch kranker Mann hat am Mittwochabend (29.06.22) gegen 22:00 Uhr im G\u00f6ttinger Stadtteil Grone zwei Beamte attackiert. Bei dem Polizeieinsatz zogen sich eine Polizistin und ihr Kollege leichte Verletzungen zu. Beide sind infolgedessen zurzeit dienstunf\u00e4hig.<\/p>\n\n\n\n<p>Der 55j\u00e4hrige G\u00f6ttinger soll nach derzeitigen Informationen zuvor seine Nachbarin in einem &#8222;psychischen Ausnahmezustand&#8220; beleidigt und mit einer Stange in der Hand bedroht haben. Dieser gelang es daraufhin sich unverletzt in ihre Wohnung zur\u00fcck zu ziehen und rief \u00fcber Notruf die Polizei.<\/p>\n\n\n\n<p>Als die eingetroffenen Beamten den 55-J\u00e4hrigen im Treppenraum des Mehrparteienhauses wenig sp\u00e4ter ansprachen, ging dieser unvermittelt mit F\u00e4usten und einem durchgebrochenen Besenstiel auf diese los. Bei den Versuchen die Angriffe des Mannes abzuwehren und ihn festzunehmen, leistete der G\u00f6ttinger erheblichen Widerstand. Schlie\u00dflich gelang es ihm sich loszurei\u00dfen und in seine Wohnung zu fl\u00fcchten.<\/p>\n\n\n\n<p>Der Bereich wurde daraufhin weitr\u00e4umig abgesperrt und weitere Streifenwagen zur Unterst\u00fctzung in die Martin-Luther-Stra\u00dfe entsandt. Nach mehrfachen Gespr\u00e4chsversuchen den Mann zum \u00d6ffnen seiner Wohnungst\u00fcr zu bewegen, musste die Wohnungst\u00fcr schlie\u00dflich gewaltsam ge\u00f6ffnet und der Mann in seiner Wohnung \u00fcberw\u00e4ltigt werden. Auch hierbei leistete er weiterhin Widerstand, blieb ersten Informationen zufolge aber unverletzt.<\/p>\n\n\n\n<p>Er wurde am Abend in eine psychiatrische Fachklinik eingeliefert.<\/p>\n\n\n\n<p>Bild von&nbsp;<a href=\"https:\/\/pixabay.com\/de\/users\/techline-1486206\/?utm_source=link-attribution&amp;utm_medium=referral&amp;utm_campaign=image&amp;utm_content=974410\">Ingo Kramarek<\/a>&nbsp;auf&nbsp;<a href=\"https:\/\/pixabay.com\/de\/?utm_source=link-attribution&amp;utm_medium=referral&amp;utm_campaign=image&amp;utm_content=974410\">Pixabay<\/a><\/p>\n","protected":false},"excerpt":{"rendered":"<p>Ein mutma\u00dflich psychisch kranker Mann hat am Mittwochabend (29.06.22) gegen 22:00 Uhr im G\u00f6ttinger Stadtteil Grone zwei Beamte attackiert. Bei dem Polizeieinsatz zogen sich eine Polizistin und ihr Kollege leichte Verletzungen zu. Beide sind infolgedessen zurzeit dienstunf\u00e4hig. Der 55j\u00e4hrige G\u00f6ttinger soll nach derzeitigen Informationen zuvor seine Nachbarin in einem &#8222;psychischen Ausnahmezustand&#8220; beleidigt und mit einer [&hellip;]<\/p>\n","protected":false},"author":1,"featured_media":14869,"comment_status":"closed","ping_status":"closed","sticky":false,"template":"","format":"standard","meta":{"saved_in_kubio":false,"footnotes":""},"categories":[24],"tags":[349],"class_list":["post-14867","post","type-post","status-publish","format-standard","has-post-thumbnail","hentry","category-news","tag-polizeiinspektion-goettingen"],"yoast_head":"<!-- This site is optimized with the Yoast SEO plugin v27.4 - https:\/\/yoast.com\/product\/yoast-seo-wordpress\/ -->\n<title>Mutma\u00dflich psychisch Kranker attackiert Beamte bei Einsatz in G\u00f6ttingen - Polizisten leicht verletzt - Radio Leinewelle<\/title>\n<meta name=\"robots\" content=\"index, follow, max-snippet:-1, max-image-preview:large, max-video-preview:-1\" \/>\n<link rel=\"canonical\" href=\"https:\/\/radioleinewelle.de\/index.php\/2022\/07\/01\/mutmasslich-psychisch-kranker-attackiert-beamte-bei-einsatz-in-goettingen-polizisten-leicht-verletzt\/\" \/>\n<meta property=\"og:locale\" content=\"de_DE\" \/>\n<meta property=\"og:type\" content=\"article\" \/>\n<meta property=\"og:title\" content=\"Mutma\u00dflich psychisch Kranker attackiert Beamte bei Einsatz in G\u00f6ttingen - Polizisten leicht verletzt - Radio Leinewelle\" \/>\n<meta property=\"og:description\" content=\"Ein mutma\u00dflich psychisch kranker Mann hat am Mittwochabend (29.06.22) gegen 22:00 Uhr im G\u00f6ttinger Stadtteil Grone zwei Beamte attackiert. Bei dem Polizeieinsatz zogen sich eine Polizistin und ihr Kollege leichte Verletzungen zu. Beide sind infolgedessen zurzeit dienstunf\u00e4hig. Der 55j\u00e4hrige G\u00f6ttinger soll nach derzeitigen Informationen zuvor seine Nachbarin in einem &#8222;psychischen Ausnahmezustand&#8220; beleidigt und mit einer [&hellip;]\" \/>\n<meta property=\"og:url\" content=\"https:\/\/radioleinewelle.de\/index.php\/2022\/07\/01\/mutmasslich-psychisch-kranker-attackiert-beamte-bei-einsatz-in-goettingen-polizisten-leicht-verletzt\/\" \/>\n<meta property=\"og:site_name\" content=\"Radio Leinewelle\" \/>\n<meta property=\"article:publisher\" content=\"https:\/\/www.facebook.com\/radioleinewelle\" \/>\n<meta property=\"article:author\" content=\"https:\/\/www.facebook.com\/radioleinewelle\" \/>\n<meta property=\"article:published_time\" content=\"2022-07-01T03:43:14+00:00\" \/>\n<meta property=\"og:image\" content=\"https:\/\/radioleinewelle.de\/wp-content\/uploads\/2022\/07\/police-gc46af68ff_640.jpg\" \/>\n\t<meta property=\"og:image:width\" content=\"640\" \/>\n\t<meta property=\"og:image:height\" content=\"426\" \/>\n\t<meta property=\"og:image:type\" content=\"image\/jpeg\" \/>\n<meta name=\"author\" content=\"Leinewelle\" \/>\n<meta name=\"twitter:card\" content=\"summary_large_image\" \/>\n<meta name=\"twitter:creator\" content=\"@https:\/\/twitter.com\/RLeinewelle?ref_src=twsrcgoogletwcampserptwgrauthor\" \/>\n<meta name=\"twitter:site\" content=\"@RLeinewelle\" \/>\n<meta name=\"twitter:label1\" content=\"Verfasst von\" \/>\n\t<meta name=\"twitter:data1\" content=\"Leinewelle\" \/>\n\t<meta name=\"twitter:label2\" content=\"Gesch\u00e4tzte Lesezeit\" \/>\n\t<meta name=\"twitter:data2\" content=\"2\u00a0Minuten\" \/>\n<script type=\"application\/ld+json\" class=\"yoast-schema-graph\">{\"@context\":\"https:\\\/\\\/schema.org\",\"@graph\":[{\"@type\":\"Article\",\"@id\":\"https:\\\/\\\/radioleinewelle.de\\\/index.php\\\/2022\\\/07\\\/01\\\/mutmasslich-psychisch-kranker-attackiert-beamte-bei-einsatz-in-goettingen-polizisten-leicht-verletzt\\\/#article\",\"isPartOf\":{\"@id\":\"https:\\\/\\\/radioleinewelle.de\\\/index.php\\\/2022\\\/07\\\/01\\\/mutmasslich-psychisch-kranker-attackiert-beamte-bei-einsatz-in-goettingen-polizisten-leicht-verletzt\\\/\"},\"author\":{\"name\":\"Leinewelle\",\"@id\":\"https:\\\/\\\/radioleinewelle.de\\\/#\\\/schema\\\/person\\\/45606f348637df637192dc1b68399a63\"},\"headline\":\"Mutma\u00dflich psychisch Kranker attackiert Beamte bei Einsatz in G\u00f6ttingen &#8211; Polizisten leicht verletzt\",\"datePublished\":\"2022-07-01T03:43:14+00:00\",\"mainEntityOfPage\":{\"@id\":\"https:\\\/\\\/radioleinewelle.de\\\/index.php\\\/2022\\\/07\\\/01\\\/mutmasslich-psychisch-kranker-attackiert-beamte-bei-einsatz-in-goettingen-polizisten-leicht-verletzt\\\/\"},\"wordCount\":237,\"publisher\":{\"@id\":\"https:\\\/\\\/radioleinewelle.de\\\/#organization\"},\"image\":{\"@id\":\"https:\\\/\\\/radioleinewelle.de\\\/index.php\\\/2022\\\/07\\\/01\\\/mutmasslich-psychisch-kranker-attackiert-beamte-bei-einsatz-in-goettingen-polizisten-leicht-verletzt\\\/#primaryimage\"},\"thumbnailUrl\":\"https:\\\/\\\/radioleinewelle.de\\\/wp-content\\\/uploads\\\/2022\\\/07\\\/police-gc46af68ff_640.jpg\",\"keywords\":[\"Polizeiinspektion G\u00f6ttingen\"],\"articleSection\":[\"Aktuelle Nachrichten\"],\"inLanguage\":\"de\"},{\"@type\":\"WebPage\",\"@id\":\"https:\\\/\\\/radioleinewelle.de\\\/index.php\\\/2022\\\/07\\\/01\\\/mutmasslich-psychisch-kranker-attackiert-beamte-bei-einsatz-in-goettingen-polizisten-leicht-verletzt\\\/\",\"url\":\"https:\\\/\\\/radioleinewelle.de\\\/index.php\\\/2022\\\/07\\\/01\\\/mutmasslich-psychisch-kranker-attackiert-beamte-bei-einsatz-in-goettingen-polizisten-leicht-verletzt\\\/\",\"name\":\"Mutma\u00dflich psychisch Kranker attackiert Beamte bei Einsatz in G\u00f6ttingen - Polizisten leicht verletzt - Radio Leinewelle\",\"isPartOf\":{\"@id\":\"https:\\\/\\\/radioleinewelle.de\\\/#website\"},\"primaryImageOfPage\":{\"@id\":\"https:\\\/\\\/radioleinewelle.de\\\/index.php\\\/2022\\\/07\\\/01\\\/mutmasslich-psychisch-kranker-attackiert-beamte-bei-einsatz-in-goettingen-polizisten-leicht-verletzt\\\/#primaryimage\"},\"image\":{\"@id\":\"https:\\\/\\\/radioleinewelle.de\\\/index.php\\\/2022\\\/07\\\/01\\\/mutmasslich-psychisch-kranker-attackiert-beamte-bei-einsatz-in-goettingen-polizisten-leicht-verletzt\\\/#primaryimage\"},\"thumbnailUrl\":\"https:\\\/\\\/radioleinewelle.de\\\/wp-content\\\/uploads\\\/2022\\\/07\\\/police-gc46af68ff_640.jpg\",\"datePublished\":\"2022-07-01T03:43:14+00:00\",\"breadcrumb\":{\"@id\":\"https:\\\/\\\/radioleinewelle.de\\\/index.php\\\/2022\\\/07\\\/01\\\/mutmasslich-psychisch-kranker-attackiert-beamte-bei-einsatz-in-goettingen-polizisten-leicht-verletzt\\\/#breadcrumb\"},\"inLanguage\":\"de\",\"potentialAction\":[{\"@type\":\"ReadAction\",\"target\":[\"https:\\\/\\\/radioleinewelle.de\\\/index.php\\\/2022\\\/07\\\/01\\\/mutmasslich-psychisch-kranker-attackiert-beamte-bei-einsatz-in-goettingen-polizisten-leicht-verletzt\\\/\"]}]},{\"@type\":\"ImageObject\",\"inLanguage\":\"de\",\"@id\":\"https:\\\/\\\/radioleinewelle.de\\\/index.php\\\/2022\\\/07\\\/01\\\/mutmasslich-psychisch-kranker-attackiert-beamte-bei-einsatz-in-goettingen-polizisten-leicht-verletzt\\\/#primaryimage\",\"url\":\"https:\\\/\\\/radioleinewelle.de\\\/wp-content\\\/uploads\\\/2022\\\/07\\\/police-gc46af68ff_640.jpg\",\"contentUrl\":\"https:\\\/\\\/radioleinewelle.de\\\/wp-content\\\/uploads\\\/2022\\\/07\\\/police-gc46af68ff_640.jpg\",\"width\":640,\"height\":426},{\"@type\":\"BreadcrumbList\",\"@id\":\"https:\\\/\\\/radioleinewelle.de\\\/index.php\\\/2022\\\/07\\\/01\\\/mutmasslich-psychisch-kranker-attackiert-beamte-bei-einsatz-in-goettingen-polizisten-leicht-verletzt\\\/#breadcrumb\",\"itemListElement\":[{\"@type\":\"ListItem\",\"position\":1,\"name\":\"Startseite\",\"item\":\"https:\\\/\\\/radioleinewelle.de\\\/\"},{\"@type\":\"ListItem\",\"position\":2,\"name\":\"Mutma\u00dflich psychisch Kranker attackiert Beamte bei Einsatz in G\u00f6ttingen &#8211; Polizisten leicht verletzt\"}]},{\"@type\":\"WebSite\",\"@id\":\"https:\\\/\\\/radioleinewelle.de\\\/#website\",\"url\":\"https:\\\/\\\/radioleinewelle.de\\\/\",\"name\":\"Radio Leinewelle\",\"description\":\"\",\"publisher\":{\"@id\":\"https:\\\/\\\/radioleinewelle.de\\\/#organization\"},\"potentialAction\":[{\"@type\":\"SearchAction\",\"target\":{\"@type\":\"EntryPoint\",\"urlTemplate\":\"https:\\\/\\\/radioleinewelle.de\\\/?s={search_term_string}\"},\"query-input\":{\"@type\":\"PropertyValueSpecification\",\"valueRequired\":true,\"valueName\":\"search_term_string\"}}],\"inLanguage\":\"de\"},{\"@type\":\"Organization\",\"@id\":\"https:\\\/\\\/radioleinewelle.de\\\/#organization\",\"name\":\"Radio Leinewelle\",\"alternateName\":\"Mein Radio f\u00fcr S\u00fcdniedersachsen\",\"url\":\"https:\\\/\\\/radioleinewelle.de\\\/\",\"logo\":{\"@type\":\"ImageObject\",\"inLanguage\":\"de\",\"@id\":\"https:\\\/\\\/radioleinewelle.de\\\/#\\\/schema\\\/logo\\\/image\\\/\",\"url\":\"https:\\\/\\\/radioleinewelle.de\\\/wp-content\\\/uploads\\\/2023\\\/11\\\/cropped-Leinewelle_Logo_weiss.png\",\"contentUrl\":\"https:\\\/\\\/radioleinewelle.de\\\/wp-content\\\/uploads\\\/2023\\\/11\\\/cropped-Leinewelle_Logo_weiss.png\",\"width\":854,\"height\":260,\"caption\":\"Radio Leinewelle\"},\"image\":{\"@id\":\"https:\\\/\\\/radioleinewelle.de\\\/#\\\/schema\\\/logo\\\/image\\\/\"},\"sameAs\":[\"https:\\\/\\\/www.facebook.com\\\/radioleinewelle\",\"https:\\\/\\\/x.com\\\/RLeinewelle\",\"https:\\\/\\\/www.instagram.com\\\/radioleinewelle\\\/?hl=de\"]},{\"@type\":\"Person\",\"@id\":\"https:\\\/\\\/radioleinewelle.de\\\/#\\\/schema\\\/person\\\/45606f348637df637192dc1b68399a63\",\"name\":\"Leinewelle\",\"image\":{\"@type\":\"ImageObject\",\"inLanguage\":\"de\",\"@id\":\"https:\\\/\\\/secure.gravatar.com\\\/avatar\\\/05c9a17bc973052ee5d91549bd32fb4dd0dc85b7b85ae94b2e2b4943476bbea5?s=96&d=blank&r=g\",\"url\":\"https:\\\/\\\/secure.gravatar.com\\\/avatar\\\/05c9a17bc973052ee5d91549bd32fb4dd0dc85b7b85ae94b2e2b4943476bbea5?s=96&d=blank&r=g\",\"contentUrl\":\"https:\\\/\\\/secure.gravatar.com\\\/avatar\\\/05c9a17bc973052ee5d91549bd32fb4dd0dc85b7b85ae94b2e2b4943476bbea5?s=96&d=blank&r=g\",\"caption\":\"Leinewelle\"},\"sameAs\":[\"http:\\\/\\\/localhost\\\/radio%20leinewelle\\\/wordpress\",\"https:\\\/\\\/www.facebook.com\\\/radioleinewelle\",\"https:\\\/\\\/www.instagram.com\\\/radioleinewelle\",\"https:\\\/\\\/x.com\\\/https:\\\/\\\/twitter.com\\\/RLeinewelle?ref_src=twsrcgoogletwcampserptwgrauthor\",\"https:\\\/\\\/soundcloud.com\\\/foerderverein-lokalradio?utm_source=clipboard&utm_medium=text&utm_campaign=social_sharing\"],\"url\":\"https:\\\/\\\/radioleinewelle.de\\\/index.php\\\/author\\\/leinewelle\\\/\"}]}<\/script>\n<!-- \/ Yoast SEO plugin. -->","yoast_head_json":{"title":"Mutma\u00dflich psychisch Kranker attackiert Beamte bei Einsatz in G\u00f6ttingen - Polizisten leicht verletzt - Radio Leinewelle","robots":{"index":"index","follow":"follow","max-snippet":"max-snippet:-1","max-image-preview":"max-image-preview:large","max-video-preview":"max-video-preview:-1"},"canonical":"https:\/\/radioleinewelle.de\/index.php\/2022\/07\/01\/mutmasslich-psychisch-kranker-attackiert-beamte-bei-einsatz-in-goettingen-polizisten-leicht-verletzt\/","og_locale":"de_DE","og_type":"article","og_title":"Mutma\u00dflich psychisch Kranker attackiert Beamte bei Einsatz in G\u00f6ttingen - Polizisten leicht verletzt - Radio Leinewelle","og_description":"Ein mutma\u00dflich psychisch kranker Mann hat am Mittwochabend (29.06.22) gegen 22:00 Uhr im G\u00f6ttinger Stadtteil Grone zwei Beamte attackiert. Bei dem Polizeieinsatz zogen sich eine Polizistin und ihr Kollege leichte Verletzungen zu. Beide sind infolgedessen zurzeit dienstunf\u00e4hig. Der 55j\u00e4hrige G\u00f6ttinger soll nach derzeitigen Informationen zuvor seine Nachbarin in einem &#8222;psychischen Ausnahmezustand&#8220; beleidigt und mit einer [&hellip;]","og_url":"https:\/\/radioleinewelle.de\/index.php\/2022\/07\/01\/mutmasslich-psychisch-kranker-attackiert-beamte-bei-einsatz-in-goettingen-polizisten-leicht-verletzt\/","og_site_name":"Radio Leinewelle","article_publisher":"https:\/\/www.facebook.com\/radioleinewelle","article_author":"https:\/\/www.facebook.com\/radioleinewelle","article_published_time":"2022-07-01T03:43:14+00:00","og_image":[{"width":640,"height":426,"url":"https:\/\/radioleinewelle.de\/wp-content\/uploads\/2022\/07\/police-gc46af68ff_640.jpg","type":"image\/jpeg"}],"author":"Leinewelle","twitter_card":"summary_large_image","twitter_creator":"@https:\/\/twitter.com\/RLeinewelle?ref_src=twsrcgoogletwcampserptwgrauthor","twitter_site":"@RLeinewelle","twitter_misc":{"Verfasst von":"Leinewelle","Gesch\u00e4tzte Lesezeit":"2\u00a0Minuten"},"schema":{"@context":"https:\/\/schema.org","@graph":[{"@type":"Article","@id":"https:\/\/radioleinewelle.de\/index.php\/2022\/07\/01\/mutmasslich-psychisch-kranker-attackiert-beamte-bei-einsatz-in-goettingen-polizisten-leicht-verletzt\/#article","isPartOf":{"@id":"https:\/\/radioleinewelle.de\/index.php\/2022\/07\/01\/mutmasslich-psychisch-kranker-attackiert-beamte-bei-einsatz-in-goettingen-polizisten-leicht-verletzt\/"},"author":{"name":"Leinewelle","@id":"https:\/\/radioleinewelle.de\/#\/schema\/person\/45606f348637df637192dc1b68399a63"},"headline":"Mutma\u00dflich psychisch Kranker attackiert Beamte bei Einsatz in G\u00f6ttingen &#8211; Polizisten leicht verletzt","datePublished":"2022-07-01T03:43:14+00:00","mainEntityOfPage":{"@id":"https:\/\/radioleinewelle.de\/index.php\/2022\/07\/01\/mutmasslich-psychisch-kranker-attackiert-beamte-bei-einsatz-in-goettingen-polizisten-leicht-verletzt\/"},"wordCount":237,"publisher":{"@id":"https:\/\/radioleinewelle.de\/#organization"},"image":{"@id":"https:\/\/radioleinewelle.de\/index.php\/2022\/07\/01\/mutmasslich-psychisch-kranker-attackiert-beamte-bei-einsatz-in-goettingen-polizisten-leicht-verletzt\/#primaryimage"},"thumbnailUrl":"https:\/\/radioleinewelle.de\/wp-content\/uploads\/2022\/07\/police-gc46af68ff_640.jpg","keywords":["Polizeiinspektion G\u00f6ttingen"],"articleSection":["Aktuelle Nachrichten"],"inLanguage":"de"},{"@type":"WebPage","@id":"https:\/\/radioleinewelle.de\/index.php\/2022\/07\/01\/mutmasslich-psychisch-kranker-attackiert-beamte-bei-einsatz-in-goettingen-polizisten-leicht-verletzt\/","url":"https:\/\/radioleinewelle.de\/index.php\/2022\/07\/01\/mutmasslich-psychisch-kranker-attackiert-beamte-bei-einsatz-in-goettingen-polizisten-leicht-verletzt\/","name":"Mutma\u00dflich psychisch Kranker attackiert Beamte bei Einsatz in G\u00f6ttingen - Polizisten leicht verletzt - Radio Leinewelle","isPartOf":{"@id":"https:\/\/radioleinewelle.de\/#website"},"primaryImageOfPage":{"@id":"https:\/\/radioleinewelle.de\/index.php\/2022\/07\/01\/mutmasslich-psychisch-kranker-attackiert-beamte-bei-einsatz-in-goettingen-polizisten-leicht-verletzt\/#primaryimage"},"image":{"@id":"https:\/\/radioleinewelle.de\/index.php\/2022\/07\/01\/mutmasslich-psychisch-kranker-attackiert-beamte-bei-einsatz-in-goettingen-polizisten-leicht-verletzt\/#primaryimage"},"thumbnailUrl":"https:\/\/radioleinewelle.de\/wp-content\/uploads\/2022\/07\/police-gc46af68ff_640.jpg","datePublished":"2022-07-01T03:43:14+00:00","breadcrumb":{"@id":"https:\/\/radioleinewelle.de\/index.php\/2022\/07\/01\/mutmasslich-psychisch-kranker-attackiert-beamte-bei-einsatz-in-goettingen-polizisten-leicht-verletzt\/#breadcrumb"},"inLanguage":"de","potentialAction":[{"@type":"ReadAction","target":["https:\/\/radioleinewelle.de\/index.php\/2022\/07\/01\/mutmasslich-psychisch-kranker-attackiert-beamte-bei-einsatz-in-goettingen-polizisten-leicht-verletzt\/"]}]},{"@type":"ImageObject","inLanguage":"de","@id":"https:\/\/radioleinewelle.de\/index.php\/2022\/07\/01\/mutmasslich-psychisch-kranker-attackiert-beamte-bei-einsatz-in-goettingen-polizisten-leicht-verletzt\/#primaryimage","url":"https:\/\/radioleinewelle.de\/wp-content\/uploads\/2022\/07\/police-gc46af68ff_640.jpg","contentUrl":"https:\/\/radioleinewelle.de\/wp-content\/uploads\/2022\/07\/police-gc46af68ff_640.jpg","width":640,"height":426},{"@type":"BreadcrumbList","@id":"https:\/\/radioleinewelle.de\/index.php\/2022\/07\/01\/mutmasslich-psychisch-kranker-attackiert-beamte-bei-einsatz-in-goettingen-polizisten-leicht-verletzt\/#breadcrumb","itemListElement":[{"@type":"ListItem","position":1,"name":"Startseite","item":"https:\/\/radioleinewelle.de\/"},{"@type":"ListItem","position":2,"name":"Mutma\u00dflich psychisch Kranker attackiert Beamte bei Einsatz in G\u00f6ttingen &#8211; Polizisten leicht verletzt"}]},{"@type":"WebSite","@id":"https:\/\/radioleinewelle.de\/#website","url":"https:\/\/radioleinewelle.de\/","name":"Radio Leinewelle","description":"","publisher":{"@id":"https:\/\/radioleinewelle.de\/#organization"},"potentialAction":[{"@type":"SearchAction","target":{"@type":"EntryPoint","urlTemplate":"https:\/\/radioleinewelle.de\/?s={search_term_string}"},"query-input":{"@type":"PropertyValueSpecification","valueRequired":true,"valueName":"search_term_string"}}],"inLanguage":"de"},{"@type":"Organization","@id":"https:\/\/radioleinewelle.de\/#organization","name":"Radio Leinewelle","alternateName":"Mein Radio f\u00fcr S\u00fcdniedersachsen","url":"https:\/\/radioleinewelle.de\/","logo":{"@type":"ImageObject","inLanguage":"de","@id":"https:\/\/radioleinewelle.de\/#\/schema\/logo\/image\/","url":"https:\/\/radioleinewelle.de\/wp-content\/uploads\/2023\/11\/cropped-Leinewelle_Logo_weiss.png","contentUrl":"https:\/\/radioleinewelle.de\/wp-content\/uploads\/2023\/11\/cropped-Leinewelle_Logo_weiss.png","width":854,"height":260,"caption":"Radio Leinewelle"},"image":{"@id":"https:\/\/radioleinewelle.de\/#\/schema\/logo\/image\/"},"sameAs":["https:\/\/www.facebook.com\/radioleinewelle","https:\/\/x.com\/RLeinewelle","https:\/\/www.instagram.com\/radioleinewelle\/?hl=de"]},{"@type":"Person","@id":"https:\/\/radioleinewelle.de\/#\/schema\/person\/45606f348637df637192dc1b68399a63","name":"Leinewelle","image":{"@type":"ImageObject","inLanguage":"de","@id":"https:\/\/secure.gravatar.com\/avatar\/05c9a17bc973052ee5d91549bd32fb4dd0dc85b7b85ae94b2e2b4943476bbea5?s=96&d=blank&r=g","url":"https:\/\/secure.gravatar.com\/avatar\/05c9a17bc973052ee5d91549bd32fb4dd0dc85b7b85ae94b2e2b4943476bbea5?s=96&d=blank&r=g","contentUrl":"https:\/\/secure.gravatar.com\/avatar\/05c9a17bc973052ee5d91549bd32fb4dd0dc85b7b85ae94b2e2b4943476bbea5?s=96&d=blank&r=g","caption":"Leinewelle"},"sameAs":["http:\/\/localhost\/radio%20leinewelle\/wordpress","https:\/\/www.facebook.com\/radioleinewelle","https:\/\/www.instagram.com\/radioleinewelle","https:\/\/x.com\/https:\/\/twitter.com\/RLeinewelle?ref_src=twsrcgoogletwcampserptwgrauthor","https:\/\/soundcloud.com\/foerderverein-lokalradio?utm_source=clipboard&utm_medium=text&utm_campaign=social_sharing"],"url":"https:\/\/radioleinewelle.de\/index.php\/author\/leinewelle\/"}]}},"_links":{"self":[{"href":"https:\/\/radioleinewelle.de\/index.php\/wp-json\/wp\/v2\/posts\/14867","targetHints":{"allow":["GET"]}}],"collection":[{"href":"https:\/\/radioleinewelle.de\/index.php\/wp-json\/wp\/v2\/posts"}],"about":[{"href":"https:\/\/radioleinewelle.de\/index.php\/wp-json\/wp\/v2\/types\/post"}],"author":[{"embeddable":true,"href":"https:\/\/radioleinewelle.de\/index.php\/wp-json\/wp\/v2\/users\/1"}],"replies":[{"embeddable":true,"href":"https:\/\/radioleinewelle.de\/index.php\/wp-json\/wp\/v2\/comments?post=14867"}],"version-history":[{"count":0,"href":"https:\/\/radioleinewelle.de\/index.php\/wp-json\/wp\/v2\/posts\/14867\/revisions"}],"wp:featuredmedia":[{"embeddable":true,"href":"https:\/\/radioleinewelle.de\/index.php\/wp-json\/wp\/v2\/media\/14869"}],"wp:attachment":[{"href":"https:\/\/radioleinewelle.de\/index.php\/wp-json\/wp\/v2\/media?parent=14867"}],"wp:term":[{"taxonomy":"category","embeddable":true,"href":"https:\/\/radioleinewelle.de\/index.php\/wp-json\/wp\/v2\/categories?post=14867"},{"taxonomy":"post_tag","embeddable":true,"href":"https:\/\/radioleinewelle.de\/index.php\/wp-json\/wp\/v2\/tags?post=14867"}],"curies":[{"name":"wp","href":"https:\/\/api.w.org\/{rel}","templated":true}]}}