{"id":14871,"date":"2022-07-01T05:51:29","date_gmt":"2022-07-01T03:51:29","guid":{"rendered":"https:\/\/radioleinewelle.de\/?p=14871"},"modified":"2022-07-01T05:51:29","modified_gmt":"2022-07-01T03:51:29","slug":"schuetzen-und-volksfest-in-goslar-beginnt-heute","status":"publish","type":"post","link":"https:\/\/radioleinewelle.de\/index.php\/2022\/07\/01\/schuetzen-und-volksfest-in-goslar-beginnt-heute\/","title":{"rendered":"Sch\u00fctzen- und Volksfest in Goslar beginnt am Wochenende"},"content":{"rendered":"\n<p>Es ist wieder soweit: Das Sch\u00fctzen- und Volksfest in Goslar findet vom 1. \u2013 10. Juli 2022 auf dem Osterfeld statt und bietet wieder allerhand zum Erleben f\u00fcr Gro\u00df und Klein!&nbsp;Rasante Fahrgesch\u00e4fte, leckere Imbissangebote, einen Pott- und Krammarkt und viele tolle Jubil\u00e4umshighlights! Auf \u00fcber 80.000 Quadratmetern bietet das Sch\u00fctzen- und Volksfest Goslar Spa\u00df und Action f\u00fcr die ganze Familie.<\/p>\n\n\n\n<p><strong>Neue Attraktionen auf dem Festgel\u00e4nde<\/strong><br \/>Das Sch\u00fctzenfest ist bekannt f\u00fcr seine zahlreichen Fahrgesch\u00e4fte, die bei gro\u00dfen und kleinen Besuchern f\u00fcr Adrenalin und Nervenkitzel sorgen. Neben Klassikern wie dem \u201eBreak Dancer\u201c und \u201eDie Krake\u201c kommen in diesem Jahr viele neue Fahrgesch\u00e4fte auf dem Osterfeld hinzu, z.B. die \u201eSound Machine\u201c mit \u00dcberschlaggondeln, der \u201eFighter\u201c \u2013 ein (Propeller)-\u00dcberschlag mit 120 km\/h und die Hochfahrgesch\u00e4fte \u201eRobotix\u201c und \u201ePandora\u201c. Auch f\u00fcr Kinder und Familien gibt es neue Attraktionen mit der Kinderachterbahn \u201eCoco Beach\u201c und dem \u201eSuper Hopser\u201c, der Spa\u00df f\u00fcr die ganze Familie bietet. Eine Vielzahl von H\u00e4ndlern laden zudem auf ihrem Pott- und Krammarkt zum Bummeln und St\u00f6bern ein.<\/p>\n\n\n\n<p>Rund um den Festplatz gibt es <strong>400 Parkpl\u00e4tze<\/strong>. Freitags, samstags und sonntags fahren Busse im 20-Minuten-Takt zwischen 15 \u2013 1 Uhr von der \u201eAlte Heerstra\u00dfe\u201c im Gewerbegebiet Ba\u00dfgeige zum Festplatz und zur\u00fcck. Am Sonntag, den 10. Juli, f\u00e4hrt der Bus nur bis 22 Uhr.&nbsp;<\/p>\n\n\n\n<p>Foto: \u00a9Goslar Marketing Stefan Sobotta<\/p>\n","protected":false},"excerpt":{"rendered":"<p>Es ist wieder soweit: Das Sch\u00fctzen- und Volksfest in Goslar findet vom 1. \u2013 10. Juli 2022 auf dem Osterfeld statt und bietet wieder allerhand zum Erleben f\u00fcr Gro\u00df und Klein!&nbsp;Rasante Fahrgesch\u00e4fte, leckere Imbissangebote, einen Pott- und Krammarkt und viele tolle Jubil\u00e4umshighlights! Auf \u00fcber 80.000 Quadratmetern bietet das Sch\u00fctzen- und Volksfest Goslar Spa\u00df und Action [&hellip;]<\/p>\n","protected":false},"author":1,"featured_media":14872,"comment_status":"closed","ping_status":"closed","sticky":false,"template":"","format":"standard","meta":{"saved_in_kubio":false,"footnotes":""},"categories":[41],"tags":[3179],"class_list":["post-14871","post","type-post","status-publish","format-standard","has-post-thumbnail","hentry","category-veranstaltungen","tag-schuetzenfest-goslar"],"yoast_head":"<!-- This site is optimized with the Yoast SEO plugin v27.4 - https:\/\/yoast.com\/product\/yoast-seo-wordpress\/ -->\n<title>Sch\u00fctzen- und Volksfest in Goslar beginnt am Wochenende - Radio Leinewelle<\/title>\n<meta name=\"robots\" content=\"index, follow, max-snippet:-1, max-image-preview:large, max-video-preview:-1\" \/>\n<link rel=\"canonical\" href=\"https:\/\/radioleinewelle.de\/index.php\/2022\/07\/01\/schuetzen-und-volksfest-in-goslar-beginnt-heute\/\" \/>\n<meta property=\"og:locale\" content=\"de_DE\" \/>\n<meta property=\"og:type\" content=\"article\" \/>\n<meta property=\"og:title\" content=\"Sch\u00fctzen- und Volksfest in Goslar beginnt am Wochenende - Radio Leinewelle\" \/>\n<meta property=\"og:description\" content=\"Es ist wieder soweit: Das Sch\u00fctzen- und Volksfest in Goslar findet vom 1. \u2013 10. Juli 2022 auf dem Osterfeld statt und bietet wieder allerhand zum Erleben f\u00fcr Gro\u00df und Klein!&nbsp;Rasante Fahrgesch\u00e4fte, leckere Imbissangebote, einen Pott- und Krammarkt und viele tolle Jubil\u00e4umshighlights! Auf \u00fcber 80.000 Quadratmetern bietet das Sch\u00fctzen- und Volksfest Goslar Spa\u00df und Action [&hellip;]\" \/>\n<meta property=\"og:url\" content=\"https:\/\/radioleinewelle.de\/index.php\/2022\/07\/01\/schuetzen-und-volksfest-in-goslar-beginnt-heute\/\" \/>\n<meta property=\"og:site_name\" content=\"Radio Leinewelle\" \/>\n<meta property=\"article:publisher\" content=\"https:\/\/www.facebook.com\/radioleinewelle\" \/>\n<meta property=\"article:author\" content=\"https:\/\/www.facebook.com\/radioleinewelle\" \/>\n<meta property=\"article:published_time\" content=\"2022-07-01T03:51:29+00:00\" \/>\n<meta property=\"og:image\" content=\"https:\/\/radioleinewelle.de\/wp-content\/uploads\/2022\/07\/Schuetzen_-und_Volksfest_Kettenkarussell_Fotograf_Stefan_Sobotta-scaled-e1656647473478.jpg\" \/>\n\t<meta property=\"og:image:width\" content=\"600\" \/>\n\t<meta property=\"og:image:height\" content=\"401\" \/>\n\t<meta property=\"og:image:type\" content=\"image\/jpeg\" \/>\n<meta name=\"author\" content=\"Leinewelle\" \/>\n<meta name=\"twitter:card\" content=\"summary_large_image\" \/>\n<meta name=\"twitter:creator\" content=\"@https:\/\/twitter.com\/RLeinewelle?ref_src=twsrcgoogletwcampserptwgrauthor\" \/>\n<meta name=\"twitter:site\" content=\"@RLeinewelle\" \/>\n<meta name=\"twitter:label1\" content=\"Verfasst von\" \/>\n\t<meta name=\"twitter:data1\" content=\"Leinewelle\" \/>\n\t<meta name=\"twitter:label2\" content=\"Gesch\u00e4tzte Lesezeit\" \/>\n\t<meta name=\"twitter:data2\" content=\"2\u00a0Minuten\" \/>\n<script type=\"application\/ld+json\" class=\"yoast-schema-graph\">{\"@context\":\"https:\\\/\\\/schema.org\",\"@graph\":[{\"@type\":\"Article\",\"@id\":\"https:\\\/\\\/radioleinewelle.de\\\/index.php\\\/2022\\\/07\\\/01\\\/schuetzen-und-volksfest-in-goslar-beginnt-heute\\\/#article\",\"isPartOf\":{\"@id\":\"https:\\\/\\\/radioleinewelle.de\\\/index.php\\\/2022\\\/07\\\/01\\\/schuetzen-und-volksfest-in-goslar-beginnt-heute\\\/\"},\"author\":{\"name\":\"Leinewelle\",\"@id\":\"https:\\\/\\\/radioleinewelle.de\\\/#\\\/schema\\\/person\\\/45606f348637df637192dc1b68399a63\"},\"headline\":\"Sch\u00fctzen- und Volksfest in Goslar beginnt am Wochenende\",\"datePublished\":\"2022-07-01T03:51:29+00:00\",\"mainEntityOfPage\":{\"@id\":\"https:\\\/\\\/radioleinewelle.de\\\/index.php\\\/2022\\\/07\\\/01\\\/schuetzen-und-volksfest-in-goslar-beginnt-heute\\\/\"},\"wordCount\":239,\"publisher\":{\"@id\":\"https:\\\/\\\/radioleinewelle.de\\\/#organization\"},\"image\":{\"@id\":\"https:\\\/\\\/radioleinewelle.de\\\/index.php\\\/2022\\\/07\\\/01\\\/schuetzen-und-volksfest-in-goslar-beginnt-heute\\\/#primaryimage\"},\"thumbnailUrl\":\"https:\\\/\\\/radioleinewelle.de\\\/wp-content\\\/uploads\\\/2022\\\/07\\\/Schuetzen_-und_Volksfest_Kettenkarussell_Fotograf_Stefan_Sobotta-scaled-e1656647473478.jpg\",\"keywords\":[\"Sch\u00fctzenfest Goslar\"],\"articleSection\":[\"Veranstaltungen\"],\"inLanguage\":\"de\"},{\"@type\":\"WebPage\",\"@id\":\"https:\\\/\\\/radioleinewelle.de\\\/index.php\\\/2022\\\/07\\\/01\\\/schuetzen-und-volksfest-in-goslar-beginnt-heute\\\/\",\"url\":\"https:\\\/\\\/radioleinewelle.de\\\/index.php\\\/2022\\\/07\\\/01\\\/schuetzen-und-volksfest-in-goslar-beginnt-heute\\\/\",\"name\":\"Sch\u00fctzen- und Volksfest in Goslar beginnt am Wochenende - Radio Leinewelle\",\"isPartOf\":{\"@id\":\"https:\\\/\\\/radioleinewelle.de\\\/#website\"},\"primaryImageOfPage\":{\"@id\":\"https:\\\/\\\/radioleinewelle.de\\\/index.php\\\/2022\\\/07\\\/01\\\/schuetzen-und-volksfest-in-goslar-beginnt-heute\\\/#primaryimage\"},\"image\":{\"@id\":\"https:\\\/\\\/radioleinewelle.de\\\/index.php\\\/2022\\\/07\\\/01\\\/schuetzen-und-volksfest-in-goslar-beginnt-heute\\\/#primaryimage\"},\"thumbnailUrl\":\"https:\\\/\\\/radioleinewelle.de\\\/wp-content\\\/uploads\\\/2022\\\/07\\\/Schuetzen_-und_Volksfest_Kettenkarussell_Fotograf_Stefan_Sobotta-scaled-e1656647473478.jpg\",\"datePublished\":\"2022-07-01T03:51:29+00:00\",\"breadcrumb\":{\"@id\":\"https:\\\/\\\/radioleinewelle.de\\\/index.php\\\/2022\\\/07\\\/01\\\/schuetzen-und-volksfest-in-goslar-beginnt-heute\\\/#breadcrumb\"},\"inLanguage\":\"de\",\"potentialAction\":[{\"@type\":\"ReadAction\",\"target\":[\"https:\\\/\\\/radioleinewelle.de\\\/index.php\\\/2022\\\/07\\\/01\\\/schuetzen-und-volksfest-in-goslar-beginnt-heute\\\/\"]}]},{\"@type\":\"ImageObject\",\"inLanguage\":\"de\",\"@id\":\"https:\\\/\\\/radioleinewelle.de\\\/index.php\\\/2022\\\/07\\\/01\\\/schuetzen-und-volksfest-in-goslar-beginnt-heute\\\/#primaryimage\",\"url\":\"https:\\\/\\\/radioleinewelle.de\\\/wp-content\\\/uploads\\\/2022\\\/07\\\/Schuetzen_-und_Volksfest_Kettenkarussell_Fotograf_Stefan_Sobotta-scaled-e1656647473478.jpg\",\"contentUrl\":\"https:\\\/\\\/radioleinewelle.de\\\/wp-content\\\/uploads\\\/2022\\\/07\\\/Schuetzen_-und_Volksfest_Kettenkarussell_Fotograf_Stefan_Sobotta-scaled-e1656647473478.jpg\",\"width\":600,\"height\":401,\"caption\":\"Europe, DEU, Germany, Niedersachsen, Goslar. 04.07.2017. Kettenkarussell auf dem Goslarer Schuetzenfest. Foto: Visum\\\/ Stefan Sobotta\"},{\"@type\":\"BreadcrumbList\",\"@id\":\"https:\\\/\\\/radioleinewelle.de\\\/index.php\\\/2022\\\/07\\\/01\\\/schuetzen-und-volksfest-in-goslar-beginnt-heute\\\/#breadcrumb\",\"itemListElement\":[{\"@type\":\"ListItem\",\"position\":1,\"name\":\"Startseite\",\"item\":\"https:\\\/\\\/radioleinewelle.de\\\/\"},{\"@type\":\"ListItem\",\"position\":2,\"name\":\"Sch\u00fctzen- und Volksfest in Goslar beginnt am Wochenende\"}]},{\"@type\":\"WebSite\",\"@id\":\"https:\\\/\\\/radioleinewelle.de\\\/#website\",\"url\":\"https:\\\/\\\/radioleinewelle.de\\\/\",\"name\":\"Radio Leinewelle\",\"description\":\"\",\"publisher\":{\"@id\":\"https:\\\/\\\/radioleinewelle.de\\\/#organization\"},\"potentialAction\":[{\"@type\":\"SearchAction\",\"target\":{\"@type\":\"EntryPoint\",\"urlTemplate\":\"https:\\\/\\\/radioleinewelle.de\\\/?s={search_term_string}\"},\"query-input\":{\"@type\":\"PropertyValueSpecification\",\"valueRequired\":true,\"valueName\":\"search_term_string\"}}],\"inLanguage\":\"de\"},{\"@type\":\"Organization\",\"@id\":\"https:\\\/\\\/radioleinewelle.de\\\/#organization\",\"name\":\"Radio Leinewelle\",\"alternateName\":\"Mein Radio f\u00fcr S\u00fcdniedersachsen\",\"url\":\"https:\\\/\\\/radioleinewelle.de\\\/\",\"logo\":{\"@type\":\"ImageObject\",\"inLanguage\":\"de\",\"@id\":\"https:\\\/\\\/radioleinewelle.de\\\/#\\\/schema\\\/logo\\\/image\\\/\",\"url\":\"https:\\\/\\\/radioleinewelle.de\\\/wp-content\\\/uploads\\\/2023\\\/11\\\/cropped-Leinewelle_Logo_weiss.png\",\"contentUrl\":\"https:\\\/\\\/radioleinewelle.de\\\/wp-content\\\/uploads\\\/2023\\\/11\\\/cropped-Leinewelle_Logo_weiss.png\",\"width\":854,\"height\":260,\"caption\":\"Radio Leinewelle\"},\"image\":{\"@id\":\"https:\\\/\\\/radioleinewelle.de\\\/#\\\/schema\\\/logo\\\/image\\\/\"},\"sameAs\":[\"https:\\\/\\\/www.facebook.com\\\/radioleinewelle\",\"https:\\\/\\\/x.com\\\/RLeinewelle\",\"https:\\\/\\\/www.instagram.com\\\/radioleinewelle\\\/?hl=de\"]},{\"@type\":\"Person\",\"@id\":\"https:\\\/\\\/radioleinewelle.de\\\/#\\\/schema\\\/person\\\/45606f348637df637192dc1b68399a63\",\"name\":\"Leinewelle\",\"image\":{\"@type\":\"ImageObject\",\"inLanguage\":\"de\",\"@id\":\"https:\\\/\\\/secure.gravatar.com\\\/avatar\\\/05c9a17bc973052ee5d91549bd32fb4dd0dc85b7b85ae94b2e2b4943476bbea5?s=96&d=blank&r=g\",\"url\":\"https:\\\/\\\/secure.gravatar.com\\\/avatar\\\/05c9a17bc973052ee5d91549bd32fb4dd0dc85b7b85ae94b2e2b4943476bbea5?s=96&d=blank&r=g\",\"contentUrl\":\"https:\\\/\\\/secure.gravatar.com\\\/avatar\\\/05c9a17bc973052ee5d91549bd32fb4dd0dc85b7b85ae94b2e2b4943476bbea5?s=96&d=blank&r=g\",\"caption\":\"Leinewelle\"},\"sameAs\":[\"http:\\\/\\\/localhost\\\/radio%20leinewelle\\\/wordpress\",\"https:\\\/\\\/www.facebook.com\\\/radioleinewelle\",\"https:\\\/\\\/www.instagram.com\\\/radioleinewelle\",\"https:\\\/\\\/x.com\\\/https:\\\/\\\/twitter.com\\\/RLeinewelle?ref_src=twsrcgoogletwcampserptwgrauthor\",\"https:\\\/\\\/soundcloud.com\\\/foerderverein-lokalradio?utm_source=clipboard&utm_medium=text&utm_campaign=social_sharing\"],\"url\":\"https:\\\/\\\/radioleinewelle.de\\\/index.php\\\/author\\\/leinewelle\\\/\"}]}<\/script>\n<!-- \/ Yoast SEO plugin. -->","yoast_head_json":{"title":"Sch\u00fctzen- und Volksfest in Goslar beginnt am Wochenende - Radio Leinewelle","robots":{"index":"index","follow":"follow","max-snippet":"max-snippet:-1","max-image-preview":"max-image-preview:large","max-video-preview":"max-video-preview:-1"},"canonical":"https:\/\/radioleinewelle.de\/index.php\/2022\/07\/01\/schuetzen-und-volksfest-in-goslar-beginnt-heute\/","og_locale":"de_DE","og_type":"article","og_title":"Sch\u00fctzen- und Volksfest in Goslar beginnt am Wochenende - Radio Leinewelle","og_description":"Es ist wieder soweit: Das Sch\u00fctzen- und Volksfest in Goslar findet vom 1. \u2013 10. Juli 2022 auf dem Osterfeld statt und bietet wieder allerhand zum Erleben f\u00fcr Gro\u00df und Klein!&nbsp;Rasante Fahrgesch\u00e4fte, leckere Imbissangebote, einen Pott- und Krammarkt und viele tolle Jubil\u00e4umshighlights! Auf \u00fcber 80.000 Quadratmetern bietet das Sch\u00fctzen- und Volksfest Goslar Spa\u00df und Action [&hellip;]","og_url":"https:\/\/radioleinewelle.de\/index.php\/2022\/07\/01\/schuetzen-und-volksfest-in-goslar-beginnt-heute\/","og_site_name":"Radio Leinewelle","article_publisher":"https:\/\/www.facebook.com\/radioleinewelle","article_author":"https:\/\/www.facebook.com\/radioleinewelle","article_published_time":"2022-07-01T03:51:29+00:00","og_image":[{"width":600,"height":401,"url":"https:\/\/radioleinewelle.de\/wp-content\/uploads\/2022\/07\/Schuetzen_-und_Volksfest_Kettenkarussell_Fotograf_Stefan_Sobotta-scaled-e1656647473478.jpg","type":"image\/jpeg"}],"author":"Leinewelle","twitter_card":"summary_large_image","twitter_creator":"@https:\/\/twitter.com\/RLeinewelle?ref_src=twsrcgoogletwcampserptwgrauthor","twitter_site":"@RLeinewelle","twitter_misc":{"Verfasst von":"Leinewelle","Gesch\u00e4tzte Lesezeit":"2\u00a0Minuten"},"schema":{"@context":"https:\/\/schema.org","@graph":[{"@type":"Article","@id":"https:\/\/radioleinewelle.de\/index.php\/2022\/07\/01\/schuetzen-und-volksfest-in-goslar-beginnt-heute\/#article","isPartOf":{"@id":"https:\/\/radioleinewelle.de\/index.php\/2022\/07\/01\/schuetzen-und-volksfest-in-goslar-beginnt-heute\/"},"author":{"name":"Leinewelle","@id":"https:\/\/radioleinewelle.de\/#\/schema\/person\/45606f348637df637192dc1b68399a63"},"headline":"Sch\u00fctzen- und Volksfest in Goslar beginnt am Wochenende","datePublished":"2022-07-01T03:51:29+00:00","mainEntityOfPage":{"@id":"https:\/\/radioleinewelle.de\/index.php\/2022\/07\/01\/schuetzen-und-volksfest-in-goslar-beginnt-heute\/"},"wordCount":239,"publisher":{"@id":"https:\/\/radioleinewelle.de\/#organization"},"image":{"@id":"https:\/\/radioleinewelle.de\/index.php\/2022\/07\/01\/schuetzen-und-volksfest-in-goslar-beginnt-heute\/#primaryimage"},"thumbnailUrl":"https:\/\/radioleinewelle.de\/wp-content\/uploads\/2022\/07\/Schuetzen_-und_Volksfest_Kettenkarussell_Fotograf_Stefan_Sobotta-scaled-e1656647473478.jpg","keywords":["Sch\u00fctzenfest Goslar"],"articleSection":["Veranstaltungen"],"inLanguage":"de"},{"@type":"WebPage","@id":"https:\/\/radioleinewelle.de\/index.php\/2022\/07\/01\/schuetzen-und-volksfest-in-goslar-beginnt-heute\/","url":"https:\/\/radioleinewelle.de\/index.php\/2022\/07\/01\/schuetzen-und-volksfest-in-goslar-beginnt-heute\/","name":"Sch\u00fctzen- und Volksfest in Goslar beginnt am Wochenende - Radio Leinewelle","isPartOf":{"@id":"https:\/\/radioleinewelle.de\/#website"},"primaryImageOfPage":{"@id":"https:\/\/radioleinewelle.de\/index.php\/2022\/07\/01\/schuetzen-und-volksfest-in-goslar-beginnt-heute\/#primaryimage"},"image":{"@id":"https:\/\/radioleinewelle.de\/index.php\/2022\/07\/01\/schuetzen-und-volksfest-in-goslar-beginnt-heute\/#primaryimage"},"thumbnailUrl":"https:\/\/radioleinewelle.de\/wp-content\/uploads\/2022\/07\/Schuetzen_-und_Volksfest_Kettenkarussell_Fotograf_Stefan_Sobotta-scaled-e1656647473478.jpg","datePublished":"2022-07-01T03:51:29+00:00","breadcrumb":{"@id":"https:\/\/radioleinewelle.de\/index.php\/2022\/07\/01\/schuetzen-und-volksfest-in-goslar-beginnt-heute\/#breadcrumb"},"inLanguage":"de","potentialAction":[{"@type":"ReadAction","target":["https:\/\/radioleinewelle.de\/index.php\/2022\/07\/01\/schuetzen-und-volksfest-in-goslar-beginnt-heute\/"]}]},{"@type":"ImageObject","inLanguage":"de","@id":"https:\/\/radioleinewelle.de\/index.php\/2022\/07\/01\/schuetzen-und-volksfest-in-goslar-beginnt-heute\/#primaryimage","url":"https:\/\/radioleinewelle.de\/wp-content\/uploads\/2022\/07\/Schuetzen_-und_Volksfest_Kettenkarussell_Fotograf_Stefan_Sobotta-scaled-e1656647473478.jpg","contentUrl":"https:\/\/radioleinewelle.de\/wp-content\/uploads\/2022\/07\/Schuetzen_-und_Volksfest_Kettenkarussell_Fotograf_Stefan_Sobotta-scaled-e1656647473478.jpg","width":600,"height":401,"caption":"Europe, DEU, Germany, Niedersachsen, Goslar. 04.07.2017. Kettenkarussell auf dem Goslarer Schuetzenfest. Foto: Visum\/ Stefan Sobotta"},{"@type":"BreadcrumbList","@id":"https:\/\/radioleinewelle.de\/index.php\/2022\/07\/01\/schuetzen-und-volksfest-in-goslar-beginnt-heute\/#breadcrumb","itemListElement":[{"@type":"ListItem","position":1,"name":"Startseite","item":"https:\/\/radioleinewelle.de\/"},{"@type":"ListItem","position":2,"name":"Sch\u00fctzen- und Volksfest in Goslar beginnt am Wochenende"}]},{"@type":"WebSite","@id":"https:\/\/radioleinewelle.de\/#website","url":"https:\/\/radioleinewelle.de\/","name":"Radio Leinewelle","description":"","publisher":{"@id":"https:\/\/radioleinewelle.de\/#organization"},"potentialAction":[{"@type":"SearchAction","target":{"@type":"EntryPoint","urlTemplate":"https:\/\/radioleinewelle.de\/?s={search_term_string}"},"query-input":{"@type":"PropertyValueSpecification","valueRequired":true,"valueName":"search_term_string"}}],"inLanguage":"de"},{"@type":"Organization","@id":"https:\/\/radioleinewelle.de\/#organization","name":"Radio Leinewelle","alternateName":"Mein Radio f\u00fcr S\u00fcdniedersachsen","url":"https:\/\/radioleinewelle.de\/","logo":{"@type":"ImageObject","inLanguage":"de","@id":"https:\/\/radioleinewelle.de\/#\/schema\/logo\/image\/","url":"https:\/\/radioleinewelle.de\/wp-content\/uploads\/2023\/11\/cropped-Leinewelle_Logo_weiss.png","contentUrl":"https:\/\/radioleinewelle.de\/wp-content\/uploads\/2023\/11\/cropped-Leinewelle_Logo_weiss.png","width":854,"height":260,"caption":"Radio Leinewelle"},"image":{"@id":"https:\/\/radioleinewelle.de\/#\/schema\/logo\/image\/"},"sameAs":["https:\/\/www.facebook.com\/radioleinewelle","https:\/\/x.com\/RLeinewelle","https:\/\/www.instagram.com\/radioleinewelle\/?hl=de"]},{"@type":"Person","@id":"https:\/\/radioleinewelle.de\/#\/schema\/person\/45606f348637df637192dc1b68399a63","name":"Leinewelle","image":{"@type":"ImageObject","inLanguage":"de","@id":"https:\/\/secure.gravatar.com\/avatar\/05c9a17bc973052ee5d91549bd32fb4dd0dc85b7b85ae94b2e2b4943476bbea5?s=96&d=blank&r=g","url":"https:\/\/secure.gravatar.com\/avatar\/05c9a17bc973052ee5d91549bd32fb4dd0dc85b7b85ae94b2e2b4943476bbea5?s=96&d=blank&r=g","contentUrl":"https:\/\/secure.gravatar.com\/avatar\/05c9a17bc973052ee5d91549bd32fb4dd0dc85b7b85ae94b2e2b4943476bbea5?s=96&d=blank&r=g","caption":"Leinewelle"},"sameAs":["http:\/\/localhost\/radio%20leinewelle\/wordpress","https:\/\/www.facebook.com\/radioleinewelle","https:\/\/www.instagram.com\/radioleinewelle","https:\/\/x.com\/https:\/\/twitter.com\/RLeinewelle?ref_src=twsrcgoogletwcampserptwgrauthor","https:\/\/soundcloud.com\/foerderverein-lokalradio?utm_source=clipboard&utm_medium=text&utm_campaign=social_sharing"],"url":"https:\/\/radioleinewelle.de\/index.php\/author\/leinewelle\/"}]}},"_links":{"self":[{"href":"https:\/\/radioleinewelle.de\/index.php\/wp-json\/wp\/v2\/posts\/14871","targetHints":{"allow":["GET"]}}],"collection":[{"href":"https:\/\/radioleinewelle.de\/index.php\/wp-json\/wp\/v2\/posts"}],"about":[{"href":"https:\/\/radioleinewelle.de\/index.php\/wp-json\/wp\/v2\/types\/post"}],"author":[{"embeddable":true,"href":"https:\/\/radioleinewelle.de\/index.php\/wp-json\/wp\/v2\/users\/1"}],"replies":[{"embeddable":true,"href":"https:\/\/radioleinewelle.de\/index.php\/wp-json\/wp\/v2\/comments?post=14871"}],"version-history":[{"count":0,"href":"https:\/\/radioleinewelle.de\/index.php\/wp-json\/wp\/v2\/posts\/14871\/revisions"}],"wp:featuredmedia":[{"embeddable":true,"href":"https:\/\/radioleinewelle.de\/index.php\/wp-json\/wp\/v2\/media\/14872"}],"wp:attachment":[{"href":"https:\/\/radioleinewelle.de\/index.php\/wp-json\/wp\/v2\/media?parent=14871"}],"wp:term":[{"taxonomy":"category","embeddable":true,"href":"https:\/\/radioleinewelle.de\/index.php\/wp-json\/wp\/v2\/categories?post=14871"},{"taxonomy":"post_tag","embeddable":true,"href":"https:\/\/radioleinewelle.de\/index.php\/wp-json\/wp\/v2\/tags?post=14871"}],"curies":[{"name":"wp","href":"https:\/\/api.w.org\/{rel}","templated":true}]}}