{"id":15101,"date":"2022-07-20T11:26:42","date_gmt":"2022-07-20T09:26:42","guid":{"rendered":"https:\/\/radioleinewelle.de\/?p=15101"},"modified":"2022-07-20T11:26:42","modified_gmt":"2022-07-20T09:26:42","slug":"landkreis-goettingen-ergreift-massnahmen-zur-beschleunigung-von-baugenehmigungen","status":"publish","type":"post","link":"https:\/\/radioleinewelle.de\/index.php\/2022\/07\/20\/landkreis-goettingen-ergreift-massnahmen-zur-beschleunigung-von-baugenehmigungen\/","title":{"rendered":"Landkreis G\u00f6ttingen ergreift Ma\u00dfnahmen zur Beschleunigung von Baugenehmigungen"},"content":{"rendered":"\n<p>In den letzten Wochen hat es deutliche Kritik an der Arbeit des Bauamts des Landkreises G\u00f6ttingen gegeben. Jan Risting und Constanze Kohn, vom Fraktionsvorstand der FDP-Fraktion im Rat Bovenden-Lenglern, kritisierten in einem offenen Brief an den Landrat Riethig die Verz\u00f6gerung von Baugenehmigungsverfahren. <br \/>Jetzt hat der Landkreis reagiert und teilte mit, dass in Zukunft eine Einschr\u00e4nkung der Servicezeit im Fachbereich Bauen eine konzentrierte Bearbeitung von Bauantr\u00e4gen erm\u00f6gl<strong>ic<\/strong>hen soll. Betroffen ist der Bereich, der Bauantr\u00e4ge und Bauvoranfragen mit dem dazugeh\u00f6rigen st\u00e4dtebaulichen Planungsrecht und Baulasten bearbeitet. Die Servicezeit (also die Erreichbarkeit per Telefon bzw. pers\u00f6nlich ohne vereinbartem Termin) wird beschr\u00e4nkt auf mittwochs, 09:00 bis 12.00 Uhr. Die M\u00f6glichkeit, Termine f\u00fcr andere Zeiten zu vereinbaren, bleibt davon unber\u00fchrt. Diese Ma\u00dfnahme gilt befristet bis 31.12.2022. <br \/>Durch die erh\u00f6hte Baut\u00e4tigkeit im Landkreis, personelle Engp\u00e4sse und Krankheitsausf\u00e4lle sei das Bauamt erheblich belastet, hei\u00dft es seitens des Landkreises. <\/p>\n\n\n\n<p>Bild von&nbsp;<a href=\"https:\/\/pixabay.com\/de\/users\/pix1861-468748\/?utm_source=link-attribution&amp;utm_medium=referral&amp;utm_campaign=image&amp;utm_content=681311\">Csaba Nagy<\/a>&nbsp;auf&nbsp;<a href=\"https:\/\/pixabay.com\/de\/?utm_source=link-attribution&amp;utm_medium=referral&amp;utm_campaign=image&amp;utm_content=681311\">Pixabay<\/a>&nbsp;<br \/><\/p>\n\n\n\n<p><\/p>\n","protected":false},"excerpt":{"rendered":"<p>In den letzten Wochen hat es deutliche Kritik an der Arbeit des Bauamts des Landkreises G\u00f6ttingen gegeben. Jan Risting und Constanze Kohn, vom Fraktionsvorstand der FDP-Fraktion im Rat Bovenden-Lenglern, kritisierten in einem offenen Brief an den Landrat Riethig die Verz\u00f6gerung von Baugenehmigungsverfahren. Jetzt hat der Landkreis reagiert und teilte mit, dass in Zukunft eine Einschr\u00e4nkung [&hellip;]<\/p>\n","protected":false},"author":1,"featured_media":15103,"comment_status":"closed","ping_status":"closed","sticky":false,"template":"","format":"standard","meta":{"saved_in_kubio":false,"footnotes":""},"categories":[31],"tags":[3221,3222,327],"class_list":["post-15101","post","type-post","status-publish","format-standard","has-post-thumbnail","hentry","category-bauen-verkehr","tag-baugenehmigungen","tag-fachbereich-bauen","tag-landkreis-goettingen"],"yoast_head":"<!-- This site is optimized with the Yoast SEO plugin v27.5 - https:\/\/yoast.com\/product\/yoast-seo-wordpress\/ -->\n<title>Landkreis G\u00f6ttingen ergreift Ma\u00dfnahmen zur Beschleunigung von Baugenehmigungen - Radio Leinewelle<\/title>\n<meta name=\"robots\" content=\"index, follow, max-snippet:-1, max-image-preview:large, max-video-preview:-1\" \/>\n<link rel=\"canonical\" href=\"https:\/\/radioleinewelle.de\/index.php\/2022\/07\/20\/landkreis-goettingen-ergreift-massnahmen-zur-beschleunigung-von-baugenehmigungen\/\" \/>\n<meta property=\"og:locale\" content=\"de_DE\" \/>\n<meta property=\"og:type\" content=\"article\" \/>\n<meta property=\"og:title\" content=\"Landkreis G\u00f6ttingen ergreift Ma\u00dfnahmen zur Beschleunigung von Baugenehmigungen - Radio Leinewelle\" \/>\n<meta property=\"og:description\" content=\"In den letzten Wochen hat es deutliche Kritik an der Arbeit des Bauamts des Landkreises G\u00f6ttingen gegeben. Jan Risting und Constanze Kohn, vom Fraktionsvorstand der FDP-Fraktion im Rat Bovenden-Lenglern, kritisierten in einem offenen Brief an den Landrat Riethig die Verz\u00f6gerung von Baugenehmigungsverfahren. Jetzt hat der Landkreis reagiert und teilte mit, dass in Zukunft eine Einschr\u00e4nkung [&hellip;]\" \/>\n<meta property=\"og:url\" content=\"https:\/\/radioleinewelle.de\/index.php\/2022\/07\/20\/landkreis-goettingen-ergreift-massnahmen-zur-beschleunigung-von-baugenehmigungen\/\" \/>\n<meta property=\"og:site_name\" content=\"Radio Leinewelle\" \/>\n<meta property=\"article:publisher\" content=\"https:\/\/www.facebook.com\/radioleinewelle\" \/>\n<meta property=\"article:author\" content=\"https:\/\/www.facebook.com\/radioleinewelle\" \/>\n<meta property=\"article:published_time\" content=\"2022-07-20T09:26:42+00:00\" \/>\n<meta property=\"og:image\" content=\"https:\/\/radioleinewelle.de\/wp-content\/uploads\/2022\/07\/blueprint-g5daf8d7f0_640.jpg\" \/>\n\t<meta property=\"og:image:width\" content=\"640\" \/>\n\t<meta property=\"og:image:height\" content=\"426\" \/>\n\t<meta property=\"og:image:type\" content=\"image\/jpeg\" \/>\n<meta name=\"author\" content=\"Leinewelle\" \/>\n<meta name=\"twitter:card\" content=\"summary_large_image\" \/>\n<meta name=\"twitter:creator\" content=\"@https:\/\/twitter.com\/RLeinewelle?ref_src=twsrcgoogletwcampserptwgrauthor\" \/>\n<meta name=\"twitter:site\" content=\"@RLeinewelle\" \/>\n<meta name=\"twitter:label1\" content=\"Verfasst von\" \/>\n\t<meta name=\"twitter:data1\" content=\"Leinewelle\" \/>\n\t<meta name=\"twitter:label2\" content=\"Gesch\u00e4tzte Lesezeit\" \/>\n\t<meta name=\"twitter:data2\" content=\"1\u00a0Minute\" \/>\n<script type=\"application\/ld+json\" class=\"yoast-schema-graph\">{\"@context\":\"https:\\\/\\\/schema.org\",\"@graph\":[{\"@type\":\"Article\",\"@id\":\"https:\\\/\\\/radioleinewelle.de\\\/index.php\\\/2022\\\/07\\\/20\\\/landkreis-goettingen-ergreift-massnahmen-zur-beschleunigung-von-baugenehmigungen\\\/#article\",\"isPartOf\":{\"@id\":\"https:\\\/\\\/radioleinewelle.de\\\/index.php\\\/2022\\\/07\\\/20\\\/landkreis-goettingen-ergreift-massnahmen-zur-beschleunigung-von-baugenehmigungen\\\/\"},\"author\":{\"name\":\"Leinewelle\",\"@id\":\"https:\\\/\\\/radioleinewelle.de\\\/#\\\/schema\\\/person\\\/45606f348637df637192dc1b68399a63\"},\"headline\":\"Landkreis G\u00f6ttingen ergreift Ma\u00dfnahmen zur Beschleunigung von Baugenehmigungen\",\"datePublished\":\"2022-07-20T09:26:42+00:00\",\"mainEntityOfPage\":{\"@id\":\"https:\\\/\\\/radioleinewelle.de\\\/index.php\\\/2022\\\/07\\\/20\\\/landkreis-goettingen-ergreift-massnahmen-zur-beschleunigung-von-baugenehmigungen\\\/\"},\"wordCount\":176,\"publisher\":{\"@id\":\"https:\\\/\\\/radioleinewelle.de\\\/#organization\"},\"image\":{\"@id\":\"https:\\\/\\\/radioleinewelle.de\\\/index.php\\\/2022\\\/07\\\/20\\\/landkreis-goettingen-ergreift-massnahmen-zur-beschleunigung-von-baugenehmigungen\\\/#primaryimage\"},\"thumbnailUrl\":\"https:\\\/\\\/radioleinewelle.de\\\/wp-content\\\/uploads\\\/2022\\\/07\\\/blueprint-g5daf8d7f0_640.jpg\",\"keywords\":[\"Baugenehmigungen\",\"Fachbereich Bauen\",\"Landkreis G\u00f6ttingen\"],\"articleSection\":[\"Bauen &amp; Verkehr\"],\"inLanguage\":\"de\"},{\"@type\":\"WebPage\",\"@id\":\"https:\\\/\\\/radioleinewelle.de\\\/index.php\\\/2022\\\/07\\\/20\\\/landkreis-goettingen-ergreift-massnahmen-zur-beschleunigung-von-baugenehmigungen\\\/\",\"url\":\"https:\\\/\\\/radioleinewelle.de\\\/index.php\\\/2022\\\/07\\\/20\\\/landkreis-goettingen-ergreift-massnahmen-zur-beschleunigung-von-baugenehmigungen\\\/\",\"name\":\"Landkreis G\u00f6ttingen ergreift Ma\u00dfnahmen zur Beschleunigung von Baugenehmigungen - Radio Leinewelle\",\"isPartOf\":{\"@id\":\"https:\\\/\\\/radioleinewelle.de\\\/#website\"},\"primaryImageOfPage\":{\"@id\":\"https:\\\/\\\/radioleinewelle.de\\\/index.php\\\/2022\\\/07\\\/20\\\/landkreis-goettingen-ergreift-massnahmen-zur-beschleunigung-von-baugenehmigungen\\\/#primaryimage\"},\"image\":{\"@id\":\"https:\\\/\\\/radioleinewelle.de\\\/index.php\\\/2022\\\/07\\\/20\\\/landkreis-goettingen-ergreift-massnahmen-zur-beschleunigung-von-baugenehmigungen\\\/#primaryimage\"},\"thumbnailUrl\":\"https:\\\/\\\/radioleinewelle.de\\\/wp-content\\\/uploads\\\/2022\\\/07\\\/blueprint-g5daf8d7f0_640.jpg\",\"datePublished\":\"2022-07-20T09:26:42+00:00\",\"breadcrumb\":{\"@id\":\"https:\\\/\\\/radioleinewelle.de\\\/index.php\\\/2022\\\/07\\\/20\\\/landkreis-goettingen-ergreift-massnahmen-zur-beschleunigung-von-baugenehmigungen\\\/#breadcrumb\"},\"inLanguage\":\"de\",\"potentialAction\":[{\"@type\":\"ReadAction\",\"target\":[\"https:\\\/\\\/radioleinewelle.de\\\/index.php\\\/2022\\\/07\\\/20\\\/landkreis-goettingen-ergreift-massnahmen-zur-beschleunigung-von-baugenehmigungen\\\/\"]}]},{\"@type\":\"ImageObject\",\"inLanguage\":\"de\",\"@id\":\"https:\\\/\\\/radioleinewelle.de\\\/index.php\\\/2022\\\/07\\\/20\\\/landkreis-goettingen-ergreift-massnahmen-zur-beschleunigung-von-baugenehmigungen\\\/#primaryimage\",\"url\":\"https:\\\/\\\/radioleinewelle.de\\\/wp-content\\\/uploads\\\/2022\\\/07\\\/blueprint-g5daf8d7f0_640.jpg\",\"contentUrl\":\"https:\\\/\\\/radioleinewelle.de\\\/wp-content\\\/uploads\\\/2022\\\/07\\\/blueprint-g5daf8d7f0_640.jpg\",\"width\":640,\"height\":426},{\"@type\":\"BreadcrumbList\",\"@id\":\"https:\\\/\\\/radioleinewelle.de\\\/index.php\\\/2022\\\/07\\\/20\\\/landkreis-goettingen-ergreift-massnahmen-zur-beschleunigung-von-baugenehmigungen\\\/#breadcrumb\",\"itemListElement\":[{\"@type\":\"ListItem\",\"position\":1,\"name\":\"Startseite\",\"item\":\"https:\\\/\\\/radioleinewelle.de\\\/\"},{\"@type\":\"ListItem\",\"position\":2,\"name\":\"Landkreis G\u00f6ttingen ergreift Ma\u00dfnahmen zur Beschleunigung von Baugenehmigungen\"}]},{\"@type\":\"WebSite\",\"@id\":\"https:\\\/\\\/radioleinewelle.de\\\/#website\",\"url\":\"https:\\\/\\\/radioleinewelle.de\\\/\",\"name\":\"Radio Leinewelle\",\"description\":\"\",\"publisher\":{\"@id\":\"https:\\\/\\\/radioleinewelle.de\\\/#organization\"},\"potentialAction\":[{\"@type\":\"SearchAction\",\"target\":{\"@type\":\"EntryPoint\",\"urlTemplate\":\"https:\\\/\\\/radioleinewelle.de\\\/?s={search_term_string}\"},\"query-input\":{\"@type\":\"PropertyValueSpecification\",\"valueRequired\":true,\"valueName\":\"search_term_string\"}}],\"inLanguage\":\"de\"},{\"@type\":\"Organization\",\"@id\":\"https:\\\/\\\/radioleinewelle.de\\\/#organization\",\"name\":\"Radio Leinewelle\",\"alternateName\":\"Mein Radio f\u00fcr S\u00fcdniedersachsen\",\"url\":\"https:\\\/\\\/radioleinewelle.de\\\/\",\"logo\":{\"@type\":\"ImageObject\",\"inLanguage\":\"de\",\"@id\":\"https:\\\/\\\/radioleinewelle.de\\\/#\\\/schema\\\/logo\\\/image\\\/\",\"url\":\"https:\\\/\\\/radioleinewelle.de\\\/wp-content\\\/uploads\\\/2023\\\/11\\\/cropped-Leinewelle_Logo_weiss.png\",\"contentUrl\":\"https:\\\/\\\/radioleinewelle.de\\\/wp-content\\\/uploads\\\/2023\\\/11\\\/cropped-Leinewelle_Logo_weiss.png\",\"width\":854,\"height\":260,\"caption\":\"Radio Leinewelle\"},\"image\":{\"@id\":\"https:\\\/\\\/radioleinewelle.de\\\/#\\\/schema\\\/logo\\\/image\\\/\"},\"sameAs\":[\"https:\\\/\\\/www.facebook.com\\\/radioleinewelle\",\"https:\\\/\\\/x.com\\\/RLeinewelle\",\"https:\\\/\\\/www.instagram.com\\\/radioleinewelle\\\/?hl=de\"]},{\"@type\":\"Person\",\"@id\":\"https:\\\/\\\/radioleinewelle.de\\\/#\\\/schema\\\/person\\\/45606f348637df637192dc1b68399a63\",\"name\":\"Leinewelle\",\"image\":{\"@type\":\"ImageObject\",\"inLanguage\":\"de\",\"@id\":\"https:\\\/\\\/secure.gravatar.com\\\/avatar\\\/05c9a17bc973052ee5d91549bd32fb4dd0dc85b7b85ae94b2e2b4943476bbea5?s=96&d=blank&r=g\",\"url\":\"https:\\\/\\\/secure.gravatar.com\\\/avatar\\\/05c9a17bc973052ee5d91549bd32fb4dd0dc85b7b85ae94b2e2b4943476bbea5?s=96&d=blank&r=g\",\"contentUrl\":\"https:\\\/\\\/secure.gravatar.com\\\/avatar\\\/05c9a17bc973052ee5d91549bd32fb4dd0dc85b7b85ae94b2e2b4943476bbea5?s=96&d=blank&r=g\",\"caption\":\"Leinewelle\"},\"sameAs\":[\"http:\\\/\\\/localhost\\\/radio%20leinewelle\\\/wordpress\",\"https:\\\/\\\/www.facebook.com\\\/radioleinewelle\",\"https:\\\/\\\/www.instagram.com\\\/radioleinewelle\",\"https:\\\/\\\/x.com\\\/https:\\\/\\\/twitter.com\\\/RLeinewelle?ref_src=twsrcgoogletwcampserptwgrauthor\",\"https:\\\/\\\/soundcloud.com\\\/foerderverein-lokalradio?utm_source=clipboard&utm_medium=text&utm_campaign=social_sharing\"],\"url\":\"https:\\\/\\\/radioleinewelle.de\\\/index.php\\\/author\\\/leinewelle\\\/\"}]}<\/script>\n<!-- \/ Yoast SEO plugin. -->","yoast_head_json":{"title":"Landkreis G\u00f6ttingen ergreift Ma\u00dfnahmen zur Beschleunigung von Baugenehmigungen - Radio Leinewelle","robots":{"index":"index","follow":"follow","max-snippet":"max-snippet:-1","max-image-preview":"max-image-preview:large","max-video-preview":"max-video-preview:-1"},"canonical":"https:\/\/radioleinewelle.de\/index.php\/2022\/07\/20\/landkreis-goettingen-ergreift-massnahmen-zur-beschleunigung-von-baugenehmigungen\/","og_locale":"de_DE","og_type":"article","og_title":"Landkreis G\u00f6ttingen ergreift Ma\u00dfnahmen zur Beschleunigung von Baugenehmigungen - Radio Leinewelle","og_description":"In den letzten Wochen hat es deutliche Kritik an der Arbeit des Bauamts des Landkreises G\u00f6ttingen gegeben. Jan Risting und Constanze Kohn, vom Fraktionsvorstand der FDP-Fraktion im Rat Bovenden-Lenglern, kritisierten in einem offenen Brief an den Landrat Riethig die Verz\u00f6gerung von Baugenehmigungsverfahren. Jetzt hat der Landkreis reagiert und teilte mit, dass in Zukunft eine Einschr\u00e4nkung [&hellip;]","og_url":"https:\/\/radioleinewelle.de\/index.php\/2022\/07\/20\/landkreis-goettingen-ergreift-massnahmen-zur-beschleunigung-von-baugenehmigungen\/","og_site_name":"Radio Leinewelle","article_publisher":"https:\/\/www.facebook.com\/radioleinewelle","article_author":"https:\/\/www.facebook.com\/radioleinewelle","article_published_time":"2022-07-20T09:26:42+00:00","og_image":[{"width":640,"height":426,"url":"https:\/\/radioleinewelle.de\/wp-content\/uploads\/2022\/07\/blueprint-g5daf8d7f0_640.jpg","type":"image\/jpeg"}],"author":"Leinewelle","twitter_card":"summary_large_image","twitter_creator":"@https:\/\/twitter.com\/RLeinewelle?ref_src=twsrcgoogletwcampserptwgrauthor","twitter_site":"@RLeinewelle","twitter_misc":{"Verfasst von":"Leinewelle","Gesch\u00e4tzte Lesezeit":"1\u00a0Minute"},"schema":{"@context":"https:\/\/schema.org","@graph":[{"@type":"Article","@id":"https:\/\/radioleinewelle.de\/index.php\/2022\/07\/20\/landkreis-goettingen-ergreift-massnahmen-zur-beschleunigung-von-baugenehmigungen\/#article","isPartOf":{"@id":"https:\/\/radioleinewelle.de\/index.php\/2022\/07\/20\/landkreis-goettingen-ergreift-massnahmen-zur-beschleunigung-von-baugenehmigungen\/"},"author":{"name":"Leinewelle","@id":"https:\/\/radioleinewelle.de\/#\/schema\/person\/45606f348637df637192dc1b68399a63"},"headline":"Landkreis G\u00f6ttingen ergreift Ma\u00dfnahmen zur Beschleunigung von Baugenehmigungen","datePublished":"2022-07-20T09:26:42+00:00","mainEntityOfPage":{"@id":"https:\/\/radioleinewelle.de\/index.php\/2022\/07\/20\/landkreis-goettingen-ergreift-massnahmen-zur-beschleunigung-von-baugenehmigungen\/"},"wordCount":176,"publisher":{"@id":"https:\/\/radioleinewelle.de\/#organization"},"image":{"@id":"https:\/\/radioleinewelle.de\/index.php\/2022\/07\/20\/landkreis-goettingen-ergreift-massnahmen-zur-beschleunigung-von-baugenehmigungen\/#primaryimage"},"thumbnailUrl":"https:\/\/radioleinewelle.de\/wp-content\/uploads\/2022\/07\/blueprint-g5daf8d7f0_640.jpg","keywords":["Baugenehmigungen","Fachbereich Bauen","Landkreis G\u00f6ttingen"],"articleSection":["Bauen &amp; Verkehr"],"inLanguage":"de"},{"@type":"WebPage","@id":"https:\/\/radioleinewelle.de\/index.php\/2022\/07\/20\/landkreis-goettingen-ergreift-massnahmen-zur-beschleunigung-von-baugenehmigungen\/","url":"https:\/\/radioleinewelle.de\/index.php\/2022\/07\/20\/landkreis-goettingen-ergreift-massnahmen-zur-beschleunigung-von-baugenehmigungen\/","name":"Landkreis G\u00f6ttingen ergreift Ma\u00dfnahmen zur Beschleunigung von Baugenehmigungen - Radio Leinewelle","isPartOf":{"@id":"https:\/\/radioleinewelle.de\/#website"},"primaryImageOfPage":{"@id":"https:\/\/radioleinewelle.de\/index.php\/2022\/07\/20\/landkreis-goettingen-ergreift-massnahmen-zur-beschleunigung-von-baugenehmigungen\/#primaryimage"},"image":{"@id":"https:\/\/radioleinewelle.de\/index.php\/2022\/07\/20\/landkreis-goettingen-ergreift-massnahmen-zur-beschleunigung-von-baugenehmigungen\/#primaryimage"},"thumbnailUrl":"https:\/\/radioleinewelle.de\/wp-content\/uploads\/2022\/07\/blueprint-g5daf8d7f0_640.jpg","datePublished":"2022-07-20T09:26:42+00:00","breadcrumb":{"@id":"https:\/\/radioleinewelle.de\/index.php\/2022\/07\/20\/landkreis-goettingen-ergreift-massnahmen-zur-beschleunigung-von-baugenehmigungen\/#breadcrumb"},"inLanguage":"de","potentialAction":[{"@type":"ReadAction","target":["https:\/\/radioleinewelle.de\/index.php\/2022\/07\/20\/landkreis-goettingen-ergreift-massnahmen-zur-beschleunigung-von-baugenehmigungen\/"]}]},{"@type":"ImageObject","inLanguage":"de","@id":"https:\/\/radioleinewelle.de\/index.php\/2022\/07\/20\/landkreis-goettingen-ergreift-massnahmen-zur-beschleunigung-von-baugenehmigungen\/#primaryimage","url":"https:\/\/radioleinewelle.de\/wp-content\/uploads\/2022\/07\/blueprint-g5daf8d7f0_640.jpg","contentUrl":"https:\/\/radioleinewelle.de\/wp-content\/uploads\/2022\/07\/blueprint-g5daf8d7f0_640.jpg","width":640,"height":426},{"@type":"BreadcrumbList","@id":"https:\/\/radioleinewelle.de\/index.php\/2022\/07\/20\/landkreis-goettingen-ergreift-massnahmen-zur-beschleunigung-von-baugenehmigungen\/#breadcrumb","itemListElement":[{"@type":"ListItem","position":1,"name":"Startseite","item":"https:\/\/radioleinewelle.de\/"},{"@type":"ListItem","position":2,"name":"Landkreis G\u00f6ttingen ergreift Ma\u00dfnahmen zur Beschleunigung von Baugenehmigungen"}]},{"@type":"WebSite","@id":"https:\/\/radioleinewelle.de\/#website","url":"https:\/\/radioleinewelle.de\/","name":"Radio Leinewelle","description":"","publisher":{"@id":"https:\/\/radioleinewelle.de\/#organization"},"potentialAction":[{"@type":"SearchAction","target":{"@type":"EntryPoint","urlTemplate":"https:\/\/radioleinewelle.de\/?s={search_term_string}"},"query-input":{"@type":"PropertyValueSpecification","valueRequired":true,"valueName":"search_term_string"}}],"inLanguage":"de"},{"@type":"Organization","@id":"https:\/\/radioleinewelle.de\/#organization","name":"Radio Leinewelle","alternateName":"Mein Radio f\u00fcr S\u00fcdniedersachsen","url":"https:\/\/radioleinewelle.de\/","logo":{"@type":"ImageObject","inLanguage":"de","@id":"https:\/\/radioleinewelle.de\/#\/schema\/logo\/image\/","url":"https:\/\/radioleinewelle.de\/wp-content\/uploads\/2023\/11\/cropped-Leinewelle_Logo_weiss.png","contentUrl":"https:\/\/radioleinewelle.de\/wp-content\/uploads\/2023\/11\/cropped-Leinewelle_Logo_weiss.png","width":854,"height":260,"caption":"Radio Leinewelle"},"image":{"@id":"https:\/\/radioleinewelle.de\/#\/schema\/logo\/image\/"},"sameAs":["https:\/\/www.facebook.com\/radioleinewelle","https:\/\/x.com\/RLeinewelle","https:\/\/www.instagram.com\/radioleinewelle\/?hl=de"]},{"@type":"Person","@id":"https:\/\/radioleinewelle.de\/#\/schema\/person\/45606f348637df637192dc1b68399a63","name":"Leinewelle","image":{"@type":"ImageObject","inLanguage":"de","@id":"https:\/\/secure.gravatar.com\/avatar\/05c9a17bc973052ee5d91549bd32fb4dd0dc85b7b85ae94b2e2b4943476bbea5?s=96&d=blank&r=g","url":"https:\/\/secure.gravatar.com\/avatar\/05c9a17bc973052ee5d91549bd32fb4dd0dc85b7b85ae94b2e2b4943476bbea5?s=96&d=blank&r=g","contentUrl":"https:\/\/secure.gravatar.com\/avatar\/05c9a17bc973052ee5d91549bd32fb4dd0dc85b7b85ae94b2e2b4943476bbea5?s=96&d=blank&r=g","caption":"Leinewelle"},"sameAs":["http:\/\/localhost\/radio%20leinewelle\/wordpress","https:\/\/www.facebook.com\/radioleinewelle","https:\/\/www.instagram.com\/radioleinewelle","https:\/\/x.com\/https:\/\/twitter.com\/RLeinewelle?ref_src=twsrcgoogletwcampserptwgrauthor","https:\/\/soundcloud.com\/foerderverein-lokalradio?utm_source=clipboard&utm_medium=text&utm_campaign=social_sharing"],"url":"https:\/\/radioleinewelle.de\/index.php\/author\/leinewelle\/"}]}},"_links":{"self":[{"href":"https:\/\/radioleinewelle.de\/index.php\/wp-json\/wp\/v2\/posts\/15101","targetHints":{"allow":["GET"]}}],"collection":[{"href":"https:\/\/radioleinewelle.de\/index.php\/wp-json\/wp\/v2\/posts"}],"about":[{"href":"https:\/\/radioleinewelle.de\/index.php\/wp-json\/wp\/v2\/types\/post"}],"author":[{"embeddable":true,"href":"https:\/\/radioleinewelle.de\/index.php\/wp-json\/wp\/v2\/users\/1"}],"replies":[{"embeddable":true,"href":"https:\/\/radioleinewelle.de\/index.php\/wp-json\/wp\/v2\/comments?post=15101"}],"version-history":[{"count":0,"href":"https:\/\/radioleinewelle.de\/index.php\/wp-json\/wp\/v2\/posts\/15101\/revisions"}],"wp:featuredmedia":[{"embeddable":true,"href":"https:\/\/radioleinewelle.de\/index.php\/wp-json\/wp\/v2\/media\/15103"}],"wp:attachment":[{"href":"https:\/\/radioleinewelle.de\/index.php\/wp-json\/wp\/v2\/media?parent=15101"}],"wp:term":[{"taxonomy":"category","embeddable":true,"href":"https:\/\/radioleinewelle.de\/index.php\/wp-json\/wp\/v2\/categories?post=15101"},{"taxonomy":"post_tag","embeddable":true,"href":"https:\/\/radioleinewelle.de\/index.php\/wp-json\/wp\/v2\/tags?post=15101"}],"curies":[{"name":"wp","href":"https:\/\/api.w.org\/{rel}","templated":true}]}}