{"id":15108,"date":"2022-07-21T07:44:18","date_gmt":"2022-07-21T05:44:18","guid":{"rendered":"https:\/\/radioleinewelle.de\/?p=15108"},"modified":"2022-07-21T07:44:18","modified_gmt":"2022-07-21T05:44:18","slug":"die-regionalen-schlagzeilen-am-21-07","status":"publish","type":"post","link":"https:\/\/radioleinewelle.de\/index.php\/2022\/07\/21\/die-regionalen-schlagzeilen-am-21-07\/","title":{"rendered":"Die regionalen Schlagzeilen am 21.07."},"content":{"rendered":"\n<p>+++ <strong>Universit\u00e4tsteam im Finale von UN-Nachhaltigkeitswettbewerb<\/strong> &#8211; Mit klimaneutralen Treibstoffen besch\u00e4ftigt sich ein studentisches Team der Universit\u00e4t G\u00f6ttingen: Die acht Studierenden des Masterstudiengangs \u201eMolecular Life Sciences\u201c haben mit ihrem Projekt \u201eFrom Waste Gas to Biofuel\u201c jetzt das Finale eines Nachhaltigkeitswettbewerbs der Vereinten Nationen (UN) erreicht. Nachdem sie sich in mehreren Wettbewerbsphasen gegen die Konkurrenz durchsetzen konnten, treten die Studierenden nun im Finale als Vertreter f\u00fcr Europa gegen jeweils ein Projekt aus S\u00fcdafrika, China, USA und Brasilien an. Alle Projekte des Finales werden Ende September bei der UN-Generalversammlung in New York vorgestellt und ein Gewinner gek\u00fcrt +++<\/p>\n\n\n\n<p>+++ <strong>Holzdiebstah<\/strong>l -Im Wald bei Benniehausen (Landkreis G\u00f6ttingen) haben Unbekannte einen kompletten Holzpolter mutma\u00dflich mit technischem Ger\u00e4t aufgeladen und abtransportiert. Die Rede ist von anderthalb Festmetern Brennholz. Der Diebstahl ereignete sich zwischen dem 13. und 18. Juli. Von den T\u00e4tern fehlt jede Spur. Hinweise bitte an die Polizei Friedland, Telefon 05504\/937900. +++<\/p>\n\n\n\n<p>+++ <strong>Einbruchdiebstahl <\/strong>&#8211; In dem Zeitraum vom Dienstag, 17.10 Uhr bis Mittwoch 05.15 Uhr wurde durch unbekannte Personen ein Einbruchdiebstahl in einem H\u00f6rger\u00e4tegesch\u00e4ft in der Wieterstra\u00dfe begangen. Durch einen Zeugen wurde in den fr\u00fchen Morgenstunden eine besch\u00e4digte Hauptzugangst\u00fcr gemeldet. Auf unbekannte Weise wurde die T\u00fcr besch\u00e4digt und durch diese gelangten die Personen in das Gesch\u00e4ft. Dort \u00f6ffneten sie die Kasse und entwendeten Bargeld im unteren dreistelligen Bereich. Aktuell liegen keine T\u00e4terhinweise vor. Zeugen, die sachdienliche Hinweise geben k\u00f6nnen, werden gebeten, diese bei der Polizei Northeim unter 05551 &#8211; 70050 zu melden. +++<\/p>\n\n\n\n<p>+++ <strong>Fahren unter Drogeneinfluss<\/strong> &#8211; Am Dienstag, 19.07.22, 22.30 Uhr kontrollierten Beamte der Polizei Bad Gandersheim in der Stra\u00dfe Am Lindenfeld in Bad Gandersheim eine 19-j\u00e4hrige Bad Gandersheimerin mit ihrem Pkw Mercedes. Im Rahmen der Kontrolle stellten die Beamten drogentypische Auffallerscheinungen fest. Ein durchgef\u00fchrter Drogenurintest best\u00e4tigte den Verdacht. Es wurde eine Blutprobe angeordnet und die Weiterfahrt untersagt. Des Weiteren wurde eine Ordnungswidrigkeitenanzeige wegen F\u00fchrens eines Kraftfahrzeuges unter der Wirkung eines berauschenden Mittels eingeleitet. +++<\/p>\n","protected":false},"excerpt":{"rendered":"<p>+++ Universit\u00e4tsteam im Finale von UN-Nachhaltigkeitswettbewerb &#8211; Mit klimaneutralen Treibstoffen besch\u00e4ftigt sich ein studentisches Team der Universit\u00e4t G\u00f6ttingen: Die acht Studierenden des Masterstudiengangs \u201eMolecular Life Sciences\u201c haben mit ihrem Projekt \u201eFrom Waste Gas to Biofuel\u201c jetzt das Finale eines Nachhaltigkeitswettbewerbs der Vereinten Nationen (UN) erreicht. Nachdem sie sich in mehreren Wettbewerbsphasen gegen die Konkurrenz durchsetzen [&hellip;]<\/p>\n","protected":false},"author":1,"featured_media":0,"comment_status":"closed","ping_status":"closed","sticky":false,"template":"","format":"standard","meta":{"saved_in_kubio":false,"footnotes":""},"categories":[24],"tags":[],"class_list":["post-15108","post","type-post","status-publish","format-standard","hentry","category-news"],"yoast_head":"<!-- This site is optimized with the Yoast SEO plugin v27.5 - https:\/\/yoast.com\/product\/yoast-seo-wordpress\/ -->\n<title>Die regionalen Schlagzeilen am 21.07. - Radio Leinewelle<\/title>\n<meta name=\"robots\" content=\"index, follow, max-snippet:-1, max-image-preview:large, max-video-preview:-1\" \/>\n<link rel=\"canonical\" href=\"https:\/\/radioleinewelle.de\/index.php\/2022\/07\/21\/die-regionalen-schlagzeilen-am-21-07\/\" \/>\n<meta property=\"og:locale\" content=\"de_DE\" \/>\n<meta property=\"og:type\" content=\"article\" \/>\n<meta property=\"og:title\" content=\"Die regionalen Schlagzeilen am 21.07. - Radio Leinewelle\" \/>\n<meta property=\"og:description\" content=\"+++ Universit\u00e4tsteam im Finale von UN-Nachhaltigkeitswettbewerb &#8211; Mit klimaneutralen Treibstoffen besch\u00e4ftigt sich ein studentisches Team der Universit\u00e4t G\u00f6ttingen: Die acht Studierenden des Masterstudiengangs \u201eMolecular Life Sciences\u201c haben mit ihrem Projekt \u201eFrom Waste Gas to Biofuel\u201c jetzt das Finale eines Nachhaltigkeitswettbewerbs der Vereinten Nationen (UN) erreicht. Nachdem sie sich in mehreren Wettbewerbsphasen gegen die Konkurrenz durchsetzen [&hellip;]\" \/>\n<meta property=\"og:url\" content=\"https:\/\/radioleinewelle.de\/index.php\/2022\/07\/21\/die-regionalen-schlagzeilen-am-21-07\/\" \/>\n<meta property=\"og:site_name\" content=\"Radio Leinewelle\" \/>\n<meta property=\"article:publisher\" content=\"https:\/\/www.facebook.com\/radioleinewelle\" \/>\n<meta property=\"article:author\" content=\"https:\/\/www.facebook.com\/radioleinewelle\" \/>\n<meta property=\"article:published_time\" content=\"2022-07-21T05:44:18+00:00\" \/>\n<meta name=\"author\" content=\"Leinewelle\" \/>\n<meta name=\"twitter:card\" content=\"summary_large_image\" \/>\n<meta name=\"twitter:creator\" content=\"@https:\/\/twitter.com\/RLeinewelle?ref_src=twsrcgoogletwcampserptwgrauthor\" \/>\n<meta name=\"twitter:site\" content=\"@RLeinewelle\" \/>\n<meta name=\"twitter:label1\" content=\"Verfasst von\" \/>\n\t<meta name=\"twitter:data1\" content=\"Leinewelle\" \/>\n<script type=\"application\/ld+json\" class=\"yoast-schema-graph\">{\"@context\":\"https:\\\/\\\/schema.org\",\"@graph\":[{\"@type\":\"Article\",\"@id\":\"https:\\\/\\\/radioleinewelle.de\\\/index.php\\\/2022\\\/07\\\/21\\\/die-regionalen-schlagzeilen-am-21-07\\\/#article\",\"isPartOf\":{\"@id\":\"https:\\\/\\\/radioleinewelle.de\\\/index.php\\\/2022\\\/07\\\/21\\\/die-regionalen-schlagzeilen-am-21-07\\\/\"},\"author\":{\"name\":\"Leinewelle\",\"@id\":\"https:\\\/\\\/radioleinewelle.de\\\/#\\\/schema\\\/person\\\/45606f348637df637192dc1b68399a63\"},\"headline\":\"Die regionalen Schlagzeilen am 21.07.\",\"datePublished\":\"2022-07-21T05:44:18+00:00\",\"mainEntityOfPage\":{\"@id\":\"https:\\\/\\\/radioleinewelle.de\\\/index.php\\\/2022\\\/07\\\/21\\\/die-regionalen-schlagzeilen-am-21-07\\\/\"},\"wordCount\":329,\"publisher\":{\"@id\":\"https:\\\/\\\/radioleinewelle.de\\\/#organization\"},\"articleSection\":[\"Aktuelle Nachrichten\"],\"inLanguage\":\"de\"},{\"@type\":\"WebPage\",\"@id\":\"https:\\\/\\\/radioleinewelle.de\\\/index.php\\\/2022\\\/07\\\/21\\\/die-regionalen-schlagzeilen-am-21-07\\\/\",\"url\":\"https:\\\/\\\/radioleinewelle.de\\\/index.php\\\/2022\\\/07\\\/21\\\/die-regionalen-schlagzeilen-am-21-07\\\/\",\"name\":\"Die regionalen Schlagzeilen am 21.07. - Radio Leinewelle\",\"isPartOf\":{\"@id\":\"https:\\\/\\\/radioleinewelle.de\\\/#website\"},\"datePublished\":\"2022-07-21T05:44:18+00:00\",\"breadcrumb\":{\"@id\":\"https:\\\/\\\/radioleinewelle.de\\\/index.php\\\/2022\\\/07\\\/21\\\/die-regionalen-schlagzeilen-am-21-07\\\/#breadcrumb\"},\"inLanguage\":\"de\",\"potentialAction\":[{\"@type\":\"ReadAction\",\"target\":[\"https:\\\/\\\/radioleinewelle.de\\\/index.php\\\/2022\\\/07\\\/21\\\/die-regionalen-schlagzeilen-am-21-07\\\/\"]}]},{\"@type\":\"BreadcrumbList\",\"@id\":\"https:\\\/\\\/radioleinewelle.de\\\/index.php\\\/2022\\\/07\\\/21\\\/die-regionalen-schlagzeilen-am-21-07\\\/#breadcrumb\",\"itemListElement\":[{\"@type\":\"ListItem\",\"position\":1,\"name\":\"Startseite\",\"item\":\"https:\\\/\\\/radioleinewelle.de\\\/\"},{\"@type\":\"ListItem\",\"position\":2,\"name\":\"Die regionalen Schlagzeilen am 21.07.\"}]},{\"@type\":\"WebSite\",\"@id\":\"https:\\\/\\\/radioleinewelle.de\\\/#website\",\"url\":\"https:\\\/\\\/radioleinewelle.de\\\/\",\"name\":\"Radio Leinewelle\",\"description\":\"\",\"publisher\":{\"@id\":\"https:\\\/\\\/radioleinewelle.de\\\/#organization\"},\"potentialAction\":[{\"@type\":\"SearchAction\",\"target\":{\"@type\":\"EntryPoint\",\"urlTemplate\":\"https:\\\/\\\/radioleinewelle.de\\\/?s={search_term_string}\"},\"query-input\":{\"@type\":\"PropertyValueSpecification\",\"valueRequired\":true,\"valueName\":\"search_term_string\"}}],\"inLanguage\":\"de\"},{\"@type\":\"Organization\",\"@id\":\"https:\\\/\\\/radioleinewelle.de\\\/#organization\",\"name\":\"Radio Leinewelle\",\"alternateName\":\"Mein Radio f\u00fcr S\u00fcdniedersachsen\",\"url\":\"https:\\\/\\\/radioleinewelle.de\\\/\",\"logo\":{\"@type\":\"ImageObject\",\"inLanguage\":\"de\",\"@id\":\"https:\\\/\\\/radioleinewelle.de\\\/#\\\/schema\\\/logo\\\/image\\\/\",\"url\":\"https:\\\/\\\/radioleinewelle.de\\\/wp-content\\\/uploads\\\/2023\\\/11\\\/cropped-Leinewelle_Logo_weiss.png\",\"contentUrl\":\"https:\\\/\\\/radioleinewelle.de\\\/wp-content\\\/uploads\\\/2023\\\/11\\\/cropped-Leinewelle_Logo_weiss.png\",\"width\":854,\"height\":260,\"caption\":\"Radio Leinewelle\"},\"image\":{\"@id\":\"https:\\\/\\\/radioleinewelle.de\\\/#\\\/schema\\\/logo\\\/image\\\/\"},\"sameAs\":[\"https:\\\/\\\/www.facebook.com\\\/radioleinewelle\",\"https:\\\/\\\/x.com\\\/RLeinewelle\",\"https:\\\/\\\/www.instagram.com\\\/radioleinewelle\\\/?hl=de\"]},{\"@type\":\"Person\",\"@id\":\"https:\\\/\\\/radioleinewelle.de\\\/#\\\/schema\\\/person\\\/45606f348637df637192dc1b68399a63\",\"name\":\"Leinewelle\",\"image\":{\"@type\":\"ImageObject\",\"inLanguage\":\"de\",\"@id\":\"https:\\\/\\\/secure.gravatar.com\\\/avatar\\\/05c9a17bc973052ee5d91549bd32fb4dd0dc85b7b85ae94b2e2b4943476bbea5?s=96&d=blank&r=g\",\"url\":\"https:\\\/\\\/secure.gravatar.com\\\/avatar\\\/05c9a17bc973052ee5d91549bd32fb4dd0dc85b7b85ae94b2e2b4943476bbea5?s=96&d=blank&r=g\",\"contentUrl\":\"https:\\\/\\\/secure.gravatar.com\\\/avatar\\\/05c9a17bc973052ee5d91549bd32fb4dd0dc85b7b85ae94b2e2b4943476bbea5?s=96&d=blank&r=g\",\"caption\":\"Leinewelle\"},\"sameAs\":[\"http:\\\/\\\/localhost\\\/radio%20leinewelle\\\/wordpress\",\"https:\\\/\\\/www.facebook.com\\\/radioleinewelle\",\"https:\\\/\\\/www.instagram.com\\\/radioleinewelle\",\"https:\\\/\\\/x.com\\\/https:\\\/\\\/twitter.com\\\/RLeinewelle?ref_src=twsrcgoogletwcampserptwgrauthor\",\"https:\\\/\\\/soundcloud.com\\\/foerderverein-lokalradio?utm_source=clipboard&utm_medium=text&utm_campaign=social_sharing\"],\"url\":\"https:\\\/\\\/radioleinewelle.de\\\/index.php\\\/author\\\/leinewelle\\\/\"}]}<\/script>\n<!-- \/ Yoast SEO plugin. -->","yoast_head_json":{"title":"Die regionalen Schlagzeilen am 21.07. - Radio Leinewelle","robots":{"index":"index","follow":"follow","max-snippet":"max-snippet:-1","max-image-preview":"max-image-preview:large","max-video-preview":"max-video-preview:-1"},"canonical":"https:\/\/radioleinewelle.de\/index.php\/2022\/07\/21\/die-regionalen-schlagzeilen-am-21-07\/","og_locale":"de_DE","og_type":"article","og_title":"Die regionalen Schlagzeilen am 21.07. - Radio Leinewelle","og_description":"+++ Universit\u00e4tsteam im Finale von UN-Nachhaltigkeitswettbewerb &#8211; Mit klimaneutralen Treibstoffen besch\u00e4ftigt sich ein studentisches Team der Universit\u00e4t G\u00f6ttingen: Die acht Studierenden des Masterstudiengangs \u201eMolecular Life Sciences\u201c haben mit ihrem Projekt \u201eFrom Waste Gas to Biofuel\u201c jetzt das Finale eines Nachhaltigkeitswettbewerbs der Vereinten Nationen (UN) erreicht. Nachdem sie sich in mehreren Wettbewerbsphasen gegen die Konkurrenz durchsetzen [&hellip;]","og_url":"https:\/\/radioleinewelle.de\/index.php\/2022\/07\/21\/die-regionalen-schlagzeilen-am-21-07\/","og_site_name":"Radio Leinewelle","article_publisher":"https:\/\/www.facebook.com\/radioleinewelle","article_author":"https:\/\/www.facebook.com\/radioleinewelle","article_published_time":"2022-07-21T05:44:18+00:00","author":"Leinewelle","twitter_card":"summary_large_image","twitter_creator":"@https:\/\/twitter.com\/RLeinewelle?ref_src=twsrcgoogletwcampserptwgrauthor","twitter_site":"@RLeinewelle","twitter_misc":{"Verfasst von":"Leinewelle"},"schema":{"@context":"https:\/\/schema.org","@graph":[{"@type":"Article","@id":"https:\/\/radioleinewelle.de\/index.php\/2022\/07\/21\/die-regionalen-schlagzeilen-am-21-07\/#article","isPartOf":{"@id":"https:\/\/radioleinewelle.de\/index.php\/2022\/07\/21\/die-regionalen-schlagzeilen-am-21-07\/"},"author":{"name":"Leinewelle","@id":"https:\/\/radioleinewelle.de\/#\/schema\/person\/45606f348637df637192dc1b68399a63"},"headline":"Die regionalen Schlagzeilen am 21.07.","datePublished":"2022-07-21T05:44:18+00:00","mainEntityOfPage":{"@id":"https:\/\/radioleinewelle.de\/index.php\/2022\/07\/21\/die-regionalen-schlagzeilen-am-21-07\/"},"wordCount":329,"publisher":{"@id":"https:\/\/radioleinewelle.de\/#organization"},"articleSection":["Aktuelle Nachrichten"],"inLanguage":"de"},{"@type":"WebPage","@id":"https:\/\/radioleinewelle.de\/index.php\/2022\/07\/21\/die-regionalen-schlagzeilen-am-21-07\/","url":"https:\/\/radioleinewelle.de\/index.php\/2022\/07\/21\/die-regionalen-schlagzeilen-am-21-07\/","name":"Die regionalen Schlagzeilen am 21.07. - Radio Leinewelle","isPartOf":{"@id":"https:\/\/radioleinewelle.de\/#website"},"datePublished":"2022-07-21T05:44:18+00:00","breadcrumb":{"@id":"https:\/\/radioleinewelle.de\/index.php\/2022\/07\/21\/die-regionalen-schlagzeilen-am-21-07\/#breadcrumb"},"inLanguage":"de","potentialAction":[{"@type":"ReadAction","target":["https:\/\/radioleinewelle.de\/index.php\/2022\/07\/21\/die-regionalen-schlagzeilen-am-21-07\/"]}]},{"@type":"BreadcrumbList","@id":"https:\/\/radioleinewelle.de\/index.php\/2022\/07\/21\/die-regionalen-schlagzeilen-am-21-07\/#breadcrumb","itemListElement":[{"@type":"ListItem","position":1,"name":"Startseite","item":"https:\/\/radioleinewelle.de\/"},{"@type":"ListItem","position":2,"name":"Die regionalen Schlagzeilen am 21.07."}]},{"@type":"WebSite","@id":"https:\/\/radioleinewelle.de\/#website","url":"https:\/\/radioleinewelle.de\/","name":"Radio Leinewelle","description":"","publisher":{"@id":"https:\/\/radioleinewelle.de\/#organization"},"potentialAction":[{"@type":"SearchAction","target":{"@type":"EntryPoint","urlTemplate":"https:\/\/radioleinewelle.de\/?s={search_term_string}"},"query-input":{"@type":"PropertyValueSpecification","valueRequired":true,"valueName":"search_term_string"}}],"inLanguage":"de"},{"@type":"Organization","@id":"https:\/\/radioleinewelle.de\/#organization","name":"Radio Leinewelle","alternateName":"Mein Radio f\u00fcr S\u00fcdniedersachsen","url":"https:\/\/radioleinewelle.de\/","logo":{"@type":"ImageObject","inLanguage":"de","@id":"https:\/\/radioleinewelle.de\/#\/schema\/logo\/image\/","url":"https:\/\/radioleinewelle.de\/wp-content\/uploads\/2023\/11\/cropped-Leinewelle_Logo_weiss.png","contentUrl":"https:\/\/radioleinewelle.de\/wp-content\/uploads\/2023\/11\/cropped-Leinewelle_Logo_weiss.png","width":854,"height":260,"caption":"Radio Leinewelle"},"image":{"@id":"https:\/\/radioleinewelle.de\/#\/schema\/logo\/image\/"},"sameAs":["https:\/\/www.facebook.com\/radioleinewelle","https:\/\/x.com\/RLeinewelle","https:\/\/www.instagram.com\/radioleinewelle\/?hl=de"]},{"@type":"Person","@id":"https:\/\/radioleinewelle.de\/#\/schema\/person\/45606f348637df637192dc1b68399a63","name":"Leinewelle","image":{"@type":"ImageObject","inLanguage":"de","@id":"https:\/\/secure.gravatar.com\/avatar\/05c9a17bc973052ee5d91549bd32fb4dd0dc85b7b85ae94b2e2b4943476bbea5?s=96&d=blank&r=g","url":"https:\/\/secure.gravatar.com\/avatar\/05c9a17bc973052ee5d91549bd32fb4dd0dc85b7b85ae94b2e2b4943476bbea5?s=96&d=blank&r=g","contentUrl":"https:\/\/secure.gravatar.com\/avatar\/05c9a17bc973052ee5d91549bd32fb4dd0dc85b7b85ae94b2e2b4943476bbea5?s=96&d=blank&r=g","caption":"Leinewelle"},"sameAs":["http:\/\/localhost\/radio%20leinewelle\/wordpress","https:\/\/www.facebook.com\/radioleinewelle","https:\/\/www.instagram.com\/radioleinewelle","https:\/\/x.com\/https:\/\/twitter.com\/RLeinewelle?ref_src=twsrcgoogletwcampserptwgrauthor","https:\/\/soundcloud.com\/foerderverein-lokalradio?utm_source=clipboard&utm_medium=text&utm_campaign=social_sharing"],"url":"https:\/\/radioleinewelle.de\/index.php\/author\/leinewelle\/"}]}},"_links":{"self":[{"href":"https:\/\/radioleinewelle.de\/index.php\/wp-json\/wp\/v2\/posts\/15108","targetHints":{"allow":["GET"]}}],"collection":[{"href":"https:\/\/radioleinewelle.de\/index.php\/wp-json\/wp\/v2\/posts"}],"about":[{"href":"https:\/\/radioleinewelle.de\/index.php\/wp-json\/wp\/v2\/types\/post"}],"author":[{"embeddable":true,"href":"https:\/\/radioleinewelle.de\/index.php\/wp-json\/wp\/v2\/users\/1"}],"replies":[{"embeddable":true,"href":"https:\/\/radioleinewelle.de\/index.php\/wp-json\/wp\/v2\/comments?post=15108"}],"version-history":[{"count":0,"href":"https:\/\/radioleinewelle.de\/index.php\/wp-json\/wp\/v2\/posts\/15108\/revisions"}],"wp:attachment":[{"href":"https:\/\/radioleinewelle.de\/index.php\/wp-json\/wp\/v2\/media?parent=15108"}],"wp:term":[{"taxonomy":"category","embeddable":true,"href":"https:\/\/radioleinewelle.de\/index.php\/wp-json\/wp\/v2\/categories?post=15108"},{"taxonomy":"post_tag","embeddable":true,"href":"https:\/\/radioleinewelle.de\/index.php\/wp-json\/wp\/v2\/tags?post=15108"}],"curies":[{"name":"wp","href":"https:\/\/api.w.org\/{rel}","templated":true}]}}