{"id":15110,"date":"2022-07-21T07:57:44","date_gmt":"2022-07-21T05:57:44","guid":{"rendered":"https:\/\/radioleinewelle.de\/?p=15110"},"modified":"2022-07-21T07:57:44","modified_gmt":"2022-07-21T05:57:44","slug":"geplante-strassenbaumassnahmen-im-landkreis-goettingen","status":"publish","type":"post","link":"https:\/\/radioleinewelle.de\/index.php\/2022\/07\/21\/geplante-strassenbaumassnahmen-im-landkreis-goettingen\/","title":{"rendered":"Geplante Stra\u00dfenbauma\u00dfnahmen im Landkreis G\u00f6ttingen"},"content":{"rendered":"\n<p>Das Mehrjahresprogramm f\u00fcr den Ausbau von Kreisstra\u00dfen, einschlie\u00dflich Radwegen und Br\u00fcckenbau, f\u00fcr die Jahre 2019 bis 2023 sieht ab 2022 Ma\u00dfnahmen im Umfang von insgesamt 11,515 Millionen Euro vor. Drei der Ma\u00dfnahmen werden w\u00e4hrend der diesj\u00e4hrigen Sommerferien umgesetzt:<\/p>\n\n\n\n<p>An der K 18 \/ K 45 wird die Einm\u00fcndung \u201eCharlottenburg\u201c zwischen Beienrode und Etzenborn w\u00e4hrend der sechsw\u00f6chigen Schulferien umgebaut. Die Kosten belaufen sich auf 167.000 Euro.<\/p>\n\n\n\n<p>Unterhaltungsarbeiten der Kreisstra\u00dfenmeisterei Osterode am Harz sehen punktuelle Ausbesserungen von Oberfl\u00e4chensch\u00e4den im Fahrbahnbereich vor. Betroffen sind die K 415 in Bad Sachsa, Kostensch\u00e4tzung  8.000 Euro; und die K 106 Rollshausen bis zur B 247, Kostensch\u00e4tzung 137.000 Euro. Die Arbeiten sind w\u00e4hrend der Sommerferien geplant. (Sollten sich Verz\u00f6gerungen ergeben, erfolgt die Ausf\u00fchrung w\u00e4hrend der Herbstferien.)<\/p>\n\n\n\n<p>F\u00fcr die Radwegverbreiterung von Willensen, K 403, bis zur K 431 erfolgt derzeit die Auftragsvergabe. Die Arbeiten beginnen voraussichtlich gegen Ende der Sommerferien. Es sind Kosten in H\u00f6he von 325.000 Euro veranschlagt.<\/p>\n\n\n\n<p>Seit Kurzem abgeschlossen ist der Einfachausbau auf der K 427 von Aschenh\u00fctte Richtung Herzberg. Die Auftragssumme liegt bei 456.559 Euro.Symbolb<\/p>\n\n\n\n<p>Bild von&nbsp;<a href=\"https:\/\/pixabay.com\/de\/users\/geros-674945\/?utm_source=link-attribution&amp;utm_medium=referral&amp;utm_campaign=image&amp;utm_content=4403440\">Gerald Schmidtkunz<\/a>&nbsp;auf&nbsp;<a href=\"https:\/\/pixabay.com\/de\/?utm_source=link-attribution&amp;utm_medium=referral&amp;utm_campaign=image&amp;utm_content=4403440\">Pixabay<\/a>&nbsp;<\/p>\n","protected":false},"excerpt":{"rendered":"<p>Das Mehrjahresprogramm f\u00fcr den Ausbau von Kreisstra\u00dfen, einschlie\u00dflich Radwegen und Br\u00fcckenbau, f\u00fcr die Jahre 2019 bis 2023 sieht ab 2022 Ma\u00dfnahmen im Umfang von insgesamt 11,515 Millionen Euro vor. Drei der Ma\u00dfnahmen werden w\u00e4hrend der diesj\u00e4hrigen Sommerferien umgesetzt: An der K 18 \/ K 45 wird die Einm\u00fcndung \u201eCharlottenburg\u201c zwischen Beienrode und Etzenborn w\u00e4hrend der [&hellip;]<\/p>\n","protected":false},"author":1,"featured_media":15112,"comment_status":"closed","ping_status":"closed","sticky":false,"template":"","format":"standard","meta":{"saved_in_kubio":false,"footnotes":""},"categories":[31],"tags":[327,3223],"class_list":["post-15110","post","type-post","status-publish","format-standard","has-post-thumbnail","hentry","category-bauen-verkehr","tag-landkreis-goettingen","tag-strassenbaumassnahmen"],"yoast_head":"<!-- This site is optimized with the Yoast SEO plugin v27.5 - https:\/\/yoast.com\/product\/yoast-seo-wordpress\/ -->\n<title>Geplante Stra\u00dfenbauma\u00dfnahmen im Landkreis G\u00f6ttingen - Radio Leinewelle<\/title>\n<meta name=\"robots\" content=\"index, follow, max-snippet:-1, max-image-preview:large, max-video-preview:-1\" \/>\n<link rel=\"canonical\" href=\"https:\/\/radioleinewelle.de\/index.php\/2022\/07\/21\/geplante-strassenbaumassnahmen-im-landkreis-goettingen\/\" \/>\n<meta property=\"og:locale\" content=\"de_DE\" \/>\n<meta property=\"og:type\" content=\"article\" \/>\n<meta property=\"og:title\" content=\"Geplante Stra\u00dfenbauma\u00dfnahmen im Landkreis G\u00f6ttingen - Radio Leinewelle\" \/>\n<meta property=\"og:description\" content=\"Das Mehrjahresprogramm f\u00fcr den Ausbau von Kreisstra\u00dfen, einschlie\u00dflich Radwegen und Br\u00fcckenbau, f\u00fcr die Jahre 2019 bis 2023 sieht ab 2022 Ma\u00dfnahmen im Umfang von insgesamt 11,515 Millionen Euro vor. Drei der Ma\u00dfnahmen werden w\u00e4hrend der diesj\u00e4hrigen Sommerferien umgesetzt: An der K 18 \/ K 45 wird die Einm\u00fcndung \u201eCharlottenburg\u201c zwischen Beienrode und Etzenborn w\u00e4hrend der [&hellip;]\" \/>\n<meta property=\"og:url\" content=\"https:\/\/radioleinewelle.de\/index.php\/2022\/07\/21\/geplante-strassenbaumassnahmen-im-landkreis-goettingen\/\" \/>\n<meta property=\"og:site_name\" content=\"Radio Leinewelle\" \/>\n<meta property=\"article:publisher\" content=\"https:\/\/www.facebook.com\/radioleinewelle\" \/>\n<meta property=\"article:author\" content=\"https:\/\/www.facebook.com\/radioleinewelle\" \/>\n<meta property=\"article:published_time\" content=\"2022-07-21T05:57:44+00:00\" \/>\n<meta property=\"og:image\" content=\"https:\/\/radioleinewelle.de\/wp-content\/uploads\/2022\/07\/detour-ga85023a22_640.jpg\" \/>\n\t<meta property=\"og:image:width\" content=\"640\" \/>\n\t<meta property=\"og:image:height\" content=\"425\" \/>\n\t<meta property=\"og:image:type\" content=\"image\/jpeg\" \/>\n<meta name=\"author\" content=\"Leinewelle\" \/>\n<meta name=\"twitter:card\" content=\"summary_large_image\" \/>\n<meta name=\"twitter:creator\" content=\"@https:\/\/twitter.com\/RLeinewelle?ref_src=twsrcgoogletwcampserptwgrauthor\" \/>\n<meta name=\"twitter:site\" content=\"@RLeinewelle\" \/>\n<meta name=\"twitter:label1\" content=\"Verfasst von\" \/>\n\t<meta name=\"twitter:data1\" content=\"Leinewelle\" \/>\n\t<meta name=\"twitter:label2\" content=\"Gesch\u00e4tzte Lesezeit\" \/>\n\t<meta name=\"twitter:data2\" content=\"1\u00a0Minute\" \/>\n<script type=\"application\/ld+json\" class=\"yoast-schema-graph\">{\"@context\":\"https:\\\/\\\/schema.org\",\"@graph\":[{\"@type\":\"Article\",\"@id\":\"https:\\\/\\\/radioleinewelle.de\\\/index.php\\\/2022\\\/07\\\/21\\\/geplante-strassenbaumassnahmen-im-landkreis-goettingen\\\/#article\",\"isPartOf\":{\"@id\":\"https:\\\/\\\/radioleinewelle.de\\\/index.php\\\/2022\\\/07\\\/21\\\/geplante-strassenbaumassnahmen-im-landkreis-goettingen\\\/\"},\"author\":{\"name\":\"Leinewelle\",\"@id\":\"https:\\\/\\\/radioleinewelle.de\\\/#\\\/schema\\\/person\\\/45606f348637df637192dc1b68399a63\"},\"headline\":\"Geplante Stra\u00dfenbauma\u00dfnahmen im Landkreis G\u00f6ttingen\",\"datePublished\":\"2022-07-21T05:57:44+00:00\",\"mainEntityOfPage\":{\"@id\":\"https:\\\/\\\/radioleinewelle.de\\\/index.php\\\/2022\\\/07\\\/21\\\/geplante-strassenbaumassnahmen-im-landkreis-goettingen\\\/\"},\"wordCount\":196,\"publisher\":{\"@id\":\"https:\\\/\\\/radioleinewelle.de\\\/#organization\"},\"image\":{\"@id\":\"https:\\\/\\\/radioleinewelle.de\\\/index.php\\\/2022\\\/07\\\/21\\\/geplante-strassenbaumassnahmen-im-landkreis-goettingen\\\/#primaryimage\"},\"thumbnailUrl\":\"https:\\\/\\\/radioleinewelle.de\\\/wp-content\\\/uploads\\\/2022\\\/07\\\/detour-ga85023a22_640.jpg\",\"keywords\":[\"Landkreis G\u00f6ttingen\",\"Strassenbauma\u00dfnahmen\"],\"articleSection\":[\"Bauen &amp; Verkehr\"],\"inLanguage\":\"de\"},{\"@type\":\"WebPage\",\"@id\":\"https:\\\/\\\/radioleinewelle.de\\\/index.php\\\/2022\\\/07\\\/21\\\/geplante-strassenbaumassnahmen-im-landkreis-goettingen\\\/\",\"url\":\"https:\\\/\\\/radioleinewelle.de\\\/index.php\\\/2022\\\/07\\\/21\\\/geplante-strassenbaumassnahmen-im-landkreis-goettingen\\\/\",\"name\":\"Geplante Stra\u00dfenbauma\u00dfnahmen im Landkreis G\u00f6ttingen - Radio Leinewelle\",\"isPartOf\":{\"@id\":\"https:\\\/\\\/radioleinewelle.de\\\/#website\"},\"primaryImageOfPage\":{\"@id\":\"https:\\\/\\\/radioleinewelle.de\\\/index.php\\\/2022\\\/07\\\/21\\\/geplante-strassenbaumassnahmen-im-landkreis-goettingen\\\/#primaryimage\"},\"image\":{\"@id\":\"https:\\\/\\\/radioleinewelle.de\\\/index.php\\\/2022\\\/07\\\/21\\\/geplante-strassenbaumassnahmen-im-landkreis-goettingen\\\/#primaryimage\"},\"thumbnailUrl\":\"https:\\\/\\\/radioleinewelle.de\\\/wp-content\\\/uploads\\\/2022\\\/07\\\/detour-ga85023a22_640.jpg\",\"datePublished\":\"2022-07-21T05:57:44+00:00\",\"breadcrumb\":{\"@id\":\"https:\\\/\\\/radioleinewelle.de\\\/index.php\\\/2022\\\/07\\\/21\\\/geplante-strassenbaumassnahmen-im-landkreis-goettingen\\\/#breadcrumb\"},\"inLanguage\":\"de\",\"potentialAction\":[{\"@type\":\"ReadAction\",\"target\":[\"https:\\\/\\\/radioleinewelle.de\\\/index.php\\\/2022\\\/07\\\/21\\\/geplante-strassenbaumassnahmen-im-landkreis-goettingen\\\/\"]}]},{\"@type\":\"ImageObject\",\"inLanguage\":\"de\",\"@id\":\"https:\\\/\\\/radioleinewelle.de\\\/index.php\\\/2022\\\/07\\\/21\\\/geplante-strassenbaumassnahmen-im-landkreis-goettingen\\\/#primaryimage\",\"url\":\"https:\\\/\\\/radioleinewelle.de\\\/wp-content\\\/uploads\\\/2022\\\/07\\\/detour-ga85023a22_640.jpg\",\"contentUrl\":\"https:\\\/\\\/radioleinewelle.de\\\/wp-content\\\/uploads\\\/2022\\\/07\\\/detour-ga85023a22_640.jpg\",\"width\":640,\"height\":425},{\"@type\":\"BreadcrumbList\",\"@id\":\"https:\\\/\\\/radioleinewelle.de\\\/index.php\\\/2022\\\/07\\\/21\\\/geplante-strassenbaumassnahmen-im-landkreis-goettingen\\\/#breadcrumb\",\"itemListElement\":[{\"@type\":\"ListItem\",\"position\":1,\"name\":\"Startseite\",\"item\":\"https:\\\/\\\/radioleinewelle.de\\\/\"},{\"@type\":\"ListItem\",\"position\":2,\"name\":\"Geplante Stra\u00dfenbauma\u00dfnahmen im Landkreis G\u00f6ttingen\"}]},{\"@type\":\"WebSite\",\"@id\":\"https:\\\/\\\/radioleinewelle.de\\\/#website\",\"url\":\"https:\\\/\\\/radioleinewelle.de\\\/\",\"name\":\"Radio Leinewelle\",\"description\":\"\",\"publisher\":{\"@id\":\"https:\\\/\\\/radioleinewelle.de\\\/#organization\"},\"potentialAction\":[{\"@type\":\"SearchAction\",\"target\":{\"@type\":\"EntryPoint\",\"urlTemplate\":\"https:\\\/\\\/radioleinewelle.de\\\/?s={search_term_string}\"},\"query-input\":{\"@type\":\"PropertyValueSpecification\",\"valueRequired\":true,\"valueName\":\"search_term_string\"}}],\"inLanguage\":\"de\"},{\"@type\":\"Organization\",\"@id\":\"https:\\\/\\\/radioleinewelle.de\\\/#organization\",\"name\":\"Radio Leinewelle\",\"alternateName\":\"Mein Radio f\u00fcr S\u00fcdniedersachsen\",\"url\":\"https:\\\/\\\/radioleinewelle.de\\\/\",\"logo\":{\"@type\":\"ImageObject\",\"inLanguage\":\"de\",\"@id\":\"https:\\\/\\\/radioleinewelle.de\\\/#\\\/schema\\\/logo\\\/image\\\/\",\"url\":\"https:\\\/\\\/radioleinewelle.de\\\/wp-content\\\/uploads\\\/2023\\\/11\\\/cropped-Leinewelle_Logo_weiss.png\",\"contentUrl\":\"https:\\\/\\\/radioleinewelle.de\\\/wp-content\\\/uploads\\\/2023\\\/11\\\/cropped-Leinewelle_Logo_weiss.png\",\"width\":854,\"height\":260,\"caption\":\"Radio Leinewelle\"},\"image\":{\"@id\":\"https:\\\/\\\/radioleinewelle.de\\\/#\\\/schema\\\/logo\\\/image\\\/\"},\"sameAs\":[\"https:\\\/\\\/www.facebook.com\\\/radioleinewelle\",\"https:\\\/\\\/x.com\\\/RLeinewelle\",\"https:\\\/\\\/www.instagram.com\\\/radioleinewelle\\\/?hl=de\"]},{\"@type\":\"Person\",\"@id\":\"https:\\\/\\\/radioleinewelle.de\\\/#\\\/schema\\\/person\\\/45606f348637df637192dc1b68399a63\",\"name\":\"Leinewelle\",\"image\":{\"@type\":\"ImageObject\",\"inLanguage\":\"de\",\"@id\":\"https:\\\/\\\/secure.gravatar.com\\\/avatar\\\/05c9a17bc973052ee5d91549bd32fb4dd0dc85b7b85ae94b2e2b4943476bbea5?s=96&d=blank&r=g\",\"url\":\"https:\\\/\\\/secure.gravatar.com\\\/avatar\\\/05c9a17bc973052ee5d91549bd32fb4dd0dc85b7b85ae94b2e2b4943476bbea5?s=96&d=blank&r=g\",\"contentUrl\":\"https:\\\/\\\/secure.gravatar.com\\\/avatar\\\/05c9a17bc973052ee5d91549bd32fb4dd0dc85b7b85ae94b2e2b4943476bbea5?s=96&d=blank&r=g\",\"caption\":\"Leinewelle\"},\"sameAs\":[\"http:\\\/\\\/localhost\\\/radio%20leinewelle\\\/wordpress\",\"https:\\\/\\\/www.facebook.com\\\/radioleinewelle\",\"https:\\\/\\\/www.instagram.com\\\/radioleinewelle\",\"https:\\\/\\\/x.com\\\/https:\\\/\\\/twitter.com\\\/RLeinewelle?ref_src=twsrcgoogletwcampserptwgrauthor\",\"https:\\\/\\\/soundcloud.com\\\/foerderverein-lokalradio?utm_source=clipboard&utm_medium=text&utm_campaign=social_sharing\"],\"url\":\"https:\\\/\\\/radioleinewelle.de\\\/index.php\\\/author\\\/leinewelle\\\/\"}]}<\/script>\n<!-- \/ Yoast SEO plugin. -->","yoast_head_json":{"title":"Geplante Stra\u00dfenbauma\u00dfnahmen im Landkreis G\u00f6ttingen - Radio Leinewelle","robots":{"index":"index","follow":"follow","max-snippet":"max-snippet:-1","max-image-preview":"max-image-preview:large","max-video-preview":"max-video-preview:-1"},"canonical":"https:\/\/radioleinewelle.de\/index.php\/2022\/07\/21\/geplante-strassenbaumassnahmen-im-landkreis-goettingen\/","og_locale":"de_DE","og_type":"article","og_title":"Geplante Stra\u00dfenbauma\u00dfnahmen im Landkreis G\u00f6ttingen - Radio Leinewelle","og_description":"Das Mehrjahresprogramm f\u00fcr den Ausbau von Kreisstra\u00dfen, einschlie\u00dflich Radwegen und Br\u00fcckenbau, f\u00fcr die Jahre 2019 bis 2023 sieht ab 2022 Ma\u00dfnahmen im Umfang von insgesamt 11,515 Millionen Euro vor. Drei der Ma\u00dfnahmen werden w\u00e4hrend der diesj\u00e4hrigen Sommerferien umgesetzt: An der K 18 \/ K 45 wird die Einm\u00fcndung \u201eCharlottenburg\u201c zwischen Beienrode und Etzenborn w\u00e4hrend der [&hellip;]","og_url":"https:\/\/radioleinewelle.de\/index.php\/2022\/07\/21\/geplante-strassenbaumassnahmen-im-landkreis-goettingen\/","og_site_name":"Radio Leinewelle","article_publisher":"https:\/\/www.facebook.com\/radioleinewelle","article_author":"https:\/\/www.facebook.com\/radioleinewelle","article_published_time":"2022-07-21T05:57:44+00:00","og_image":[{"width":640,"height":425,"url":"https:\/\/radioleinewelle.de\/wp-content\/uploads\/2022\/07\/detour-ga85023a22_640.jpg","type":"image\/jpeg"}],"author":"Leinewelle","twitter_card":"summary_large_image","twitter_creator":"@https:\/\/twitter.com\/RLeinewelle?ref_src=twsrcgoogletwcampserptwgrauthor","twitter_site":"@RLeinewelle","twitter_misc":{"Verfasst von":"Leinewelle","Gesch\u00e4tzte Lesezeit":"1\u00a0Minute"},"schema":{"@context":"https:\/\/schema.org","@graph":[{"@type":"Article","@id":"https:\/\/radioleinewelle.de\/index.php\/2022\/07\/21\/geplante-strassenbaumassnahmen-im-landkreis-goettingen\/#article","isPartOf":{"@id":"https:\/\/radioleinewelle.de\/index.php\/2022\/07\/21\/geplante-strassenbaumassnahmen-im-landkreis-goettingen\/"},"author":{"name":"Leinewelle","@id":"https:\/\/radioleinewelle.de\/#\/schema\/person\/45606f348637df637192dc1b68399a63"},"headline":"Geplante Stra\u00dfenbauma\u00dfnahmen im Landkreis G\u00f6ttingen","datePublished":"2022-07-21T05:57:44+00:00","mainEntityOfPage":{"@id":"https:\/\/radioleinewelle.de\/index.php\/2022\/07\/21\/geplante-strassenbaumassnahmen-im-landkreis-goettingen\/"},"wordCount":196,"publisher":{"@id":"https:\/\/radioleinewelle.de\/#organization"},"image":{"@id":"https:\/\/radioleinewelle.de\/index.php\/2022\/07\/21\/geplante-strassenbaumassnahmen-im-landkreis-goettingen\/#primaryimage"},"thumbnailUrl":"https:\/\/radioleinewelle.de\/wp-content\/uploads\/2022\/07\/detour-ga85023a22_640.jpg","keywords":["Landkreis G\u00f6ttingen","Strassenbauma\u00dfnahmen"],"articleSection":["Bauen &amp; Verkehr"],"inLanguage":"de"},{"@type":"WebPage","@id":"https:\/\/radioleinewelle.de\/index.php\/2022\/07\/21\/geplante-strassenbaumassnahmen-im-landkreis-goettingen\/","url":"https:\/\/radioleinewelle.de\/index.php\/2022\/07\/21\/geplante-strassenbaumassnahmen-im-landkreis-goettingen\/","name":"Geplante Stra\u00dfenbauma\u00dfnahmen im Landkreis G\u00f6ttingen - Radio Leinewelle","isPartOf":{"@id":"https:\/\/radioleinewelle.de\/#website"},"primaryImageOfPage":{"@id":"https:\/\/radioleinewelle.de\/index.php\/2022\/07\/21\/geplante-strassenbaumassnahmen-im-landkreis-goettingen\/#primaryimage"},"image":{"@id":"https:\/\/radioleinewelle.de\/index.php\/2022\/07\/21\/geplante-strassenbaumassnahmen-im-landkreis-goettingen\/#primaryimage"},"thumbnailUrl":"https:\/\/radioleinewelle.de\/wp-content\/uploads\/2022\/07\/detour-ga85023a22_640.jpg","datePublished":"2022-07-21T05:57:44+00:00","breadcrumb":{"@id":"https:\/\/radioleinewelle.de\/index.php\/2022\/07\/21\/geplante-strassenbaumassnahmen-im-landkreis-goettingen\/#breadcrumb"},"inLanguage":"de","potentialAction":[{"@type":"ReadAction","target":["https:\/\/radioleinewelle.de\/index.php\/2022\/07\/21\/geplante-strassenbaumassnahmen-im-landkreis-goettingen\/"]}]},{"@type":"ImageObject","inLanguage":"de","@id":"https:\/\/radioleinewelle.de\/index.php\/2022\/07\/21\/geplante-strassenbaumassnahmen-im-landkreis-goettingen\/#primaryimage","url":"https:\/\/radioleinewelle.de\/wp-content\/uploads\/2022\/07\/detour-ga85023a22_640.jpg","contentUrl":"https:\/\/radioleinewelle.de\/wp-content\/uploads\/2022\/07\/detour-ga85023a22_640.jpg","width":640,"height":425},{"@type":"BreadcrumbList","@id":"https:\/\/radioleinewelle.de\/index.php\/2022\/07\/21\/geplante-strassenbaumassnahmen-im-landkreis-goettingen\/#breadcrumb","itemListElement":[{"@type":"ListItem","position":1,"name":"Startseite","item":"https:\/\/radioleinewelle.de\/"},{"@type":"ListItem","position":2,"name":"Geplante Stra\u00dfenbauma\u00dfnahmen im Landkreis G\u00f6ttingen"}]},{"@type":"WebSite","@id":"https:\/\/radioleinewelle.de\/#website","url":"https:\/\/radioleinewelle.de\/","name":"Radio Leinewelle","description":"","publisher":{"@id":"https:\/\/radioleinewelle.de\/#organization"},"potentialAction":[{"@type":"SearchAction","target":{"@type":"EntryPoint","urlTemplate":"https:\/\/radioleinewelle.de\/?s={search_term_string}"},"query-input":{"@type":"PropertyValueSpecification","valueRequired":true,"valueName":"search_term_string"}}],"inLanguage":"de"},{"@type":"Organization","@id":"https:\/\/radioleinewelle.de\/#organization","name":"Radio Leinewelle","alternateName":"Mein Radio f\u00fcr S\u00fcdniedersachsen","url":"https:\/\/radioleinewelle.de\/","logo":{"@type":"ImageObject","inLanguage":"de","@id":"https:\/\/radioleinewelle.de\/#\/schema\/logo\/image\/","url":"https:\/\/radioleinewelle.de\/wp-content\/uploads\/2023\/11\/cropped-Leinewelle_Logo_weiss.png","contentUrl":"https:\/\/radioleinewelle.de\/wp-content\/uploads\/2023\/11\/cropped-Leinewelle_Logo_weiss.png","width":854,"height":260,"caption":"Radio Leinewelle"},"image":{"@id":"https:\/\/radioleinewelle.de\/#\/schema\/logo\/image\/"},"sameAs":["https:\/\/www.facebook.com\/radioleinewelle","https:\/\/x.com\/RLeinewelle","https:\/\/www.instagram.com\/radioleinewelle\/?hl=de"]},{"@type":"Person","@id":"https:\/\/radioleinewelle.de\/#\/schema\/person\/45606f348637df637192dc1b68399a63","name":"Leinewelle","image":{"@type":"ImageObject","inLanguage":"de","@id":"https:\/\/secure.gravatar.com\/avatar\/05c9a17bc973052ee5d91549bd32fb4dd0dc85b7b85ae94b2e2b4943476bbea5?s=96&d=blank&r=g","url":"https:\/\/secure.gravatar.com\/avatar\/05c9a17bc973052ee5d91549bd32fb4dd0dc85b7b85ae94b2e2b4943476bbea5?s=96&d=blank&r=g","contentUrl":"https:\/\/secure.gravatar.com\/avatar\/05c9a17bc973052ee5d91549bd32fb4dd0dc85b7b85ae94b2e2b4943476bbea5?s=96&d=blank&r=g","caption":"Leinewelle"},"sameAs":["http:\/\/localhost\/radio%20leinewelle\/wordpress","https:\/\/www.facebook.com\/radioleinewelle","https:\/\/www.instagram.com\/radioleinewelle","https:\/\/x.com\/https:\/\/twitter.com\/RLeinewelle?ref_src=twsrcgoogletwcampserptwgrauthor","https:\/\/soundcloud.com\/foerderverein-lokalradio?utm_source=clipboard&utm_medium=text&utm_campaign=social_sharing"],"url":"https:\/\/radioleinewelle.de\/index.php\/author\/leinewelle\/"}]}},"_links":{"self":[{"href":"https:\/\/radioleinewelle.de\/index.php\/wp-json\/wp\/v2\/posts\/15110","targetHints":{"allow":["GET"]}}],"collection":[{"href":"https:\/\/radioleinewelle.de\/index.php\/wp-json\/wp\/v2\/posts"}],"about":[{"href":"https:\/\/radioleinewelle.de\/index.php\/wp-json\/wp\/v2\/types\/post"}],"author":[{"embeddable":true,"href":"https:\/\/radioleinewelle.de\/index.php\/wp-json\/wp\/v2\/users\/1"}],"replies":[{"embeddable":true,"href":"https:\/\/radioleinewelle.de\/index.php\/wp-json\/wp\/v2\/comments?post=15110"}],"version-history":[{"count":0,"href":"https:\/\/radioleinewelle.de\/index.php\/wp-json\/wp\/v2\/posts\/15110\/revisions"}],"wp:featuredmedia":[{"embeddable":true,"href":"https:\/\/radioleinewelle.de\/index.php\/wp-json\/wp\/v2\/media\/15112"}],"wp:attachment":[{"href":"https:\/\/radioleinewelle.de\/index.php\/wp-json\/wp\/v2\/media?parent=15110"}],"wp:term":[{"taxonomy":"category","embeddable":true,"href":"https:\/\/radioleinewelle.de\/index.php\/wp-json\/wp\/v2\/categories?post=15110"},{"taxonomy":"post_tag","embeddable":true,"href":"https:\/\/radioleinewelle.de\/index.php\/wp-json\/wp\/v2\/tags?post=15110"}],"curies":[{"name":"wp","href":"https:\/\/api.w.org\/{rel}","templated":true}]}}