{"id":15187,"date":"2022-07-27T06:06:36","date_gmt":"2022-07-27T04:06:36","guid":{"rendered":"https:\/\/radioleinewelle.de\/?p=15187"},"modified":"2022-07-27T06:06:36","modified_gmt":"2022-07-27T04:06:36","slug":"die-regionalen-kurzmeldungen-am-27-07","status":"publish","type":"post","link":"https:\/\/radioleinewelle.de\/index.php\/2022\/07\/27\/die-regionalen-kurzmeldungen-am-27-07\/","title":{"rendered":"Die regionalen Kurzmeldungen am 27.07."},"content":{"rendered":"\n<p>+++ <strong>Altes Bersgchwimmbad in Wieda komplett abgebrannt<\/strong> &#8211; Im ehemaligen Bergschwimmbad in Wieda (Landkreis G\u00f6ttingen) ist Dienstagnacht gegen 01.30 Uhr aus noch ungekl\u00e4rter Ursache ein Feuer ausgebrochen. Die Freiwilligen Feuerwehren Wieda, Zorge, Walkenried und Bad Sachsa r\u00fcckten mit 70 Kameraden zur Brandbek\u00e4mpfung aus. W\u00e4hrend der L\u00f6scharbeiten wurde ein Feuerwehrmann vermutlich von einem herabfallenden Geb\u00e4udeteil getroffen und leicht verletzt. Er wurde vor Ort medizinisch versorgt.Der seit mehreren Jahren leerstehende und nicht mehr genutzte Komplex fiel den Flammen komplett zum Opfer. Die genaue Schadensh\u00f6he ist unbekannt. Die Polizei beschlagnahmte den Brandort f\u00fcr die weiteren Untersuchungen zur Ursache des Feuers. Ein Betreten der \u00d6rtlichkeit war Ermittlern aber auch wegen noch laufender L\u00f6scharbeiten bislang nicht m\u00f6glich. Die weiteren Ermittlungen dauern an. +++<\/p>\n\n\n\n<p>+++ <strong>Warnung vor Phishing in Suchmaschinen<\/strong> &#8211; Das Pr\u00e4ventionsteam der Polizeiinspektion Northeim warnt vor Betr\u00fcgern, die derzeit Werbeanzeigen bei Internetsuchmaschinen wie z.B. Google schalten. Sucht man dort nach der Webseite einer Sparkasse, wird vor den Suchtreffern eine Werbeanzeige angezeigt, die scheinbar auf die Banking-Seite der Sparkasse f\u00fchrt. Hier sollen dann die Zugangsdaten eingegeben werden. Folgt man dem, \u00f6ffnet sich ein Pop-Up-Fenster mit dem Hinweis, es sei ein Fehler aufgetreten und das sich ein Sparkassenmitarbeitender bei den Kunden melden wird. Diese angebliche Sparkassenmitarbeitenden melden sich sp\u00e4ter telefonisch und versuchen eine TAN zu erlangen. +++<\/p>\n\n\n\n<p>+++ <strong>LEB Digitales Dorfmobil sucht D\u00f6rfer<\/strong> &#8211; Bis zum 15. August 2022 hei\u00dft es f\u00fcr D\u00f6rfer in den Landkreisen G\u00f6ttingen und Northeim \u201eEinsteigen und Mitmachen\u201c. Bis zu dieser Deadline k\u00f6nnen sich D\u00f6rfer \u00fcber ihre Ortsb\u00fcrgermeister*innen und Ortsr\u00e4te f\u00fcr die Teilnahme am Projekt \u00bbDigitales Dorf-Mobil\u00ab, kurz DigiMo, bewerben. Beim digitalen Dorf-Mobil handelt es sich um ein Fahrzeug, mit dem qualifizierte P\u00e4dagog*innen mobile Endger\u00e4te (Notebooks, Tablets, Smartphones, Headsets etc.) und die technische Ausstattung der Lernr\u00e4ume (Internet, Beamer, Leinwand etc.) direkt in die D\u00f6rfer bringen. Das alle Altersgruppen ansprechende Mobil macht neugierig auf digitale Medien sowie pers\u00f6nliche Kontakte und senkt die Hemmschwelle, Kontakt aufzunehmen, Fragen zu stellen oder mitzumachen.<\/p>\n","protected":false},"excerpt":{"rendered":"<p>+++ Altes Bersgchwimmbad in Wieda komplett abgebrannt &#8211; Im ehemaligen Bergschwimmbad in Wieda (Landkreis G\u00f6ttingen) ist Dienstagnacht gegen 01.30 Uhr aus noch ungekl\u00e4rter Ursache ein Feuer ausgebrochen. Die Freiwilligen Feuerwehren Wieda, Zorge, Walkenried und Bad Sachsa r\u00fcckten mit 70 Kameraden zur Brandbek\u00e4mpfung aus. W\u00e4hrend der L\u00f6scharbeiten wurde ein Feuerwehrmann vermutlich von einem herabfallenden Geb\u00e4udeteil getroffen [&hellip;]<\/p>\n","protected":false},"author":1,"featured_media":0,"comment_status":"closed","ping_status":"closed","sticky":false,"template":"","format":"standard","meta":{"saved_in_kubio":false,"footnotes":""},"categories":[1],"tags":[],"class_list":["post-15187","post","type-post","status-publish","format-standard","hentry","category-allgemein"],"yoast_head":"<!-- This site is optimized with the Yoast SEO plugin v27.4 - https:\/\/yoast.com\/product\/yoast-seo-wordpress\/ -->\n<title>Die regionalen Kurzmeldungen am 27.07. - Radio Leinewelle<\/title>\n<meta name=\"robots\" content=\"index, follow, max-snippet:-1, max-image-preview:large, max-video-preview:-1\" \/>\n<link rel=\"canonical\" href=\"https:\/\/radioleinewelle.de\/index.php\/2022\/07\/27\/die-regionalen-kurzmeldungen-am-27-07\/\" \/>\n<meta property=\"og:locale\" content=\"de_DE\" \/>\n<meta property=\"og:type\" content=\"article\" \/>\n<meta property=\"og:title\" content=\"Die regionalen Kurzmeldungen am 27.07. - Radio Leinewelle\" \/>\n<meta property=\"og:description\" content=\"+++ Altes Bersgchwimmbad in Wieda komplett abgebrannt &#8211; Im ehemaligen Bergschwimmbad in Wieda (Landkreis G\u00f6ttingen) ist Dienstagnacht gegen 01.30 Uhr aus noch ungekl\u00e4rter Ursache ein Feuer ausgebrochen. Die Freiwilligen Feuerwehren Wieda, Zorge, Walkenried und Bad Sachsa r\u00fcckten mit 70 Kameraden zur Brandbek\u00e4mpfung aus. W\u00e4hrend der L\u00f6scharbeiten wurde ein Feuerwehrmann vermutlich von einem herabfallenden Geb\u00e4udeteil getroffen [&hellip;]\" \/>\n<meta property=\"og:url\" content=\"https:\/\/radioleinewelle.de\/index.php\/2022\/07\/27\/die-regionalen-kurzmeldungen-am-27-07\/\" \/>\n<meta property=\"og:site_name\" content=\"Radio Leinewelle\" \/>\n<meta property=\"article:publisher\" content=\"https:\/\/www.facebook.com\/radioleinewelle\" \/>\n<meta property=\"article:author\" content=\"https:\/\/www.facebook.com\/radioleinewelle\" \/>\n<meta property=\"article:published_time\" content=\"2022-07-27T04:06:36+00:00\" \/>\n<meta name=\"author\" content=\"Leinewelle\" \/>\n<meta name=\"twitter:card\" content=\"summary_large_image\" \/>\n<meta name=\"twitter:creator\" content=\"@https:\/\/twitter.com\/RLeinewelle?ref_src=twsrcgoogletwcampserptwgrauthor\" \/>\n<meta name=\"twitter:site\" content=\"@RLeinewelle\" \/>\n<meta name=\"twitter:label1\" content=\"Verfasst von\" \/>\n\t<meta name=\"twitter:data1\" content=\"Leinewelle\" \/>\n\t<meta name=\"twitter:label2\" content=\"Gesch\u00e4tzte Lesezeit\" \/>\n\t<meta name=\"twitter:data2\" content=\"2\u00a0Minuten\" \/>\n<script type=\"application\/ld+json\" class=\"yoast-schema-graph\">{\"@context\":\"https:\\\/\\\/schema.org\",\"@graph\":[{\"@type\":\"Article\",\"@id\":\"https:\\\/\\\/radioleinewelle.de\\\/index.php\\\/2022\\\/07\\\/27\\\/die-regionalen-kurzmeldungen-am-27-07\\\/#article\",\"isPartOf\":{\"@id\":\"https:\\\/\\\/radioleinewelle.de\\\/index.php\\\/2022\\\/07\\\/27\\\/die-regionalen-kurzmeldungen-am-27-07\\\/\"},\"author\":{\"name\":\"Leinewelle\",\"@id\":\"https:\\\/\\\/radioleinewelle.de\\\/#\\\/schema\\\/person\\\/45606f348637df637192dc1b68399a63\"},\"headline\":\"Die regionalen Kurzmeldungen am 27.07.\",\"datePublished\":\"2022-07-27T04:06:36+00:00\",\"mainEntityOfPage\":{\"@id\":\"https:\\\/\\\/radioleinewelle.de\\\/index.php\\\/2022\\\/07\\\/27\\\/die-regionalen-kurzmeldungen-am-27-07\\\/\"},\"wordCount\":346,\"publisher\":{\"@id\":\"https:\\\/\\\/radioleinewelle.de\\\/#organization\"},\"inLanguage\":\"de\"},{\"@type\":\"WebPage\",\"@id\":\"https:\\\/\\\/radioleinewelle.de\\\/index.php\\\/2022\\\/07\\\/27\\\/die-regionalen-kurzmeldungen-am-27-07\\\/\",\"url\":\"https:\\\/\\\/radioleinewelle.de\\\/index.php\\\/2022\\\/07\\\/27\\\/die-regionalen-kurzmeldungen-am-27-07\\\/\",\"name\":\"Die regionalen Kurzmeldungen am 27.07. - Radio Leinewelle\",\"isPartOf\":{\"@id\":\"https:\\\/\\\/radioleinewelle.de\\\/#website\"},\"datePublished\":\"2022-07-27T04:06:36+00:00\",\"breadcrumb\":{\"@id\":\"https:\\\/\\\/radioleinewelle.de\\\/index.php\\\/2022\\\/07\\\/27\\\/die-regionalen-kurzmeldungen-am-27-07\\\/#breadcrumb\"},\"inLanguage\":\"de\",\"potentialAction\":[{\"@type\":\"ReadAction\",\"target\":[\"https:\\\/\\\/radioleinewelle.de\\\/index.php\\\/2022\\\/07\\\/27\\\/die-regionalen-kurzmeldungen-am-27-07\\\/\"]}]},{\"@type\":\"BreadcrumbList\",\"@id\":\"https:\\\/\\\/radioleinewelle.de\\\/index.php\\\/2022\\\/07\\\/27\\\/die-regionalen-kurzmeldungen-am-27-07\\\/#breadcrumb\",\"itemListElement\":[{\"@type\":\"ListItem\",\"position\":1,\"name\":\"Startseite\",\"item\":\"https:\\\/\\\/radioleinewelle.de\\\/\"},{\"@type\":\"ListItem\",\"position\":2,\"name\":\"Die regionalen Kurzmeldungen am 27.07.\"}]},{\"@type\":\"WebSite\",\"@id\":\"https:\\\/\\\/radioleinewelle.de\\\/#website\",\"url\":\"https:\\\/\\\/radioleinewelle.de\\\/\",\"name\":\"Radio Leinewelle\",\"description\":\"\",\"publisher\":{\"@id\":\"https:\\\/\\\/radioleinewelle.de\\\/#organization\"},\"potentialAction\":[{\"@type\":\"SearchAction\",\"target\":{\"@type\":\"EntryPoint\",\"urlTemplate\":\"https:\\\/\\\/radioleinewelle.de\\\/?s={search_term_string}\"},\"query-input\":{\"@type\":\"PropertyValueSpecification\",\"valueRequired\":true,\"valueName\":\"search_term_string\"}}],\"inLanguage\":\"de\"},{\"@type\":\"Organization\",\"@id\":\"https:\\\/\\\/radioleinewelle.de\\\/#organization\",\"name\":\"Radio Leinewelle\",\"alternateName\":\"Mein Radio f\u00fcr S\u00fcdniedersachsen\",\"url\":\"https:\\\/\\\/radioleinewelle.de\\\/\",\"logo\":{\"@type\":\"ImageObject\",\"inLanguage\":\"de\",\"@id\":\"https:\\\/\\\/radioleinewelle.de\\\/#\\\/schema\\\/logo\\\/image\\\/\",\"url\":\"https:\\\/\\\/radioleinewelle.de\\\/wp-content\\\/uploads\\\/2023\\\/11\\\/cropped-Leinewelle_Logo_weiss.png\",\"contentUrl\":\"https:\\\/\\\/radioleinewelle.de\\\/wp-content\\\/uploads\\\/2023\\\/11\\\/cropped-Leinewelle_Logo_weiss.png\",\"width\":854,\"height\":260,\"caption\":\"Radio Leinewelle\"},\"image\":{\"@id\":\"https:\\\/\\\/radioleinewelle.de\\\/#\\\/schema\\\/logo\\\/image\\\/\"},\"sameAs\":[\"https:\\\/\\\/www.facebook.com\\\/radioleinewelle\",\"https:\\\/\\\/x.com\\\/RLeinewelle\",\"https:\\\/\\\/www.instagram.com\\\/radioleinewelle\\\/?hl=de\"]},{\"@type\":\"Person\",\"@id\":\"https:\\\/\\\/radioleinewelle.de\\\/#\\\/schema\\\/person\\\/45606f348637df637192dc1b68399a63\",\"name\":\"Leinewelle\",\"image\":{\"@type\":\"ImageObject\",\"inLanguage\":\"de\",\"@id\":\"https:\\\/\\\/secure.gravatar.com\\\/avatar\\\/05c9a17bc973052ee5d91549bd32fb4dd0dc85b7b85ae94b2e2b4943476bbea5?s=96&d=blank&r=g\",\"url\":\"https:\\\/\\\/secure.gravatar.com\\\/avatar\\\/05c9a17bc973052ee5d91549bd32fb4dd0dc85b7b85ae94b2e2b4943476bbea5?s=96&d=blank&r=g\",\"contentUrl\":\"https:\\\/\\\/secure.gravatar.com\\\/avatar\\\/05c9a17bc973052ee5d91549bd32fb4dd0dc85b7b85ae94b2e2b4943476bbea5?s=96&d=blank&r=g\",\"caption\":\"Leinewelle\"},\"sameAs\":[\"http:\\\/\\\/localhost\\\/radio%20leinewelle\\\/wordpress\",\"https:\\\/\\\/www.facebook.com\\\/radioleinewelle\",\"https:\\\/\\\/www.instagram.com\\\/radioleinewelle\",\"https:\\\/\\\/x.com\\\/https:\\\/\\\/twitter.com\\\/RLeinewelle?ref_src=twsrcgoogletwcampserptwgrauthor\",\"https:\\\/\\\/soundcloud.com\\\/foerderverein-lokalradio?utm_source=clipboard&utm_medium=text&utm_campaign=social_sharing\"],\"url\":\"https:\\\/\\\/radioleinewelle.de\\\/index.php\\\/author\\\/leinewelle\\\/\"}]}<\/script>\n<!-- \/ Yoast SEO plugin. -->","yoast_head_json":{"title":"Die regionalen Kurzmeldungen am 27.07. - Radio Leinewelle","robots":{"index":"index","follow":"follow","max-snippet":"max-snippet:-1","max-image-preview":"max-image-preview:large","max-video-preview":"max-video-preview:-1"},"canonical":"https:\/\/radioleinewelle.de\/index.php\/2022\/07\/27\/die-regionalen-kurzmeldungen-am-27-07\/","og_locale":"de_DE","og_type":"article","og_title":"Die regionalen Kurzmeldungen am 27.07. - Radio Leinewelle","og_description":"+++ Altes Bersgchwimmbad in Wieda komplett abgebrannt &#8211; Im ehemaligen Bergschwimmbad in Wieda (Landkreis G\u00f6ttingen) ist Dienstagnacht gegen 01.30 Uhr aus noch ungekl\u00e4rter Ursache ein Feuer ausgebrochen. Die Freiwilligen Feuerwehren Wieda, Zorge, Walkenried und Bad Sachsa r\u00fcckten mit 70 Kameraden zur Brandbek\u00e4mpfung aus. W\u00e4hrend der L\u00f6scharbeiten wurde ein Feuerwehrmann vermutlich von einem herabfallenden Geb\u00e4udeteil getroffen [&hellip;]","og_url":"https:\/\/radioleinewelle.de\/index.php\/2022\/07\/27\/die-regionalen-kurzmeldungen-am-27-07\/","og_site_name":"Radio Leinewelle","article_publisher":"https:\/\/www.facebook.com\/radioleinewelle","article_author":"https:\/\/www.facebook.com\/radioleinewelle","article_published_time":"2022-07-27T04:06:36+00:00","author":"Leinewelle","twitter_card":"summary_large_image","twitter_creator":"@https:\/\/twitter.com\/RLeinewelle?ref_src=twsrcgoogletwcampserptwgrauthor","twitter_site":"@RLeinewelle","twitter_misc":{"Verfasst von":"Leinewelle","Gesch\u00e4tzte Lesezeit":"2\u00a0Minuten"},"schema":{"@context":"https:\/\/schema.org","@graph":[{"@type":"Article","@id":"https:\/\/radioleinewelle.de\/index.php\/2022\/07\/27\/die-regionalen-kurzmeldungen-am-27-07\/#article","isPartOf":{"@id":"https:\/\/radioleinewelle.de\/index.php\/2022\/07\/27\/die-regionalen-kurzmeldungen-am-27-07\/"},"author":{"name":"Leinewelle","@id":"https:\/\/radioleinewelle.de\/#\/schema\/person\/45606f348637df637192dc1b68399a63"},"headline":"Die regionalen Kurzmeldungen am 27.07.","datePublished":"2022-07-27T04:06:36+00:00","mainEntityOfPage":{"@id":"https:\/\/radioleinewelle.de\/index.php\/2022\/07\/27\/die-regionalen-kurzmeldungen-am-27-07\/"},"wordCount":346,"publisher":{"@id":"https:\/\/radioleinewelle.de\/#organization"},"inLanguage":"de"},{"@type":"WebPage","@id":"https:\/\/radioleinewelle.de\/index.php\/2022\/07\/27\/die-regionalen-kurzmeldungen-am-27-07\/","url":"https:\/\/radioleinewelle.de\/index.php\/2022\/07\/27\/die-regionalen-kurzmeldungen-am-27-07\/","name":"Die regionalen Kurzmeldungen am 27.07. - Radio Leinewelle","isPartOf":{"@id":"https:\/\/radioleinewelle.de\/#website"},"datePublished":"2022-07-27T04:06:36+00:00","breadcrumb":{"@id":"https:\/\/radioleinewelle.de\/index.php\/2022\/07\/27\/die-regionalen-kurzmeldungen-am-27-07\/#breadcrumb"},"inLanguage":"de","potentialAction":[{"@type":"ReadAction","target":["https:\/\/radioleinewelle.de\/index.php\/2022\/07\/27\/die-regionalen-kurzmeldungen-am-27-07\/"]}]},{"@type":"BreadcrumbList","@id":"https:\/\/radioleinewelle.de\/index.php\/2022\/07\/27\/die-regionalen-kurzmeldungen-am-27-07\/#breadcrumb","itemListElement":[{"@type":"ListItem","position":1,"name":"Startseite","item":"https:\/\/radioleinewelle.de\/"},{"@type":"ListItem","position":2,"name":"Die regionalen Kurzmeldungen am 27.07."}]},{"@type":"WebSite","@id":"https:\/\/radioleinewelle.de\/#website","url":"https:\/\/radioleinewelle.de\/","name":"Radio Leinewelle","description":"","publisher":{"@id":"https:\/\/radioleinewelle.de\/#organization"},"potentialAction":[{"@type":"SearchAction","target":{"@type":"EntryPoint","urlTemplate":"https:\/\/radioleinewelle.de\/?s={search_term_string}"},"query-input":{"@type":"PropertyValueSpecification","valueRequired":true,"valueName":"search_term_string"}}],"inLanguage":"de"},{"@type":"Organization","@id":"https:\/\/radioleinewelle.de\/#organization","name":"Radio Leinewelle","alternateName":"Mein Radio f\u00fcr S\u00fcdniedersachsen","url":"https:\/\/radioleinewelle.de\/","logo":{"@type":"ImageObject","inLanguage":"de","@id":"https:\/\/radioleinewelle.de\/#\/schema\/logo\/image\/","url":"https:\/\/radioleinewelle.de\/wp-content\/uploads\/2023\/11\/cropped-Leinewelle_Logo_weiss.png","contentUrl":"https:\/\/radioleinewelle.de\/wp-content\/uploads\/2023\/11\/cropped-Leinewelle_Logo_weiss.png","width":854,"height":260,"caption":"Radio Leinewelle"},"image":{"@id":"https:\/\/radioleinewelle.de\/#\/schema\/logo\/image\/"},"sameAs":["https:\/\/www.facebook.com\/radioleinewelle","https:\/\/x.com\/RLeinewelle","https:\/\/www.instagram.com\/radioleinewelle\/?hl=de"]},{"@type":"Person","@id":"https:\/\/radioleinewelle.de\/#\/schema\/person\/45606f348637df637192dc1b68399a63","name":"Leinewelle","image":{"@type":"ImageObject","inLanguage":"de","@id":"https:\/\/secure.gravatar.com\/avatar\/05c9a17bc973052ee5d91549bd32fb4dd0dc85b7b85ae94b2e2b4943476bbea5?s=96&d=blank&r=g","url":"https:\/\/secure.gravatar.com\/avatar\/05c9a17bc973052ee5d91549bd32fb4dd0dc85b7b85ae94b2e2b4943476bbea5?s=96&d=blank&r=g","contentUrl":"https:\/\/secure.gravatar.com\/avatar\/05c9a17bc973052ee5d91549bd32fb4dd0dc85b7b85ae94b2e2b4943476bbea5?s=96&d=blank&r=g","caption":"Leinewelle"},"sameAs":["http:\/\/localhost\/radio%20leinewelle\/wordpress","https:\/\/www.facebook.com\/radioleinewelle","https:\/\/www.instagram.com\/radioleinewelle","https:\/\/x.com\/https:\/\/twitter.com\/RLeinewelle?ref_src=twsrcgoogletwcampserptwgrauthor","https:\/\/soundcloud.com\/foerderverein-lokalradio?utm_source=clipboard&utm_medium=text&utm_campaign=social_sharing"],"url":"https:\/\/radioleinewelle.de\/index.php\/author\/leinewelle\/"}]}},"_links":{"self":[{"href":"https:\/\/radioleinewelle.de\/index.php\/wp-json\/wp\/v2\/posts\/15187","targetHints":{"allow":["GET"]}}],"collection":[{"href":"https:\/\/radioleinewelle.de\/index.php\/wp-json\/wp\/v2\/posts"}],"about":[{"href":"https:\/\/radioleinewelle.de\/index.php\/wp-json\/wp\/v2\/types\/post"}],"author":[{"embeddable":true,"href":"https:\/\/radioleinewelle.de\/index.php\/wp-json\/wp\/v2\/users\/1"}],"replies":[{"embeddable":true,"href":"https:\/\/radioleinewelle.de\/index.php\/wp-json\/wp\/v2\/comments?post=15187"}],"version-history":[{"count":0,"href":"https:\/\/radioleinewelle.de\/index.php\/wp-json\/wp\/v2\/posts\/15187\/revisions"}],"wp:attachment":[{"href":"https:\/\/radioleinewelle.de\/index.php\/wp-json\/wp\/v2\/media?parent=15187"}],"wp:term":[{"taxonomy":"category","embeddable":true,"href":"https:\/\/radioleinewelle.de\/index.php\/wp-json\/wp\/v2\/categories?post=15187"},{"taxonomy":"post_tag","embeddable":true,"href":"https:\/\/radioleinewelle.de\/index.php\/wp-json\/wp\/v2\/tags?post=15187"}],"curies":[{"name":"wp","href":"https:\/\/api.w.org\/{rel}","templated":true}]}}