{"id":1519,"date":"2020-09-28T19:04:04","date_gmt":"2020-09-28T17:04:04","guid":{"rendered":"https:\/\/radioleinewelle.de\/?p=1519"},"modified":"2020-09-28T19:04:04","modified_gmt":"2020-09-28T17:04:04","slug":"goettinger-lichterlauf-im-zeichen-der-corona-pandemie","status":"publish","type":"post","link":"https:\/\/radioleinewelle.de\/index.php\/2020\/09\/28\/goettinger-lichterlauf-im-zeichen-der-corona-pandemie\/","title":{"rendered":"G\u00f6ttinger Lichterlauf im Zeichen der Corona Pandemie"},"content":{"rendered":"<p>Dies Woche steht im Zeichen des &#8222;G\u00f6ttinger Lichterlaufs&#8220;. Eine Veranstaltung \u00a0mit mehreren tausend Teilnehmern wie in den letzen Jahren k\u00f6nne es unter Corona Bedingungen nicht geben, so Dagmar Hildebrandt-Linne,\u00a0die Gesch\u00e4ftsf\u00fchrerin des <a href=\"http:\/\/www.elternhaus-goettingen.de\">Elternhauses f\u00fcr das krebskranke Kind<\/a>. Frank Neumann, Mitglied des Orgateams brachte die Idee einer virtuellen Lichterlaufwoche ins Gespr\u00e4ch, die jetzt vom 28.09. &#8211; 04.10. stattfindet. Teams k\u00f6nnen selbstbestimmt festlegen, wann und wie sie an den Start gehen. Unterst\u00fctzung bietet eine Internetseite <a href=\"http:\/\/www.goettinger-lichterlauf.de\">(goettinger-lichterlauf.de)<\/a>.\u00a0Auf dieser Seite werden in den n\u00e4chsten Tagen im Anmeldebereich noch Details wie Urkundenausdrucke, Startnummern etc. hinterlegt, so Kevin Eichardt, zust\u00e4ndig f\u00fcr die Internetpr\u00e4senz des Lichterlaufs.\u00a0Da auch eine Illumination des Kiessees in diesem Jahr nicht realisierbar ist, hat Steffen M\u00fchl von der Firma <a href=\"http:\/\/www.light-house.de\">Light-House<\/a> beschlossen, das Elternhaus (s. Foto) w\u00e4hrend der Woche in ein attraktives Licht zu setzen. Schirmherren der Veranstaltung sind neben dem Oberb\u00fcrgermeister der Stadt G\u00f6ttingen die Bundestagsabgeordneten Thomas Oppermann und Fritz G\u00fcntzler.<br \/>\nDie Coronapandemie hat auch zu einem Spendenr\u00fcckgang f\u00fcr das Elternhaus gef\u00fchrt. Wer schon jetzt einen dringend ben\u00f6tigten Beitrag leisten will und kann, hier die Daten des Spendenkontos:<br \/>\n<b>Kontoinhaber<\/b><br \/>\nElternhilfe f\u00fcr das krebskranke Kind G\u00f6ttingen e. V.<br \/>\n<b>IBAN<\/b><br \/>\nDE 49 2605 0001 0000 0830 06<\/p>\n<p>Foto: Radio Leinewelle (je)<\/p>\n<p>&nbsp;<\/p>\n","protected":false},"excerpt":{"rendered":"<p>Dies Woche steht im Zeichen des &#8222;G\u00f6ttinger Lichterlaufs&#8220;. Eine Veranstaltung \u00a0mit mehreren tausend Teilnehmern wie in den letzen Jahren k\u00f6nne es unter Corona Bedingungen nicht geben, so Dagmar Hildebrandt-Linne,\u00a0die Gesch\u00e4ftsf\u00fchrerin des Elternhauses f\u00fcr das krebskranke Kind. Frank Neumann, Mitglied des Orgateams brachte die Idee einer virtuellen Lichterlaufwoche ins Gespr\u00e4ch, die jetzt vom 28.09. &#8211; 04.10. [&hellip;]<\/p>\n","protected":false},"author":1,"featured_media":0,"comment_status":"closed","ping_status":"closed","sticky":false,"template":"","format":"standard","meta":{"saved_in_kubio":false,"footnotes":""},"categories":[1],"tags":[],"class_list":["post-1519","post","type-post","status-publish","format-standard","hentry","category-allgemein"],"yoast_head":"<!-- This site is optimized with the Yoast SEO plugin v27.5 - https:\/\/yoast.com\/product\/yoast-seo-wordpress\/ -->\n<title>G\u00f6ttinger Lichterlauf im Zeichen der Corona Pandemie - Radio Leinewelle<\/title>\n<meta name=\"robots\" content=\"index, follow, max-snippet:-1, max-image-preview:large, max-video-preview:-1\" \/>\n<link rel=\"canonical\" href=\"https:\/\/radioleinewelle.de\/index.php\/2020\/09\/28\/goettinger-lichterlauf-im-zeichen-der-corona-pandemie\/\" \/>\n<meta property=\"og:locale\" content=\"de_DE\" \/>\n<meta property=\"og:type\" content=\"article\" \/>\n<meta property=\"og:title\" content=\"G\u00f6ttinger Lichterlauf im Zeichen der Corona Pandemie - Radio Leinewelle\" \/>\n<meta property=\"og:description\" content=\"Dies Woche steht im Zeichen des &#8222;G\u00f6ttinger Lichterlaufs&#8220;. Eine Veranstaltung \u00a0mit mehreren tausend Teilnehmern wie in den letzen Jahren k\u00f6nne es unter Corona Bedingungen nicht geben, so Dagmar Hildebrandt-Linne,\u00a0die Gesch\u00e4ftsf\u00fchrerin des Elternhauses f\u00fcr das krebskranke Kind. Frank Neumann, Mitglied des Orgateams brachte die Idee einer virtuellen Lichterlaufwoche ins Gespr\u00e4ch, die jetzt vom 28.09. &#8211; 04.10. [&hellip;]\" \/>\n<meta property=\"og:url\" content=\"https:\/\/radioleinewelle.de\/index.php\/2020\/09\/28\/goettinger-lichterlauf-im-zeichen-der-corona-pandemie\/\" \/>\n<meta property=\"og:site_name\" content=\"Radio Leinewelle\" \/>\n<meta property=\"article:publisher\" content=\"https:\/\/www.facebook.com\/radioleinewelle\" \/>\n<meta property=\"article:author\" content=\"https:\/\/www.facebook.com\/radioleinewelle\" \/>\n<meta property=\"article:published_time\" content=\"2020-09-28T17:04:04+00:00\" \/>\n<meta name=\"author\" content=\"Leinewelle\" \/>\n<meta name=\"twitter:card\" content=\"summary_large_image\" \/>\n<meta name=\"twitter:creator\" content=\"@https:\/\/twitter.com\/RLeinewelle?ref_src=twsrcgoogletwcampserptwgrauthor\" \/>\n<meta name=\"twitter:site\" content=\"@RLeinewelle\" \/>\n<meta name=\"twitter:label1\" content=\"Verfasst von\" \/>\n\t<meta name=\"twitter:data1\" content=\"Leinewelle\" \/>\n\t<meta name=\"twitter:label2\" content=\"Gesch\u00e4tzte Lesezeit\" \/>\n\t<meta name=\"twitter:data2\" content=\"1\u00a0Minute\" \/>\n<script type=\"application\/ld+json\" class=\"yoast-schema-graph\">{\"@context\":\"https:\\\/\\\/schema.org\",\"@graph\":[{\"@type\":\"Article\",\"@id\":\"https:\\\/\\\/radioleinewelle.de\\\/index.php\\\/2020\\\/09\\\/28\\\/goettinger-lichterlauf-im-zeichen-der-corona-pandemie\\\/#article\",\"isPartOf\":{\"@id\":\"https:\\\/\\\/radioleinewelle.de\\\/index.php\\\/2020\\\/09\\\/28\\\/goettinger-lichterlauf-im-zeichen-der-corona-pandemie\\\/\"},\"author\":{\"name\":\"Leinewelle\",\"@id\":\"https:\\\/\\\/radioleinewelle.de\\\/#\\\/schema\\\/person\\\/45606f348637df637192dc1b68399a63\"},\"headline\":\"G\u00f6ttinger Lichterlauf im Zeichen der Corona Pandemie\",\"datePublished\":\"2020-09-28T17:04:04+00:00\",\"mainEntityOfPage\":{\"@id\":\"https:\\\/\\\/radioleinewelle.de\\\/index.php\\\/2020\\\/09\\\/28\\\/goettinger-lichterlauf-im-zeichen-der-corona-pandemie\\\/\"},\"wordCount\":223,\"publisher\":{\"@id\":\"https:\\\/\\\/radioleinewelle.de\\\/#organization\"},\"inLanguage\":\"de\"},{\"@type\":\"WebPage\",\"@id\":\"https:\\\/\\\/radioleinewelle.de\\\/index.php\\\/2020\\\/09\\\/28\\\/goettinger-lichterlauf-im-zeichen-der-corona-pandemie\\\/\",\"url\":\"https:\\\/\\\/radioleinewelle.de\\\/index.php\\\/2020\\\/09\\\/28\\\/goettinger-lichterlauf-im-zeichen-der-corona-pandemie\\\/\",\"name\":\"G\u00f6ttinger Lichterlauf im Zeichen der Corona Pandemie - Radio Leinewelle\",\"isPartOf\":{\"@id\":\"https:\\\/\\\/radioleinewelle.de\\\/#website\"},\"datePublished\":\"2020-09-28T17:04:04+00:00\",\"breadcrumb\":{\"@id\":\"https:\\\/\\\/radioleinewelle.de\\\/index.php\\\/2020\\\/09\\\/28\\\/goettinger-lichterlauf-im-zeichen-der-corona-pandemie\\\/#breadcrumb\"},\"inLanguage\":\"de\",\"potentialAction\":[{\"@type\":\"ReadAction\",\"target\":[\"https:\\\/\\\/radioleinewelle.de\\\/index.php\\\/2020\\\/09\\\/28\\\/goettinger-lichterlauf-im-zeichen-der-corona-pandemie\\\/\"]}]},{\"@type\":\"BreadcrumbList\",\"@id\":\"https:\\\/\\\/radioleinewelle.de\\\/index.php\\\/2020\\\/09\\\/28\\\/goettinger-lichterlauf-im-zeichen-der-corona-pandemie\\\/#breadcrumb\",\"itemListElement\":[{\"@type\":\"ListItem\",\"position\":1,\"name\":\"Startseite\",\"item\":\"https:\\\/\\\/radioleinewelle.de\\\/\"},{\"@type\":\"ListItem\",\"position\":2,\"name\":\"G\u00f6ttinger Lichterlauf im Zeichen der Corona Pandemie\"}]},{\"@type\":\"WebSite\",\"@id\":\"https:\\\/\\\/radioleinewelle.de\\\/#website\",\"url\":\"https:\\\/\\\/radioleinewelle.de\\\/\",\"name\":\"Radio Leinewelle\",\"description\":\"\",\"publisher\":{\"@id\":\"https:\\\/\\\/radioleinewelle.de\\\/#organization\"},\"potentialAction\":[{\"@type\":\"SearchAction\",\"target\":{\"@type\":\"EntryPoint\",\"urlTemplate\":\"https:\\\/\\\/radioleinewelle.de\\\/?s={search_term_string}\"},\"query-input\":{\"@type\":\"PropertyValueSpecification\",\"valueRequired\":true,\"valueName\":\"search_term_string\"}}],\"inLanguage\":\"de\"},{\"@type\":\"Organization\",\"@id\":\"https:\\\/\\\/radioleinewelle.de\\\/#organization\",\"name\":\"Radio Leinewelle\",\"alternateName\":\"Mein Radio f\u00fcr S\u00fcdniedersachsen\",\"url\":\"https:\\\/\\\/radioleinewelle.de\\\/\",\"logo\":{\"@type\":\"ImageObject\",\"inLanguage\":\"de\",\"@id\":\"https:\\\/\\\/radioleinewelle.de\\\/#\\\/schema\\\/logo\\\/image\\\/\",\"url\":\"https:\\\/\\\/radioleinewelle.de\\\/wp-content\\\/uploads\\\/2023\\\/11\\\/cropped-Leinewelle_Logo_weiss.png\",\"contentUrl\":\"https:\\\/\\\/radioleinewelle.de\\\/wp-content\\\/uploads\\\/2023\\\/11\\\/cropped-Leinewelle_Logo_weiss.png\",\"width\":854,\"height\":260,\"caption\":\"Radio Leinewelle\"},\"image\":{\"@id\":\"https:\\\/\\\/radioleinewelle.de\\\/#\\\/schema\\\/logo\\\/image\\\/\"},\"sameAs\":[\"https:\\\/\\\/www.facebook.com\\\/radioleinewelle\",\"https:\\\/\\\/x.com\\\/RLeinewelle\",\"https:\\\/\\\/www.instagram.com\\\/radioleinewelle\\\/?hl=de\"]},{\"@type\":\"Person\",\"@id\":\"https:\\\/\\\/radioleinewelle.de\\\/#\\\/schema\\\/person\\\/45606f348637df637192dc1b68399a63\",\"name\":\"Leinewelle\",\"image\":{\"@type\":\"ImageObject\",\"inLanguage\":\"de\",\"@id\":\"https:\\\/\\\/secure.gravatar.com\\\/avatar\\\/05c9a17bc973052ee5d91549bd32fb4dd0dc85b7b85ae94b2e2b4943476bbea5?s=96&d=blank&r=g\",\"url\":\"https:\\\/\\\/secure.gravatar.com\\\/avatar\\\/05c9a17bc973052ee5d91549bd32fb4dd0dc85b7b85ae94b2e2b4943476bbea5?s=96&d=blank&r=g\",\"contentUrl\":\"https:\\\/\\\/secure.gravatar.com\\\/avatar\\\/05c9a17bc973052ee5d91549bd32fb4dd0dc85b7b85ae94b2e2b4943476bbea5?s=96&d=blank&r=g\",\"caption\":\"Leinewelle\"},\"sameAs\":[\"http:\\\/\\\/localhost\\\/radio%20leinewelle\\\/wordpress\",\"https:\\\/\\\/www.facebook.com\\\/radioleinewelle\",\"https:\\\/\\\/www.instagram.com\\\/radioleinewelle\",\"https:\\\/\\\/x.com\\\/https:\\\/\\\/twitter.com\\\/RLeinewelle?ref_src=twsrcgoogletwcampserptwgrauthor\",\"https:\\\/\\\/soundcloud.com\\\/foerderverein-lokalradio?utm_source=clipboard&utm_medium=text&utm_campaign=social_sharing\"],\"url\":\"https:\\\/\\\/radioleinewelle.de\\\/index.php\\\/author\\\/leinewelle\\\/\"}]}<\/script>\n<!-- \/ Yoast SEO plugin. -->","yoast_head_json":{"title":"G\u00f6ttinger Lichterlauf im Zeichen der Corona Pandemie - Radio Leinewelle","robots":{"index":"index","follow":"follow","max-snippet":"max-snippet:-1","max-image-preview":"max-image-preview:large","max-video-preview":"max-video-preview:-1"},"canonical":"https:\/\/radioleinewelle.de\/index.php\/2020\/09\/28\/goettinger-lichterlauf-im-zeichen-der-corona-pandemie\/","og_locale":"de_DE","og_type":"article","og_title":"G\u00f6ttinger Lichterlauf im Zeichen der Corona Pandemie - Radio Leinewelle","og_description":"Dies Woche steht im Zeichen des &#8222;G\u00f6ttinger Lichterlaufs&#8220;. Eine Veranstaltung \u00a0mit mehreren tausend Teilnehmern wie in den letzen Jahren k\u00f6nne es unter Corona Bedingungen nicht geben, so Dagmar Hildebrandt-Linne,\u00a0die Gesch\u00e4ftsf\u00fchrerin des Elternhauses f\u00fcr das krebskranke Kind. Frank Neumann, Mitglied des Orgateams brachte die Idee einer virtuellen Lichterlaufwoche ins Gespr\u00e4ch, die jetzt vom 28.09. &#8211; 04.10. [&hellip;]","og_url":"https:\/\/radioleinewelle.de\/index.php\/2020\/09\/28\/goettinger-lichterlauf-im-zeichen-der-corona-pandemie\/","og_site_name":"Radio Leinewelle","article_publisher":"https:\/\/www.facebook.com\/radioleinewelle","article_author":"https:\/\/www.facebook.com\/radioleinewelle","article_published_time":"2020-09-28T17:04:04+00:00","author":"Leinewelle","twitter_card":"summary_large_image","twitter_creator":"@https:\/\/twitter.com\/RLeinewelle?ref_src=twsrcgoogletwcampserptwgrauthor","twitter_site":"@RLeinewelle","twitter_misc":{"Verfasst von":"Leinewelle","Gesch\u00e4tzte Lesezeit":"1\u00a0Minute"},"schema":{"@context":"https:\/\/schema.org","@graph":[{"@type":"Article","@id":"https:\/\/radioleinewelle.de\/index.php\/2020\/09\/28\/goettinger-lichterlauf-im-zeichen-der-corona-pandemie\/#article","isPartOf":{"@id":"https:\/\/radioleinewelle.de\/index.php\/2020\/09\/28\/goettinger-lichterlauf-im-zeichen-der-corona-pandemie\/"},"author":{"name":"Leinewelle","@id":"https:\/\/radioleinewelle.de\/#\/schema\/person\/45606f348637df637192dc1b68399a63"},"headline":"G\u00f6ttinger Lichterlauf im Zeichen der Corona Pandemie","datePublished":"2020-09-28T17:04:04+00:00","mainEntityOfPage":{"@id":"https:\/\/radioleinewelle.de\/index.php\/2020\/09\/28\/goettinger-lichterlauf-im-zeichen-der-corona-pandemie\/"},"wordCount":223,"publisher":{"@id":"https:\/\/radioleinewelle.de\/#organization"},"inLanguage":"de"},{"@type":"WebPage","@id":"https:\/\/radioleinewelle.de\/index.php\/2020\/09\/28\/goettinger-lichterlauf-im-zeichen-der-corona-pandemie\/","url":"https:\/\/radioleinewelle.de\/index.php\/2020\/09\/28\/goettinger-lichterlauf-im-zeichen-der-corona-pandemie\/","name":"G\u00f6ttinger Lichterlauf im Zeichen der Corona Pandemie - Radio Leinewelle","isPartOf":{"@id":"https:\/\/radioleinewelle.de\/#website"},"datePublished":"2020-09-28T17:04:04+00:00","breadcrumb":{"@id":"https:\/\/radioleinewelle.de\/index.php\/2020\/09\/28\/goettinger-lichterlauf-im-zeichen-der-corona-pandemie\/#breadcrumb"},"inLanguage":"de","potentialAction":[{"@type":"ReadAction","target":["https:\/\/radioleinewelle.de\/index.php\/2020\/09\/28\/goettinger-lichterlauf-im-zeichen-der-corona-pandemie\/"]}]},{"@type":"BreadcrumbList","@id":"https:\/\/radioleinewelle.de\/index.php\/2020\/09\/28\/goettinger-lichterlauf-im-zeichen-der-corona-pandemie\/#breadcrumb","itemListElement":[{"@type":"ListItem","position":1,"name":"Startseite","item":"https:\/\/radioleinewelle.de\/"},{"@type":"ListItem","position":2,"name":"G\u00f6ttinger Lichterlauf im Zeichen der Corona Pandemie"}]},{"@type":"WebSite","@id":"https:\/\/radioleinewelle.de\/#website","url":"https:\/\/radioleinewelle.de\/","name":"Radio Leinewelle","description":"","publisher":{"@id":"https:\/\/radioleinewelle.de\/#organization"},"potentialAction":[{"@type":"SearchAction","target":{"@type":"EntryPoint","urlTemplate":"https:\/\/radioleinewelle.de\/?s={search_term_string}"},"query-input":{"@type":"PropertyValueSpecification","valueRequired":true,"valueName":"search_term_string"}}],"inLanguage":"de"},{"@type":"Organization","@id":"https:\/\/radioleinewelle.de\/#organization","name":"Radio Leinewelle","alternateName":"Mein Radio f\u00fcr S\u00fcdniedersachsen","url":"https:\/\/radioleinewelle.de\/","logo":{"@type":"ImageObject","inLanguage":"de","@id":"https:\/\/radioleinewelle.de\/#\/schema\/logo\/image\/","url":"https:\/\/radioleinewelle.de\/wp-content\/uploads\/2023\/11\/cropped-Leinewelle_Logo_weiss.png","contentUrl":"https:\/\/radioleinewelle.de\/wp-content\/uploads\/2023\/11\/cropped-Leinewelle_Logo_weiss.png","width":854,"height":260,"caption":"Radio Leinewelle"},"image":{"@id":"https:\/\/radioleinewelle.de\/#\/schema\/logo\/image\/"},"sameAs":["https:\/\/www.facebook.com\/radioleinewelle","https:\/\/x.com\/RLeinewelle","https:\/\/www.instagram.com\/radioleinewelle\/?hl=de"]},{"@type":"Person","@id":"https:\/\/radioleinewelle.de\/#\/schema\/person\/45606f348637df637192dc1b68399a63","name":"Leinewelle","image":{"@type":"ImageObject","inLanguage":"de","@id":"https:\/\/secure.gravatar.com\/avatar\/05c9a17bc973052ee5d91549bd32fb4dd0dc85b7b85ae94b2e2b4943476bbea5?s=96&d=blank&r=g","url":"https:\/\/secure.gravatar.com\/avatar\/05c9a17bc973052ee5d91549bd32fb4dd0dc85b7b85ae94b2e2b4943476bbea5?s=96&d=blank&r=g","contentUrl":"https:\/\/secure.gravatar.com\/avatar\/05c9a17bc973052ee5d91549bd32fb4dd0dc85b7b85ae94b2e2b4943476bbea5?s=96&d=blank&r=g","caption":"Leinewelle"},"sameAs":["http:\/\/localhost\/radio%20leinewelle\/wordpress","https:\/\/www.facebook.com\/radioleinewelle","https:\/\/www.instagram.com\/radioleinewelle","https:\/\/x.com\/https:\/\/twitter.com\/RLeinewelle?ref_src=twsrcgoogletwcampserptwgrauthor","https:\/\/soundcloud.com\/foerderverein-lokalradio?utm_source=clipboard&utm_medium=text&utm_campaign=social_sharing"],"url":"https:\/\/radioleinewelle.de\/index.php\/author\/leinewelle\/"}]}},"_links":{"self":[{"href":"https:\/\/radioleinewelle.de\/index.php\/wp-json\/wp\/v2\/posts\/1519","targetHints":{"allow":["GET"]}}],"collection":[{"href":"https:\/\/radioleinewelle.de\/index.php\/wp-json\/wp\/v2\/posts"}],"about":[{"href":"https:\/\/radioleinewelle.de\/index.php\/wp-json\/wp\/v2\/types\/post"}],"author":[{"embeddable":true,"href":"https:\/\/radioleinewelle.de\/index.php\/wp-json\/wp\/v2\/users\/1"}],"replies":[{"embeddable":true,"href":"https:\/\/radioleinewelle.de\/index.php\/wp-json\/wp\/v2\/comments?post=1519"}],"version-history":[{"count":0,"href":"https:\/\/radioleinewelle.de\/index.php\/wp-json\/wp\/v2\/posts\/1519\/revisions"}],"wp:attachment":[{"href":"https:\/\/radioleinewelle.de\/index.php\/wp-json\/wp\/v2\/media?parent=1519"}],"wp:term":[{"taxonomy":"category","embeddable":true,"href":"https:\/\/radioleinewelle.de\/index.php\/wp-json\/wp\/v2\/categories?post=1519"},{"taxonomy":"post_tag","embeddable":true,"href":"https:\/\/radioleinewelle.de\/index.php\/wp-json\/wp\/v2\/tags?post=1519"}],"curies":[{"name":"wp","href":"https:\/\/api.w.org\/{rel}","templated":true}]}}