{"id":1536,"date":"2020-09-10T05:30:36","date_gmt":"2020-09-10T03:30:36","guid":{"rendered":"https:\/\/radioleinewelle.de\/?p=1536"},"modified":"2020-09-10T05:30:36","modified_gmt":"2020-09-10T03:30:36","slug":"guentzler-und-oppermann-der-weg-fuer-die-sanierung-des-freibads-am-brauweg-ist-frei","status":"publish","type":"post","link":"https:\/\/radioleinewelle.de\/index.php\/2020\/09\/10\/guentzler-und-oppermann-der-weg-fuer-die-sanierung-des-freibads-am-brauweg-ist-frei\/","title":{"rendered":"G\u00fcntzler und Oppermann: der Weg f\u00fcr die Sanierung des Freibads am Brauweg ist frei"},"content":{"rendered":"<p>Gute Nachrichten am Ende einer au\u00dfergew\u00f6hnlichen Badesaison: Der Haushaltsausschuss des Deutschen Bundestages hat am heutigen Mittwoch beschlossen, dass das Freibad am Brauweg die dringend ben\u00f6tigte Bundesf\u00f6rderung in H\u00f6he von 3 Millionen Euro aus dem Bundesprogramm zur Sanierung kommunaler Einrichtungen erh\u00e4lt. Dies teilen die G\u00f6ttinger Bundestagsabgeordneten Thomas Oppermann (SPD) und Fritz G\u00fcntzler (CDU) mit. Beide Abgeordneten hatten sich zuvor f\u00fcr die Unterst\u00fctzung des G\u00f6ttinger Projektantrages stark gemacht.<\/p>\n<p>\u201eMit diesen F\u00f6rdermitteln ist die Sanierung und Modernisierung des Freibades nun unter Dach und Fach. Das ist nicht nur ein positives Signal an die Stadt, sondern auch an die 70.000 Schwimmerinnen und Schwimmer, die trotz der Corona-Vorkehrungen in dieser Saison ihre Bahnen gezogen haben\u201c, so Thomas Oppermann.<\/p>\n<p>\u201eDie Planungen der GoeSF sind beeindruckend und die Umbauten werden das Freibad Brauweg zu einem weiteren Highlight der Freizeitm\u00f6glichkeiten in G\u00f6ttingen und S\u00fcdniedersachsen machen. Ich freue mich sehr, dass wir doch noch eine F\u00f6rderzusage f\u00fcr G\u00f6ttingens gr\u00f6\u00dftes Freibad erreichen konnten\u201c, so Fritz G\u00fcntzler. Mit den F\u00f6rdermitteln des Bundes kann das denkmalgesch\u00fctzte Freibad am Brauweg ab dem kommenden Jahr umfassend saniert und modernisiert werden. Nach der Zusage der Bundesf\u00f6rderung kann die GoeSF nun mit der konkreten Umsetzung beginnen: Sowohl der Eingangsbereich als auch die Badebereiche und Freianlagen sollen neu gestaltet werden, Toiletten und Umkleiden saniert und der Eltern-Kind-Bereich ausgebaut werden. Auch die Schwimmbecken und die Badewassertechnik m\u00fcssen erneuert werden. Atmosph\u00e4risches Highlight wird der geplante Zugang zur Leine sein, auch auf den Neubau der Gastronomie d\u00fcrfen sich die Badeg\u00e4ste ab 2022 freuen. Insgesamt sind f\u00fcr die erforderlichen Bauarbeiten 6,7 Millionen Euro veranschlagt.<\/p>\n<p>200 Millionen Euro zus\u00e4tzlich stehen in diesem Jahr \u00fcber einen Nachtrag zum Bundeshaushalt f\u00fcr die Sanierung von Sportst\u00e4tten zur Verf\u00fcgung, weitere 400 Millionen Euro werden im kommenden Jahr bereitstehen.<\/p>\n","protected":false},"excerpt":{"rendered":"<p>Gute Nachrichten am Ende einer au\u00dfergew\u00f6hnlichen Badesaison: Der Haushaltsausschuss des Deutschen Bundestages hat am heutigen Mittwoch beschlossen, dass das Freibad am Brauweg die dringend ben\u00f6tigte Bundesf\u00f6rderung in H\u00f6he von 3 Millionen Euro aus dem Bundesprogramm zur Sanierung kommunaler Einrichtungen erh\u00e4lt. Dies teilen die G\u00f6ttinger Bundestagsabgeordneten Thomas Oppermann (SPD) und Fritz G\u00fcntzler (CDU) mit. Beide Abgeordneten [&hellip;]<\/p>\n","protected":false},"author":1,"featured_media":0,"comment_status":"closed","ping_status":"closed","sticky":false,"template":"","format":"standard","meta":{"saved_in_kubio":false,"footnotes":""},"categories":[1],"tags":[],"class_list":["post-1536","post","type-post","status-publish","format-standard","hentry","category-allgemein"],"yoast_head":"<!-- This site is optimized with the Yoast SEO plugin v27.5 - https:\/\/yoast.com\/product\/yoast-seo-wordpress\/ -->\n<title>G\u00fcntzler und Oppermann: der Weg f\u00fcr die Sanierung des Freibads am Brauweg ist frei - Radio Leinewelle<\/title>\n<meta name=\"robots\" content=\"index, follow, max-snippet:-1, max-image-preview:large, max-video-preview:-1\" \/>\n<link rel=\"canonical\" href=\"https:\/\/radioleinewelle.de\/index.php\/2020\/09\/10\/guentzler-und-oppermann-der-weg-fuer-die-sanierung-des-freibads-am-brauweg-ist-frei\/\" \/>\n<meta property=\"og:locale\" content=\"de_DE\" \/>\n<meta property=\"og:type\" content=\"article\" \/>\n<meta property=\"og:title\" content=\"G\u00fcntzler und Oppermann: der Weg f\u00fcr die Sanierung des Freibads am Brauweg ist frei - Radio Leinewelle\" \/>\n<meta property=\"og:description\" content=\"Gute Nachrichten am Ende einer au\u00dfergew\u00f6hnlichen Badesaison: Der Haushaltsausschuss des Deutschen Bundestages hat am heutigen Mittwoch beschlossen, dass das Freibad am Brauweg die dringend ben\u00f6tigte Bundesf\u00f6rderung in H\u00f6he von 3 Millionen Euro aus dem Bundesprogramm zur Sanierung kommunaler Einrichtungen erh\u00e4lt. Dies teilen die G\u00f6ttinger Bundestagsabgeordneten Thomas Oppermann (SPD) und Fritz G\u00fcntzler (CDU) mit. Beide Abgeordneten [&hellip;]\" \/>\n<meta property=\"og:url\" content=\"https:\/\/radioleinewelle.de\/index.php\/2020\/09\/10\/guentzler-und-oppermann-der-weg-fuer-die-sanierung-des-freibads-am-brauweg-ist-frei\/\" \/>\n<meta property=\"og:site_name\" content=\"Radio Leinewelle\" \/>\n<meta property=\"article:publisher\" content=\"https:\/\/www.facebook.com\/radioleinewelle\" \/>\n<meta property=\"article:author\" content=\"https:\/\/www.facebook.com\/radioleinewelle\" \/>\n<meta property=\"article:published_time\" content=\"2020-09-10T03:30:36+00:00\" \/>\n<meta name=\"author\" content=\"Leinewelle\" \/>\n<meta name=\"twitter:card\" content=\"summary_large_image\" \/>\n<meta name=\"twitter:creator\" content=\"@https:\/\/twitter.com\/RLeinewelle?ref_src=twsrcgoogletwcampserptwgrauthor\" \/>\n<meta name=\"twitter:site\" content=\"@RLeinewelle\" \/>\n<meta name=\"twitter:label1\" content=\"Verfasst von\" \/>\n\t<meta name=\"twitter:data1\" content=\"Leinewelle\" \/>\n\t<meta name=\"twitter:label2\" content=\"Gesch\u00e4tzte Lesezeit\" \/>\n\t<meta name=\"twitter:data2\" content=\"2\u00a0Minuten\" \/>\n<script type=\"application\/ld+json\" class=\"yoast-schema-graph\">{\"@context\":\"https:\\\/\\\/schema.org\",\"@graph\":[{\"@type\":\"Article\",\"@id\":\"https:\\\/\\\/radioleinewelle.de\\\/index.php\\\/2020\\\/09\\\/10\\\/guentzler-und-oppermann-der-weg-fuer-die-sanierung-des-freibads-am-brauweg-ist-frei\\\/#article\",\"isPartOf\":{\"@id\":\"https:\\\/\\\/radioleinewelle.de\\\/index.php\\\/2020\\\/09\\\/10\\\/guentzler-und-oppermann-der-weg-fuer-die-sanierung-des-freibads-am-brauweg-ist-frei\\\/\"},\"author\":{\"name\":\"Leinewelle\",\"@id\":\"https:\\\/\\\/radioleinewelle.de\\\/#\\\/schema\\\/person\\\/45606f348637df637192dc1b68399a63\"},\"headline\":\"G\u00fcntzler und Oppermann: der Weg f\u00fcr die Sanierung des Freibads am Brauweg ist frei\",\"datePublished\":\"2020-09-10T03:30:36+00:00\",\"mainEntityOfPage\":{\"@id\":\"https:\\\/\\\/radioleinewelle.de\\\/index.php\\\/2020\\\/09\\\/10\\\/guentzler-und-oppermann-der-weg-fuer-die-sanierung-des-freibads-am-brauweg-ist-frei\\\/\"},\"wordCount\":324,\"publisher\":{\"@id\":\"https:\\\/\\\/radioleinewelle.de\\\/#organization\"},\"inLanguage\":\"de\"},{\"@type\":\"WebPage\",\"@id\":\"https:\\\/\\\/radioleinewelle.de\\\/index.php\\\/2020\\\/09\\\/10\\\/guentzler-und-oppermann-der-weg-fuer-die-sanierung-des-freibads-am-brauweg-ist-frei\\\/\",\"url\":\"https:\\\/\\\/radioleinewelle.de\\\/index.php\\\/2020\\\/09\\\/10\\\/guentzler-und-oppermann-der-weg-fuer-die-sanierung-des-freibads-am-brauweg-ist-frei\\\/\",\"name\":\"G\u00fcntzler und Oppermann: der Weg f\u00fcr die Sanierung des Freibads am Brauweg ist frei - Radio Leinewelle\",\"isPartOf\":{\"@id\":\"https:\\\/\\\/radioleinewelle.de\\\/#website\"},\"datePublished\":\"2020-09-10T03:30:36+00:00\",\"breadcrumb\":{\"@id\":\"https:\\\/\\\/radioleinewelle.de\\\/index.php\\\/2020\\\/09\\\/10\\\/guentzler-und-oppermann-der-weg-fuer-die-sanierung-des-freibads-am-brauweg-ist-frei\\\/#breadcrumb\"},\"inLanguage\":\"de\",\"potentialAction\":[{\"@type\":\"ReadAction\",\"target\":[\"https:\\\/\\\/radioleinewelle.de\\\/index.php\\\/2020\\\/09\\\/10\\\/guentzler-und-oppermann-der-weg-fuer-die-sanierung-des-freibads-am-brauweg-ist-frei\\\/\"]}]},{\"@type\":\"BreadcrumbList\",\"@id\":\"https:\\\/\\\/radioleinewelle.de\\\/index.php\\\/2020\\\/09\\\/10\\\/guentzler-und-oppermann-der-weg-fuer-die-sanierung-des-freibads-am-brauweg-ist-frei\\\/#breadcrumb\",\"itemListElement\":[{\"@type\":\"ListItem\",\"position\":1,\"name\":\"Startseite\",\"item\":\"https:\\\/\\\/radioleinewelle.de\\\/\"},{\"@type\":\"ListItem\",\"position\":2,\"name\":\"G\u00fcntzler und Oppermann: der Weg f\u00fcr die Sanierung des Freibads am Brauweg ist frei\"}]},{\"@type\":\"WebSite\",\"@id\":\"https:\\\/\\\/radioleinewelle.de\\\/#website\",\"url\":\"https:\\\/\\\/radioleinewelle.de\\\/\",\"name\":\"Radio Leinewelle\",\"description\":\"\",\"publisher\":{\"@id\":\"https:\\\/\\\/radioleinewelle.de\\\/#organization\"},\"potentialAction\":[{\"@type\":\"SearchAction\",\"target\":{\"@type\":\"EntryPoint\",\"urlTemplate\":\"https:\\\/\\\/radioleinewelle.de\\\/?s={search_term_string}\"},\"query-input\":{\"@type\":\"PropertyValueSpecification\",\"valueRequired\":true,\"valueName\":\"search_term_string\"}}],\"inLanguage\":\"de\"},{\"@type\":\"Organization\",\"@id\":\"https:\\\/\\\/radioleinewelle.de\\\/#organization\",\"name\":\"Radio Leinewelle\",\"alternateName\":\"Mein Radio f\u00fcr S\u00fcdniedersachsen\",\"url\":\"https:\\\/\\\/radioleinewelle.de\\\/\",\"logo\":{\"@type\":\"ImageObject\",\"inLanguage\":\"de\",\"@id\":\"https:\\\/\\\/radioleinewelle.de\\\/#\\\/schema\\\/logo\\\/image\\\/\",\"url\":\"https:\\\/\\\/radioleinewelle.de\\\/wp-content\\\/uploads\\\/2023\\\/11\\\/cropped-Leinewelle_Logo_weiss.png\",\"contentUrl\":\"https:\\\/\\\/radioleinewelle.de\\\/wp-content\\\/uploads\\\/2023\\\/11\\\/cropped-Leinewelle_Logo_weiss.png\",\"width\":854,\"height\":260,\"caption\":\"Radio Leinewelle\"},\"image\":{\"@id\":\"https:\\\/\\\/radioleinewelle.de\\\/#\\\/schema\\\/logo\\\/image\\\/\"},\"sameAs\":[\"https:\\\/\\\/www.facebook.com\\\/radioleinewelle\",\"https:\\\/\\\/x.com\\\/RLeinewelle\",\"https:\\\/\\\/www.instagram.com\\\/radioleinewelle\\\/?hl=de\"]},{\"@type\":\"Person\",\"@id\":\"https:\\\/\\\/radioleinewelle.de\\\/#\\\/schema\\\/person\\\/45606f348637df637192dc1b68399a63\",\"name\":\"Leinewelle\",\"image\":{\"@type\":\"ImageObject\",\"inLanguage\":\"de\",\"@id\":\"https:\\\/\\\/secure.gravatar.com\\\/avatar\\\/05c9a17bc973052ee5d91549bd32fb4dd0dc85b7b85ae94b2e2b4943476bbea5?s=96&d=blank&r=g\",\"url\":\"https:\\\/\\\/secure.gravatar.com\\\/avatar\\\/05c9a17bc973052ee5d91549bd32fb4dd0dc85b7b85ae94b2e2b4943476bbea5?s=96&d=blank&r=g\",\"contentUrl\":\"https:\\\/\\\/secure.gravatar.com\\\/avatar\\\/05c9a17bc973052ee5d91549bd32fb4dd0dc85b7b85ae94b2e2b4943476bbea5?s=96&d=blank&r=g\",\"caption\":\"Leinewelle\"},\"sameAs\":[\"http:\\\/\\\/localhost\\\/radio%20leinewelle\\\/wordpress\",\"https:\\\/\\\/www.facebook.com\\\/radioleinewelle\",\"https:\\\/\\\/www.instagram.com\\\/radioleinewelle\",\"https:\\\/\\\/x.com\\\/https:\\\/\\\/twitter.com\\\/RLeinewelle?ref_src=twsrcgoogletwcampserptwgrauthor\",\"https:\\\/\\\/soundcloud.com\\\/foerderverein-lokalradio?utm_source=clipboard&utm_medium=text&utm_campaign=social_sharing\"],\"url\":\"https:\\\/\\\/radioleinewelle.de\\\/index.php\\\/author\\\/leinewelle\\\/\"}]}<\/script>\n<!-- \/ Yoast SEO plugin. -->","yoast_head_json":{"title":"G\u00fcntzler und Oppermann: der Weg f\u00fcr die Sanierung des Freibads am Brauweg ist frei - Radio Leinewelle","robots":{"index":"index","follow":"follow","max-snippet":"max-snippet:-1","max-image-preview":"max-image-preview:large","max-video-preview":"max-video-preview:-1"},"canonical":"https:\/\/radioleinewelle.de\/index.php\/2020\/09\/10\/guentzler-und-oppermann-der-weg-fuer-die-sanierung-des-freibads-am-brauweg-ist-frei\/","og_locale":"de_DE","og_type":"article","og_title":"G\u00fcntzler und Oppermann: der Weg f\u00fcr die Sanierung des Freibads am Brauweg ist frei - Radio Leinewelle","og_description":"Gute Nachrichten am Ende einer au\u00dfergew\u00f6hnlichen Badesaison: Der Haushaltsausschuss des Deutschen Bundestages hat am heutigen Mittwoch beschlossen, dass das Freibad am Brauweg die dringend ben\u00f6tigte Bundesf\u00f6rderung in H\u00f6he von 3 Millionen Euro aus dem Bundesprogramm zur Sanierung kommunaler Einrichtungen erh\u00e4lt. Dies teilen die G\u00f6ttinger Bundestagsabgeordneten Thomas Oppermann (SPD) und Fritz G\u00fcntzler (CDU) mit. Beide Abgeordneten [&hellip;]","og_url":"https:\/\/radioleinewelle.de\/index.php\/2020\/09\/10\/guentzler-und-oppermann-der-weg-fuer-die-sanierung-des-freibads-am-brauweg-ist-frei\/","og_site_name":"Radio Leinewelle","article_publisher":"https:\/\/www.facebook.com\/radioleinewelle","article_author":"https:\/\/www.facebook.com\/radioleinewelle","article_published_time":"2020-09-10T03:30:36+00:00","author":"Leinewelle","twitter_card":"summary_large_image","twitter_creator":"@https:\/\/twitter.com\/RLeinewelle?ref_src=twsrcgoogletwcampserptwgrauthor","twitter_site":"@RLeinewelle","twitter_misc":{"Verfasst von":"Leinewelle","Gesch\u00e4tzte Lesezeit":"2\u00a0Minuten"},"schema":{"@context":"https:\/\/schema.org","@graph":[{"@type":"Article","@id":"https:\/\/radioleinewelle.de\/index.php\/2020\/09\/10\/guentzler-und-oppermann-der-weg-fuer-die-sanierung-des-freibads-am-brauweg-ist-frei\/#article","isPartOf":{"@id":"https:\/\/radioleinewelle.de\/index.php\/2020\/09\/10\/guentzler-und-oppermann-der-weg-fuer-die-sanierung-des-freibads-am-brauweg-ist-frei\/"},"author":{"name":"Leinewelle","@id":"https:\/\/radioleinewelle.de\/#\/schema\/person\/45606f348637df637192dc1b68399a63"},"headline":"G\u00fcntzler und Oppermann: der Weg f\u00fcr die Sanierung des Freibads am Brauweg ist frei","datePublished":"2020-09-10T03:30:36+00:00","mainEntityOfPage":{"@id":"https:\/\/radioleinewelle.de\/index.php\/2020\/09\/10\/guentzler-und-oppermann-der-weg-fuer-die-sanierung-des-freibads-am-brauweg-ist-frei\/"},"wordCount":324,"publisher":{"@id":"https:\/\/radioleinewelle.de\/#organization"},"inLanguage":"de"},{"@type":"WebPage","@id":"https:\/\/radioleinewelle.de\/index.php\/2020\/09\/10\/guentzler-und-oppermann-der-weg-fuer-die-sanierung-des-freibads-am-brauweg-ist-frei\/","url":"https:\/\/radioleinewelle.de\/index.php\/2020\/09\/10\/guentzler-und-oppermann-der-weg-fuer-die-sanierung-des-freibads-am-brauweg-ist-frei\/","name":"G\u00fcntzler und Oppermann: der Weg f\u00fcr die Sanierung des Freibads am Brauweg ist frei - Radio Leinewelle","isPartOf":{"@id":"https:\/\/radioleinewelle.de\/#website"},"datePublished":"2020-09-10T03:30:36+00:00","breadcrumb":{"@id":"https:\/\/radioleinewelle.de\/index.php\/2020\/09\/10\/guentzler-und-oppermann-der-weg-fuer-die-sanierung-des-freibads-am-brauweg-ist-frei\/#breadcrumb"},"inLanguage":"de","potentialAction":[{"@type":"ReadAction","target":["https:\/\/radioleinewelle.de\/index.php\/2020\/09\/10\/guentzler-und-oppermann-der-weg-fuer-die-sanierung-des-freibads-am-brauweg-ist-frei\/"]}]},{"@type":"BreadcrumbList","@id":"https:\/\/radioleinewelle.de\/index.php\/2020\/09\/10\/guentzler-und-oppermann-der-weg-fuer-die-sanierung-des-freibads-am-brauweg-ist-frei\/#breadcrumb","itemListElement":[{"@type":"ListItem","position":1,"name":"Startseite","item":"https:\/\/radioleinewelle.de\/"},{"@type":"ListItem","position":2,"name":"G\u00fcntzler und Oppermann: der Weg f\u00fcr die Sanierung des Freibads am Brauweg ist frei"}]},{"@type":"WebSite","@id":"https:\/\/radioleinewelle.de\/#website","url":"https:\/\/radioleinewelle.de\/","name":"Radio Leinewelle","description":"","publisher":{"@id":"https:\/\/radioleinewelle.de\/#organization"},"potentialAction":[{"@type":"SearchAction","target":{"@type":"EntryPoint","urlTemplate":"https:\/\/radioleinewelle.de\/?s={search_term_string}"},"query-input":{"@type":"PropertyValueSpecification","valueRequired":true,"valueName":"search_term_string"}}],"inLanguage":"de"},{"@type":"Organization","@id":"https:\/\/radioleinewelle.de\/#organization","name":"Radio Leinewelle","alternateName":"Mein Radio f\u00fcr S\u00fcdniedersachsen","url":"https:\/\/radioleinewelle.de\/","logo":{"@type":"ImageObject","inLanguage":"de","@id":"https:\/\/radioleinewelle.de\/#\/schema\/logo\/image\/","url":"https:\/\/radioleinewelle.de\/wp-content\/uploads\/2023\/11\/cropped-Leinewelle_Logo_weiss.png","contentUrl":"https:\/\/radioleinewelle.de\/wp-content\/uploads\/2023\/11\/cropped-Leinewelle_Logo_weiss.png","width":854,"height":260,"caption":"Radio Leinewelle"},"image":{"@id":"https:\/\/radioleinewelle.de\/#\/schema\/logo\/image\/"},"sameAs":["https:\/\/www.facebook.com\/radioleinewelle","https:\/\/x.com\/RLeinewelle","https:\/\/www.instagram.com\/radioleinewelle\/?hl=de"]},{"@type":"Person","@id":"https:\/\/radioleinewelle.de\/#\/schema\/person\/45606f348637df637192dc1b68399a63","name":"Leinewelle","image":{"@type":"ImageObject","inLanguage":"de","@id":"https:\/\/secure.gravatar.com\/avatar\/05c9a17bc973052ee5d91549bd32fb4dd0dc85b7b85ae94b2e2b4943476bbea5?s=96&d=blank&r=g","url":"https:\/\/secure.gravatar.com\/avatar\/05c9a17bc973052ee5d91549bd32fb4dd0dc85b7b85ae94b2e2b4943476bbea5?s=96&d=blank&r=g","contentUrl":"https:\/\/secure.gravatar.com\/avatar\/05c9a17bc973052ee5d91549bd32fb4dd0dc85b7b85ae94b2e2b4943476bbea5?s=96&d=blank&r=g","caption":"Leinewelle"},"sameAs":["http:\/\/localhost\/radio%20leinewelle\/wordpress","https:\/\/www.facebook.com\/radioleinewelle","https:\/\/www.instagram.com\/radioleinewelle","https:\/\/x.com\/https:\/\/twitter.com\/RLeinewelle?ref_src=twsrcgoogletwcampserptwgrauthor","https:\/\/soundcloud.com\/foerderverein-lokalradio?utm_source=clipboard&utm_medium=text&utm_campaign=social_sharing"],"url":"https:\/\/radioleinewelle.de\/index.php\/author\/leinewelle\/"}]}},"_links":{"self":[{"href":"https:\/\/radioleinewelle.de\/index.php\/wp-json\/wp\/v2\/posts\/1536","targetHints":{"allow":["GET"]}}],"collection":[{"href":"https:\/\/radioleinewelle.de\/index.php\/wp-json\/wp\/v2\/posts"}],"about":[{"href":"https:\/\/radioleinewelle.de\/index.php\/wp-json\/wp\/v2\/types\/post"}],"author":[{"embeddable":true,"href":"https:\/\/radioleinewelle.de\/index.php\/wp-json\/wp\/v2\/users\/1"}],"replies":[{"embeddable":true,"href":"https:\/\/radioleinewelle.de\/index.php\/wp-json\/wp\/v2\/comments?post=1536"}],"version-history":[{"count":0,"href":"https:\/\/radioleinewelle.de\/index.php\/wp-json\/wp\/v2\/posts\/1536\/revisions"}],"wp:attachment":[{"href":"https:\/\/radioleinewelle.de\/index.php\/wp-json\/wp\/v2\/media?parent=1536"}],"wp:term":[{"taxonomy":"category","embeddable":true,"href":"https:\/\/radioleinewelle.de\/index.php\/wp-json\/wp\/v2\/categories?post=1536"},{"taxonomy":"post_tag","embeddable":true,"href":"https:\/\/radioleinewelle.de\/index.php\/wp-json\/wp\/v2\/tags?post=1536"}],"curies":[{"name":"wp","href":"https:\/\/api.w.org\/{rel}","templated":true}]}}