{"id":15541,"date":"2022-08-14T14:33:15","date_gmt":"2022-08-14T12:33:15","guid":{"rendered":"https:\/\/radioleinewelle.de\/?p=15541"},"modified":"2022-08-14T14:33:15","modified_gmt":"2022-08-14T12:33:15","slug":"weitere-kampfmittelsondierungen-auf-dem-gelaende-des-schuetzenplatzes-in-goettingen","status":"publish","type":"post","link":"https:\/\/radioleinewelle.de\/index.php\/2022\/08\/14\/weitere-kampfmittelsondierungen-auf-dem-gelaende-des-schuetzenplatzes-in-goettingen\/","title":{"rendered":"Weitere Kampfmittelsondierungen auf dem Gel\u00e4nde des Sch\u00fctzenplatzes in G\u00f6ttingen"},"content":{"rendered":"\n<p>Durch Begutachtungen im Zuge der Aufr\u00e4umungsarbeiten nach der erfolgreichen Bombensprengung haben sich Ver\u00e4nderungen f\u00fcr den weiteren Fortgang der Sondierungsarbeiten ergeben. Dazu teilt die Stadt G\u00f6ttingen folgendes mit:<\/p>\n\n\n\n<p>Die neuen Erkenntnisse ver\u00e4ndern in Teilen die bisherige Planung f\u00fcr das weitere Vorgehen. Nach der erfolgreichen Sprengung der f\u00fcnf Bombenblindg\u00e4nger Ende Juli 2022 wurden die Aufr\u00e4umarbeiten aufgenommen. Die Begutachtung des Gel\u00e4ndes insbesondere nach dem k\u00fcrzlichen R\u00fcckbau der Containerw\u00e4nde hat neue Erkenntnisse gebracht: Das Erdreich ist in diesem Bereich weicher als von den Fachleuten urspr\u00fcnglich eingesch\u00e4tzt, beispielsweise sind die Container ein St\u00fcck in den Boden gesackt. Daher k\u00f6nnen die Bombentrichter nicht einfach zugesch\u00fcttet werden, sondern der Boden muss aufw\u00e4ndig verdichtet werden.<\/p>\n\n\n\n<p><strong>\u00c4nderung zur Gefahrenabwehr<\/strong><\/p>\n\n\n\n<p>Durch das Bodenverdichten w\u00fcrden massive Ersch\u00fctterungen entstehen, die potenziell eine Gefahr darstellen k\u00f6nnen, falls sich in dem Gel\u00e4nde noch weitere Kampfmittel befinden. Daher ist es im Rahmen der Gefahrenabwehr erforderlich, vor diesen Arbeiten zun\u00e4chst die Kampfmittelsondierungen auf dem Gel\u00e4nde vom Leineufer bis zur S-Arena fortzusetzen. Falls dabei eine Kampfmittelfreiheit festgestellt wird, k\u00f6nnen im Anschluss der Boden verdichtet und die im Erdreich befindlichen Leitungen wiederhergestellt werden. Die Wiederinbetriebnahme der Redundanzleitung f\u00fcr die Gasversorgung hat hier nach wie vor Priorit\u00e4t.<\/p>\n\n\n\n<p><strong>Sicherheit geht vor<\/strong><\/p>\n\n\n\n<p>\u201eDie Sicherheit f\u00fcr die Menschen in unserer Stadt geht bei allen Ma\u00dfnahmen vor! Ich wiederhole mich hier gern\u201c, erl\u00e4utert G\u00f6ttingens Erster Stadtrat Christian Schmetz. Unter seiner Leitung verlaufen alle Eins\u00e4tze und Ma\u00dfnahmen zum Kampfmittelverdacht. \u201eDie neuen Erkenntnisse ver\u00e4ndern die Lage und damit unsere Vorgehensweise\u201c, so Schmetz, \u201ederzeit besteht keine erh\u00f6hte Gefahr. Eine Gefahr w\u00fcrden wir den neuen Erkenntnissen zufolge m\u00f6glicherweise ausl\u00f6sen, wenn wir die Verdichtungsarbeiten starten, ohne vorher auf weitere Kampfmittel sondiert zu haben. Allen Beteiligten ist daran gelegen, durch eine Optimierung der Prozesse eine m\u00f6glichst z\u00fcgige Abwicklung der Sondierungen zu erreichen.\u201c<\/p>\n\n\n\n<p><strong>Beginn am Leineufer&nbsp;<\/strong><\/p>\n\n\n\n<p>Vorgesehen ist nun, so bald wie m\u00f6glich, also noch im August, am Leineufer mit den Sondierungen zu beginnen. Die Fachleute werden sich auf dem abgesperrten Terrain schrittweise in Richtung S-Arena vorarbeiten. Die Fl\u00e4che soll umfassend untersucht werden, daf\u00fcr sind rund 1.600 einzelne Tiefenbohrungen erforderlich. Die S-Arena bleibt vorerst ge\u00f6ffnet. Sie wird gesperrt, sobald die Arbeiten in deren N\u00e4he vorr\u00fccken. Die G\u00f6SF wird in der Zwischenzeit an die Nutzer*innen der S-Arena herantreten und individuelle L\u00f6sungen erarbeiten. Die Leine zwischen Hagenwegbr\u00fccke und Otto-Frey-Br\u00fccke sowie der Skatepark bleiben bis auf Weiteres gesperrt.<\/p>\n\n\n\n<p><strong>Ausblick<\/strong><\/p>\n\n\n\n<p>Sollten sich im untersuchten Gebiet Blindg\u00e4ngerverdachtspunkte ergeben, wird die Stadt die Lage erneut neu bewerten und die Vorgehensweise anpassen, was ggf. auch zu einer l\u00e4ngeren Sperrung der S-Arena, des Skateparks sowie der umliegende Fl\u00e4che f\u00fchren k\u00f6nnte.<\/p>\n\n\n\n<p><strong>Weitere Informationen<\/strong><\/p>\n\n\n\n<p>Die Stadt G\u00f6ttingen informiert fortlaufend in ihrem&nbsp;<a href=\"http:\/\/mailings.goettingen.de\/c\/74395938\/8437d312179c-rgi37t\">Liveblog<\/a>&nbsp;\u00fcber den Kampfmittelverdacht in der Weststadt.<\/p>\n\n\n\n<p><strong>Foto: <\/strong>Stadt G\u00f6ttingen<\/p>\n","protected":false},"excerpt":{"rendered":"<p>Durch Begutachtungen im Zuge der Aufr\u00e4umungsarbeiten nach der erfolgreichen Bombensprengung haben sich Ver\u00e4nderungen f\u00fcr den weiteren Fortgang der Sondierungsarbeiten ergeben. Dazu teilt die Stadt G\u00f6ttingen folgendes mit: Die neuen Erkenntnisse ver\u00e4ndern in Teilen die bisherige Planung f\u00fcr das weitere Vorgehen. Nach der erfolgreichen Sprengung der f\u00fcnf Bombenblindg\u00e4nger Ende Juli 2022 wurden die Aufr\u00e4umarbeiten aufgenommen. Die [&hellip;]<\/p>\n","protected":false},"author":1,"featured_media":0,"comment_status":"closed","ping_status":"closed","sticky":false,"template":"","format":"standard","meta":{"saved_in_kubio":false,"footnotes":""},"categories":[24],"tags":[455,3271,3272,268],"class_list":["post-15541","post","type-post","status-publish","format-standard","hentry","category-news","tag-christian-schmetz","tag-goesf","tag-kampfmittelsondierungen-schuetzenplatz-goettingen","tag-stadt-goettingen"],"yoast_head":"<!-- This site is optimized with the Yoast SEO plugin v27.5 - https:\/\/yoast.com\/product\/yoast-seo-wordpress\/ -->\n<title>Weitere Kampfmittelsondierungen auf dem Gel\u00e4nde des Sch\u00fctzenplatzes in G\u00f6ttingen - Radio Leinewelle<\/title>\n<meta name=\"robots\" content=\"index, follow, max-snippet:-1, max-image-preview:large, max-video-preview:-1\" \/>\n<link rel=\"canonical\" href=\"https:\/\/radioleinewelle.de\/index.php\/2022\/08\/14\/weitere-kampfmittelsondierungen-auf-dem-gelaende-des-schuetzenplatzes-in-goettingen\/\" \/>\n<meta property=\"og:locale\" content=\"de_DE\" \/>\n<meta property=\"og:type\" content=\"article\" \/>\n<meta property=\"og:title\" content=\"Weitere Kampfmittelsondierungen auf dem Gel\u00e4nde des Sch\u00fctzenplatzes in G\u00f6ttingen - Radio Leinewelle\" \/>\n<meta property=\"og:description\" content=\"Durch Begutachtungen im Zuge der Aufr\u00e4umungsarbeiten nach der erfolgreichen Bombensprengung haben sich Ver\u00e4nderungen f\u00fcr den weiteren Fortgang der Sondierungsarbeiten ergeben. Dazu teilt die Stadt G\u00f6ttingen folgendes mit: Die neuen Erkenntnisse ver\u00e4ndern in Teilen die bisherige Planung f\u00fcr das weitere Vorgehen. Nach der erfolgreichen Sprengung der f\u00fcnf Bombenblindg\u00e4nger Ende Juli 2022 wurden die Aufr\u00e4umarbeiten aufgenommen. Die [&hellip;]\" \/>\n<meta property=\"og:url\" content=\"https:\/\/radioleinewelle.de\/index.php\/2022\/08\/14\/weitere-kampfmittelsondierungen-auf-dem-gelaende-des-schuetzenplatzes-in-goettingen\/\" \/>\n<meta property=\"og:site_name\" content=\"Radio Leinewelle\" \/>\n<meta property=\"article:publisher\" content=\"https:\/\/www.facebook.com\/radioleinewelle\" \/>\n<meta property=\"article:author\" content=\"https:\/\/www.facebook.com\/radioleinewelle\" \/>\n<meta property=\"article:published_time\" content=\"2022-08-14T12:33:15+00:00\" \/>\n<meta name=\"author\" content=\"Leinewelle\" \/>\n<meta name=\"twitter:card\" content=\"summary_large_image\" \/>\n<meta name=\"twitter:creator\" content=\"@https:\/\/twitter.com\/RLeinewelle?ref_src=twsrcgoogletwcampserptwgrauthor\" \/>\n<meta name=\"twitter:site\" content=\"@RLeinewelle\" \/>\n<meta name=\"twitter:label1\" content=\"Verfasst von\" \/>\n\t<meta name=\"twitter:data1\" content=\"Leinewelle\" \/>\n<script type=\"application\/ld+json\" class=\"yoast-schema-graph\">{\"@context\":\"https:\\\/\\\/schema.org\",\"@graph\":[{\"@type\":\"Article\",\"@id\":\"https:\\\/\\\/radioleinewelle.de\\\/index.php\\\/2022\\\/08\\\/14\\\/weitere-kampfmittelsondierungen-auf-dem-gelaende-des-schuetzenplatzes-in-goettingen\\\/#article\",\"isPartOf\":{\"@id\":\"https:\\\/\\\/radioleinewelle.de\\\/index.php\\\/2022\\\/08\\\/14\\\/weitere-kampfmittelsondierungen-auf-dem-gelaende-des-schuetzenplatzes-in-goettingen\\\/\"},\"author\":{\"name\":\"Leinewelle\",\"@id\":\"https:\\\/\\\/radioleinewelle.de\\\/#\\\/schema\\\/person\\\/45606f348637df637192dc1b68399a63\"},\"headline\":\"Weitere Kampfmittelsondierungen auf dem Gel\u00e4nde des Sch\u00fctzenplatzes in G\u00f6ttingen\",\"datePublished\":\"2022-08-14T12:33:15+00:00\",\"mainEntityOfPage\":{\"@id\":\"https:\\\/\\\/radioleinewelle.de\\\/index.php\\\/2022\\\/08\\\/14\\\/weitere-kampfmittelsondierungen-auf-dem-gelaende-des-schuetzenplatzes-in-goettingen\\\/\"},\"wordCount\":503,\"publisher\":{\"@id\":\"https:\\\/\\\/radioleinewelle.de\\\/#organization\"},\"keywords\":[\"Christian Schmetz\",\"G\u00f6SF\",\"Kampfmittelsondierungen Sch\u00fctzenplatz G\u00f6ttingen\",\"Stadt G\u00f6ttingen\"],\"articleSection\":[\"Aktuelle Nachrichten\"],\"inLanguage\":\"de\"},{\"@type\":\"WebPage\",\"@id\":\"https:\\\/\\\/radioleinewelle.de\\\/index.php\\\/2022\\\/08\\\/14\\\/weitere-kampfmittelsondierungen-auf-dem-gelaende-des-schuetzenplatzes-in-goettingen\\\/\",\"url\":\"https:\\\/\\\/radioleinewelle.de\\\/index.php\\\/2022\\\/08\\\/14\\\/weitere-kampfmittelsondierungen-auf-dem-gelaende-des-schuetzenplatzes-in-goettingen\\\/\",\"name\":\"Weitere Kampfmittelsondierungen auf dem Gel\u00e4nde des Sch\u00fctzenplatzes in G\u00f6ttingen - Radio Leinewelle\",\"isPartOf\":{\"@id\":\"https:\\\/\\\/radioleinewelle.de\\\/#website\"},\"datePublished\":\"2022-08-14T12:33:15+00:00\",\"breadcrumb\":{\"@id\":\"https:\\\/\\\/radioleinewelle.de\\\/index.php\\\/2022\\\/08\\\/14\\\/weitere-kampfmittelsondierungen-auf-dem-gelaende-des-schuetzenplatzes-in-goettingen\\\/#breadcrumb\"},\"inLanguage\":\"de\",\"potentialAction\":[{\"@type\":\"ReadAction\",\"target\":[\"https:\\\/\\\/radioleinewelle.de\\\/index.php\\\/2022\\\/08\\\/14\\\/weitere-kampfmittelsondierungen-auf-dem-gelaende-des-schuetzenplatzes-in-goettingen\\\/\"]}]},{\"@type\":\"BreadcrumbList\",\"@id\":\"https:\\\/\\\/radioleinewelle.de\\\/index.php\\\/2022\\\/08\\\/14\\\/weitere-kampfmittelsondierungen-auf-dem-gelaende-des-schuetzenplatzes-in-goettingen\\\/#breadcrumb\",\"itemListElement\":[{\"@type\":\"ListItem\",\"position\":1,\"name\":\"Startseite\",\"item\":\"https:\\\/\\\/radioleinewelle.de\\\/\"},{\"@type\":\"ListItem\",\"position\":2,\"name\":\"Weitere Kampfmittelsondierungen auf dem Gel\u00e4nde des Sch\u00fctzenplatzes in G\u00f6ttingen\"}]},{\"@type\":\"WebSite\",\"@id\":\"https:\\\/\\\/radioleinewelle.de\\\/#website\",\"url\":\"https:\\\/\\\/radioleinewelle.de\\\/\",\"name\":\"Radio Leinewelle\",\"description\":\"\",\"publisher\":{\"@id\":\"https:\\\/\\\/radioleinewelle.de\\\/#organization\"},\"potentialAction\":[{\"@type\":\"SearchAction\",\"target\":{\"@type\":\"EntryPoint\",\"urlTemplate\":\"https:\\\/\\\/radioleinewelle.de\\\/?s={search_term_string}\"},\"query-input\":{\"@type\":\"PropertyValueSpecification\",\"valueRequired\":true,\"valueName\":\"search_term_string\"}}],\"inLanguage\":\"de\"},{\"@type\":\"Organization\",\"@id\":\"https:\\\/\\\/radioleinewelle.de\\\/#organization\",\"name\":\"Radio Leinewelle\",\"alternateName\":\"Mein Radio f\u00fcr S\u00fcdniedersachsen\",\"url\":\"https:\\\/\\\/radioleinewelle.de\\\/\",\"logo\":{\"@type\":\"ImageObject\",\"inLanguage\":\"de\",\"@id\":\"https:\\\/\\\/radioleinewelle.de\\\/#\\\/schema\\\/logo\\\/image\\\/\",\"url\":\"https:\\\/\\\/radioleinewelle.de\\\/wp-content\\\/uploads\\\/2023\\\/11\\\/cropped-Leinewelle_Logo_weiss.png\",\"contentUrl\":\"https:\\\/\\\/radioleinewelle.de\\\/wp-content\\\/uploads\\\/2023\\\/11\\\/cropped-Leinewelle_Logo_weiss.png\",\"width\":854,\"height\":260,\"caption\":\"Radio Leinewelle\"},\"image\":{\"@id\":\"https:\\\/\\\/radioleinewelle.de\\\/#\\\/schema\\\/logo\\\/image\\\/\"},\"sameAs\":[\"https:\\\/\\\/www.facebook.com\\\/radioleinewelle\",\"https:\\\/\\\/x.com\\\/RLeinewelle\",\"https:\\\/\\\/www.instagram.com\\\/radioleinewelle\\\/?hl=de\"]},{\"@type\":\"Person\",\"@id\":\"https:\\\/\\\/radioleinewelle.de\\\/#\\\/schema\\\/person\\\/45606f348637df637192dc1b68399a63\",\"name\":\"Leinewelle\",\"image\":{\"@type\":\"ImageObject\",\"inLanguage\":\"de\",\"@id\":\"https:\\\/\\\/secure.gravatar.com\\\/avatar\\\/05c9a17bc973052ee5d91549bd32fb4dd0dc85b7b85ae94b2e2b4943476bbea5?s=96&d=blank&r=g\",\"url\":\"https:\\\/\\\/secure.gravatar.com\\\/avatar\\\/05c9a17bc973052ee5d91549bd32fb4dd0dc85b7b85ae94b2e2b4943476bbea5?s=96&d=blank&r=g\",\"contentUrl\":\"https:\\\/\\\/secure.gravatar.com\\\/avatar\\\/05c9a17bc973052ee5d91549bd32fb4dd0dc85b7b85ae94b2e2b4943476bbea5?s=96&d=blank&r=g\",\"caption\":\"Leinewelle\"},\"sameAs\":[\"http:\\\/\\\/localhost\\\/radio%20leinewelle\\\/wordpress\",\"https:\\\/\\\/www.facebook.com\\\/radioleinewelle\",\"https:\\\/\\\/www.instagram.com\\\/radioleinewelle\",\"https:\\\/\\\/x.com\\\/https:\\\/\\\/twitter.com\\\/RLeinewelle?ref_src=twsrcgoogletwcampserptwgrauthor\",\"https:\\\/\\\/soundcloud.com\\\/foerderverein-lokalradio?utm_source=clipboard&utm_medium=text&utm_campaign=social_sharing\"],\"url\":\"https:\\\/\\\/radioleinewelle.de\\\/index.php\\\/author\\\/leinewelle\\\/\"}]}<\/script>\n<!-- \/ Yoast SEO plugin. -->","yoast_head_json":{"title":"Weitere Kampfmittelsondierungen auf dem Gel\u00e4nde des Sch\u00fctzenplatzes in G\u00f6ttingen - Radio Leinewelle","robots":{"index":"index","follow":"follow","max-snippet":"max-snippet:-1","max-image-preview":"max-image-preview:large","max-video-preview":"max-video-preview:-1"},"canonical":"https:\/\/radioleinewelle.de\/index.php\/2022\/08\/14\/weitere-kampfmittelsondierungen-auf-dem-gelaende-des-schuetzenplatzes-in-goettingen\/","og_locale":"de_DE","og_type":"article","og_title":"Weitere Kampfmittelsondierungen auf dem Gel\u00e4nde des Sch\u00fctzenplatzes in G\u00f6ttingen - Radio Leinewelle","og_description":"Durch Begutachtungen im Zuge der Aufr\u00e4umungsarbeiten nach der erfolgreichen Bombensprengung haben sich Ver\u00e4nderungen f\u00fcr den weiteren Fortgang der Sondierungsarbeiten ergeben. Dazu teilt die Stadt G\u00f6ttingen folgendes mit: Die neuen Erkenntnisse ver\u00e4ndern in Teilen die bisherige Planung f\u00fcr das weitere Vorgehen. Nach der erfolgreichen Sprengung der f\u00fcnf Bombenblindg\u00e4nger Ende Juli 2022 wurden die Aufr\u00e4umarbeiten aufgenommen. Die [&hellip;]","og_url":"https:\/\/radioleinewelle.de\/index.php\/2022\/08\/14\/weitere-kampfmittelsondierungen-auf-dem-gelaende-des-schuetzenplatzes-in-goettingen\/","og_site_name":"Radio Leinewelle","article_publisher":"https:\/\/www.facebook.com\/radioleinewelle","article_author":"https:\/\/www.facebook.com\/radioleinewelle","article_published_time":"2022-08-14T12:33:15+00:00","author":"Leinewelle","twitter_card":"summary_large_image","twitter_creator":"@https:\/\/twitter.com\/RLeinewelle?ref_src=twsrcgoogletwcampserptwgrauthor","twitter_site":"@RLeinewelle","twitter_misc":{"Verfasst von":"Leinewelle"},"schema":{"@context":"https:\/\/schema.org","@graph":[{"@type":"Article","@id":"https:\/\/radioleinewelle.de\/index.php\/2022\/08\/14\/weitere-kampfmittelsondierungen-auf-dem-gelaende-des-schuetzenplatzes-in-goettingen\/#article","isPartOf":{"@id":"https:\/\/radioleinewelle.de\/index.php\/2022\/08\/14\/weitere-kampfmittelsondierungen-auf-dem-gelaende-des-schuetzenplatzes-in-goettingen\/"},"author":{"name":"Leinewelle","@id":"https:\/\/radioleinewelle.de\/#\/schema\/person\/45606f348637df637192dc1b68399a63"},"headline":"Weitere Kampfmittelsondierungen auf dem Gel\u00e4nde des Sch\u00fctzenplatzes in G\u00f6ttingen","datePublished":"2022-08-14T12:33:15+00:00","mainEntityOfPage":{"@id":"https:\/\/radioleinewelle.de\/index.php\/2022\/08\/14\/weitere-kampfmittelsondierungen-auf-dem-gelaende-des-schuetzenplatzes-in-goettingen\/"},"wordCount":503,"publisher":{"@id":"https:\/\/radioleinewelle.de\/#organization"},"keywords":["Christian Schmetz","G\u00f6SF","Kampfmittelsondierungen Sch\u00fctzenplatz G\u00f6ttingen","Stadt G\u00f6ttingen"],"articleSection":["Aktuelle Nachrichten"],"inLanguage":"de"},{"@type":"WebPage","@id":"https:\/\/radioleinewelle.de\/index.php\/2022\/08\/14\/weitere-kampfmittelsondierungen-auf-dem-gelaende-des-schuetzenplatzes-in-goettingen\/","url":"https:\/\/radioleinewelle.de\/index.php\/2022\/08\/14\/weitere-kampfmittelsondierungen-auf-dem-gelaende-des-schuetzenplatzes-in-goettingen\/","name":"Weitere Kampfmittelsondierungen auf dem Gel\u00e4nde des Sch\u00fctzenplatzes in G\u00f6ttingen - Radio Leinewelle","isPartOf":{"@id":"https:\/\/radioleinewelle.de\/#website"},"datePublished":"2022-08-14T12:33:15+00:00","breadcrumb":{"@id":"https:\/\/radioleinewelle.de\/index.php\/2022\/08\/14\/weitere-kampfmittelsondierungen-auf-dem-gelaende-des-schuetzenplatzes-in-goettingen\/#breadcrumb"},"inLanguage":"de","potentialAction":[{"@type":"ReadAction","target":["https:\/\/radioleinewelle.de\/index.php\/2022\/08\/14\/weitere-kampfmittelsondierungen-auf-dem-gelaende-des-schuetzenplatzes-in-goettingen\/"]}]},{"@type":"BreadcrumbList","@id":"https:\/\/radioleinewelle.de\/index.php\/2022\/08\/14\/weitere-kampfmittelsondierungen-auf-dem-gelaende-des-schuetzenplatzes-in-goettingen\/#breadcrumb","itemListElement":[{"@type":"ListItem","position":1,"name":"Startseite","item":"https:\/\/radioleinewelle.de\/"},{"@type":"ListItem","position":2,"name":"Weitere Kampfmittelsondierungen auf dem Gel\u00e4nde des Sch\u00fctzenplatzes in G\u00f6ttingen"}]},{"@type":"WebSite","@id":"https:\/\/radioleinewelle.de\/#website","url":"https:\/\/radioleinewelle.de\/","name":"Radio Leinewelle","description":"","publisher":{"@id":"https:\/\/radioleinewelle.de\/#organization"},"potentialAction":[{"@type":"SearchAction","target":{"@type":"EntryPoint","urlTemplate":"https:\/\/radioleinewelle.de\/?s={search_term_string}"},"query-input":{"@type":"PropertyValueSpecification","valueRequired":true,"valueName":"search_term_string"}}],"inLanguage":"de"},{"@type":"Organization","@id":"https:\/\/radioleinewelle.de\/#organization","name":"Radio Leinewelle","alternateName":"Mein Radio f\u00fcr S\u00fcdniedersachsen","url":"https:\/\/radioleinewelle.de\/","logo":{"@type":"ImageObject","inLanguage":"de","@id":"https:\/\/radioleinewelle.de\/#\/schema\/logo\/image\/","url":"https:\/\/radioleinewelle.de\/wp-content\/uploads\/2023\/11\/cropped-Leinewelle_Logo_weiss.png","contentUrl":"https:\/\/radioleinewelle.de\/wp-content\/uploads\/2023\/11\/cropped-Leinewelle_Logo_weiss.png","width":854,"height":260,"caption":"Radio Leinewelle"},"image":{"@id":"https:\/\/radioleinewelle.de\/#\/schema\/logo\/image\/"},"sameAs":["https:\/\/www.facebook.com\/radioleinewelle","https:\/\/x.com\/RLeinewelle","https:\/\/www.instagram.com\/radioleinewelle\/?hl=de"]},{"@type":"Person","@id":"https:\/\/radioleinewelle.de\/#\/schema\/person\/45606f348637df637192dc1b68399a63","name":"Leinewelle","image":{"@type":"ImageObject","inLanguage":"de","@id":"https:\/\/secure.gravatar.com\/avatar\/05c9a17bc973052ee5d91549bd32fb4dd0dc85b7b85ae94b2e2b4943476bbea5?s=96&d=blank&r=g","url":"https:\/\/secure.gravatar.com\/avatar\/05c9a17bc973052ee5d91549bd32fb4dd0dc85b7b85ae94b2e2b4943476bbea5?s=96&d=blank&r=g","contentUrl":"https:\/\/secure.gravatar.com\/avatar\/05c9a17bc973052ee5d91549bd32fb4dd0dc85b7b85ae94b2e2b4943476bbea5?s=96&d=blank&r=g","caption":"Leinewelle"},"sameAs":["http:\/\/localhost\/radio%20leinewelle\/wordpress","https:\/\/www.facebook.com\/radioleinewelle","https:\/\/www.instagram.com\/radioleinewelle","https:\/\/x.com\/https:\/\/twitter.com\/RLeinewelle?ref_src=twsrcgoogletwcampserptwgrauthor","https:\/\/soundcloud.com\/foerderverein-lokalradio?utm_source=clipboard&utm_medium=text&utm_campaign=social_sharing"],"url":"https:\/\/radioleinewelle.de\/index.php\/author\/leinewelle\/"}]}},"_links":{"self":[{"href":"https:\/\/radioleinewelle.de\/index.php\/wp-json\/wp\/v2\/posts\/15541","targetHints":{"allow":["GET"]}}],"collection":[{"href":"https:\/\/radioleinewelle.de\/index.php\/wp-json\/wp\/v2\/posts"}],"about":[{"href":"https:\/\/radioleinewelle.de\/index.php\/wp-json\/wp\/v2\/types\/post"}],"author":[{"embeddable":true,"href":"https:\/\/radioleinewelle.de\/index.php\/wp-json\/wp\/v2\/users\/1"}],"replies":[{"embeddable":true,"href":"https:\/\/radioleinewelle.de\/index.php\/wp-json\/wp\/v2\/comments?post=15541"}],"version-history":[{"count":0,"href":"https:\/\/radioleinewelle.de\/index.php\/wp-json\/wp\/v2\/posts\/15541\/revisions"}],"wp:attachment":[{"href":"https:\/\/radioleinewelle.de\/index.php\/wp-json\/wp\/v2\/media?parent=15541"}],"wp:term":[{"taxonomy":"category","embeddable":true,"href":"https:\/\/radioleinewelle.de\/index.php\/wp-json\/wp\/v2\/categories?post=15541"},{"taxonomy":"post_tag","embeddable":true,"href":"https:\/\/radioleinewelle.de\/index.php\/wp-json\/wp\/v2\/tags?post=15541"}],"curies":[{"name":"wp","href":"https:\/\/api.w.org\/{rel}","templated":true}]}}