{"id":15587,"date":"2022-08-18T06:17:40","date_gmt":"2022-08-18T04:17:40","guid":{"rendered":"https:\/\/radioleinewelle.de\/?p=15587"},"modified":"2022-08-18T06:17:40","modified_gmt":"2022-08-18T04:17:40","slug":"die-regionalen-kurzmeldungen-am-18-08","status":"publish","type":"post","link":"https:\/\/radioleinewelle.de\/index.php\/2022\/08\/18\/die-regionalen-kurzmeldungen-am-18-08\/","title":{"rendered":"Die regionalen Kurzmeldungen am 18.08."},"content":{"rendered":"\n<p>+++ <strong>Demo gegen Rechtsextremismus<\/strong> &#8211; Friedland ist bunt \u2013 das B\u00fcndnis f\u00fcr Vielfalt und Demokratie ruft am Samstag den 20.08. zu einer Gegendemonstration gegen den Aufmarsch von Rechtsextremisten am Mahnmal in Friedland auf. Beginn ist um 10:30 Uhr &#8211; Treffpunkt am Parkplatz an der Bahnschranke (Ecke Witzenh\u00e4userstr.\/ Schlo\u00dfstr.) Friedland, Demo Richtung Mahnmal und Kundgebung mit Redebeitr\u00e4gen u.a. von: Dr. Dietmar Sedlaczek, Leiter KZ-Gedenkst\u00e4tte Moringen Michael L\u00fchmann und Pippa Schneider, GR\u00dcNE Landtagskandidat:innen Gerd Hujahn, SPD Landtagsabgeordneter Fritz G\u00fcntzler, CDU Bundestagsabgeordneter Anna Louise We\u00dfling, Museum Friedland Lisa Zumbrock und Dr. Thomas Goes, DIE LINKE +++<\/p>\n\n\n\n<p>+++ <strong>Einbruch in Tankstelle<\/strong> &#8211; Durch die eingeschlagene Eingangst\u00fcr sind Unbekannte Dienstagnacht (16.08.22) in Walkenried (Landkreis G\u00f6ttingen) in den Verkaufsraum einer Tankstelle eingedrungen und haben eine noch unbekannte Menge Zigaretten gestohlen. Die mutma\u00dflich drei T\u00e4ter fl\u00fcchteten anschlie\u00dfend in einem vor dem Geb\u00e4ude wartenden hochmotorigen, silberfarbenen BMW in Richtung Zorge. Weiteres ist nicht bekannt. Eine nach den Einbrechern eingeleitete Fahndung verlief ergebnislos. Nach ersten Informationen wurde das Fahrzeug bereits einige Zeit vor der Tat von Zeugen in der Ortslage Walkenried gesichtet. Die H\u00f6he des Gesamtschadens ist unbekannt. Sachdienliche Hinweise bitte an die Polizei Bad Lauterberg, Telefon 05524\/9630. +++<\/p>\n\n\n\n<p>+++ <strong>Verkehrsunfall auf der Bundesstra\u00dfe 241<\/strong> &#8211; Eine 55-j\u00e4hrige Frau aus Uslar befuhr am vergangenen Dienstag mit einem Pkw BMW die <em>Bundesstra\u00dfe 241<\/em> aus Kammerborn in Richtung Sch\u00f6nhagen. Aus bislang ungekl\u00e4rter Ursache kam sie auf den Gegenfahrstreifen und kollidierte mit einem entgegenkommenden Pkw Audi. Der Pkw Audi war mit zwei Personen besetzt. Fahrzeugf\u00fchrerin war eine 84-j\u00e4hrige Frau aus Hardegserin. Beifahrer war ein 85-j\u00e4hriger Mann aus Hardegsen. Die 84-J\u00e4hrige klemmte nach dem Unfall im Fahrzeug und musste durch die Feuerwehr aus dem Fahrzeug befreit werden. Anschlie\u00dfend wurde sie schwer verletzt mit einem Rettungshubschrauber in ein umliegendes Krankenhaus gebracht. Die weiteren beiden Personen wurden ebenfalls schwer verletzt in umliegende Krankenh\u00e4user mittels Rettungswagen gebracht. An den Fahrzeugen entstand ein gesch\u00e4tzter Gesamtschaden von 22.500 Euro. +++<\/p>\n\n\n\n<p><\/p>\n","protected":false},"excerpt":{"rendered":"<p>+++ Demo gegen Rechtsextremismus &#8211; Friedland ist bunt \u2013 das B\u00fcndnis f\u00fcr Vielfalt und Demokratie ruft am Samstag den 20.08. zu einer Gegendemonstration gegen den Aufmarsch von Rechtsextremisten am Mahnmal in Friedland auf. Beginn ist um 10:30 Uhr &#8211; Treffpunkt am Parkplatz an der Bahnschranke (Ecke Witzenh\u00e4userstr.\/ Schlo\u00dfstr.) Friedland, Demo Richtung Mahnmal und Kundgebung mit [&hellip;]<\/p>\n","protected":false},"author":1,"featured_media":0,"comment_status":"closed","ping_status":"closed","sticky":false,"template":"","format":"standard","meta":{"saved_in_kubio":false,"footnotes":""},"categories":[24],"tags":[],"class_list":["post-15587","post","type-post","status-publish","format-standard","hentry","category-news"],"yoast_head":"<!-- This site is optimized with the Yoast SEO plugin v27.5 - https:\/\/yoast.com\/product\/yoast-seo-wordpress\/ -->\n<title>Die regionalen Kurzmeldungen am 18.08. - Radio Leinewelle<\/title>\n<meta name=\"robots\" content=\"index, follow, max-snippet:-1, max-image-preview:large, max-video-preview:-1\" \/>\n<link rel=\"canonical\" href=\"https:\/\/radioleinewelle.de\/index.php\/2022\/08\/18\/die-regionalen-kurzmeldungen-am-18-08\/\" \/>\n<meta property=\"og:locale\" content=\"de_DE\" \/>\n<meta property=\"og:type\" content=\"article\" \/>\n<meta property=\"og:title\" content=\"Die regionalen Kurzmeldungen am 18.08. - Radio Leinewelle\" \/>\n<meta property=\"og:description\" content=\"+++ Demo gegen Rechtsextremismus &#8211; Friedland ist bunt \u2013 das B\u00fcndnis f\u00fcr Vielfalt und Demokratie ruft am Samstag den 20.08. zu einer Gegendemonstration gegen den Aufmarsch von Rechtsextremisten am Mahnmal in Friedland auf. Beginn ist um 10:30 Uhr &#8211; Treffpunkt am Parkplatz an der Bahnschranke (Ecke Witzenh\u00e4userstr.\/ Schlo\u00dfstr.) Friedland, Demo Richtung Mahnmal und Kundgebung mit [&hellip;]\" \/>\n<meta property=\"og:url\" content=\"https:\/\/radioleinewelle.de\/index.php\/2022\/08\/18\/die-regionalen-kurzmeldungen-am-18-08\/\" \/>\n<meta property=\"og:site_name\" content=\"Radio Leinewelle\" \/>\n<meta property=\"article:publisher\" content=\"https:\/\/www.facebook.com\/radioleinewelle\" \/>\n<meta property=\"article:author\" content=\"https:\/\/www.facebook.com\/radioleinewelle\" \/>\n<meta property=\"article:published_time\" content=\"2022-08-18T04:17:40+00:00\" \/>\n<meta name=\"author\" content=\"Leinewelle\" \/>\n<meta name=\"twitter:card\" content=\"summary_large_image\" \/>\n<meta name=\"twitter:creator\" content=\"@https:\/\/twitter.com\/RLeinewelle?ref_src=twsrcgoogletwcampserptwgrauthor\" \/>\n<meta name=\"twitter:site\" content=\"@RLeinewelle\" \/>\n<meta name=\"twitter:label1\" content=\"Verfasst von\" \/>\n\t<meta name=\"twitter:data1\" content=\"Leinewelle\" \/>\n<script type=\"application\/ld+json\" class=\"yoast-schema-graph\">{\"@context\":\"https:\\\/\\\/schema.org\",\"@graph\":[{\"@type\":\"Article\",\"@id\":\"https:\\\/\\\/radioleinewelle.de\\\/index.php\\\/2022\\\/08\\\/18\\\/die-regionalen-kurzmeldungen-am-18-08\\\/#article\",\"isPartOf\":{\"@id\":\"https:\\\/\\\/radioleinewelle.de\\\/index.php\\\/2022\\\/08\\\/18\\\/die-regionalen-kurzmeldungen-am-18-08\\\/\"},\"author\":{\"name\":\"Leinewelle\",\"@id\":\"https:\\\/\\\/radioleinewelle.de\\\/#\\\/schema\\\/person\\\/45606f348637df637192dc1b68399a63\"},\"headline\":\"Die regionalen Kurzmeldungen am 18.08.\",\"datePublished\":\"2022-08-18T04:17:40+00:00\",\"mainEntityOfPage\":{\"@id\":\"https:\\\/\\\/radioleinewelle.de\\\/index.php\\\/2022\\\/08\\\/18\\\/die-regionalen-kurzmeldungen-am-18-08\\\/\"},\"wordCount\":334,\"publisher\":{\"@id\":\"https:\\\/\\\/radioleinewelle.de\\\/#organization\"},\"articleSection\":[\"Aktuelle Nachrichten\"],\"inLanguage\":\"de\"},{\"@type\":\"WebPage\",\"@id\":\"https:\\\/\\\/radioleinewelle.de\\\/index.php\\\/2022\\\/08\\\/18\\\/die-regionalen-kurzmeldungen-am-18-08\\\/\",\"url\":\"https:\\\/\\\/radioleinewelle.de\\\/index.php\\\/2022\\\/08\\\/18\\\/die-regionalen-kurzmeldungen-am-18-08\\\/\",\"name\":\"Die regionalen Kurzmeldungen am 18.08. - Radio Leinewelle\",\"isPartOf\":{\"@id\":\"https:\\\/\\\/radioleinewelle.de\\\/#website\"},\"datePublished\":\"2022-08-18T04:17:40+00:00\",\"breadcrumb\":{\"@id\":\"https:\\\/\\\/radioleinewelle.de\\\/index.php\\\/2022\\\/08\\\/18\\\/die-regionalen-kurzmeldungen-am-18-08\\\/#breadcrumb\"},\"inLanguage\":\"de\",\"potentialAction\":[{\"@type\":\"ReadAction\",\"target\":[\"https:\\\/\\\/radioleinewelle.de\\\/index.php\\\/2022\\\/08\\\/18\\\/die-regionalen-kurzmeldungen-am-18-08\\\/\"]}]},{\"@type\":\"BreadcrumbList\",\"@id\":\"https:\\\/\\\/radioleinewelle.de\\\/index.php\\\/2022\\\/08\\\/18\\\/die-regionalen-kurzmeldungen-am-18-08\\\/#breadcrumb\",\"itemListElement\":[{\"@type\":\"ListItem\",\"position\":1,\"name\":\"Startseite\",\"item\":\"https:\\\/\\\/radioleinewelle.de\\\/\"},{\"@type\":\"ListItem\",\"position\":2,\"name\":\"Die regionalen Kurzmeldungen am 18.08.\"}]},{\"@type\":\"WebSite\",\"@id\":\"https:\\\/\\\/radioleinewelle.de\\\/#website\",\"url\":\"https:\\\/\\\/radioleinewelle.de\\\/\",\"name\":\"Radio Leinewelle\",\"description\":\"\",\"publisher\":{\"@id\":\"https:\\\/\\\/radioleinewelle.de\\\/#organization\"},\"potentialAction\":[{\"@type\":\"SearchAction\",\"target\":{\"@type\":\"EntryPoint\",\"urlTemplate\":\"https:\\\/\\\/radioleinewelle.de\\\/?s={search_term_string}\"},\"query-input\":{\"@type\":\"PropertyValueSpecification\",\"valueRequired\":true,\"valueName\":\"search_term_string\"}}],\"inLanguage\":\"de\"},{\"@type\":\"Organization\",\"@id\":\"https:\\\/\\\/radioleinewelle.de\\\/#organization\",\"name\":\"Radio Leinewelle\",\"alternateName\":\"Mein Radio f\u00fcr S\u00fcdniedersachsen\",\"url\":\"https:\\\/\\\/radioleinewelle.de\\\/\",\"logo\":{\"@type\":\"ImageObject\",\"inLanguage\":\"de\",\"@id\":\"https:\\\/\\\/radioleinewelle.de\\\/#\\\/schema\\\/logo\\\/image\\\/\",\"url\":\"https:\\\/\\\/radioleinewelle.de\\\/wp-content\\\/uploads\\\/2023\\\/11\\\/cropped-Leinewelle_Logo_weiss.png\",\"contentUrl\":\"https:\\\/\\\/radioleinewelle.de\\\/wp-content\\\/uploads\\\/2023\\\/11\\\/cropped-Leinewelle_Logo_weiss.png\",\"width\":854,\"height\":260,\"caption\":\"Radio Leinewelle\"},\"image\":{\"@id\":\"https:\\\/\\\/radioleinewelle.de\\\/#\\\/schema\\\/logo\\\/image\\\/\"},\"sameAs\":[\"https:\\\/\\\/www.facebook.com\\\/radioleinewelle\",\"https:\\\/\\\/x.com\\\/RLeinewelle\",\"https:\\\/\\\/www.instagram.com\\\/radioleinewelle\\\/?hl=de\"]},{\"@type\":\"Person\",\"@id\":\"https:\\\/\\\/radioleinewelle.de\\\/#\\\/schema\\\/person\\\/45606f348637df637192dc1b68399a63\",\"name\":\"Leinewelle\",\"image\":{\"@type\":\"ImageObject\",\"inLanguage\":\"de\",\"@id\":\"https:\\\/\\\/secure.gravatar.com\\\/avatar\\\/05c9a17bc973052ee5d91549bd32fb4dd0dc85b7b85ae94b2e2b4943476bbea5?s=96&d=blank&r=g\",\"url\":\"https:\\\/\\\/secure.gravatar.com\\\/avatar\\\/05c9a17bc973052ee5d91549bd32fb4dd0dc85b7b85ae94b2e2b4943476bbea5?s=96&d=blank&r=g\",\"contentUrl\":\"https:\\\/\\\/secure.gravatar.com\\\/avatar\\\/05c9a17bc973052ee5d91549bd32fb4dd0dc85b7b85ae94b2e2b4943476bbea5?s=96&d=blank&r=g\",\"caption\":\"Leinewelle\"},\"sameAs\":[\"http:\\\/\\\/localhost\\\/radio%20leinewelle\\\/wordpress\",\"https:\\\/\\\/www.facebook.com\\\/radioleinewelle\",\"https:\\\/\\\/www.instagram.com\\\/radioleinewelle\",\"https:\\\/\\\/x.com\\\/https:\\\/\\\/twitter.com\\\/RLeinewelle?ref_src=twsrcgoogletwcampserptwgrauthor\",\"https:\\\/\\\/soundcloud.com\\\/foerderverein-lokalradio?utm_source=clipboard&utm_medium=text&utm_campaign=social_sharing\"],\"url\":\"https:\\\/\\\/radioleinewelle.de\\\/index.php\\\/author\\\/leinewelle\\\/\"}]}<\/script>\n<!-- \/ Yoast SEO plugin. -->","yoast_head_json":{"title":"Die regionalen Kurzmeldungen am 18.08. - Radio Leinewelle","robots":{"index":"index","follow":"follow","max-snippet":"max-snippet:-1","max-image-preview":"max-image-preview:large","max-video-preview":"max-video-preview:-1"},"canonical":"https:\/\/radioleinewelle.de\/index.php\/2022\/08\/18\/die-regionalen-kurzmeldungen-am-18-08\/","og_locale":"de_DE","og_type":"article","og_title":"Die regionalen Kurzmeldungen am 18.08. - Radio Leinewelle","og_description":"+++ Demo gegen Rechtsextremismus &#8211; Friedland ist bunt \u2013 das B\u00fcndnis f\u00fcr Vielfalt und Demokratie ruft am Samstag den 20.08. zu einer Gegendemonstration gegen den Aufmarsch von Rechtsextremisten am Mahnmal in Friedland auf. Beginn ist um 10:30 Uhr &#8211; Treffpunkt am Parkplatz an der Bahnschranke (Ecke Witzenh\u00e4userstr.\/ Schlo\u00dfstr.) Friedland, Demo Richtung Mahnmal und Kundgebung mit [&hellip;]","og_url":"https:\/\/radioleinewelle.de\/index.php\/2022\/08\/18\/die-regionalen-kurzmeldungen-am-18-08\/","og_site_name":"Radio Leinewelle","article_publisher":"https:\/\/www.facebook.com\/radioleinewelle","article_author":"https:\/\/www.facebook.com\/radioleinewelle","article_published_time":"2022-08-18T04:17:40+00:00","author":"Leinewelle","twitter_card":"summary_large_image","twitter_creator":"@https:\/\/twitter.com\/RLeinewelle?ref_src=twsrcgoogletwcampserptwgrauthor","twitter_site":"@RLeinewelle","twitter_misc":{"Verfasst von":"Leinewelle"},"schema":{"@context":"https:\/\/schema.org","@graph":[{"@type":"Article","@id":"https:\/\/radioleinewelle.de\/index.php\/2022\/08\/18\/die-regionalen-kurzmeldungen-am-18-08\/#article","isPartOf":{"@id":"https:\/\/radioleinewelle.de\/index.php\/2022\/08\/18\/die-regionalen-kurzmeldungen-am-18-08\/"},"author":{"name":"Leinewelle","@id":"https:\/\/radioleinewelle.de\/#\/schema\/person\/45606f348637df637192dc1b68399a63"},"headline":"Die regionalen Kurzmeldungen am 18.08.","datePublished":"2022-08-18T04:17:40+00:00","mainEntityOfPage":{"@id":"https:\/\/radioleinewelle.de\/index.php\/2022\/08\/18\/die-regionalen-kurzmeldungen-am-18-08\/"},"wordCount":334,"publisher":{"@id":"https:\/\/radioleinewelle.de\/#organization"},"articleSection":["Aktuelle Nachrichten"],"inLanguage":"de"},{"@type":"WebPage","@id":"https:\/\/radioleinewelle.de\/index.php\/2022\/08\/18\/die-regionalen-kurzmeldungen-am-18-08\/","url":"https:\/\/radioleinewelle.de\/index.php\/2022\/08\/18\/die-regionalen-kurzmeldungen-am-18-08\/","name":"Die regionalen Kurzmeldungen am 18.08. - Radio Leinewelle","isPartOf":{"@id":"https:\/\/radioleinewelle.de\/#website"},"datePublished":"2022-08-18T04:17:40+00:00","breadcrumb":{"@id":"https:\/\/radioleinewelle.de\/index.php\/2022\/08\/18\/die-regionalen-kurzmeldungen-am-18-08\/#breadcrumb"},"inLanguage":"de","potentialAction":[{"@type":"ReadAction","target":["https:\/\/radioleinewelle.de\/index.php\/2022\/08\/18\/die-regionalen-kurzmeldungen-am-18-08\/"]}]},{"@type":"BreadcrumbList","@id":"https:\/\/radioleinewelle.de\/index.php\/2022\/08\/18\/die-regionalen-kurzmeldungen-am-18-08\/#breadcrumb","itemListElement":[{"@type":"ListItem","position":1,"name":"Startseite","item":"https:\/\/radioleinewelle.de\/"},{"@type":"ListItem","position":2,"name":"Die regionalen Kurzmeldungen am 18.08."}]},{"@type":"WebSite","@id":"https:\/\/radioleinewelle.de\/#website","url":"https:\/\/radioleinewelle.de\/","name":"Radio Leinewelle","description":"","publisher":{"@id":"https:\/\/radioleinewelle.de\/#organization"},"potentialAction":[{"@type":"SearchAction","target":{"@type":"EntryPoint","urlTemplate":"https:\/\/radioleinewelle.de\/?s={search_term_string}"},"query-input":{"@type":"PropertyValueSpecification","valueRequired":true,"valueName":"search_term_string"}}],"inLanguage":"de"},{"@type":"Organization","@id":"https:\/\/radioleinewelle.de\/#organization","name":"Radio Leinewelle","alternateName":"Mein Radio f\u00fcr S\u00fcdniedersachsen","url":"https:\/\/radioleinewelle.de\/","logo":{"@type":"ImageObject","inLanguage":"de","@id":"https:\/\/radioleinewelle.de\/#\/schema\/logo\/image\/","url":"https:\/\/radioleinewelle.de\/wp-content\/uploads\/2023\/11\/cropped-Leinewelle_Logo_weiss.png","contentUrl":"https:\/\/radioleinewelle.de\/wp-content\/uploads\/2023\/11\/cropped-Leinewelle_Logo_weiss.png","width":854,"height":260,"caption":"Radio Leinewelle"},"image":{"@id":"https:\/\/radioleinewelle.de\/#\/schema\/logo\/image\/"},"sameAs":["https:\/\/www.facebook.com\/radioleinewelle","https:\/\/x.com\/RLeinewelle","https:\/\/www.instagram.com\/radioleinewelle\/?hl=de"]},{"@type":"Person","@id":"https:\/\/radioleinewelle.de\/#\/schema\/person\/45606f348637df637192dc1b68399a63","name":"Leinewelle","image":{"@type":"ImageObject","inLanguage":"de","@id":"https:\/\/secure.gravatar.com\/avatar\/05c9a17bc973052ee5d91549bd32fb4dd0dc85b7b85ae94b2e2b4943476bbea5?s=96&d=blank&r=g","url":"https:\/\/secure.gravatar.com\/avatar\/05c9a17bc973052ee5d91549bd32fb4dd0dc85b7b85ae94b2e2b4943476bbea5?s=96&d=blank&r=g","contentUrl":"https:\/\/secure.gravatar.com\/avatar\/05c9a17bc973052ee5d91549bd32fb4dd0dc85b7b85ae94b2e2b4943476bbea5?s=96&d=blank&r=g","caption":"Leinewelle"},"sameAs":["http:\/\/localhost\/radio%20leinewelle\/wordpress","https:\/\/www.facebook.com\/radioleinewelle","https:\/\/www.instagram.com\/radioleinewelle","https:\/\/x.com\/https:\/\/twitter.com\/RLeinewelle?ref_src=twsrcgoogletwcampserptwgrauthor","https:\/\/soundcloud.com\/foerderverein-lokalradio?utm_source=clipboard&utm_medium=text&utm_campaign=social_sharing"],"url":"https:\/\/radioleinewelle.de\/index.php\/author\/leinewelle\/"}]}},"_links":{"self":[{"href":"https:\/\/radioleinewelle.de\/index.php\/wp-json\/wp\/v2\/posts\/15587","targetHints":{"allow":["GET"]}}],"collection":[{"href":"https:\/\/radioleinewelle.de\/index.php\/wp-json\/wp\/v2\/posts"}],"about":[{"href":"https:\/\/radioleinewelle.de\/index.php\/wp-json\/wp\/v2\/types\/post"}],"author":[{"embeddable":true,"href":"https:\/\/radioleinewelle.de\/index.php\/wp-json\/wp\/v2\/users\/1"}],"replies":[{"embeddable":true,"href":"https:\/\/radioleinewelle.de\/index.php\/wp-json\/wp\/v2\/comments?post=15587"}],"version-history":[{"count":0,"href":"https:\/\/radioleinewelle.de\/index.php\/wp-json\/wp\/v2\/posts\/15587\/revisions"}],"wp:attachment":[{"href":"https:\/\/radioleinewelle.de\/index.php\/wp-json\/wp\/v2\/media?parent=15587"}],"wp:term":[{"taxonomy":"category","embeddable":true,"href":"https:\/\/radioleinewelle.de\/index.php\/wp-json\/wp\/v2\/categories?post=15587"},{"taxonomy":"post_tag","embeddable":true,"href":"https:\/\/radioleinewelle.de\/index.php\/wp-json\/wp\/v2\/tags?post=15587"}],"curies":[{"name":"wp","href":"https:\/\/api.w.org\/{rel}","templated":true}]}}