{"id":1560,"date":"2020-09-11T05:15:55","date_gmt":"2020-09-11T03:15:55","guid":{"rendered":"https:\/\/radioleinewelle.de\/?p=1560"},"modified":"2020-09-11T05:15:55","modified_gmt":"2020-09-11T03:15:55","slug":"kasseler-literaturpreis-felicitas-hoppe-ist-preistraegerin-2021","status":"publish","type":"post","link":"https:\/\/radioleinewelle.de\/index.php\/2020\/09\/11\/kasseler-literaturpreis-felicitas-hoppe-ist-preistraegerin-2021\/","title":{"rendered":"Kasseler Literaturpreis: Felicitas Hoppe ist Preistr\u00e4gerin 2021"},"content":{"rendered":"<section class=\"SP-ArticleHeader\">\n<div class=\"SP-ArticleHeader__intro\">\n<p><strong>Felicitas Hoppe ist Preistr\u00e4gerin 2021<\/strong><\/p>\n<\/div>\n<\/section>\n<div class=\"SP-ArticleContent\">\n<section class=\"SP-Text\">\n<div class=\"SP-Paragraph\" data-sp-table=\"\" data-sp-table-bootstrapped=\"sp-10\">\n<p>Die Schriftstellerin Felicitas Hoppe wird im Jahr 2021 mit dem \u201eKasseler Literaturpreis f\u00fcr grotesken Humor\u201c ausgezeichnet. Der Preis, vergeben von der Stiftung Br\u00fcckner-K\u00fchner und der Stadt Kassel, ehrt die Autorin f\u00fcr ihren feinen Humor, der als Haltung zur Welt und Quelle der Einbildungskraft ihrem einzigartigen Werk zugrunde liegt. Dies gab Oberb\u00fcrgermeister Christian Geselle jetzt bekannt und beendete damit die Geheimhaltung der bereits Anfang M\u00e4rz getroffenen Wahl.<\/p>\n<section class=\"SP-ArticleHeader\">\n<div class=\"SP-ArticleHeader__intro\">\n<p>Der \u201eKasseler Literaturpreis f\u00fcr grotesken Humor\u201c wird von der Stiftung Br\u00fcckner-K\u00fchner und der Stadt Kassel vergeben und zeichnet Schriftsteller aus, deren Werk von Komik und Groteske auf hohem k\u00fcnstlerischen Niveau gepr\u00e4gt ist. Der zugeh\u00f6rige &#8222;F\u00f6rderpreis Komische Literatur&#8220; geht an Autoren am Anfang ihrer Laufbahn.<\/p>\n<\/div>\n<\/section>\n<div class=\"SP-ArticleContent\">\u00a0Die Preisverleihung findet, so wie die Corona-Pandemie es zul\u00e4sst, am 27. Februar 2021 im Kasseler Rathaus statt. Die Laudatio auf Felicitas Hoppe h\u00e4lt der Literaturwissenschaftler Prof. Dr. Steffen Martus.<\/div>\n<div class=\"SP-ArticleContent\">\n<section class=\"SP-Text\">\n<p class=\"SP-Headline--paragraph\"><strong>Begr\u00fcndung des Stiftungsrates<\/strong><\/p>\n<div class=\"SP-Paragraph\" data-sp-table=\"\" data-sp-table-bootstrapped=\"sp-11\">\n<p>\u201eFelicitas Hoppes einzigartigem und vielf\u00e4ltigem Oeuvre liegt auf allen Ebenen des Schreibens Humor als Haltung zur Welt und als Quelle literarischer Einbildungskraft zugrunde. Ihre faszinierende poetische Beweglichkeit hat sagen- und m\u00e4rchenhaft verdichtete Geschichten hervorgebracht, die von \u201ePicknick der Friseure\u201c bis \u201ePrawda\u201c reichen. Gelehrt und vergn\u00fcglich werden dabei viele volkst\u00fcmliche und hochliterarische Traditionen eingeflochten und fortgesponnen. So wird erz\u00e4hlt und zugleich gewitzt gezeigt, wie Erz\u00e4hlen vor sich geht. Komik ist dabei Mittel zur Distanzierung wie zum Lustgewinn, fein dosiert und doch reichhaltig eingesetzt, ob nun als ironische Metafiktion, als Sprach-, Figuren- oder Situationskomik oder auch blo\u00df als Kalauer. Das Grotesk-Komische und mit ihm Verfremdung und Verr\u00e4tselung bescheren dem Lesepublikum eine entschleierte und erfrischte Wahrnehmung, ein waches Staunen bei der Erkundung von Fiktionen und Wahrheiten: Der groteske Humor von Felicitas Hoppes Sprachkunst er\u00f6ffnet auf ausgesprochen zugewandte Weise einen neuen Zugang zur Lebenskunst.\u201c<\/p>\n<\/div>\n<\/section>\n<section class=\"SP-Text\">\n<p class=\"SP-Headline--paragraph\"><strong>\u00dcber Felicitas Hoppe<\/strong><\/p>\n<div class=\"SP-Paragraph\" data-sp-table=\"\" data-sp-table-bootstrapped=\"sp-12\">\n<p>Geboren am 22. Dezember 1960 in Hameln, studierte Felicitas Hoppe Literatur, Rhetorik und Religionswissenschaft sowie Italienisch und Russisch in T\u00fcbingen, Berlin und an der University of Oregon. Sie lebt in Berlin und Leuk. Felicitas Hoppe ver\u00f6ffentlichte Erz\u00e4hlungen, Romane, Kinderb\u00fccher, Feuilletons sowie \u00dcbersetzungen als eine der Kl\u00fcgsten und Beweglichsten unter den Autorinnen und Autoren der deutschen Literatur. Das gilt neben der Dichtung ebenso f\u00fcr den Diskurs bei ihren verschiedenen Gastprofessuren in Deutschland den USA und China. So hatte sie im Jahr 2019 auch die \u201eBr\u00fcder-Grimm-Poetikprofessur\u201c der Universit\u00e4t Kassel inne. Felicitas Hoppes humoristisches und selbstbez\u00fcgliches Erz\u00e4hlen manifestierte sich brillant schon in dem mit dem \u201eAspekte-Literaturpreis\u201c ausgezeichneten Band \u201ePicknick der Friseure\u201c (1996). Es entwickelte sich in ihren Romanen weiter, die u.a. Reise- oder M\u00e4rchenmotive wie auch historische Stoffe verarbeiten wie \u201ePigafetta\u201c (1999), \u201eParadiese, \u00dcbersee\u201c (2003), \u201eJohanna\u201c (2006), der Jugendroman \u201eIwein L\u00f6wenritter\u201c (2008) oder zuletzt \u201ePrawda. Eine amerikanische Reise\u201c (2018). Au\u00dfergew\u00f6hnlich ist dabei das changierende Spiel mit Fiktion und Wirklichkeit, das vor ihrer eigenen Person nicht haltmacht, wie ihre fiktive Autobiografie \u201eHoppe\u201c (2012) oder auch der Film \u201eFelicitas Hoppe sagt\u201c (2018) zeigen. F\u00fcr ihr Werk, das vornehmlich im S. Fischer-Verlag erscheint, erhielt sie hohe literarische W\u00fcrdigungen, so im Jahr 2012 den Georg-B\u00fcchner-Preis. Anfang August wurde bekannt, dass sie im Oktober 2020 auch mit dem erstmals vergebenen \u201eGro\u00dfen Preis des deutschen Literaturfonds\u201c ausgezeichnet wird. 2016 erhielt sie die Ehrendoktorw\u00fcrde der Leuphana Universit\u00e4t L\u00fcneburg.<\/p>\n<\/div>\n<p>Mehr unter: <a href=\"https:\/\/www.kassel.de\/buerger\/sport_und_freizeit\/wiederkehrende-veranstaltungen\/literaturpreis-fuer-grotesken-humor.php\">Kassel.de<br \/>\nF<\/a>oto: Stadt Kassel<\/p>\n<\/section>\n<\/div>\n<\/div>\n<\/section>\n<figure id=\"a02f4f7883d15d9a91e00c3ea58c0a33\" class=\"SP-Asset SP-FixedSize SP-Grid__medium SP-Grid__right\" data-sp-figure-zoom=\"{&quot;legend&quot;:&quot;Felicitas Hoppe, Foto: Tobias Bohm&quot;,&quot;description&quot;:&quot;Autorin: Felicitas Hoppe, August 2011, Berlin.Foto: Tobias Bohm.Das Foto ist honorarfrei f\\u00bfr Presse und Werbung des S. Fischer Verlags bis 31.01.2016 Bitte geben Sie den Bildnachweis an! Andere Nutzungen sind honorarpflichtig. Kontakt:.TOBIAS BOHM *Fotografie*.Sredzkistr. 45.10435 Berlin.Germany..mob. 49-(0)177-88 75 310.web. www.tobiasbohm.com.mail. post@tobiasbohm.com..&quot;,&quot;copyright&quot;:&quot;Autorin: Felicitas Hoppe, August 2011, Berlin. Foto: Tobias Bohm&quot;,&quot;src&quot;:&quot;\\\/buerger\\\/sport_und_freizeit\\\/wiederkehrende-veranstaltungen\\\/literaturpreis-fuer-grotesken-humor.php.media\\\/66393\\\/AF_Hoppe_Druck.jpg.scaled\\\/07f767df6c360729ddca1ab8d49d2f87.jpg&quot;,&quot;w&quot;:1920,&quot;h&quot;:1920}\" data-sp-figure-zoom-bootstrapped=\"sp-5\">\n<div class=\" SP-isLazyloaded\" data-noscript=\"\"><picture><source srcset=\"\/buerger\/sport_und_freizeit\/wiederkehrende-veranstaltungen\/literaturpreis-fuer-grotesken-humor.php.media\/66393\/AF_Hoppe_Druck.jpg.scaled\/5ba6f6701f41833c61304d70577e2b2b.jpg\" media=\"(min-width: 70em)\" \/><source srcset=\"\/buerger\/sport_und_freizeit\/wiederkehrende-veranstaltungen\/literaturpreis-fuer-grotesken-humor.php.media\/66393\/AF_Hoppe_Druck.jpg.scaled\/2b9b806f662b85e703a63a123fa38ad1.jpg\" media=\"(min-width: 36em)\" \/><source srcset=\"\/buerger\/sport_und_freizeit\/wiederkehrende-veranstaltungen\/literaturpreis-fuer-grotesken-humor.php.media\/66393\/AF_Hoppe_Druck.jpg.scaled\/7cc8d4226d65aedf4f28d72605d163d3.jpg\" \/><\/picture><\/div>\n<\/figure>\n<\/div>\n","protected":false},"excerpt":{"rendered":"<p>Felicitas Hoppe ist Preistr\u00e4gerin 2021 Die Schriftstellerin Felicitas Hoppe wird im Jahr 2021 mit dem \u201eKasseler Literaturpreis f\u00fcr grotesken Humor\u201c ausgezeichnet. Der Preis, vergeben von der Stiftung Br\u00fcckner-K\u00fchner und der Stadt Kassel, ehrt die Autorin f\u00fcr ihren feinen Humor, der als Haltung zur Welt und Quelle der Einbildungskraft ihrem einzigartigen Werk zugrunde liegt. Dies gab [&hellip;]<\/p>\n","protected":false},"author":1,"featured_media":0,"comment_status":"closed","ping_status":"closed","sticky":false,"template":"","format":"standard","meta":{"saved_in_kubio":false,"footnotes":""},"categories":[1],"tags":[],"class_list":["post-1560","post","type-post","status-publish","format-standard","hentry","category-allgemein"],"yoast_head":"<!-- This site is optimized with the Yoast SEO plugin v27.5 - https:\/\/yoast.com\/product\/yoast-seo-wordpress\/ -->\n<title>Kasseler Literaturpreis: Felicitas Hoppe ist Preistr\u00e4gerin 2021 - Radio Leinewelle<\/title>\n<meta name=\"robots\" content=\"index, follow, max-snippet:-1, max-image-preview:large, max-video-preview:-1\" \/>\n<link rel=\"canonical\" href=\"https:\/\/radioleinewelle.de\/index.php\/2020\/09\/11\/kasseler-literaturpreis-felicitas-hoppe-ist-preistraegerin-2021\/\" \/>\n<meta property=\"og:locale\" content=\"de_DE\" \/>\n<meta property=\"og:type\" content=\"article\" \/>\n<meta property=\"og:title\" content=\"Kasseler Literaturpreis: Felicitas Hoppe ist Preistr\u00e4gerin 2021 - Radio Leinewelle\" \/>\n<meta property=\"og:description\" content=\"Felicitas Hoppe ist Preistr\u00e4gerin 2021 Die Schriftstellerin Felicitas Hoppe wird im Jahr 2021 mit dem \u201eKasseler Literaturpreis f\u00fcr grotesken Humor\u201c ausgezeichnet. Der Preis, vergeben von der Stiftung Br\u00fcckner-K\u00fchner und der Stadt Kassel, ehrt die Autorin f\u00fcr ihren feinen Humor, der als Haltung zur Welt und Quelle der Einbildungskraft ihrem einzigartigen Werk zugrunde liegt. Dies gab [&hellip;]\" \/>\n<meta property=\"og:url\" content=\"https:\/\/radioleinewelle.de\/index.php\/2020\/09\/11\/kasseler-literaturpreis-felicitas-hoppe-ist-preistraegerin-2021\/\" \/>\n<meta property=\"og:site_name\" content=\"Radio Leinewelle\" \/>\n<meta property=\"article:publisher\" content=\"https:\/\/www.facebook.com\/radioleinewelle\" \/>\n<meta property=\"article:author\" content=\"https:\/\/www.facebook.com\/radioleinewelle\" \/>\n<meta property=\"article:published_time\" content=\"2020-09-11T03:15:55+00:00\" \/>\n<meta name=\"author\" content=\"Leinewelle\" \/>\n<meta name=\"twitter:card\" content=\"summary_large_image\" \/>\n<meta name=\"twitter:creator\" content=\"@https:\/\/twitter.com\/RLeinewelle?ref_src=twsrcgoogletwcampserptwgrauthor\" \/>\n<meta name=\"twitter:site\" content=\"@RLeinewelle\" \/>\n<meta name=\"twitter:label1\" content=\"Verfasst von\" \/>\n\t<meta name=\"twitter:data1\" content=\"Leinewelle\" \/>\n\t<meta name=\"twitter:label2\" content=\"Gesch\u00e4tzte Lesezeit\" \/>\n\t<meta name=\"twitter:data2\" content=\"3\u00a0Minuten\" \/>\n<script type=\"application\/ld+json\" class=\"yoast-schema-graph\">{\"@context\":\"https:\\\/\\\/schema.org\",\"@graph\":[{\"@type\":\"Article\",\"@id\":\"https:\\\/\\\/radioleinewelle.de\\\/index.php\\\/2020\\\/09\\\/11\\\/kasseler-literaturpreis-felicitas-hoppe-ist-preistraegerin-2021\\\/#article\",\"isPartOf\":{\"@id\":\"https:\\\/\\\/radioleinewelle.de\\\/index.php\\\/2020\\\/09\\\/11\\\/kasseler-literaturpreis-felicitas-hoppe-ist-preistraegerin-2021\\\/\"},\"author\":{\"name\":\"Leinewelle\",\"@id\":\"https:\\\/\\\/radioleinewelle.de\\\/#\\\/schema\\\/person\\\/45606f348637df637192dc1b68399a63\"},\"headline\":\"Kasseler Literaturpreis: Felicitas Hoppe ist Preistr\u00e4gerin 2021\",\"datePublished\":\"2020-09-11T03:15:55+00:00\",\"mainEntityOfPage\":{\"@id\":\"https:\\\/\\\/radioleinewelle.de\\\/index.php\\\/2020\\\/09\\\/11\\\/kasseler-literaturpreis-felicitas-hoppe-ist-preistraegerin-2021\\\/\"},\"wordCount\":561,\"publisher\":{\"@id\":\"https:\\\/\\\/radioleinewelle.de\\\/#organization\"},\"inLanguage\":\"de\"},{\"@type\":\"WebPage\",\"@id\":\"https:\\\/\\\/radioleinewelle.de\\\/index.php\\\/2020\\\/09\\\/11\\\/kasseler-literaturpreis-felicitas-hoppe-ist-preistraegerin-2021\\\/\",\"url\":\"https:\\\/\\\/radioleinewelle.de\\\/index.php\\\/2020\\\/09\\\/11\\\/kasseler-literaturpreis-felicitas-hoppe-ist-preistraegerin-2021\\\/\",\"name\":\"Kasseler Literaturpreis: Felicitas Hoppe ist Preistr\u00e4gerin 2021 - Radio Leinewelle\",\"isPartOf\":{\"@id\":\"https:\\\/\\\/radioleinewelle.de\\\/#website\"},\"datePublished\":\"2020-09-11T03:15:55+00:00\",\"breadcrumb\":{\"@id\":\"https:\\\/\\\/radioleinewelle.de\\\/index.php\\\/2020\\\/09\\\/11\\\/kasseler-literaturpreis-felicitas-hoppe-ist-preistraegerin-2021\\\/#breadcrumb\"},\"inLanguage\":\"de\",\"potentialAction\":[{\"@type\":\"ReadAction\",\"target\":[\"https:\\\/\\\/radioleinewelle.de\\\/index.php\\\/2020\\\/09\\\/11\\\/kasseler-literaturpreis-felicitas-hoppe-ist-preistraegerin-2021\\\/\"]}]},{\"@type\":\"BreadcrumbList\",\"@id\":\"https:\\\/\\\/radioleinewelle.de\\\/index.php\\\/2020\\\/09\\\/11\\\/kasseler-literaturpreis-felicitas-hoppe-ist-preistraegerin-2021\\\/#breadcrumb\",\"itemListElement\":[{\"@type\":\"ListItem\",\"position\":1,\"name\":\"Startseite\",\"item\":\"https:\\\/\\\/radioleinewelle.de\\\/\"},{\"@type\":\"ListItem\",\"position\":2,\"name\":\"Kasseler Literaturpreis: Felicitas Hoppe ist Preistr\u00e4gerin 2021\"}]},{\"@type\":\"WebSite\",\"@id\":\"https:\\\/\\\/radioleinewelle.de\\\/#website\",\"url\":\"https:\\\/\\\/radioleinewelle.de\\\/\",\"name\":\"Radio Leinewelle\",\"description\":\"\",\"publisher\":{\"@id\":\"https:\\\/\\\/radioleinewelle.de\\\/#organization\"},\"potentialAction\":[{\"@type\":\"SearchAction\",\"target\":{\"@type\":\"EntryPoint\",\"urlTemplate\":\"https:\\\/\\\/radioleinewelle.de\\\/?s={search_term_string}\"},\"query-input\":{\"@type\":\"PropertyValueSpecification\",\"valueRequired\":true,\"valueName\":\"search_term_string\"}}],\"inLanguage\":\"de\"},{\"@type\":\"Organization\",\"@id\":\"https:\\\/\\\/radioleinewelle.de\\\/#organization\",\"name\":\"Radio Leinewelle\",\"alternateName\":\"Mein Radio f\u00fcr S\u00fcdniedersachsen\",\"url\":\"https:\\\/\\\/radioleinewelle.de\\\/\",\"logo\":{\"@type\":\"ImageObject\",\"inLanguage\":\"de\",\"@id\":\"https:\\\/\\\/radioleinewelle.de\\\/#\\\/schema\\\/logo\\\/image\\\/\",\"url\":\"https:\\\/\\\/radioleinewelle.de\\\/wp-content\\\/uploads\\\/2023\\\/11\\\/cropped-Leinewelle_Logo_weiss.png\",\"contentUrl\":\"https:\\\/\\\/radioleinewelle.de\\\/wp-content\\\/uploads\\\/2023\\\/11\\\/cropped-Leinewelle_Logo_weiss.png\",\"width\":854,\"height\":260,\"caption\":\"Radio Leinewelle\"},\"image\":{\"@id\":\"https:\\\/\\\/radioleinewelle.de\\\/#\\\/schema\\\/logo\\\/image\\\/\"},\"sameAs\":[\"https:\\\/\\\/www.facebook.com\\\/radioleinewelle\",\"https:\\\/\\\/x.com\\\/RLeinewelle\",\"https:\\\/\\\/www.instagram.com\\\/radioleinewelle\\\/?hl=de\"]},{\"@type\":\"Person\",\"@id\":\"https:\\\/\\\/radioleinewelle.de\\\/#\\\/schema\\\/person\\\/45606f348637df637192dc1b68399a63\",\"name\":\"Leinewelle\",\"image\":{\"@type\":\"ImageObject\",\"inLanguage\":\"de\",\"@id\":\"https:\\\/\\\/secure.gravatar.com\\\/avatar\\\/05c9a17bc973052ee5d91549bd32fb4dd0dc85b7b85ae94b2e2b4943476bbea5?s=96&d=blank&r=g\",\"url\":\"https:\\\/\\\/secure.gravatar.com\\\/avatar\\\/05c9a17bc973052ee5d91549bd32fb4dd0dc85b7b85ae94b2e2b4943476bbea5?s=96&d=blank&r=g\",\"contentUrl\":\"https:\\\/\\\/secure.gravatar.com\\\/avatar\\\/05c9a17bc973052ee5d91549bd32fb4dd0dc85b7b85ae94b2e2b4943476bbea5?s=96&d=blank&r=g\",\"caption\":\"Leinewelle\"},\"sameAs\":[\"http:\\\/\\\/localhost\\\/radio%20leinewelle\\\/wordpress\",\"https:\\\/\\\/www.facebook.com\\\/radioleinewelle\",\"https:\\\/\\\/www.instagram.com\\\/radioleinewelle\",\"https:\\\/\\\/x.com\\\/https:\\\/\\\/twitter.com\\\/RLeinewelle?ref_src=twsrcgoogletwcampserptwgrauthor\",\"https:\\\/\\\/soundcloud.com\\\/foerderverein-lokalradio?utm_source=clipboard&utm_medium=text&utm_campaign=social_sharing\"],\"url\":\"https:\\\/\\\/radioleinewelle.de\\\/index.php\\\/author\\\/leinewelle\\\/\"}]}<\/script>\n<!-- \/ Yoast SEO plugin. -->","yoast_head_json":{"title":"Kasseler Literaturpreis: Felicitas Hoppe ist Preistr\u00e4gerin 2021 - Radio Leinewelle","robots":{"index":"index","follow":"follow","max-snippet":"max-snippet:-1","max-image-preview":"max-image-preview:large","max-video-preview":"max-video-preview:-1"},"canonical":"https:\/\/radioleinewelle.de\/index.php\/2020\/09\/11\/kasseler-literaturpreis-felicitas-hoppe-ist-preistraegerin-2021\/","og_locale":"de_DE","og_type":"article","og_title":"Kasseler Literaturpreis: Felicitas Hoppe ist Preistr\u00e4gerin 2021 - Radio Leinewelle","og_description":"Felicitas Hoppe ist Preistr\u00e4gerin 2021 Die Schriftstellerin Felicitas Hoppe wird im Jahr 2021 mit dem \u201eKasseler Literaturpreis f\u00fcr grotesken Humor\u201c ausgezeichnet. Der Preis, vergeben von der Stiftung Br\u00fcckner-K\u00fchner und der Stadt Kassel, ehrt die Autorin f\u00fcr ihren feinen Humor, der als Haltung zur Welt und Quelle der Einbildungskraft ihrem einzigartigen Werk zugrunde liegt. Dies gab [&hellip;]","og_url":"https:\/\/radioleinewelle.de\/index.php\/2020\/09\/11\/kasseler-literaturpreis-felicitas-hoppe-ist-preistraegerin-2021\/","og_site_name":"Radio Leinewelle","article_publisher":"https:\/\/www.facebook.com\/radioleinewelle","article_author":"https:\/\/www.facebook.com\/radioleinewelle","article_published_time":"2020-09-11T03:15:55+00:00","author":"Leinewelle","twitter_card":"summary_large_image","twitter_creator":"@https:\/\/twitter.com\/RLeinewelle?ref_src=twsrcgoogletwcampserptwgrauthor","twitter_site":"@RLeinewelle","twitter_misc":{"Verfasst von":"Leinewelle","Gesch\u00e4tzte Lesezeit":"3\u00a0Minuten"},"schema":{"@context":"https:\/\/schema.org","@graph":[{"@type":"Article","@id":"https:\/\/radioleinewelle.de\/index.php\/2020\/09\/11\/kasseler-literaturpreis-felicitas-hoppe-ist-preistraegerin-2021\/#article","isPartOf":{"@id":"https:\/\/radioleinewelle.de\/index.php\/2020\/09\/11\/kasseler-literaturpreis-felicitas-hoppe-ist-preistraegerin-2021\/"},"author":{"name":"Leinewelle","@id":"https:\/\/radioleinewelle.de\/#\/schema\/person\/45606f348637df637192dc1b68399a63"},"headline":"Kasseler Literaturpreis: Felicitas Hoppe ist Preistr\u00e4gerin 2021","datePublished":"2020-09-11T03:15:55+00:00","mainEntityOfPage":{"@id":"https:\/\/radioleinewelle.de\/index.php\/2020\/09\/11\/kasseler-literaturpreis-felicitas-hoppe-ist-preistraegerin-2021\/"},"wordCount":561,"publisher":{"@id":"https:\/\/radioleinewelle.de\/#organization"},"inLanguage":"de"},{"@type":"WebPage","@id":"https:\/\/radioleinewelle.de\/index.php\/2020\/09\/11\/kasseler-literaturpreis-felicitas-hoppe-ist-preistraegerin-2021\/","url":"https:\/\/radioleinewelle.de\/index.php\/2020\/09\/11\/kasseler-literaturpreis-felicitas-hoppe-ist-preistraegerin-2021\/","name":"Kasseler Literaturpreis: Felicitas Hoppe ist Preistr\u00e4gerin 2021 - Radio Leinewelle","isPartOf":{"@id":"https:\/\/radioleinewelle.de\/#website"},"datePublished":"2020-09-11T03:15:55+00:00","breadcrumb":{"@id":"https:\/\/radioleinewelle.de\/index.php\/2020\/09\/11\/kasseler-literaturpreis-felicitas-hoppe-ist-preistraegerin-2021\/#breadcrumb"},"inLanguage":"de","potentialAction":[{"@type":"ReadAction","target":["https:\/\/radioleinewelle.de\/index.php\/2020\/09\/11\/kasseler-literaturpreis-felicitas-hoppe-ist-preistraegerin-2021\/"]}]},{"@type":"BreadcrumbList","@id":"https:\/\/radioleinewelle.de\/index.php\/2020\/09\/11\/kasseler-literaturpreis-felicitas-hoppe-ist-preistraegerin-2021\/#breadcrumb","itemListElement":[{"@type":"ListItem","position":1,"name":"Startseite","item":"https:\/\/radioleinewelle.de\/"},{"@type":"ListItem","position":2,"name":"Kasseler Literaturpreis: Felicitas Hoppe ist Preistr\u00e4gerin 2021"}]},{"@type":"WebSite","@id":"https:\/\/radioleinewelle.de\/#website","url":"https:\/\/radioleinewelle.de\/","name":"Radio Leinewelle","description":"","publisher":{"@id":"https:\/\/radioleinewelle.de\/#organization"},"potentialAction":[{"@type":"SearchAction","target":{"@type":"EntryPoint","urlTemplate":"https:\/\/radioleinewelle.de\/?s={search_term_string}"},"query-input":{"@type":"PropertyValueSpecification","valueRequired":true,"valueName":"search_term_string"}}],"inLanguage":"de"},{"@type":"Organization","@id":"https:\/\/radioleinewelle.de\/#organization","name":"Radio Leinewelle","alternateName":"Mein Radio f\u00fcr S\u00fcdniedersachsen","url":"https:\/\/radioleinewelle.de\/","logo":{"@type":"ImageObject","inLanguage":"de","@id":"https:\/\/radioleinewelle.de\/#\/schema\/logo\/image\/","url":"https:\/\/radioleinewelle.de\/wp-content\/uploads\/2023\/11\/cropped-Leinewelle_Logo_weiss.png","contentUrl":"https:\/\/radioleinewelle.de\/wp-content\/uploads\/2023\/11\/cropped-Leinewelle_Logo_weiss.png","width":854,"height":260,"caption":"Radio Leinewelle"},"image":{"@id":"https:\/\/radioleinewelle.de\/#\/schema\/logo\/image\/"},"sameAs":["https:\/\/www.facebook.com\/radioleinewelle","https:\/\/x.com\/RLeinewelle","https:\/\/www.instagram.com\/radioleinewelle\/?hl=de"]},{"@type":"Person","@id":"https:\/\/radioleinewelle.de\/#\/schema\/person\/45606f348637df637192dc1b68399a63","name":"Leinewelle","image":{"@type":"ImageObject","inLanguage":"de","@id":"https:\/\/secure.gravatar.com\/avatar\/05c9a17bc973052ee5d91549bd32fb4dd0dc85b7b85ae94b2e2b4943476bbea5?s=96&d=blank&r=g","url":"https:\/\/secure.gravatar.com\/avatar\/05c9a17bc973052ee5d91549bd32fb4dd0dc85b7b85ae94b2e2b4943476bbea5?s=96&d=blank&r=g","contentUrl":"https:\/\/secure.gravatar.com\/avatar\/05c9a17bc973052ee5d91549bd32fb4dd0dc85b7b85ae94b2e2b4943476bbea5?s=96&d=blank&r=g","caption":"Leinewelle"},"sameAs":["http:\/\/localhost\/radio%20leinewelle\/wordpress","https:\/\/www.facebook.com\/radioleinewelle","https:\/\/www.instagram.com\/radioleinewelle","https:\/\/x.com\/https:\/\/twitter.com\/RLeinewelle?ref_src=twsrcgoogletwcampserptwgrauthor","https:\/\/soundcloud.com\/foerderverein-lokalradio?utm_source=clipboard&utm_medium=text&utm_campaign=social_sharing"],"url":"https:\/\/radioleinewelle.de\/index.php\/author\/leinewelle\/"}]}},"_links":{"self":[{"href":"https:\/\/radioleinewelle.de\/index.php\/wp-json\/wp\/v2\/posts\/1560","targetHints":{"allow":["GET"]}}],"collection":[{"href":"https:\/\/radioleinewelle.de\/index.php\/wp-json\/wp\/v2\/posts"}],"about":[{"href":"https:\/\/radioleinewelle.de\/index.php\/wp-json\/wp\/v2\/types\/post"}],"author":[{"embeddable":true,"href":"https:\/\/radioleinewelle.de\/index.php\/wp-json\/wp\/v2\/users\/1"}],"replies":[{"embeddable":true,"href":"https:\/\/radioleinewelle.de\/index.php\/wp-json\/wp\/v2\/comments?post=1560"}],"version-history":[{"count":0,"href":"https:\/\/radioleinewelle.de\/index.php\/wp-json\/wp\/v2\/posts\/1560\/revisions"}],"wp:attachment":[{"href":"https:\/\/radioleinewelle.de\/index.php\/wp-json\/wp\/v2\/media?parent=1560"}],"wp:term":[{"taxonomy":"category","embeddable":true,"href":"https:\/\/radioleinewelle.de\/index.php\/wp-json\/wp\/v2\/categories?post=1560"},{"taxonomy":"post_tag","embeddable":true,"href":"https:\/\/radioleinewelle.de\/index.php\/wp-json\/wp\/v2\/tags?post=1560"}],"curies":[{"name":"wp","href":"https:\/\/api.w.org\/{rel}","templated":true}]}}