{"id":1564,"date":"2020-09-11T06:20:00","date_gmt":"2020-09-11T04:20:00","guid":{"rendered":"https:\/\/radioleinewelle.de\/?p=1564"},"modified":"2020-09-11T06:20:00","modified_gmt":"2020-09-11T04:20:00","slug":"gegenrede-kreuzberg-on-kultour-sieht-cdu-vorschlag-zu-einer-offenen-buehne-kritisch","status":"publish","type":"post","link":"https:\/\/radioleinewelle.de\/index.php\/2020\/09\/11\/gegenrede-kreuzberg-on-kultour-sieht-cdu-vorschlag-zu-einer-offenen-buehne-kritisch\/","title":{"rendered":"Gegenrede: Kreuzberg on KulTour sieht CDU-Vorschlag zu einer \u201eOffenen B\u00fchne\u201c kritisch"},"content":{"rendered":"<div class=\"page\" title=\"Page 1\">\n<div class=\"section\">\n<div class=\"layoutArea\">\n<div class=\"column\">\n<p>Mit dem gut gemeinten Vorschlag einer &#8218;Offenen B\u00fchne&#8216; f\u00fcr die Kulturschaffenden st\u00f6\u00dft die CDU beim Kreuzberg on KulTour e.V. auf Kritik.<br \/>\nZwar begr\u00fc\u00dft der ehrenamtlich t\u00e4tige Verein, dass es \u00fcberhaupt Bem\u00fchungen seitens der Kommunalpolitik gibt, sich f\u00fcr die Kulturschaffenden einzusetzen, doch anscheinend hat sich im Vorfeld niemand aus der CDU die M\u00fche gemacht, mit wirklich Sachkundigen aus dem Veranstal- tungsbereich zu sprechen.<\/p>\n<p>Schon der Titel \u201eOffene B\u00fchne\u201c ist leider irref\u00fchrend, anderweitig besetzt und einfach am Thema vorbei. Gemeint sind von der CDU ja eigentlich B\u00fchnen, die von verschiedenen Veranstaltern genutzt werden k\u00f6nnen, also \u201eGemeinschaftsb\u00fchnen\u201c. Zudem muss unterschieden werden: K\u00fcnstlern hilft jede bezahlte Auftrittsm\u00f6glichkeit. Den Spielst\u00e4tten aber nur, wenn Konzerte in der Spielst\u00e4tte selbst erfolgen, dort n\u00e4mlich, wo die erforderliche Technik und weitere Logistik bereits vorgehalten wird und nur so Einnahmen aus Kartenverkauf und Gastronomie zusammen evtl. ein Plus ergeben k\u00f6nnen.<\/p>\n<p>\u201eGemeinschaftsb\u00fchnen m\u00f6gen evtl. im Klassikbereich, in welchem sowohl Tontechnik als auch Gastronomieeinnahmen eine eher untergeordnete Rolle spielen, hilfreich sein. Dort aber, wo es um die Rettung von \u201eim t\u00e4glichen Leben\u201c bespielten Lokalit\u00e4ten geht, &#8211; und hierauf will der leider sehr verschwommen verfasste Antrag der CDU ja wohl abzielen -, n\u00e4mlich im Rock\/Pop-Bereich, kann nur eine unmittelbare oder mittelbare finanzielle Hilfe f\u00fcr die Lokalit\u00e4ten etwas n\u00fctzen\u201c, so Klaus Wi\u00dfmann, 1. Vorsitzender des Kreuzberg on KulTour e.V.<\/p>\n<p>Zudem unterliegen die Antragsteller der leider immer noch weit verbreiteten aber v\u00f6llig irrigen Annahme, dass allein mit Eintrittseinnahmen Konzerte lukrativ durchgef\u00fchrt werden k\u00f6nnten. Dies ist weder im schon immer hochsubventionierten Klassikbereich der Fall, geschweige denn im Bereich der Clubkonzerte im Rock\/Pop-Bereich, der in G\u00f6ttingen erst seit gut einem Jahrzehnt und in vergleichsweise sehr geringem Umfang kommunal gef\u00f6rdert wird.<\/p>\n<p>\u201eWir vom Kreuzberg on KulTour e.V. haben im Stadtgebiet G\u00f6ttingens bis heute in 43 Lokalit\u00e4ten veranstaltet und wissen daher sehr genau, wie viel mehr Arbeit und Kosten es bedeutet, in \u201efremder\u201c Lokalit\u00e4t zu veranstalten. Schon vor diesem Hintergrund ist der gut gemeinte Vorschlag leider abwegig und ist gerade f\u00fcr diejenigen, denen dringend geholfen werden muss, n\u00e4mlich den Spielst\u00e4tten, nicht hilfreich sondern eher kontraproduktiv\u201c, so Wi\u00dfmann<\/p>\n<p>Gastronomieeinnahmen spielen eine zentrale Rolle f\u00fcr eine kostendeckende Durchf\u00fchrung von Konzerten und sind dringend erforderlich, um neben Fix-, Energie- und Lohnkosten die Gagen, Catering, \u00dcbernachtung und hohen Veranstaltungsnebenkosten f\u00fcr Steuern, GEMA, KSK sowie Logistik und tontechnischer Versorgung zu kompensieren. Auch werden die R\u00e4umlichkeiten sicherlich nicht komplett kostenlos zur Verf\u00fcgung gestellt. Selbst wenn die Miete erlassen wird,<\/p>\n<\/div>\n<\/div>\n<\/div>\n<\/div>\n<div class=\"page\" title=\"Page 2\">\n<div class=\"section\">\n<div class=\"layoutArea\">\n<div class=\"column\">\n<p>werden voraussichtlich immer noch Nebenkosten f\u00fcr Strom und Reinigung anfallen. Wie soll das alles bezahlt werden? Einige Betreiber sind zudem an Vertr\u00e4ge mit Brauereien gebunden, die sie im Falle von Veranstaltungen erf\u00fcllen m\u00fcssen. Ob bei Konzerten in Schulaulen, wie von der CDU vorgeschlagen, \u00fcberhaupt ein dringend erforderlicher Getr\u00e4nkeverkauf m\u00f6glich w\u00e4re und ob dieser dann mit \u00e4hnlichem wirtschaftlichen Erfolg wie sonst in den Lokalit\u00e4ten selbst erfolgen k\u00f6nnte, ist zu bezweifeln. Auch sind die Touren von Musikern\/Bands, die tats\u00e4chlich f\u00fcr den n\u00f6tigen Ticketverkauf gesorgt h\u00e4tten, f\u00fcr dieses Jahr abgesagt.<\/p>\n<p>\u201eMit regionalen Musikern lassen sich leider schon lange Konzerte nicht mehr gewinnbringend veranstalten. Seit Jahren ist die Unterst\u00fctzung und F\u00f6rderung der G\u00f6ttinger Musiker ein Verlust- gesch\u00e4ft f\u00fcr Veranstalter und kann nur dann funktionieren, wenn die Konzerte &#8211; wie in unserem Fall &#8211; ehrenamtlich durchgef\u00fchrt werden, sie kommunal erheblich subventioniert werden oder eine Querfinanzierung durch erfolgreiche Konzerte gr\u00f6\u00dferer Bands stattfinden kann. Die Annahme dass Konzerte ausschlie\u00dflich mit regionalen Bands in den Schulaulen durchgef\u00fchrt werden k\u00f6nnten und trotzdem gewinnbringend sein sollen, ist abwegig\u201c, so Wi\u00dfmann.<\/p>\n<p>Der Antrag ist aus Sicht des Kreuzberg on KulTour e.V. als Anregung grunds\u00e4tzlich zu begr\u00fc\u00dfen, da er gut gemeint ist. Er kann aber mangels offenkundig fehlender Sachkenntnis nicht f\u00fcr mehr als einen initialen Dankansto\u00df dienen. Im besten Falle k\u00f6nnten Kulturkonsumenten und eventuell noch K\u00fcnstler profitieren. Mitnichten k\u00f6nnen dadurch jedoch Spielst\u00e4tten, wie z.B. das Exil, gerettet werden.<\/p>\n<p>\u201eWir ben\u00f6tigen endlich eine gut durchdachte finanzielle Hilfe f\u00fcr privatwirtschaftliche Veranstalter und selbstst\u00e4ndige K\u00fcnstler seitens der Bundesregierung. Diese muss schnell und einfach ausge- zahlt werden, um die Betroffenen tats\u00e4chlich vor dem finanziellen Ruin zu bewahren. Die &#8218;Night of Light&#8216; hat bundesweite deutlich gezeigt, dass schon vor Monaten eine Alarmstufe Rot f\u00fcr die Veranstaltungsbranche herrschte. Die Situation ist seitdem nur schlimmer geworden und noch ist kein Ende in Sicht. Die Bundesregierung l\u00e4sst entgegen vollmundiger Ank\u00fcndigungen die Kultur- branche komplett im Stich und die Kommunen k\u00f6nnen nicht alles auffangen. Seit Jahren erleiden wir in G\u00f6ttingen ein katastrophales Spielst\u00e4ttensterben, das seitens der Politik immer untersch\u00e4tzt wurde und die wenigen verbliebenen Live-Clubs stehen nun auch vor dem Aus. Wenn nicht bald finanzielle Hilfe kommt, ist das der Sargnagel f\u00fcr unsere regionale Rock\/Pop-Szene. Denn wie vielen Spielst\u00e4tten kann staatlich tats\u00e4chlich nachhaltig geholfen werden? Und wer wird am Ende der Pandemie noch \u00fcbrig sein?\u201c fragt Wi\u00dfmann.<\/p>\n<p>Die Diskussion des Antrags und dessen potentielle Umsetzung ben\u00f6tigen au\u00dferdem zu viel Zeit. Bis es zu einem Ergebnis kommt, kann f\u00fcr einige schon jede Hilfe zu sp\u00e4t sein. Im besten Fall setzen sich nach Meinung des Kreuzberg on KulTour e.V. Verwaltung, Politik und Veranstalter schnellst- m\u00f6glich zusammen, um \u00fcber praktikable L\u00f6sungen und Hilfen zu sprechen. Dies bietet der Kreuzberg on KulTour e.V. als erfahrener Veranstalter in nahezu allen Lokalit\u00e4ten unserer Region schon im Zusammenhang mit dem katastrophalen Spielst\u00e4ttensterben vor Ausbruch der Pandemie seit Jahren an.<\/p>\n<p>\u201eH\u00e4tte sich die CDU wirklich mit dem Thema auseinander gesetzt bzw. Ahnung von der hiesigen Rock\/Pop-Szene, h\u00e4tte ihr auffallen m\u00fcssen, dass es bereits eine \u201eOffene B\u00fchne\u201c gibt. Seit fast 15 Jahren veranstalten wir unsere Offene B\u00fchne immer am zweiten Donnerstag im Monat \u2013 seit April virtuell. Die Namenswahl seitens der CDU beruht also entweder auf Unwissenheit oder soll eine Hommage an unsere jahrelange ehrenamtliche Arbeit zur Unterst\u00fctzung der regionalen Musiker sein\u201c, schmunzelt Wi\u00dfmann abschlie\u00dfend.<\/p>\n<\/div>\n<\/div>\n<\/div>\n<\/div>\n","protected":false},"excerpt":{"rendered":"<p>Mit dem gut gemeinten Vorschlag einer &#8218;Offenen B\u00fchne&#8216; f\u00fcr die Kulturschaffenden st\u00f6\u00dft die CDU beim Kreuzberg on KulTour e.V. auf Kritik. Zwar begr\u00fc\u00dft der ehrenamtlich t\u00e4tige Verein, dass es \u00fcberhaupt Bem\u00fchungen seitens der Kommunalpolitik gibt, sich f\u00fcr die Kulturschaffenden einzusetzen, doch anscheinend hat sich im Vorfeld niemand aus der CDU die M\u00fche gemacht, mit wirklich [&hellip;]<\/p>\n","protected":false},"author":1,"featured_media":1565,"comment_status":"closed","ping_status":"closed","sticky":false,"template":"","format":"standard","meta":{"saved_in_kubio":false,"footnotes":""},"categories":[1],"tags":[],"class_list":["post-1564","post","type-post","status-publish","format-standard","has-post-thumbnail","hentry","category-allgemein"],"yoast_head":"<!-- This site is optimized with the Yoast SEO plugin v27.5 - https:\/\/yoast.com\/product\/yoast-seo-wordpress\/ -->\n<title>Gegenrede: Kreuzberg on KulTour sieht CDU-Vorschlag zu einer \u201eOffenen B\u00fchne\u201c kritisch - Radio Leinewelle<\/title>\n<meta name=\"robots\" content=\"index, follow, max-snippet:-1, max-image-preview:large, max-video-preview:-1\" \/>\n<link rel=\"canonical\" href=\"https:\/\/radioleinewelle.de\/index.php\/2020\/09\/11\/gegenrede-kreuzberg-on-kultour-sieht-cdu-vorschlag-zu-einer-offenen-buehne-kritisch\/\" \/>\n<meta property=\"og:locale\" content=\"de_DE\" \/>\n<meta property=\"og:type\" content=\"article\" \/>\n<meta property=\"og:title\" content=\"Gegenrede: Kreuzberg on KulTour sieht CDU-Vorschlag zu einer \u201eOffenen B\u00fchne\u201c kritisch - Radio Leinewelle\" \/>\n<meta property=\"og:description\" content=\"Mit dem gut gemeinten Vorschlag einer &#8218;Offenen B\u00fchne&#8216; f\u00fcr die Kulturschaffenden st\u00f6\u00dft die CDU beim Kreuzberg on KulTour e.V. auf Kritik. Zwar begr\u00fc\u00dft der ehrenamtlich t\u00e4tige Verein, dass es \u00fcberhaupt Bem\u00fchungen seitens der Kommunalpolitik gibt, sich f\u00fcr die Kulturschaffenden einzusetzen, doch anscheinend hat sich im Vorfeld niemand aus der CDU die M\u00fche gemacht, mit wirklich [&hellip;]\" \/>\n<meta property=\"og:url\" content=\"https:\/\/radioleinewelle.de\/index.php\/2020\/09\/11\/gegenrede-kreuzberg-on-kultour-sieht-cdu-vorschlag-zu-einer-offenen-buehne-kritisch\/\" \/>\n<meta property=\"og:site_name\" content=\"Radio Leinewelle\" \/>\n<meta property=\"article:publisher\" content=\"https:\/\/www.facebook.com\/radioleinewelle\" \/>\n<meta property=\"article:author\" content=\"https:\/\/www.facebook.com\/radioleinewelle\" \/>\n<meta property=\"article:published_time\" content=\"2020-09-11T04:20:00+00:00\" \/>\n<meta property=\"og:image\" content=\"https:\/\/radioleinewelle.de\/wp-content\/uploads\/2020\/09\/Kreuzberg-on-Kultour.jpg\" \/>\n\t<meta property=\"og:image:width\" content=\"720\" \/>\n\t<meta property=\"og:image:height\" content=\"717\" \/>\n\t<meta property=\"og:image:type\" content=\"image\/jpeg\" \/>\n<meta name=\"author\" content=\"Leinewelle\" \/>\n<meta name=\"twitter:card\" content=\"summary_large_image\" \/>\n<meta name=\"twitter:creator\" content=\"@https:\/\/twitter.com\/RLeinewelle?ref_src=twsrcgoogletwcampserptwgrauthor\" \/>\n<meta name=\"twitter:site\" content=\"@RLeinewelle\" \/>\n<meta name=\"twitter:label1\" content=\"Verfasst von\" \/>\n\t<meta name=\"twitter:data1\" content=\"Leinewelle\" \/>\n\t<meta name=\"twitter:label2\" content=\"Gesch\u00e4tzte Lesezeit\" \/>\n\t<meta name=\"twitter:data2\" content=\"5\u00a0Minuten\" \/>\n<script type=\"application\/ld+json\" class=\"yoast-schema-graph\">{\"@context\":\"https:\\\/\\\/schema.org\",\"@graph\":[{\"@type\":\"Article\",\"@id\":\"https:\\\/\\\/radioleinewelle.de\\\/index.php\\\/2020\\\/09\\\/11\\\/gegenrede-kreuzberg-on-kultour-sieht-cdu-vorschlag-zu-einer-offenen-buehne-kritisch\\\/#article\",\"isPartOf\":{\"@id\":\"https:\\\/\\\/radioleinewelle.de\\\/index.php\\\/2020\\\/09\\\/11\\\/gegenrede-kreuzberg-on-kultour-sieht-cdu-vorschlag-zu-einer-offenen-buehne-kritisch\\\/\"},\"author\":{\"name\":\"Leinewelle\",\"@id\":\"https:\\\/\\\/radioleinewelle.de\\\/#\\\/schema\\\/person\\\/45606f348637df637192dc1b68399a63\"},\"headline\":\"Gegenrede: Kreuzberg on KulTour sieht CDU-Vorschlag zu einer \u201eOffenen B\u00fchne\u201c kritisch\",\"datePublished\":\"2020-09-11T04:20:00+00:00\",\"mainEntityOfPage\":{\"@id\":\"https:\\\/\\\/radioleinewelle.de\\\/index.php\\\/2020\\\/09\\\/11\\\/gegenrede-kreuzberg-on-kultour-sieht-cdu-vorschlag-zu-einer-offenen-buehne-kritisch\\\/\"},\"wordCount\":1058,\"publisher\":{\"@id\":\"https:\\\/\\\/radioleinewelle.de\\\/#organization\"},\"image\":{\"@id\":\"https:\\\/\\\/radioleinewelle.de\\\/index.php\\\/2020\\\/09\\\/11\\\/gegenrede-kreuzberg-on-kultour-sieht-cdu-vorschlag-zu-einer-offenen-buehne-kritisch\\\/#primaryimage\"},\"thumbnailUrl\":\"https:\\\/\\\/radioleinewelle.de\\\/wp-content\\\/uploads\\\/2020\\\/09\\\/Kreuzberg-on-Kultour.jpg\",\"inLanguage\":\"de\"},{\"@type\":\"WebPage\",\"@id\":\"https:\\\/\\\/radioleinewelle.de\\\/index.php\\\/2020\\\/09\\\/11\\\/gegenrede-kreuzberg-on-kultour-sieht-cdu-vorschlag-zu-einer-offenen-buehne-kritisch\\\/\",\"url\":\"https:\\\/\\\/radioleinewelle.de\\\/index.php\\\/2020\\\/09\\\/11\\\/gegenrede-kreuzberg-on-kultour-sieht-cdu-vorschlag-zu-einer-offenen-buehne-kritisch\\\/\",\"name\":\"Gegenrede: Kreuzberg on KulTour sieht CDU-Vorschlag zu einer \u201eOffenen B\u00fchne\u201c kritisch - Radio Leinewelle\",\"isPartOf\":{\"@id\":\"https:\\\/\\\/radioleinewelle.de\\\/#website\"},\"primaryImageOfPage\":{\"@id\":\"https:\\\/\\\/radioleinewelle.de\\\/index.php\\\/2020\\\/09\\\/11\\\/gegenrede-kreuzberg-on-kultour-sieht-cdu-vorschlag-zu-einer-offenen-buehne-kritisch\\\/#primaryimage\"},\"image\":{\"@id\":\"https:\\\/\\\/radioleinewelle.de\\\/index.php\\\/2020\\\/09\\\/11\\\/gegenrede-kreuzberg-on-kultour-sieht-cdu-vorschlag-zu-einer-offenen-buehne-kritisch\\\/#primaryimage\"},\"thumbnailUrl\":\"https:\\\/\\\/radioleinewelle.de\\\/wp-content\\\/uploads\\\/2020\\\/09\\\/Kreuzberg-on-Kultour.jpg\",\"datePublished\":\"2020-09-11T04:20:00+00:00\",\"breadcrumb\":{\"@id\":\"https:\\\/\\\/radioleinewelle.de\\\/index.php\\\/2020\\\/09\\\/11\\\/gegenrede-kreuzberg-on-kultour-sieht-cdu-vorschlag-zu-einer-offenen-buehne-kritisch\\\/#breadcrumb\"},\"inLanguage\":\"de\",\"potentialAction\":[{\"@type\":\"ReadAction\",\"target\":[\"https:\\\/\\\/radioleinewelle.de\\\/index.php\\\/2020\\\/09\\\/11\\\/gegenrede-kreuzberg-on-kultour-sieht-cdu-vorschlag-zu-einer-offenen-buehne-kritisch\\\/\"]}]},{\"@type\":\"ImageObject\",\"inLanguage\":\"de\",\"@id\":\"https:\\\/\\\/radioleinewelle.de\\\/index.php\\\/2020\\\/09\\\/11\\\/gegenrede-kreuzberg-on-kultour-sieht-cdu-vorschlag-zu-einer-offenen-buehne-kritisch\\\/#primaryimage\",\"url\":\"https:\\\/\\\/radioleinewelle.de\\\/wp-content\\\/uploads\\\/2020\\\/09\\\/Kreuzberg-on-Kultour.jpg\",\"contentUrl\":\"https:\\\/\\\/radioleinewelle.de\\\/wp-content\\\/uploads\\\/2020\\\/09\\\/Kreuzberg-on-Kultour.jpg\",\"width\":720,\"height\":717},{\"@type\":\"BreadcrumbList\",\"@id\":\"https:\\\/\\\/radioleinewelle.de\\\/index.php\\\/2020\\\/09\\\/11\\\/gegenrede-kreuzberg-on-kultour-sieht-cdu-vorschlag-zu-einer-offenen-buehne-kritisch\\\/#breadcrumb\",\"itemListElement\":[{\"@type\":\"ListItem\",\"position\":1,\"name\":\"Startseite\",\"item\":\"https:\\\/\\\/radioleinewelle.de\\\/\"},{\"@type\":\"ListItem\",\"position\":2,\"name\":\"Gegenrede: Kreuzberg on KulTour sieht CDU-Vorschlag zu einer \u201eOffenen B\u00fchne\u201c kritisch\"}]},{\"@type\":\"WebSite\",\"@id\":\"https:\\\/\\\/radioleinewelle.de\\\/#website\",\"url\":\"https:\\\/\\\/radioleinewelle.de\\\/\",\"name\":\"Radio Leinewelle\",\"description\":\"\",\"publisher\":{\"@id\":\"https:\\\/\\\/radioleinewelle.de\\\/#organization\"},\"potentialAction\":[{\"@type\":\"SearchAction\",\"target\":{\"@type\":\"EntryPoint\",\"urlTemplate\":\"https:\\\/\\\/radioleinewelle.de\\\/?s={search_term_string}\"},\"query-input\":{\"@type\":\"PropertyValueSpecification\",\"valueRequired\":true,\"valueName\":\"search_term_string\"}}],\"inLanguage\":\"de\"},{\"@type\":\"Organization\",\"@id\":\"https:\\\/\\\/radioleinewelle.de\\\/#organization\",\"name\":\"Radio Leinewelle\",\"alternateName\":\"Mein Radio f\u00fcr S\u00fcdniedersachsen\",\"url\":\"https:\\\/\\\/radioleinewelle.de\\\/\",\"logo\":{\"@type\":\"ImageObject\",\"inLanguage\":\"de\",\"@id\":\"https:\\\/\\\/radioleinewelle.de\\\/#\\\/schema\\\/logo\\\/image\\\/\",\"url\":\"https:\\\/\\\/radioleinewelle.de\\\/wp-content\\\/uploads\\\/2023\\\/11\\\/cropped-Leinewelle_Logo_weiss.png\",\"contentUrl\":\"https:\\\/\\\/radioleinewelle.de\\\/wp-content\\\/uploads\\\/2023\\\/11\\\/cropped-Leinewelle_Logo_weiss.png\",\"width\":854,\"height\":260,\"caption\":\"Radio Leinewelle\"},\"image\":{\"@id\":\"https:\\\/\\\/radioleinewelle.de\\\/#\\\/schema\\\/logo\\\/image\\\/\"},\"sameAs\":[\"https:\\\/\\\/www.facebook.com\\\/radioleinewelle\",\"https:\\\/\\\/x.com\\\/RLeinewelle\",\"https:\\\/\\\/www.instagram.com\\\/radioleinewelle\\\/?hl=de\"]},{\"@type\":\"Person\",\"@id\":\"https:\\\/\\\/radioleinewelle.de\\\/#\\\/schema\\\/person\\\/45606f348637df637192dc1b68399a63\",\"name\":\"Leinewelle\",\"image\":{\"@type\":\"ImageObject\",\"inLanguage\":\"de\",\"@id\":\"https:\\\/\\\/secure.gravatar.com\\\/avatar\\\/05c9a17bc973052ee5d91549bd32fb4dd0dc85b7b85ae94b2e2b4943476bbea5?s=96&d=blank&r=g\",\"url\":\"https:\\\/\\\/secure.gravatar.com\\\/avatar\\\/05c9a17bc973052ee5d91549bd32fb4dd0dc85b7b85ae94b2e2b4943476bbea5?s=96&d=blank&r=g\",\"contentUrl\":\"https:\\\/\\\/secure.gravatar.com\\\/avatar\\\/05c9a17bc973052ee5d91549bd32fb4dd0dc85b7b85ae94b2e2b4943476bbea5?s=96&d=blank&r=g\",\"caption\":\"Leinewelle\"},\"sameAs\":[\"http:\\\/\\\/localhost\\\/radio%20leinewelle\\\/wordpress\",\"https:\\\/\\\/www.facebook.com\\\/radioleinewelle\",\"https:\\\/\\\/www.instagram.com\\\/radioleinewelle\",\"https:\\\/\\\/x.com\\\/https:\\\/\\\/twitter.com\\\/RLeinewelle?ref_src=twsrcgoogletwcampserptwgrauthor\",\"https:\\\/\\\/soundcloud.com\\\/foerderverein-lokalradio?utm_source=clipboard&utm_medium=text&utm_campaign=social_sharing\"],\"url\":\"https:\\\/\\\/radioleinewelle.de\\\/index.php\\\/author\\\/leinewelle\\\/\"}]}<\/script>\n<!-- \/ Yoast SEO plugin. -->","yoast_head_json":{"title":"Gegenrede: Kreuzberg on KulTour sieht CDU-Vorschlag zu einer \u201eOffenen B\u00fchne\u201c kritisch - Radio Leinewelle","robots":{"index":"index","follow":"follow","max-snippet":"max-snippet:-1","max-image-preview":"max-image-preview:large","max-video-preview":"max-video-preview:-1"},"canonical":"https:\/\/radioleinewelle.de\/index.php\/2020\/09\/11\/gegenrede-kreuzberg-on-kultour-sieht-cdu-vorschlag-zu-einer-offenen-buehne-kritisch\/","og_locale":"de_DE","og_type":"article","og_title":"Gegenrede: Kreuzberg on KulTour sieht CDU-Vorschlag zu einer \u201eOffenen B\u00fchne\u201c kritisch - Radio Leinewelle","og_description":"Mit dem gut gemeinten Vorschlag einer &#8218;Offenen B\u00fchne&#8216; f\u00fcr die Kulturschaffenden st\u00f6\u00dft die CDU beim Kreuzberg on KulTour e.V. auf Kritik. Zwar begr\u00fc\u00dft der ehrenamtlich t\u00e4tige Verein, dass es \u00fcberhaupt Bem\u00fchungen seitens der Kommunalpolitik gibt, sich f\u00fcr die Kulturschaffenden einzusetzen, doch anscheinend hat sich im Vorfeld niemand aus der CDU die M\u00fche gemacht, mit wirklich [&hellip;]","og_url":"https:\/\/radioleinewelle.de\/index.php\/2020\/09\/11\/gegenrede-kreuzberg-on-kultour-sieht-cdu-vorschlag-zu-einer-offenen-buehne-kritisch\/","og_site_name":"Radio Leinewelle","article_publisher":"https:\/\/www.facebook.com\/radioleinewelle","article_author":"https:\/\/www.facebook.com\/radioleinewelle","article_published_time":"2020-09-11T04:20:00+00:00","og_image":[{"width":720,"height":717,"url":"https:\/\/radioleinewelle.de\/wp-content\/uploads\/2020\/09\/Kreuzberg-on-Kultour.jpg","type":"image\/jpeg"}],"author":"Leinewelle","twitter_card":"summary_large_image","twitter_creator":"@https:\/\/twitter.com\/RLeinewelle?ref_src=twsrcgoogletwcampserptwgrauthor","twitter_site":"@RLeinewelle","twitter_misc":{"Verfasst von":"Leinewelle","Gesch\u00e4tzte Lesezeit":"5\u00a0Minuten"},"schema":{"@context":"https:\/\/schema.org","@graph":[{"@type":"Article","@id":"https:\/\/radioleinewelle.de\/index.php\/2020\/09\/11\/gegenrede-kreuzberg-on-kultour-sieht-cdu-vorschlag-zu-einer-offenen-buehne-kritisch\/#article","isPartOf":{"@id":"https:\/\/radioleinewelle.de\/index.php\/2020\/09\/11\/gegenrede-kreuzberg-on-kultour-sieht-cdu-vorschlag-zu-einer-offenen-buehne-kritisch\/"},"author":{"name":"Leinewelle","@id":"https:\/\/radioleinewelle.de\/#\/schema\/person\/45606f348637df637192dc1b68399a63"},"headline":"Gegenrede: Kreuzberg on KulTour sieht CDU-Vorschlag zu einer \u201eOffenen B\u00fchne\u201c kritisch","datePublished":"2020-09-11T04:20:00+00:00","mainEntityOfPage":{"@id":"https:\/\/radioleinewelle.de\/index.php\/2020\/09\/11\/gegenrede-kreuzberg-on-kultour-sieht-cdu-vorschlag-zu-einer-offenen-buehne-kritisch\/"},"wordCount":1058,"publisher":{"@id":"https:\/\/radioleinewelle.de\/#organization"},"image":{"@id":"https:\/\/radioleinewelle.de\/index.php\/2020\/09\/11\/gegenrede-kreuzberg-on-kultour-sieht-cdu-vorschlag-zu-einer-offenen-buehne-kritisch\/#primaryimage"},"thumbnailUrl":"https:\/\/radioleinewelle.de\/wp-content\/uploads\/2020\/09\/Kreuzberg-on-Kultour.jpg","inLanguage":"de"},{"@type":"WebPage","@id":"https:\/\/radioleinewelle.de\/index.php\/2020\/09\/11\/gegenrede-kreuzberg-on-kultour-sieht-cdu-vorschlag-zu-einer-offenen-buehne-kritisch\/","url":"https:\/\/radioleinewelle.de\/index.php\/2020\/09\/11\/gegenrede-kreuzberg-on-kultour-sieht-cdu-vorschlag-zu-einer-offenen-buehne-kritisch\/","name":"Gegenrede: Kreuzberg on KulTour sieht CDU-Vorschlag zu einer \u201eOffenen B\u00fchne\u201c kritisch - Radio Leinewelle","isPartOf":{"@id":"https:\/\/radioleinewelle.de\/#website"},"primaryImageOfPage":{"@id":"https:\/\/radioleinewelle.de\/index.php\/2020\/09\/11\/gegenrede-kreuzberg-on-kultour-sieht-cdu-vorschlag-zu-einer-offenen-buehne-kritisch\/#primaryimage"},"image":{"@id":"https:\/\/radioleinewelle.de\/index.php\/2020\/09\/11\/gegenrede-kreuzberg-on-kultour-sieht-cdu-vorschlag-zu-einer-offenen-buehne-kritisch\/#primaryimage"},"thumbnailUrl":"https:\/\/radioleinewelle.de\/wp-content\/uploads\/2020\/09\/Kreuzberg-on-Kultour.jpg","datePublished":"2020-09-11T04:20:00+00:00","breadcrumb":{"@id":"https:\/\/radioleinewelle.de\/index.php\/2020\/09\/11\/gegenrede-kreuzberg-on-kultour-sieht-cdu-vorschlag-zu-einer-offenen-buehne-kritisch\/#breadcrumb"},"inLanguage":"de","potentialAction":[{"@type":"ReadAction","target":["https:\/\/radioleinewelle.de\/index.php\/2020\/09\/11\/gegenrede-kreuzberg-on-kultour-sieht-cdu-vorschlag-zu-einer-offenen-buehne-kritisch\/"]}]},{"@type":"ImageObject","inLanguage":"de","@id":"https:\/\/radioleinewelle.de\/index.php\/2020\/09\/11\/gegenrede-kreuzberg-on-kultour-sieht-cdu-vorschlag-zu-einer-offenen-buehne-kritisch\/#primaryimage","url":"https:\/\/radioleinewelle.de\/wp-content\/uploads\/2020\/09\/Kreuzberg-on-Kultour.jpg","contentUrl":"https:\/\/radioleinewelle.de\/wp-content\/uploads\/2020\/09\/Kreuzberg-on-Kultour.jpg","width":720,"height":717},{"@type":"BreadcrumbList","@id":"https:\/\/radioleinewelle.de\/index.php\/2020\/09\/11\/gegenrede-kreuzberg-on-kultour-sieht-cdu-vorschlag-zu-einer-offenen-buehne-kritisch\/#breadcrumb","itemListElement":[{"@type":"ListItem","position":1,"name":"Startseite","item":"https:\/\/radioleinewelle.de\/"},{"@type":"ListItem","position":2,"name":"Gegenrede: Kreuzberg on KulTour sieht CDU-Vorschlag zu einer \u201eOffenen B\u00fchne\u201c kritisch"}]},{"@type":"WebSite","@id":"https:\/\/radioleinewelle.de\/#website","url":"https:\/\/radioleinewelle.de\/","name":"Radio Leinewelle","description":"","publisher":{"@id":"https:\/\/radioleinewelle.de\/#organization"},"potentialAction":[{"@type":"SearchAction","target":{"@type":"EntryPoint","urlTemplate":"https:\/\/radioleinewelle.de\/?s={search_term_string}"},"query-input":{"@type":"PropertyValueSpecification","valueRequired":true,"valueName":"search_term_string"}}],"inLanguage":"de"},{"@type":"Organization","@id":"https:\/\/radioleinewelle.de\/#organization","name":"Radio Leinewelle","alternateName":"Mein Radio f\u00fcr S\u00fcdniedersachsen","url":"https:\/\/radioleinewelle.de\/","logo":{"@type":"ImageObject","inLanguage":"de","@id":"https:\/\/radioleinewelle.de\/#\/schema\/logo\/image\/","url":"https:\/\/radioleinewelle.de\/wp-content\/uploads\/2023\/11\/cropped-Leinewelle_Logo_weiss.png","contentUrl":"https:\/\/radioleinewelle.de\/wp-content\/uploads\/2023\/11\/cropped-Leinewelle_Logo_weiss.png","width":854,"height":260,"caption":"Radio Leinewelle"},"image":{"@id":"https:\/\/radioleinewelle.de\/#\/schema\/logo\/image\/"},"sameAs":["https:\/\/www.facebook.com\/radioleinewelle","https:\/\/x.com\/RLeinewelle","https:\/\/www.instagram.com\/radioleinewelle\/?hl=de"]},{"@type":"Person","@id":"https:\/\/radioleinewelle.de\/#\/schema\/person\/45606f348637df637192dc1b68399a63","name":"Leinewelle","image":{"@type":"ImageObject","inLanguage":"de","@id":"https:\/\/secure.gravatar.com\/avatar\/05c9a17bc973052ee5d91549bd32fb4dd0dc85b7b85ae94b2e2b4943476bbea5?s=96&d=blank&r=g","url":"https:\/\/secure.gravatar.com\/avatar\/05c9a17bc973052ee5d91549bd32fb4dd0dc85b7b85ae94b2e2b4943476bbea5?s=96&d=blank&r=g","contentUrl":"https:\/\/secure.gravatar.com\/avatar\/05c9a17bc973052ee5d91549bd32fb4dd0dc85b7b85ae94b2e2b4943476bbea5?s=96&d=blank&r=g","caption":"Leinewelle"},"sameAs":["http:\/\/localhost\/radio%20leinewelle\/wordpress","https:\/\/www.facebook.com\/radioleinewelle","https:\/\/www.instagram.com\/radioleinewelle","https:\/\/x.com\/https:\/\/twitter.com\/RLeinewelle?ref_src=twsrcgoogletwcampserptwgrauthor","https:\/\/soundcloud.com\/foerderverein-lokalradio?utm_source=clipboard&utm_medium=text&utm_campaign=social_sharing"],"url":"https:\/\/radioleinewelle.de\/index.php\/author\/leinewelle\/"}]}},"_links":{"self":[{"href":"https:\/\/radioleinewelle.de\/index.php\/wp-json\/wp\/v2\/posts\/1564","targetHints":{"allow":["GET"]}}],"collection":[{"href":"https:\/\/radioleinewelle.de\/index.php\/wp-json\/wp\/v2\/posts"}],"about":[{"href":"https:\/\/radioleinewelle.de\/index.php\/wp-json\/wp\/v2\/types\/post"}],"author":[{"embeddable":true,"href":"https:\/\/radioleinewelle.de\/index.php\/wp-json\/wp\/v2\/users\/1"}],"replies":[{"embeddable":true,"href":"https:\/\/radioleinewelle.de\/index.php\/wp-json\/wp\/v2\/comments?post=1564"}],"version-history":[{"count":0,"href":"https:\/\/radioleinewelle.de\/index.php\/wp-json\/wp\/v2\/posts\/1564\/revisions"}],"wp:featuredmedia":[{"embeddable":true,"href":"https:\/\/radioleinewelle.de\/index.php\/wp-json\/wp\/v2\/media\/1565"}],"wp:attachment":[{"href":"https:\/\/radioleinewelle.de\/index.php\/wp-json\/wp\/v2\/media?parent=1564"}],"wp:term":[{"taxonomy":"category","embeddable":true,"href":"https:\/\/radioleinewelle.de\/index.php\/wp-json\/wp\/v2\/categories?post=1564"},{"taxonomy":"post_tag","embeddable":true,"href":"https:\/\/radioleinewelle.de\/index.php\/wp-json\/wp\/v2\/tags?post=1564"}],"curies":[{"name":"wp","href":"https:\/\/api.w.org\/{rel}","templated":true}]}}