{"id":15649,"date":"2022-08-24T06:04:04","date_gmt":"2022-08-24T04:04:04","guid":{"rendered":"https:\/\/radioleinewelle.de\/?p=15649"},"modified":"2022-08-24T06:04:04","modified_gmt":"2022-08-24T04:04:04","slug":"keine-heimat-fuer-nazis-friedland-ist-bunt-bericht-der-buergerinitiative","status":"publish","type":"post","link":"https:\/\/radioleinewelle.de\/index.php\/2022\/08\/24\/keine-heimat-fuer-nazis-friedland-ist-bunt-bericht-der-buergerinitiative\/","title":{"rendered":"\u201eKeine Heimat f\u00fcr Nazis &#8211; Friedland ist bunt\u201c &#8211; Bericht der B\u00fcrgerinitiative"},"content":{"rendered":"\n<p><\/p>\n\n\n\n<p>Gegen eine Versammlung des rechtsextremen Verbandes \u201eAufbruch Heimat\u201c am vergangenen Samstag, den 20.08.2022, wurde unter dem <a href=\"https:\/\/radioleinewelle.de\/2022\/08\/22\/gemeinsam-gegen-rechts-rund-200-menschen-demonstrierten-in-friedland\/\">Motto \u201eKeine Heimat f\u00fcr Nazis- nirgendwo!\u201c am Mahnmal Friedland demonstriert<\/a>. Aufgerufen hatte das lokale B\u00fcndnis f\u00fcr Vielfalt und Demokratie \u201eFriedland ist bunt\u201c. Die Initiative sieht in der Veranstaltung ein positives Signal der Region gegen rechte Umtriebe. <\/p>\n\n\n\n<p>Trotz Ferienzeit, dr\u00fcckender Schw\u00fcle und drohendem Gewitter machten sich \u00fcber 220 Menschen auf die Demonstrationsroute vom Bahnhof Friedland durch den Ort sowie den steilen Anstieg hinauf zum Mahnmal, um f\u00fcr eine offene und vielf\u00e4ltige Gesellschaft einzustehen. Auf den Transparenten hie\u00df es unter anderem \u201eWehret den Anf\u00e4ngen\u201c und \u201eBunt statt Braun\u201c. Am Zaun der evangelischen Kirchengemeinde lautete die Botschaft \u201eUnser Kreuz hat keine Haken\u201c.<\/p>\n\n\n\n<p>\u201eWir freuen uns \u00fcber die zahlreiche Teilnahme von Menschen mit verschiedensten Hintergr\u00fcnden aus der Breite der Gesellschaft. Hier sind unsere Nachbar:innen genauso wie Lokalpolitiker:innen, Engagierte aus umliegenden Gemeinden, Omas gegen Rechts, der DGB, die Kuhle Wampe und antifaschistische Gruppen\u201c, so Barbara Decker vom B\u00fcndnis. \u201eSchon im Vorfeld haben wir gro\u00dfe Unterst\u00fctzung erfahren, von Seiten der Ordnungsbeh\u00f6rden, bei der Ausleihe und Bedienung der Technik und der Getr\u00e4nkeversorgung hier vor Ort. Diese Resonanz best\u00e4rkt uns enorm.\u201c<\/p>\n\n\n\n<p>Am Kundgebungsort auf der Wiese unterhalb des Mahnmal positionierten sich ein Dutzend&nbsp;Redner:innen klar gegen die geschichtsrevisionistischen Parolen, die von den sechzehn Teilnehmenden der rechtsextremen Versammlung auf der anderen Seite des Mahnmals vertreten wurden.<\/p>\n\n\n\n<p>Dass Rechtsextremismus nicht stillschweigend hingenommen werden darf, machten Landtagskandidierende aller demokratischen Parteien sowie Fritz G\u00fcntzler als MdB der CDU, die stellvertretende Landr\u00e4tin B\u00e4rbel Diebel-Gerries, Dietmar Sedlaczek als Leiter der Gedenkst\u00e4tte Moringen, Anna Louise We\u00dfling vom Museum Friedland, die Basisdemokratische Linke und der Rechtsextremismusforscher Michael L\u00fchmann in ihren Beitr\u00e4gen deutlich.<\/p>\n\n\n\n<p>Alle Sprecher:innen forderten einen konsequenten Einsatz gegen den Rechtsextremismus, und das nicht nur in Deutschland. Den Worten m\u00fcsse nun Handeln auf allen politischen Ebenen folgen, forderte die Basisdemokratische Linke.<\/p>\n\n\n\n<p>Deutliche Kritik an der Ausrichtung des Friedl\u00e4nder Mahnmals wurde von etlichen RednerInnen ge\u00e4u\u00dfert und von vielen Teilnehmenden angesprochen. Die inhaltliche Ausrichtung der Gedenkst\u00e4tte ist mit ihren Inschriften durchaus anschlussf\u00e4hig f\u00fcr rechtsextreme Ideologien, da sie den Ursprung und die Verantwortung f\u00fcr die Verbrechen des Zweiten Weltkrieges verschweigt und die eigentlichen Opfer des Nationalsozialismus nicht benennt. \u201eDas Heimkehrer-Denkmal in Friedland ist ein symbolisch aufgeladener Ort. Geplant wurde es in den 1950er Jahren, in einer Zeit als sich die Mehrheit der Deutschen f\u00fcr vieles interessiert hat, aber nicht f\u00fcr eine Auseinandersetzung mit den Verbrechen des Nationalsozialismus. Die Opfer von Holocaust und Konzentrationslagern sucht man hier vergeblich\u201c, so Dietmar Sedlaczek. \u201e Daher fordere ich heute die Verantwortlichen in Politik und Gesellschaft auf, daf\u00fcr Sorge zu tragen, dass das Heimkehrer-Denkmal in Friedland endlich eine \u00f6ffentlich sichtbare Kontextualisierung erf\u00e4hrt!\u201c<\/p>\n\n\n\n<p>&nbsp;\u201eWir sehen den klaren Bedarf an der Aufarbeitung der Aussage des Denkmals\u201c, schlie\u00dft sich Renate Schmalfu\u00df von \u201aFriedland ist bunt\u2018 an, \u201eund hoffen, in Zukunft dazu mit verschiedenen Akteur:innen ins Gespr\u00e4ch kommen zu k\u00f6nnen\u201c.<\/p>\n\n\n\n<p>Michael L\u00fchmann stellte den Bezug zu der von ihm beforschten rechten Szene in Sachsen her und warnte vor der Normalisierung rechtsextremer Einstellungen. \u201eDialog m\u00fcsse man f\u00fchren, ausgrenzen d\u00fcrfe man nicht, ignorieren solle man das rechte Treiben, ihm nicht so viel Aufmerksamkeit schenken, hei\u00dft es dann. Und falscher kann Politik nicht handeln\u201c, beschreibt L\u00fchmann. \u201eWo keine der demokratischen Parteien auch nur eine schmale Br\u00fccke des Verst\u00e4ndnisses nach rechts aufbaut, dort bleiben auch die Rechten schwach. Und ich hoffe, dass wir als Zivilgesellschaft, glasklar gest\u00e4rkt und gest\u00fctzt von der Politik, auch im Herbst und Winter da sind, wenn die Rechte versucht, die aktuellen Krisen f\u00fcr den Angriff auf die Demokratie auszunutzen\u201c.&nbsp;<\/p>\n\n\n\n<p>Nach rund viereinhalb Stunden wurde die friedlich verlaufene Gegendemonstration von der Versammlungsleitung beendet.<\/p>\n","protected":false},"excerpt":{"rendered":"<p>Gegen eine Versammlung des rechtsextremen Verbandes \u201eAufbruch Heimat\u201c am vergangenen Samstag, den 20.08.2022, wurde unter dem Motto \u201eKeine Heimat f\u00fcr Nazis- nirgendwo!\u201c am Mahnmal Friedland demonstriert. Aufgerufen hatte das lokale B\u00fcndnis f\u00fcr Vielfalt und Demokratie \u201eFriedland ist bunt\u201c. Die Initiative sieht in der Veranstaltung ein positives Signal der Region gegen rechte Umtriebe. Trotz Ferienzeit, dr\u00fcckender [&hellip;]<\/p>\n","protected":false},"author":1,"featured_media":15651,"comment_status":"closed","ping_status":"closed","sticky":false,"template":"","format":"standard","meta":{"saved_in_kubio":false,"footnotes":""},"categories":[24],"tags":[],"class_list":["post-15649","post","type-post","status-publish","format-standard","has-post-thumbnail","hentry","category-news"],"yoast_head":"<!-- This site is optimized with the Yoast SEO plugin v27.4 - https:\/\/yoast.com\/product\/yoast-seo-wordpress\/ -->\n<title>\u201eKeine Heimat f\u00fcr Nazis - Friedland ist bunt\u201c - Bericht der B\u00fcrgerinitiative - Radio Leinewelle<\/title>\n<meta name=\"robots\" content=\"index, follow, max-snippet:-1, max-image-preview:large, max-video-preview:-1\" \/>\n<link rel=\"canonical\" href=\"https:\/\/radioleinewelle.de\/index.php\/2022\/08\/24\/keine-heimat-fuer-nazis-friedland-ist-bunt-bericht-der-buergerinitiative\/\" \/>\n<meta property=\"og:locale\" content=\"de_DE\" \/>\n<meta property=\"og:type\" content=\"article\" \/>\n<meta property=\"og:title\" content=\"\u201eKeine Heimat f\u00fcr Nazis - Friedland ist bunt\u201c - Bericht der B\u00fcrgerinitiative - Radio Leinewelle\" \/>\n<meta property=\"og:description\" content=\"Gegen eine Versammlung des rechtsextremen Verbandes \u201eAufbruch Heimat\u201c am vergangenen Samstag, den 20.08.2022, wurde unter dem Motto \u201eKeine Heimat f\u00fcr Nazis- nirgendwo!\u201c am Mahnmal Friedland demonstriert. Aufgerufen hatte das lokale B\u00fcndnis f\u00fcr Vielfalt und Demokratie \u201eFriedland ist bunt\u201c. Die Initiative sieht in der Veranstaltung ein positives Signal der Region gegen rechte Umtriebe. Trotz Ferienzeit, dr\u00fcckender [&hellip;]\" \/>\n<meta property=\"og:url\" content=\"https:\/\/radioleinewelle.de\/index.php\/2022\/08\/24\/keine-heimat-fuer-nazis-friedland-ist-bunt-bericht-der-buergerinitiative\/\" \/>\n<meta property=\"og:site_name\" content=\"Radio Leinewelle\" \/>\n<meta property=\"article:publisher\" content=\"https:\/\/www.facebook.com\/radioleinewelle\" \/>\n<meta property=\"article:author\" content=\"https:\/\/www.facebook.com\/radioleinewelle\" \/>\n<meta property=\"article:published_time\" content=\"2022-08-24T04:04:04+00:00\" \/>\n<meta property=\"og:image\" content=\"https:\/\/radioleinewelle.de\/wp-content\/uploads\/2022\/08\/demozug-20.8.22-friedland-scaled-e1661313813406.jpg\" \/>\n\t<meta property=\"og:image:width\" content=\"600\" \/>\n\t<meta property=\"og:image:height\" content=\"289\" \/>\n\t<meta property=\"og:image:type\" content=\"image\/jpeg\" \/>\n<meta name=\"author\" content=\"Leinewelle\" \/>\n<meta name=\"twitter:card\" content=\"summary_large_image\" \/>\n<meta name=\"twitter:creator\" content=\"@https:\/\/twitter.com\/RLeinewelle?ref_src=twsrcgoogletwcampserptwgrauthor\" \/>\n<meta name=\"twitter:site\" content=\"@RLeinewelle\" \/>\n<meta name=\"twitter:label1\" content=\"Verfasst von\" \/>\n\t<meta name=\"twitter:data1\" content=\"Leinewelle\" \/>\n<script type=\"application\/ld+json\" class=\"yoast-schema-graph\">{\"@context\":\"https:\\\/\\\/schema.org\",\"@graph\":[{\"@type\":\"Article\",\"@id\":\"https:\\\/\\\/radioleinewelle.de\\\/index.php\\\/2022\\\/08\\\/24\\\/keine-heimat-fuer-nazis-friedland-ist-bunt-bericht-der-buergerinitiative\\\/#article\",\"isPartOf\":{\"@id\":\"https:\\\/\\\/radioleinewelle.de\\\/index.php\\\/2022\\\/08\\\/24\\\/keine-heimat-fuer-nazis-friedland-ist-bunt-bericht-der-buergerinitiative\\\/\"},\"author\":{\"name\":\"Leinewelle\",\"@id\":\"https:\\\/\\\/radioleinewelle.de\\\/#\\\/schema\\\/person\\\/45606f348637df637192dc1b68399a63\"},\"headline\":\"\u201eKeine Heimat f\u00fcr Nazis &#8211; Friedland ist bunt\u201c &#8211; Bericht der B\u00fcrgerinitiative\",\"datePublished\":\"2022-08-24T04:04:04+00:00\",\"mainEntityOfPage\":{\"@id\":\"https:\\\/\\\/radioleinewelle.de\\\/index.php\\\/2022\\\/08\\\/24\\\/keine-heimat-fuer-nazis-friedland-ist-bunt-bericht-der-buergerinitiative\\\/\"},\"wordCount\":657,\"publisher\":{\"@id\":\"https:\\\/\\\/radioleinewelle.de\\\/#organization\"},\"image\":{\"@id\":\"https:\\\/\\\/radioleinewelle.de\\\/index.php\\\/2022\\\/08\\\/24\\\/keine-heimat-fuer-nazis-friedland-ist-bunt-bericht-der-buergerinitiative\\\/#primaryimage\"},\"thumbnailUrl\":\"https:\\\/\\\/radioleinewelle.de\\\/wp-content\\\/uploads\\\/2022\\\/08\\\/demozug-20.8.22-friedland-scaled-e1661313813406.jpg\",\"articleSection\":[\"Aktuelle Nachrichten\"],\"inLanguage\":\"de\"},{\"@type\":\"WebPage\",\"@id\":\"https:\\\/\\\/radioleinewelle.de\\\/index.php\\\/2022\\\/08\\\/24\\\/keine-heimat-fuer-nazis-friedland-ist-bunt-bericht-der-buergerinitiative\\\/\",\"url\":\"https:\\\/\\\/radioleinewelle.de\\\/index.php\\\/2022\\\/08\\\/24\\\/keine-heimat-fuer-nazis-friedland-ist-bunt-bericht-der-buergerinitiative\\\/\",\"name\":\"\u201eKeine Heimat f\u00fcr Nazis - Friedland ist bunt\u201c - Bericht der B\u00fcrgerinitiative - Radio Leinewelle\",\"isPartOf\":{\"@id\":\"https:\\\/\\\/radioleinewelle.de\\\/#website\"},\"primaryImageOfPage\":{\"@id\":\"https:\\\/\\\/radioleinewelle.de\\\/index.php\\\/2022\\\/08\\\/24\\\/keine-heimat-fuer-nazis-friedland-ist-bunt-bericht-der-buergerinitiative\\\/#primaryimage\"},\"image\":{\"@id\":\"https:\\\/\\\/radioleinewelle.de\\\/index.php\\\/2022\\\/08\\\/24\\\/keine-heimat-fuer-nazis-friedland-ist-bunt-bericht-der-buergerinitiative\\\/#primaryimage\"},\"thumbnailUrl\":\"https:\\\/\\\/radioleinewelle.de\\\/wp-content\\\/uploads\\\/2022\\\/08\\\/demozug-20.8.22-friedland-scaled-e1661313813406.jpg\",\"datePublished\":\"2022-08-24T04:04:04+00:00\",\"breadcrumb\":{\"@id\":\"https:\\\/\\\/radioleinewelle.de\\\/index.php\\\/2022\\\/08\\\/24\\\/keine-heimat-fuer-nazis-friedland-ist-bunt-bericht-der-buergerinitiative\\\/#breadcrumb\"},\"inLanguage\":\"de\",\"potentialAction\":[{\"@type\":\"ReadAction\",\"target\":[\"https:\\\/\\\/radioleinewelle.de\\\/index.php\\\/2022\\\/08\\\/24\\\/keine-heimat-fuer-nazis-friedland-ist-bunt-bericht-der-buergerinitiative\\\/\"]}]},{\"@type\":\"ImageObject\",\"inLanguage\":\"de\",\"@id\":\"https:\\\/\\\/radioleinewelle.de\\\/index.php\\\/2022\\\/08\\\/24\\\/keine-heimat-fuer-nazis-friedland-ist-bunt-bericht-der-buergerinitiative\\\/#primaryimage\",\"url\":\"https:\\\/\\\/radioleinewelle.de\\\/wp-content\\\/uploads\\\/2022\\\/08\\\/demozug-20.8.22-friedland-scaled-e1661313813406.jpg\",\"contentUrl\":\"https:\\\/\\\/radioleinewelle.de\\\/wp-content\\\/uploads\\\/2022\\\/08\\\/demozug-20.8.22-friedland-scaled-e1661313813406.jpg\",\"width\":600,\"height\":289},{\"@type\":\"BreadcrumbList\",\"@id\":\"https:\\\/\\\/radioleinewelle.de\\\/index.php\\\/2022\\\/08\\\/24\\\/keine-heimat-fuer-nazis-friedland-ist-bunt-bericht-der-buergerinitiative\\\/#breadcrumb\",\"itemListElement\":[{\"@type\":\"ListItem\",\"position\":1,\"name\":\"Startseite\",\"item\":\"https:\\\/\\\/radioleinewelle.de\\\/\"},{\"@type\":\"ListItem\",\"position\":2,\"name\":\"\u201eKeine Heimat f\u00fcr Nazis &#8211; Friedland ist bunt\u201c &#8211; Bericht der B\u00fcrgerinitiative\"}]},{\"@type\":\"WebSite\",\"@id\":\"https:\\\/\\\/radioleinewelle.de\\\/#website\",\"url\":\"https:\\\/\\\/radioleinewelle.de\\\/\",\"name\":\"Radio Leinewelle\",\"description\":\"\",\"publisher\":{\"@id\":\"https:\\\/\\\/radioleinewelle.de\\\/#organization\"},\"potentialAction\":[{\"@type\":\"SearchAction\",\"target\":{\"@type\":\"EntryPoint\",\"urlTemplate\":\"https:\\\/\\\/radioleinewelle.de\\\/?s={search_term_string}\"},\"query-input\":{\"@type\":\"PropertyValueSpecification\",\"valueRequired\":true,\"valueName\":\"search_term_string\"}}],\"inLanguage\":\"de\"},{\"@type\":\"Organization\",\"@id\":\"https:\\\/\\\/radioleinewelle.de\\\/#organization\",\"name\":\"Radio Leinewelle\",\"alternateName\":\"Mein Radio f\u00fcr S\u00fcdniedersachsen\",\"url\":\"https:\\\/\\\/radioleinewelle.de\\\/\",\"logo\":{\"@type\":\"ImageObject\",\"inLanguage\":\"de\",\"@id\":\"https:\\\/\\\/radioleinewelle.de\\\/#\\\/schema\\\/logo\\\/image\\\/\",\"url\":\"https:\\\/\\\/radioleinewelle.de\\\/wp-content\\\/uploads\\\/2023\\\/11\\\/cropped-Leinewelle_Logo_weiss.png\",\"contentUrl\":\"https:\\\/\\\/radioleinewelle.de\\\/wp-content\\\/uploads\\\/2023\\\/11\\\/cropped-Leinewelle_Logo_weiss.png\",\"width\":854,\"height\":260,\"caption\":\"Radio Leinewelle\"},\"image\":{\"@id\":\"https:\\\/\\\/radioleinewelle.de\\\/#\\\/schema\\\/logo\\\/image\\\/\"},\"sameAs\":[\"https:\\\/\\\/www.facebook.com\\\/radioleinewelle\",\"https:\\\/\\\/x.com\\\/RLeinewelle\",\"https:\\\/\\\/www.instagram.com\\\/radioleinewelle\\\/?hl=de\"]},{\"@type\":\"Person\",\"@id\":\"https:\\\/\\\/radioleinewelle.de\\\/#\\\/schema\\\/person\\\/45606f348637df637192dc1b68399a63\",\"name\":\"Leinewelle\",\"image\":{\"@type\":\"ImageObject\",\"inLanguage\":\"de\",\"@id\":\"https:\\\/\\\/secure.gravatar.com\\\/avatar\\\/05c9a17bc973052ee5d91549bd32fb4dd0dc85b7b85ae94b2e2b4943476bbea5?s=96&d=blank&r=g\",\"url\":\"https:\\\/\\\/secure.gravatar.com\\\/avatar\\\/05c9a17bc973052ee5d91549bd32fb4dd0dc85b7b85ae94b2e2b4943476bbea5?s=96&d=blank&r=g\",\"contentUrl\":\"https:\\\/\\\/secure.gravatar.com\\\/avatar\\\/05c9a17bc973052ee5d91549bd32fb4dd0dc85b7b85ae94b2e2b4943476bbea5?s=96&d=blank&r=g\",\"caption\":\"Leinewelle\"},\"sameAs\":[\"http:\\\/\\\/localhost\\\/radio%20leinewelle\\\/wordpress\",\"https:\\\/\\\/www.facebook.com\\\/radioleinewelle\",\"https:\\\/\\\/www.instagram.com\\\/radioleinewelle\",\"https:\\\/\\\/x.com\\\/https:\\\/\\\/twitter.com\\\/RLeinewelle?ref_src=twsrcgoogletwcampserptwgrauthor\",\"https:\\\/\\\/soundcloud.com\\\/foerderverein-lokalradio?utm_source=clipboard&utm_medium=text&utm_campaign=social_sharing\"],\"url\":\"https:\\\/\\\/radioleinewelle.de\\\/index.php\\\/author\\\/leinewelle\\\/\"}]}<\/script>\n<!-- \/ Yoast SEO plugin. -->","yoast_head_json":{"title":"\u201eKeine Heimat f\u00fcr Nazis - Friedland ist bunt\u201c - Bericht der B\u00fcrgerinitiative - Radio Leinewelle","robots":{"index":"index","follow":"follow","max-snippet":"max-snippet:-1","max-image-preview":"max-image-preview:large","max-video-preview":"max-video-preview:-1"},"canonical":"https:\/\/radioleinewelle.de\/index.php\/2022\/08\/24\/keine-heimat-fuer-nazis-friedland-ist-bunt-bericht-der-buergerinitiative\/","og_locale":"de_DE","og_type":"article","og_title":"\u201eKeine Heimat f\u00fcr Nazis - Friedland ist bunt\u201c - Bericht der B\u00fcrgerinitiative - Radio Leinewelle","og_description":"Gegen eine Versammlung des rechtsextremen Verbandes \u201eAufbruch Heimat\u201c am vergangenen Samstag, den 20.08.2022, wurde unter dem Motto \u201eKeine Heimat f\u00fcr Nazis- nirgendwo!\u201c am Mahnmal Friedland demonstriert. Aufgerufen hatte das lokale B\u00fcndnis f\u00fcr Vielfalt und Demokratie \u201eFriedland ist bunt\u201c. Die Initiative sieht in der Veranstaltung ein positives Signal der Region gegen rechte Umtriebe. Trotz Ferienzeit, dr\u00fcckender [&hellip;]","og_url":"https:\/\/radioleinewelle.de\/index.php\/2022\/08\/24\/keine-heimat-fuer-nazis-friedland-ist-bunt-bericht-der-buergerinitiative\/","og_site_name":"Radio Leinewelle","article_publisher":"https:\/\/www.facebook.com\/radioleinewelle","article_author":"https:\/\/www.facebook.com\/radioleinewelle","article_published_time":"2022-08-24T04:04:04+00:00","og_image":[{"width":600,"height":289,"url":"https:\/\/radioleinewelle.de\/wp-content\/uploads\/2022\/08\/demozug-20.8.22-friedland-scaled-e1661313813406.jpg","type":"image\/jpeg"}],"author":"Leinewelle","twitter_card":"summary_large_image","twitter_creator":"@https:\/\/twitter.com\/RLeinewelle?ref_src=twsrcgoogletwcampserptwgrauthor","twitter_site":"@RLeinewelle","twitter_misc":{"Verfasst von":"Leinewelle"},"schema":{"@context":"https:\/\/schema.org","@graph":[{"@type":"Article","@id":"https:\/\/radioleinewelle.de\/index.php\/2022\/08\/24\/keine-heimat-fuer-nazis-friedland-ist-bunt-bericht-der-buergerinitiative\/#article","isPartOf":{"@id":"https:\/\/radioleinewelle.de\/index.php\/2022\/08\/24\/keine-heimat-fuer-nazis-friedland-ist-bunt-bericht-der-buergerinitiative\/"},"author":{"name":"Leinewelle","@id":"https:\/\/radioleinewelle.de\/#\/schema\/person\/45606f348637df637192dc1b68399a63"},"headline":"\u201eKeine Heimat f\u00fcr Nazis &#8211; Friedland ist bunt\u201c &#8211; Bericht der B\u00fcrgerinitiative","datePublished":"2022-08-24T04:04:04+00:00","mainEntityOfPage":{"@id":"https:\/\/radioleinewelle.de\/index.php\/2022\/08\/24\/keine-heimat-fuer-nazis-friedland-ist-bunt-bericht-der-buergerinitiative\/"},"wordCount":657,"publisher":{"@id":"https:\/\/radioleinewelle.de\/#organization"},"image":{"@id":"https:\/\/radioleinewelle.de\/index.php\/2022\/08\/24\/keine-heimat-fuer-nazis-friedland-ist-bunt-bericht-der-buergerinitiative\/#primaryimage"},"thumbnailUrl":"https:\/\/radioleinewelle.de\/wp-content\/uploads\/2022\/08\/demozug-20.8.22-friedland-scaled-e1661313813406.jpg","articleSection":["Aktuelle Nachrichten"],"inLanguage":"de"},{"@type":"WebPage","@id":"https:\/\/radioleinewelle.de\/index.php\/2022\/08\/24\/keine-heimat-fuer-nazis-friedland-ist-bunt-bericht-der-buergerinitiative\/","url":"https:\/\/radioleinewelle.de\/index.php\/2022\/08\/24\/keine-heimat-fuer-nazis-friedland-ist-bunt-bericht-der-buergerinitiative\/","name":"\u201eKeine Heimat f\u00fcr Nazis - Friedland ist bunt\u201c - Bericht der B\u00fcrgerinitiative - Radio Leinewelle","isPartOf":{"@id":"https:\/\/radioleinewelle.de\/#website"},"primaryImageOfPage":{"@id":"https:\/\/radioleinewelle.de\/index.php\/2022\/08\/24\/keine-heimat-fuer-nazis-friedland-ist-bunt-bericht-der-buergerinitiative\/#primaryimage"},"image":{"@id":"https:\/\/radioleinewelle.de\/index.php\/2022\/08\/24\/keine-heimat-fuer-nazis-friedland-ist-bunt-bericht-der-buergerinitiative\/#primaryimage"},"thumbnailUrl":"https:\/\/radioleinewelle.de\/wp-content\/uploads\/2022\/08\/demozug-20.8.22-friedland-scaled-e1661313813406.jpg","datePublished":"2022-08-24T04:04:04+00:00","breadcrumb":{"@id":"https:\/\/radioleinewelle.de\/index.php\/2022\/08\/24\/keine-heimat-fuer-nazis-friedland-ist-bunt-bericht-der-buergerinitiative\/#breadcrumb"},"inLanguage":"de","potentialAction":[{"@type":"ReadAction","target":["https:\/\/radioleinewelle.de\/index.php\/2022\/08\/24\/keine-heimat-fuer-nazis-friedland-ist-bunt-bericht-der-buergerinitiative\/"]}]},{"@type":"ImageObject","inLanguage":"de","@id":"https:\/\/radioleinewelle.de\/index.php\/2022\/08\/24\/keine-heimat-fuer-nazis-friedland-ist-bunt-bericht-der-buergerinitiative\/#primaryimage","url":"https:\/\/radioleinewelle.de\/wp-content\/uploads\/2022\/08\/demozug-20.8.22-friedland-scaled-e1661313813406.jpg","contentUrl":"https:\/\/radioleinewelle.de\/wp-content\/uploads\/2022\/08\/demozug-20.8.22-friedland-scaled-e1661313813406.jpg","width":600,"height":289},{"@type":"BreadcrumbList","@id":"https:\/\/radioleinewelle.de\/index.php\/2022\/08\/24\/keine-heimat-fuer-nazis-friedland-ist-bunt-bericht-der-buergerinitiative\/#breadcrumb","itemListElement":[{"@type":"ListItem","position":1,"name":"Startseite","item":"https:\/\/radioleinewelle.de\/"},{"@type":"ListItem","position":2,"name":"\u201eKeine Heimat f\u00fcr Nazis &#8211; Friedland ist bunt\u201c &#8211; Bericht der B\u00fcrgerinitiative"}]},{"@type":"WebSite","@id":"https:\/\/radioleinewelle.de\/#website","url":"https:\/\/radioleinewelle.de\/","name":"Radio Leinewelle","description":"","publisher":{"@id":"https:\/\/radioleinewelle.de\/#organization"},"potentialAction":[{"@type":"SearchAction","target":{"@type":"EntryPoint","urlTemplate":"https:\/\/radioleinewelle.de\/?s={search_term_string}"},"query-input":{"@type":"PropertyValueSpecification","valueRequired":true,"valueName":"search_term_string"}}],"inLanguage":"de"},{"@type":"Organization","@id":"https:\/\/radioleinewelle.de\/#organization","name":"Radio Leinewelle","alternateName":"Mein Radio f\u00fcr S\u00fcdniedersachsen","url":"https:\/\/radioleinewelle.de\/","logo":{"@type":"ImageObject","inLanguage":"de","@id":"https:\/\/radioleinewelle.de\/#\/schema\/logo\/image\/","url":"https:\/\/radioleinewelle.de\/wp-content\/uploads\/2023\/11\/cropped-Leinewelle_Logo_weiss.png","contentUrl":"https:\/\/radioleinewelle.de\/wp-content\/uploads\/2023\/11\/cropped-Leinewelle_Logo_weiss.png","width":854,"height":260,"caption":"Radio Leinewelle"},"image":{"@id":"https:\/\/radioleinewelle.de\/#\/schema\/logo\/image\/"},"sameAs":["https:\/\/www.facebook.com\/radioleinewelle","https:\/\/x.com\/RLeinewelle","https:\/\/www.instagram.com\/radioleinewelle\/?hl=de"]},{"@type":"Person","@id":"https:\/\/radioleinewelle.de\/#\/schema\/person\/45606f348637df637192dc1b68399a63","name":"Leinewelle","image":{"@type":"ImageObject","inLanguage":"de","@id":"https:\/\/secure.gravatar.com\/avatar\/05c9a17bc973052ee5d91549bd32fb4dd0dc85b7b85ae94b2e2b4943476bbea5?s=96&d=blank&r=g","url":"https:\/\/secure.gravatar.com\/avatar\/05c9a17bc973052ee5d91549bd32fb4dd0dc85b7b85ae94b2e2b4943476bbea5?s=96&d=blank&r=g","contentUrl":"https:\/\/secure.gravatar.com\/avatar\/05c9a17bc973052ee5d91549bd32fb4dd0dc85b7b85ae94b2e2b4943476bbea5?s=96&d=blank&r=g","caption":"Leinewelle"},"sameAs":["http:\/\/localhost\/radio%20leinewelle\/wordpress","https:\/\/www.facebook.com\/radioleinewelle","https:\/\/www.instagram.com\/radioleinewelle","https:\/\/x.com\/https:\/\/twitter.com\/RLeinewelle?ref_src=twsrcgoogletwcampserptwgrauthor","https:\/\/soundcloud.com\/foerderverein-lokalradio?utm_source=clipboard&utm_medium=text&utm_campaign=social_sharing"],"url":"https:\/\/radioleinewelle.de\/index.php\/author\/leinewelle\/"}]}},"_links":{"self":[{"href":"https:\/\/radioleinewelle.de\/index.php\/wp-json\/wp\/v2\/posts\/15649","targetHints":{"allow":["GET"]}}],"collection":[{"href":"https:\/\/radioleinewelle.de\/index.php\/wp-json\/wp\/v2\/posts"}],"about":[{"href":"https:\/\/radioleinewelle.de\/index.php\/wp-json\/wp\/v2\/types\/post"}],"author":[{"embeddable":true,"href":"https:\/\/radioleinewelle.de\/index.php\/wp-json\/wp\/v2\/users\/1"}],"replies":[{"embeddable":true,"href":"https:\/\/radioleinewelle.de\/index.php\/wp-json\/wp\/v2\/comments?post=15649"}],"version-history":[{"count":0,"href":"https:\/\/radioleinewelle.de\/index.php\/wp-json\/wp\/v2\/posts\/15649\/revisions"}],"wp:featuredmedia":[{"embeddable":true,"href":"https:\/\/radioleinewelle.de\/index.php\/wp-json\/wp\/v2\/media\/15651"}],"wp:attachment":[{"href":"https:\/\/radioleinewelle.de\/index.php\/wp-json\/wp\/v2\/media?parent=15649"}],"wp:term":[{"taxonomy":"category","embeddable":true,"href":"https:\/\/radioleinewelle.de\/index.php\/wp-json\/wp\/v2\/categories?post=15649"},{"taxonomy":"post_tag","embeddable":true,"href":"https:\/\/radioleinewelle.de\/index.php\/wp-json\/wp\/v2\/tags?post=15649"}],"curies":[{"name":"wp","href":"https:\/\/api.w.org\/{rel}","templated":true}]}}