{"id":15673,"date":"2022-08-25T06:35:25","date_gmt":"2022-08-25T04:35:25","guid":{"rendered":"https:\/\/radioleinewelle.de\/?p=15673"},"modified":"2022-08-25T06:35:25","modified_gmt":"2022-08-25T04:35:25","slug":"komm-komm-wie-du-bist-klang-spaziergang-und-hoerspiel-unter-den-baeumen-des-levinparks","status":"publish","type":"post","link":"https:\/\/radioleinewelle.de\/index.php\/2022\/08\/25\/komm-komm-wie-du-bist-klang-spaziergang-und-hoerspiel-unter-den-baeumen-des-levinparks\/","title":{"rendered":"KOMM, KOMM WIE DU BIST Klang-Spaziergang und H\u00f6rspiel unter den B\u00e4umen des LEVINPARKS"},"content":{"rendered":"\n<p>An einem Sommerabend im August wird der Levinpark in der Weststadt zu einem Ort des Lauschens und der Stille. Er l\u00e4dt zu \u00fcberraschenden und fl\u00fcchtigen Momenten ein, und schafft Raum zum Flanieren und Fantasieren. Der Abendspaziergang ist eine Einladung zur Begegnung mit den Bewohner:innen des Parkes und dem Publikum.<\/p>\n\n\n\n<p>Die letzten Wochen hat eine Workshop-Gruppe von Menschen aus der Weststadt und Umgebung sowie ein Team von Spirit Sound Art aus Witzenhausen mit Instrumenten und Kl\u00e4ngen experimentiert, sie haben sich gegenseitig verschiedene Sprachen vorgestellt und sind \u2013 auch ohne die gleiche Sprache zu sprechen \u2013 miteinander ins Gespr\u00e4ch gekommen. Der kleine Spaziergang erz\u00e4hlt von diesen Begegnungen und l\u00e4dt zum Zuh\u00f6ren ein. Man muss kein Deutsch verstehen, man muss nicht gut zu Fu\u00df sein (der kurze Weg ist rollstuhlgeeignet), jede:r ist herzlich willkommen!<br \/><br \/>Im Anschluss an die Workshop-Pr\u00e4sentation kann man in den Genuss einer Klangmassage kommen, oder man bleibt nach Lust &amp; Laune f\u00fcr ein gemeinsames kleines Picknick.<\/p>\n\n\n\n<p><strong>Leitung:<\/strong>&nbsp;Franziska Aeschlimann und Luise Rist<\/p>\n\n\n\n<p><strong>Klang-Spaziergang<\/strong>&nbsp;(\u00f6ffentlich): Sa, 27.08.22, 18 Uhr, Treffpunkt: Zentrum des LEVINPARKS (folgt den Kl\u00e4ngen&#8230;)<\/p>\n\n\n\n<p>Der Eintritt ist FREI! <a href=\"https:\/\/boatpeopleprojekt.de\/levinpark\">Mehr Infos hie<\/a>r<\/p>\n\n\n\n<p><strong>Foto:<\/strong> \u00a9Radio Leinewelle (ta)<\/p>\n","protected":false},"excerpt":{"rendered":"<p>An einem Sommerabend im August wird der Levinpark in der Weststadt zu einem Ort des Lauschens und der Stille. Er l\u00e4dt zu \u00fcberraschenden und fl\u00fcchtigen Momenten ein, und schafft Raum zum Flanieren und Fantasieren. Der Abendspaziergang ist eine Einladung zur Begegnung mit den Bewohner:innen des Parkes und dem Publikum. Die letzten Wochen hat eine Workshop-Gruppe [&hellip;]<\/p>\n","protected":false},"author":1,"featured_media":15674,"comment_status":"closed","ping_status":"closed","sticky":false,"template":"","format":"standard","meta":{"saved_in_kubio":false,"footnotes":""},"categories":[45],"tags":[3293,3294,1020],"class_list":["post-15673","post","type-post","status-publish","format-standard","has-post-thumbnail","hentry","category-kultur","tag-levinpark","tag-spirit-sound-art","tag-weststadt"],"yoast_head":"<!-- This site is optimized with the Yoast SEO plugin v27.4 - https:\/\/yoast.com\/product\/yoast-seo-wordpress\/ -->\n<title>KOMM, KOMM WIE DU BIST Klang-Spaziergang und H\u00f6rspiel unter den B\u00e4umen des LEVINPARKS - Radio Leinewelle<\/title>\n<meta name=\"robots\" content=\"index, follow, max-snippet:-1, max-image-preview:large, max-video-preview:-1\" \/>\n<link rel=\"canonical\" href=\"https:\/\/radioleinewelle.de\/index.php\/2022\/08\/25\/komm-komm-wie-du-bist-klang-spaziergang-und-hoerspiel-unter-den-baeumen-des-levinparks\/\" \/>\n<meta property=\"og:locale\" content=\"de_DE\" \/>\n<meta property=\"og:type\" content=\"article\" \/>\n<meta property=\"og:title\" content=\"KOMM, KOMM WIE DU BIST Klang-Spaziergang und H\u00f6rspiel unter den B\u00e4umen des LEVINPARKS - Radio Leinewelle\" \/>\n<meta property=\"og:description\" content=\"An einem Sommerabend im August wird der Levinpark in der Weststadt zu einem Ort des Lauschens und der Stille. Er l\u00e4dt zu \u00fcberraschenden und fl\u00fcchtigen Momenten ein, und schafft Raum zum Flanieren und Fantasieren. Der Abendspaziergang ist eine Einladung zur Begegnung mit den Bewohner:innen des Parkes und dem Publikum. Die letzten Wochen hat eine Workshop-Gruppe [&hellip;]\" \/>\n<meta property=\"og:url\" content=\"https:\/\/radioleinewelle.de\/index.php\/2022\/08\/25\/komm-komm-wie-du-bist-klang-spaziergang-und-hoerspiel-unter-den-baeumen-des-levinparks\/\" \/>\n<meta property=\"og:site_name\" content=\"Radio Leinewelle\" \/>\n<meta property=\"article:publisher\" content=\"https:\/\/www.facebook.com\/radioleinewelle\" \/>\n<meta property=\"article:author\" content=\"https:\/\/www.facebook.com\/radioleinewelle\" \/>\n<meta property=\"article:published_time\" content=\"2022-08-25T04:35:25+00:00\" \/>\n<meta property=\"og:image\" content=\"https:\/\/radioleinewelle.de\/wp-content\/uploads\/2022\/08\/Wald-e1661402087509.jpg\" \/>\n\t<meta property=\"og:image:width\" content=\"600\" \/>\n\t<meta property=\"og:image:height\" content=\"450\" \/>\n\t<meta property=\"og:image:type\" content=\"image\/jpeg\" \/>\n<meta name=\"author\" content=\"Leinewelle\" \/>\n<meta name=\"twitter:card\" content=\"summary_large_image\" \/>\n<meta name=\"twitter:creator\" content=\"@https:\/\/twitter.com\/RLeinewelle?ref_src=twsrcgoogletwcampserptwgrauthor\" \/>\n<meta name=\"twitter:site\" content=\"@RLeinewelle\" \/>\n<meta name=\"twitter:label1\" content=\"Verfasst von\" \/>\n\t<meta name=\"twitter:data1\" content=\"Leinewelle\" \/>\n<script type=\"application\/ld+json\" class=\"yoast-schema-graph\">{\"@context\":\"https:\\\/\\\/schema.org\",\"@graph\":[{\"@type\":\"Article\",\"@id\":\"https:\\\/\\\/radioleinewelle.de\\\/index.php\\\/2022\\\/08\\\/25\\\/komm-komm-wie-du-bist-klang-spaziergang-und-hoerspiel-unter-den-baeumen-des-levinparks\\\/#article\",\"isPartOf\":{\"@id\":\"https:\\\/\\\/radioleinewelle.de\\\/index.php\\\/2022\\\/08\\\/25\\\/komm-komm-wie-du-bist-klang-spaziergang-und-hoerspiel-unter-den-baeumen-des-levinparks\\\/\"},\"author\":{\"name\":\"Leinewelle\",\"@id\":\"https:\\\/\\\/radioleinewelle.de\\\/#\\\/schema\\\/person\\\/45606f348637df637192dc1b68399a63\"},\"headline\":\"KOMM, KOMM WIE DU BIST Klang-Spaziergang und H\u00f6rspiel unter den B\u00e4umen des LEVINPARKS\",\"datePublished\":\"2022-08-25T04:35:25+00:00\",\"mainEntityOfPage\":{\"@id\":\"https:\\\/\\\/radioleinewelle.de\\\/index.php\\\/2022\\\/08\\\/25\\\/komm-komm-wie-du-bist-klang-spaziergang-und-hoerspiel-unter-den-baeumen-des-levinparks\\\/\"},\"wordCount\":211,\"publisher\":{\"@id\":\"https:\\\/\\\/radioleinewelle.de\\\/#organization\"},\"image\":{\"@id\":\"https:\\\/\\\/radioleinewelle.de\\\/index.php\\\/2022\\\/08\\\/25\\\/komm-komm-wie-du-bist-klang-spaziergang-und-hoerspiel-unter-den-baeumen-des-levinparks\\\/#primaryimage\"},\"thumbnailUrl\":\"https:\\\/\\\/radioleinewelle.de\\\/wp-content\\\/uploads\\\/2022\\\/08\\\/Wald-e1661402087509.jpg\",\"keywords\":[\"Levinpark\",\"Spirit Sound Art\",\"Weststadt\"],\"articleSection\":[\"Kultur\"],\"inLanguage\":\"de\"},{\"@type\":\"WebPage\",\"@id\":\"https:\\\/\\\/radioleinewelle.de\\\/index.php\\\/2022\\\/08\\\/25\\\/komm-komm-wie-du-bist-klang-spaziergang-und-hoerspiel-unter-den-baeumen-des-levinparks\\\/\",\"url\":\"https:\\\/\\\/radioleinewelle.de\\\/index.php\\\/2022\\\/08\\\/25\\\/komm-komm-wie-du-bist-klang-spaziergang-und-hoerspiel-unter-den-baeumen-des-levinparks\\\/\",\"name\":\"KOMM, KOMM WIE DU BIST Klang-Spaziergang und H\u00f6rspiel unter den B\u00e4umen des LEVINPARKS - Radio Leinewelle\",\"isPartOf\":{\"@id\":\"https:\\\/\\\/radioleinewelle.de\\\/#website\"},\"primaryImageOfPage\":{\"@id\":\"https:\\\/\\\/radioleinewelle.de\\\/index.php\\\/2022\\\/08\\\/25\\\/komm-komm-wie-du-bist-klang-spaziergang-und-hoerspiel-unter-den-baeumen-des-levinparks\\\/#primaryimage\"},\"image\":{\"@id\":\"https:\\\/\\\/radioleinewelle.de\\\/index.php\\\/2022\\\/08\\\/25\\\/komm-komm-wie-du-bist-klang-spaziergang-und-hoerspiel-unter-den-baeumen-des-levinparks\\\/#primaryimage\"},\"thumbnailUrl\":\"https:\\\/\\\/radioleinewelle.de\\\/wp-content\\\/uploads\\\/2022\\\/08\\\/Wald-e1661402087509.jpg\",\"datePublished\":\"2022-08-25T04:35:25+00:00\",\"breadcrumb\":{\"@id\":\"https:\\\/\\\/radioleinewelle.de\\\/index.php\\\/2022\\\/08\\\/25\\\/komm-komm-wie-du-bist-klang-spaziergang-und-hoerspiel-unter-den-baeumen-des-levinparks\\\/#breadcrumb\"},\"inLanguage\":\"de\",\"potentialAction\":[{\"@type\":\"ReadAction\",\"target\":[\"https:\\\/\\\/radioleinewelle.de\\\/index.php\\\/2022\\\/08\\\/25\\\/komm-komm-wie-du-bist-klang-spaziergang-und-hoerspiel-unter-den-baeumen-des-levinparks\\\/\"]}]},{\"@type\":\"ImageObject\",\"inLanguage\":\"de\",\"@id\":\"https:\\\/\\\/radioleinewelle.de\\\/index.php\\\/2022\\\/08\\\/25\\\/komm-komm-wie-du-bist-klang-spaziergang-und-hoerspiel-unter-den-baeumen-des-levinparks\\\/#primaryimage\",\"url\":\"https:\\\/\\\/radioleinewelle.de\\\/wp-content\\\/uploads\\\/2022\\\/08\\\/Wald-e1661402087509.jpg\",\"contentUrl\":\"https:\\\/\\\/radioleinewelle.de\\\/wp-content\\\/uploads\\\/2022\\\/08\\\/Wald-e1661402087509.jpg\",\"width\":600,\"height\":450},{\"@type\":\"BreadcrumbList\",\"@id\":\"https:\\\/\\\/radioleinewelle.de\\\/index.php\\\/2022\\\/08\\\/25\\\/komm-komm-wie-du-bist-klang-spaziergang-und-hoerspiel-unter-den-baeumen-des-levinparks\\\/#breadcrumb\",\"itemListElement\":[{\"@type\":\"ListItem\",\"position\":1,\"name\":\"Startseite\",\"item\":\"https:\\\/\\\/radioleinewelle.de\\\/\"},{\"@type\":\"ListItem\",\"position\":2,\"name\":\"KOMM, KOMM WIE DU BIST Klang-Spaziergang und H\u00f6rspiel unter den B\u00e4umen des LEVINPARKS\"}]},{\"@type\":\"WebSite\",\"@id\":\"https:\\\/\\\/radioleinewelle.de\\\/#website\",\"url\":\"https:\\\/\\\/radioleinewelle.de\\\/\",\"name\":\"Radio Leinewelle\",\"description\":\"\",\"publisher\":{\"@id\":\"https:\\\/\\\/radioleinewelle.de\\\/#organization\"},\"potentialAction\":[{\"@type\":\"SearchAction\",\"target\":{\"@type\":\"EntryPoint\",\"urlTemplate\":\"https:\\\/\\\/radioleinewelle.de\\\/?s={search_term_string}\"},\"query-input\":{\"@type\":\"PropertyValueSpecification\",\"valueRequired\":true,\"valueName\":\"search_term_string\"}}],\"inLanguage\":\"de\"},{\"@type\":\"Organization\",\"@id\":\"https:\\\/\\\/radioleinewelle.de\\\/#organization\",\"name\":\"Radio Leinewelle\",\"alternateName\":\"Mein Radio f\u00fcr S\u00fcdniedersachsen\",\"url\":\"https:\\\/\\\/radioleinewelle.de\\\/\",\"logo\":{\"@type\":\"ImageObject\",\"inLanguage\":\"de\",\"@id\":\"https:\\\/\\\/radioleinewelle.de\\\/#\\\/schema\\\/logo\\\/image\\\/\",\"url\":\"https:\\\/\\\/radioleinewelle.de\\\/wp-content\\\/uploads\\\/2023\\\/11\\\/cropped-Leinewelle_Logo_weiss.png\",\"contentUrl\":\"https:\\\/\\\/radioleinewelle.de\\\/wp-content\\\/uploads\\\/2023\\\/11\\\/cropped-Leinewelle_Logo_weiss.png\",\"width\":854,\"height\":260,\"caption\":\"Radio Leinewelle\"},\"image\":{\"@id\":\"https:\\\/\\\/radioleinewelle.de\\\/#\\\/schema\\\/logo\\\/image\\\/\"},\"sameAs\":[\"https:\\\/\\\/www.facebook.com\\\/radioleinewelle\",\"https:\\\/\\\/x.com\\\/RLeinewelle\",\"https:\\\/\\\/www.instagram.com\\\/radioleinewelle\\\/?hl=de\"]},{\"@type\":\"Person\",\"@id\":\"https:\\\/\\\/radioleinewelle.de\\\/#\\\/schema\\\/person\\\/45606f348637df637192dc1b68399a63\",\"name\":\"Leinewelle\",\"image\":{\"@type\":\"ImageObject\",\"inLanguage\":\"de\",\"@id\":\"https:\\\/\\\/secure.gravatar.com\\\/avatar\\\/05c9a17bc973052ee5d91549bd32fb4dd0dc85b7b85ae94b2e2b4943476bbea5?s=96&d=blank&r=g\",\"url\":\"https:\\\/\\\/secure.gravatar.com\\\/avatar\\\/05c9a17bc973052ee5d91549bd32fb4dd0dc85b7b85ae94b2e2b4943476bbea5?s=96&d=blank&r=g\",\"contentUrl\":\"https:\\\/\\\/secure.gravatar.com\\\/avatar\\\/05c9a17bc973052ee5d91549bd32fb4dd0dc85b7b85ae94b2e2b4943476bbea5?s=96&d=blank&r=g\",\"caption\":\"Leinewelle\"},\"sameAs\":[\"http:\\\/\\\/localhost\\\/radio%20leinewelle\\\/wordpress\",\"https:\\\/\\\/www.facebook.com\\\/radioleinewelle\",\"https:\\\/\\\/www.instagram.com\\\/radioleinewelle\",\"https:\\\/\\\/x.com\\\/https:\\\/\\\/twitter.com\\\/RLeinewelle?ref_src=twsrcgoogletwcampserptwgrauthor\",\"https:\\\/\\\/soundcloud.com\\\/foerderverein-lokalradio?utm_source=clipboard&utm_medium=text&utm_campaign=social_sharing\"],\"url\":\"https:\\\/\\\/radioleinewelle.de\\\/index.php\\\/author\\\/leinewelle\\\/\"}]}<\/script>\n<!-- \/ Yoast SEO plugin. -->","yoast_head_json":{"title":"KOMM, KOMM WIE DU BIST Klang-Spaziergang und H\u00f6rspiel unter den B\u00e4umen des LEVINPARKS - Radio Leinewelle","robots":{"index":"index","follow":"follow","max-snippet":"max-snippet:-1","max-image-preview":"max-image-preview:large","max-video-preview":"max-video-preview:-1"},"canonical":"https:\/\/radioleinewelle.de\/index.php\/2022\/08\/25\/komm-komm-wie-du-bist-klang-spaziergang-und-hoerspiel-unter-den-baeumen-des-levinparks\/","og_locale":"de_DE","og_type":"article","og_title":"KOMM, KOMM WIE DU BIST Klang-Spaziergang und H\u00f6rspiel unter den B\u00e4umen des LEVINPARKS - Radio Leinewelle","og_description":"An einem Sommerabend im August wird der Levinpark in der Weststadt zu einem Ort des Lauschens und der Stille. Er l\u00e4dt zu \u00fcberraschenden und fl\u00fcchtigen Momenten ein, und schafft Raum zum Flanieren und Fantasieren. Der Abendspaziergang ist eine Einladung zur Begegnung mit den Bewohner:innen des Parkes und dem Publikum. Die letzten Wochen hat eine Workshop-Gruppe [&hellip;]","og_url":"https:\/\/radioleinewelle.de\/index.php\/2022\/08\/25\/komm-komm-wie-du-bist-klang-spaziergang-und-hoerspiel-unter-den-baeumen-des-levinparks\/","og_site_name":"Radio Leinewelle","article_publisher":"https:\/\/www.facebook.com\/radioleinewelle","article_author":"https:\/\/www.facebook.com\/radioleinewelle","article_published_time":"2022-08-25T04:35:25+00:00","og_image":[{"width":600,"height":450,"url":"https:\/\/radioleinewelle.de\/wp-content\/uploads\/2022\/08\/Wald-e1661402087509.jpg","type":"image\/jpeg"}],"author":"Leinewelle","twitter_card":"summary_large_image","twitter_creator":"@https:\/\/twitter.com\/RLeinewelle?ref_src=twsrcgoogletwcampserptwgrauthor","twitter_site":"@RLeinewelle","twitter_misc":{"Verfasst von":"Leinewelle"},"schema":{"@context":"https:\/\/schema.org","@graph":[{"@type":"Article","@id":"https:\/\/radioleinewelle.de\/index.php\/2022\/08\/25\/komm-komm-wie-du-bist-klang-spaziergang-und-hoerspiel-unter-den-baeumen-des-levinparks\/#article","isPartOf":{"@id":"https:\/\/radioleinewelle.de\/index.php\/2022\/08\/25\/komm-komm-wie-du-bist-klang-spaziergang-und-hoerspiel-unter-den-baeumen-des-levinparks\/"},"author":{"name":"Leinewelle","@id":"https:\/\/radioleinewelle.de\/#\/schema\/person\/45606f348637df637192dc1b68399a63"},"headline":"KOMM, KOMM WIE DU BIST Klang-Spaziergang und H\u00f6rspiel unter den B\u00e4umen des LEVINPARKS","datePublished":"2022-08-25T04:35:25+00:00","mainEntityOfPage":{"@id":"https:\/\/radioleinewelle.de\/index.php\/2022\/08\/25\/komm-komm-wie-du-bist-klang-spaziergang-und-hoerspiel-unter-den-baeumen-des-levinparks\/"},"wordCount":211,"publisher":{"@id":"https:\/\/radioleinewelle.de\/#organization"},"image":{"@id":"https:\/\/radioleinewelle.de\/index.php\/2022\/08\/25\/komm-komm-wie-du-bist-klang-spaziergang-und-hoerspiel-unter-den-baeumen-des-levinparks\/#primaryimage"},"thumbnailUrl":"https:\/\/radioleinewelle.de\/wp-content\/uploads\/2022\/08\/Wald-e1661402087509.jpg","keywords":["Levinpark","Spirit Sound Art","Weststadt"],"articleSection":["Kultur"],"inLanguage":"de"},{"@type":"WebPage","@id":"https:\/\/radioleinewelle.de\/index.php\/2022\/08\/25\/komm-komm-wie-du-bist-klang-spaziergang-und-hoerspiel-unter-den-baeumen-des-levinparks\/","url":"https:\/\/radioleinewelle.de\/index.php\/2022\/08\/25\/komm-komm-wie-du-bist-klang-spaziergang-und-hoerspiel-unter-den-baeumen-des-levinparks\/","name":"KOMM, KOMM WIE DU BIST Klang-Spaziergang und H\u00f6rspiel unter den B\u00e4umen des LEVINPARKS - Radio Leinewelle","isPartOf":{"@id":"https:\/\/radioleinewelle.de\/#website"},"primaryImageOfPage":{"@id":"https:\/\/radioleinewelle.de\/index.php\/2022\/08\/25\/komm-komm-wie-du-bist-klang-spaziergang-und-hoerspiel-unter-den-baeumen-des-levinparks\/#primaryimage"},"image":{"@id":"https:\/\/radioleinewelle.de\/index.php\/2022\/08\/25\/komm-komm-wie-du-bist-klang-spaziergang-und-hoerspiel-unter-den-baeumen-des-levinparks\/#primaryimage"},"thumbnailUrl":"https:\/\/radioleinewelle.de\/wp-content\/uploads\/2022\/08\/Wald-e1661402087509.jpg","datePublished":"2022-08-25T04:35:25+00:00","breadcrumb":{"@id":"https:\/\/radioleinewelle.de\/index.php\/2022\/08\/25\/komm-komm-wie-du-bist-klang-spaziergang-und-hoerspiel-unter-den-baeumen-des-levinparks\/#breadcrumb"},"inLanguage":"de","potentialAction":[{"@type":"ReadAction","target":["https:\/\/radioleinewelle.de\/index.php\/2022\/08\/25\/komm-komm-wie-du-bist-klang-spaziergang-und-hoerspiel-unter-den-baeumen-des-levinparks\/"]}]},{"@type":"ImageObject","inLanguage":"de","@id":"https:\/\/radioleinewelle.de\/index.php\/2022\/08\/25\/komm-komm-wie-du-bist-klang-spaziergang-und-hoerspiel-unter-den-baeumen-des-levinparks\/#primaryimage","url":"https:\/\/radioleinewelle.de\/wp-content\/uploads\/2022\/08\/Wald-e1661402087509.jpg","contentUrl":"https:\/\/radioleinewelle.de\/wp-content\/uploads\/2022\/08\/Wald-e1661402087509.jpg","width":600,"height":450},{"@type":"BreadcrumbList","@id":"https:\/\/radioleinewelle.de\/index.php\/2022\/08\/25\/komm-komm-wie-du-bist-klang-spaziergang-und-hoerspiel-unter-den-baeumen-des-levinparks\/#breadcrumb","itemListElement":[{"@type":"ListItem","position":1,"name":"Startseite","item":"https:\/\/radioleinewelle.de\/"},{"@type":"ListItem","position":2,"name":"KOMM, KOMM WIE DU BIST Klang-Spaziergang und H\u00f6rspiel unter den B\u00e4umen des LEVINPARKS"}]},{"@type":"WebSite","@id":"https:\/\/radioleinewelle.de\/#website","url":"https:\/\/radioleinewelle.de\/","name":"Radio Leinewelle","description":"","publisher":{"@id":"https:\/\/radioleinewelle.de\/#organization"},"potentialAction":[{"@type":"SearchAction","target":{"@type":"EntryPoint","urlTemplate":"https:\/\/radioleinewelle.de\/?s={search_term_string}"},"query-input":{"@type":"PropertyValueSpecification","valueRequired":true,"valueName":"search_term_string"}}],"inLanguage":"de"},{"@type":"Organization","@id":"https:\/\/radioleinewelle.de\/#organization","name":"Radio Leinewelle","alternateName":"Mein Radio f\u00fcr S\u00fcdniedersachsen","url":"https:\/\/radioleinewelle.de\/","logo":{"@type":"ImageObject","inLanguage":"de","@id":"https:\/\/radioleinewelle.de\/#\/schema\/logo\/image\/","url":"https:\/\/radioleinewelle.de\/wp-content\/uploads\/2023\/11\/cropped-Leinewelle_Logo_weiss.png","contentUrl":"https:\/\/radioleinewelle.de\/wp-content\/uploads\/2023\/11\/cropped-Leinewelle_Logo_weiss.png","width":854,"height":260,"caption":"Radio Leinewelle"},"image":{"@id":"https:\/\/radioleinewelle.de\/#\/schema\/logo\/image\/"},"sameAs":["https:\/\/www.facebook.com\/radioleinewelle","https:\/\/x.com\/RLeinewelle","https:\/\/www.instagram.com\/radioleinewelle\/?hl=de"]},{"@type":"Person","@id":"https:\/\/radioleinewelle.de\/#\/schema\/person\/45606f348637df637192dc1b68399a63","name":"Leinewelle","image":{"@type":"ImageObject","inLanguage":"de","@id":"https:\/\/secure.gravatar.com\/avatar\/05c9a17bc973052ee5d91549bd32fb4dd0dc85b7b85ae94b2e2b4943476bbea5?s=96&d=blank&r=g","url":"https:\/\/secure.gravatar.com\/avatar\/05c9a17bc973052ee5d91549bd32fb4dd0dc85b7b85ae94b2e2b4943476bbea5?s=96&d=blank&r=g","contentUrl":"https:\/\/secure.gravatar.com\/avatar\/05c9a17bc973052ee5d91549bd32fb4dd0dc85b7b85ae94b2e2b4943476bbea5?s=96&d=blank&r=g","caption":"Leinewelle"},"sameAs":["http:\/\/localhost\/radio%20leinewelle\/wordpress","https:\/\/www.facebook.com\/radioleinewelle","https:\/\/www.instagram.com\/radioleinewelle","https:\/\/x.com\/https:\/\/twitter.com\/RLeinewelle?ref_src=twsrcgoogletwcampserptwgrauthor","https:\/\/soundcloud.com\/foerderverein-lokalradio?utm_source=clipboard&utm_medium=text&utm_campaign=social_sharing"],"url":"https:\/\/radioleinewelle.de\/index.php\/author\/leinewelle\/"}]}},"_links":{"self":[{"href":"https:\/\/radioleinewelle.de\/index.php\/wp-json\/wp\/v2\/posts\/15673","targetHints":{"allow":["GET"]}}],"collection":[{"href":"https:\/\/radioleinewelle.de\/index.php\/wp-json\/wp\/v2\/posts"}],"about":[{"href":"https:\/\/radioleinewelle.de\/index.php\/wp-json\/wp\/v2\/types\/post"}],"author":[{"embeddable":true,"href":"https:\/\/radioleinewelle.de\/index.php\/wp-json\/wp\/v2\/users\/1"}],"replies":[{"embeddable":true,"href":"https:\/\/radioleinewelle.de\/index.php\/wp-json\/wp\/v2\/comments?post=15673"}],"version-history":[{"count":0,"href":"https:\/\/radioleinewelle.de\/index.php\/wp-json\/wp\/v2\/posts\/15673\/revisions"}],"wp:featuredmedia":[{"embeddable":true,"href":"https:\/\/radioleinewelle.de\/index.php\/wp-json\/wp\/v2\/media\/15674"}],"wp:attachment":[{"href":"https:\/\/radioleinewelle.de\/index.php\/wp-json\/wp\/v2\/media?parent=15673"}],"wp:term":[{"taxonomy":"category","embeddable":true,"href":"https:\/\/radioleinewelle.de\/index.php\/wp-json\/wp\/v2\/categories?post=15673"},{"taxonomy":"post_tag","embeddable":true,"href":"https:\/\/radioleinewelle.de\/index.php\/wp-json\/wp\/v2\/tags?post=15673"}],"curies":[{"name":"wp","href":"https:\/\/api.w.org\/{rel}","templated":true}]}}