{"id":1568,"date":"2020-09-12T05:38:06","date_gmt":"2020-09-12T03:38:06","guid":{"rendered":"https:\/\/radioleinewelle.de\/?p=1568"},"modified":"2020-09-12T05:38:06","modified_gmt":"2020-09-12T03:38:06","slug":"cdu-fordert-die-aufnahme-von-50-gefluechteten-ausabgebranntem-lager-moria-im-landkreis-goettingen","status":"publish","type":"post","link":"https:\/\/radioleinewelle.de\/index.php\/2020\/09\/12\/cdu-fordert-die-aufnahme-von-50-gefluechteten-ausabgebranntem-lager-moria-im-landkreis-goettingen\/","title":{"rendered":"CDU fordert die Aufnahme von 50 Gefl\u00fcchteten aus abgebranntem Lager \u201eMoria\u201c im Landkreis G\u00f6ttingen"},"content":{"rendered":"<div class=\"page\" title=\"Page 1\">\n<div class=\"layoutArea\">\n<div class=\"column\">\n<p>Humanit\u00e4re Katastrophe beenden: Europ\u00e4ische L\u00f6sung f\u00fcr Asyl- und Migrationspaket \u2013 CDU fordert die Aufnahme von 50 Gefl\u00fcchteten ausabgebranntem Lager \u201eMoria\u201c im Landkreis G\u00f6ttingen.\u00a0Mit einem Antrag zur kommenden Sitzung des Kreistages am 30.09.2020 richtet die CDU einen Appell an die Europ\u00e4ische Kommission, eine gemeinsame europ\u00e4ische L\u00f6sung f\u00fcr einen fairen Verteilschl\u00fcssel Gefl\u00fcchteter sowie das Asyl- und Migrationspaket umzusetzen.\u00a0Im Landkreis G\u00f6ttingen dr\u00e4ngt die CDU als Zeichen der solidarischen Hilfe und Anteilnahmean den Schrecken des Brandes im Lager \u201eMoria\u201c auf die Aufnahme und Unterbringung von50 Gefl\u00fcchteten. Diese sollen unkompliziert auf die bestehende Aufnahmequote des Landkreises G\u00f6ttingen angerechnet werden.<\/p>\n<p>Dazu der Fraktionsvorsitzende Andreas K\u00f6rner: \u201eDie Bilder des Abbrennens des Lagers \u201eMoria\u201c auf der griechischen Insel Lesbos verdeutlichen die Ausweglosigkeit und Dramatikder Situation der Gefl\u00fcchteten. Sie sind in erster Linie ein Hilferuf, der an die gesamte Bev\u00f6lkerung der EU ging und in der Europ\u00e4ischen Kommission gel\u00f6st werden muss. F\u00fcr uns Kommunalpolitiker vor Ort steht fest, dass wir ein Zeichen daf\u00fcr setzen, weiterhin helfen zu wollen. F\u00fcr die CDU ist klar, dass eine lebensgef\u00e4hrliche vors\u00e4tzliche Brandstiftung nicht tolerierbar ist. Menschen, denen durch die Brandstiftung zus\u00e4tzliche Not zugef\u00fcgt wurde, muss jedoch geholfen werden. Die zugewiesene Aufnahmequote des Landkreises ist bislang nicht erf\u00fcllt und l\u00e4sst es zu, 50 Personen aus dem humanit\u00e4ren Krisengebiet auf europ\u00e4ischen Boden aufzunehmen.\u201c<\/p>\n<p>&nbsp;<\/p>\n<\/div>\n<\/div>\n<\/div>\n<p>Bild von <a href=\"https:\/\/pixabay.com\/de\/users\/geralt-9301\/?utm_source=link-attribution&amp;utm_medium=referral&amp;utm_campaign=image&amp;utm_content=4904411\">Gerd Altmann<\/a> auf <a href=\"https:\/\/pixabay.com\/de\/?utm_source=link-attribution&amp;utm_medium=referral&amp;utm_campaign=image&amp;utm_content=4904411\">Pixabay<\/a><\/p>\n","protected":false},"excerpt":{"rendered":"<p>Humanit\u00e4re Katastrophe beenden: Europ\u00e4ische L\u00f6sung f\u00fcr Asyl- und Migrationspaket \u2013 CDU fordert die Aufnahme von 50 Gefl\u00fcchteten ausabgebranntem Lager \u201eMoria\u201c im Landkreis G\u00f6ttingen.\u00a0Mit einem Antrag zur kommenden Sitzung des Kreistages am 30.09.2020 richtet die CDU einen Appell an die Europ\u00e4ische Kommission, eine gemeinsame europ\u00e4ische L\u00f6sung f\u00fcr einen fairen Verteilschl\u00fcssel Gefl\u00fcchteter sowie das Asyl- und Migrationspaket [&hellip;]<\/p>\n","protected":false},"author":1,"featured_media":0,"comment_status":"closed","ping_status":"closed","sticky":false,"template":"","format":"standard","meta":{"saved_in_kubio":false,"footnotes":""},"categories":[24],"tags":[],"class_list":["post-1568","post","type-post","status-publish","format-standard","hentry","category-news"],"yoast_head":"<!-- This site is optimized with the Yoast SEO plugin v27.5 - https:\/\/yoast.com\/product\/yoast-seo-wordpress\/ -->\n<title>CDU fordert die Aufnahme von 50 Gefl\u00fcchteten aus abgebranntem Lager \u201eMoria\u201c im Landkreis G\u00f6ttingen - Radio Leinewelle<\/title>\n<meta name=\"robots\" content=\"index, follow, max-snippet:-1, max-image-preview:large, max-video-preview:-1\" \/>\n<link rel=\"canonical\" href=\"https:\/\/radioleinewelle.de\/index.php\/2020\/09\/12\/cdu-fordert-die-aufnahme-von-50-gefluechteten-ausabgebranntem-lager-moria-im-landkreis-goettingen\/\" \/>\n<meta property=\"og:locale\" content=\"de_DE\" \/>\n<meta property=\"og:type\" content=\"article\" \/>\n<meta property=\"og:title\" content=\"CDU fordert die Aufnahme von 50 Gefl\u00fcchteten aus abgebranntem Lager \u201eMoria\u201c im Landkreis G\u00f6ttingen - Radio Leinewelle\" \/>\n<meta property=\"og:description\" content=\"Humanit\u00e4re Katastrophe beenden: Europ\u00e4ische L\u00f6sung f\u00fcr Asyl- und Migrationspaket \u2013 CDU fordert die Aufnahme von 50 Gefl\u00fcchteten ausabgebranntem Lager \u201eMoria\u201c im Landkreis G\u00f6ttingen.\u00a0Mit einem Antrag zur kommenden Sitzung des Kreistages am 30.09.2020 richtet die CDU einen Appell an die Europ\u00e4ische Kommission, eine gemeinsame europ\u00e4ische L\u00f6sung f\u00fcr einen fairen Verteilschl\u00fcssel Gefl\u00fcchteter sowie das Asyl- und Migrationspaket [&hellip;]\" \/>\n<meta property=\"og:url\" content=\"https:\/\/radioleinewelle.de\/index.php\/2020\/09\/12\/cdu-fordert-die-aufnahme-von-50-gefluechteten-ausabgebranntem-lager-moria-im-landkreis-goettingen\/\" \/>\n<meta property=\"og:site_name\" content=\"Radio Leinewelle\" \/>\n<meta property=\"article:publisher\" content=\"https:\/\/www.facebook.com\/radioleinewelle\" \/>\n<meta property=\"article:author\" content=\"https:\/\/www.facebook.com\/radioleinewelle\" \/>\n<meta property=\"article:published_time\" content=\"2020-09-12T03:38:06+00:00\" \/>\n<meta name=\"author\" content=\"Leinewelle\" \/>\n<meta name=\"twitter:card\" content=\"summary_large_image\" \/>\n<meta name=\"twitter:creator\" content=\"@https:\/\/twitter.com\/RLeinewelle?ref_src=twsrcgoogletwcampserptwgrauthor\" \/>\n<meta name=\"twitter:site\" content=\"@RLeinewelle\" \/>\n<meta name=\"twitter:label1\" content=\"Verfasst von\" \/>\n\t<meta name=\"twitter:data1\" content=\"Leinewelle\" \/>\n\t<meta name=\"twitter:label2\" content=\"Gesch\u00e4tzte Lesezeit\" \/>\n\t<meta name=\"twitter:data2\" content=\"1\u00a0Minute\" \/>\n<script type=\"application\/ld+json\" class=\"yoast-schema-graph\">{\"@context\":\"https:\\\/\\\/schema.org\",\"@graph\":[{\"@type\":\"Article\",\"@id\":\"https:\\\/\\\/radioleinewelle.de\\\/index.php\\\/2020\\\/09\\\/12\\\/cdu-fordert-die-aufnahme-von-50-gefluechteten-ausabgebranntem-lager-moria-im-landkreis-goettingen\\\/#article\",\"isPartOf\":{\"@id\":\"https:\\\/\\\/radioleinewelle.de\\\/index.php\\\/2020\\\/09\\\/12\\\/cdu-fordert-die-aufnahme-von-50-gefluechteten-ausabgebranntem-lager-moria-im-landkreis-goettingen\\\/\"},\"author\":{\"name\":\"Leinewelle\",\"@id\":\"https:\\\/\\\/radioleinewelle.de\\\/#\\\/schema\\\/person\\\/45606f348637df637192dc1b68399a63\"},\"headline\":\"CDU fordert die Aufnahme von 50 Gefl\u00fcchteten aus abgebranntem Lager \u201eMoria\u201c im Landkreis G\u00f6ttingen\",\"datePublished\":\"2020-09-12T03:38:06+00:00\",\"mainEntityOfPage\":{\"@id\":\"https:\\\/\\\/radioleinewelle.de\\\/index.php\\\/2020\\\/09\\\/12\\\/cdu-fordert-die-aufnahme-von-50-gefluechteten-ausabgebranntem-lager-moria-im-landkreis-goettingen\\\/\"},\"wordCount\":260,\"publisher\":{\"@id\":\"https:\\\/\\\/radioleinewelle.de\\\/#organization\"},\"articleSection\":[\"Aktuelle Nachrichten\"],\"inLanguage\":\"de\"},{\"@type\":\"WebPage\",\"@id\":\"https:\\\/\\\/radioleinewelle.de\\\/index.php\\\/2020\\\/09\\\/12\\\/cdu-fordert-die-aufnahme-von-50-gefluechteten-ausabgebranntem-lager-moria-im-landkreis-goettingen\\\/\",\"url\":\"https:\\\/\\\/radioleinewelle.de\\\/index.php\\\/2020\\\/09\\\/12\\\/cdu-fordert-die-aufnahme-von-50-gefluechteten-ausabgebranntem-lager-moria-im-landkreis-goettingen\\\/\",\"name\":\"CDU fordert die Aufnahme von 50 Gefl\u00fcchteten aus abgebranntem Lager \u201eMoria\u201c im Landkreis G\u00f6ttingen - Radio Leinewelle\",\"isPartOf\":{\"@id\":\"https:\\\/\\\/radioleinewelle.de\\\/#website\"},\"datePublished\":\"2020-09-12T03:38:06+00:00\",\"breadcrumb\":{\"@id\":\"https:\\\/\\\/radioleinewelle.de\\\/index.php\\\/2020\\\/09\\\/12\\\/cdu-fordert-die-aufnahme-von-50-gefluechteten-ausabgebranntem-lager-moria-im-landkreis-goettingen\\\/#breadcrumb\"},\"inLanguage\":\"de\",\"potentialAction\":[{\"@type\":\"ReadAction\",\"target\":[\"https:\\\/\\\/radioleinewelle.de\\\/index.php\\\/2020\\\/09\\\/12\\\/cdu-fordert-die-aufnahme-von-50-gefluechteten-ausabgebranntem-lager-moria-im-landkreis-goettingen\\\/\"]}]},{\"@type\":\"BreadcrumbList\",\"@id\":\"https:\\\/\\\/radioleinewelle.de\\\/index.php\\\/2020\\\/09\\\/12\\\/cdu-fordert-die-aufnahme-von-50-gefluechteten-ausabgebranntem-lager-moria-im-landkreis-goettingen\\\/#breadcrumb\",\"itemListElement\":[{\"@type\":\"ListItem\",\"position\":1,\"name\":\"Startseite\",\"item\":\"https:\\\/\\\/radioleinewelle.de\\\/\"},{\"@type\":\"ListItem\",\"position\":2,\"name\":\"CDU fordert die Aufnahme von 50 Gefl\u00fcchteten aus abgebranntem Lager \u201eMoria\u201c im Landkreis G\u00f6ttingen\"}]},{\"@type\":\"WebSite\",\"@id\":\"https:\\\/\\\/radioleinewelle.de\\\/#website\",\"url\":\"https:\\\/\\\/radioleinewelle.de\\\/\",\"name\":\"Radio Leinewelle\",\"description\":\"\",\"publisher\":{\"@id\":\"https:\\\/\\\/radioleinewelle.de\\\/#organization\"},\"potentialAction\":[{\"@type\":\"SearchAction\",\"target\":{\"@type\":\"EntryPoint\",\"urlTemplate\":\"https:\\\/\\\/radioleinewelle.de\\\/?s={search_term_string}\"},\"query-input\":{\"@type\":\"PropertyValueSpecification\",\"valueRequired\":true,\"valueName\":\"search_term_string\"}}],\"inLanguage\":\"de\"},{\"@type\":\"Organization\",\"@id\":\"https:\\\/\\\/radioleinewelle.de\\\/#organization\",\"name\":\"Radio Leinewelle\",\"alternateName\":\"Mein Radio f\u00fcr S\u00fcdniedersachsen\",\"url\":\"https:\\\/\\\/radioleinewelle.de\\\/\",\"logo\":{\"@type\":\"ImageObject\",\"inLanguage\":\"de\",\"@id\":\"https:\\\/\\\/radioleinewelle.de\\\/#\\\/schema\\\/logo\\\/image\\\/\",\"url\":\"https:\\\/\\\/radioleinewelle.de\\\/wp-content\\\/uploads\\\/2023\\\/11\\\/cropped-Leinewelle_Logo_weiss.png\",\"contentUrl\":\"https:\\\/\\\/radioleinewelle.de\\\/wp-content\\\/uploads\\\/2023\\\/11\\\/cropped-Leinewelle_Logo_weiss.png\",\"width\":854,\"height\":260,\"caption\":\"Radio Leinewelle\"},\"image\":{\"@id\":\"https:\\\/\\\/radioleinewelle.de\\\/#\\\/schema\\\/logo\\\/image\\\/\"},\"sameAs\":[\"https:\\\/\\\/www.facebook.com\\\/radioleinewelle\",\"https:\\\/\\\/x.com\\\/RLeinewelle\",\"https:\\\/\\\/www.instagram.com\\\/radioleinewelle\\\/?hl=de\"]},{\"@type\":\"Person\",\"@id\":\"https:\\\/\\\/radioleinewelle.de\\\/#\\\/schema\\\/person\\\/45606f348637df637192dc1b68399a63\",\"name\":\"Leinewelle\",\"image\":{\"@type\":\"ImageObject\",\"inLanguage\":\"de\",\"@id\":\"https:\\\/\\\/secure.gravatar.com\\\/avatar\\\/05c9a17bc973052ee5d91549bd32fb4dd0dc85b7b85ae94b2e2b4943476bbea5?s=96&d=blank&r=g\",\"url\":\"https:\\\/\\\/secure.gravatar.com\\\/avatar\\\/05c9a17bc973052ee5d91549bd32fb4dd0dc85b7b85ae94b2e2b4943476bbea5?s=96&d=blank&r=g\",\"contentUrl\":\"https:\\\/\\\/secure.gravatar.com\\\/avatar\\\/05c9a17bc973052ee5d91549bd32fb4dd0dc85b7b85ae94b2e2b4943476bbea5?s=96&d=blank&r=g\",\"caption\":\"Leinewelle\"},\"sameAs\":[\"http:\\\/\\\/localhost\\\/radio%20leinewelle\\\/wordpress\",\"https:\\\/\\\/www.facebook.com\\\/radioleinewelle\",\"https:\\\/\\\/www.instagram.com\\\/radioleinewelle\",\"https:\\\/\\\/x.com\\\/https:\\\/\\\/twitter.com\\\/RLeinewelle?ref_src=twsrcgoogletwcampserptwgrauthor\",\"https:\\\/\\\/soundcloud.com\\\/foerderverein-lokalradio?utm_source=clipboard&utm_medium=text&utm_campaign=social_sharing\"],\"url\":\"https:\\\/\\\/radioleinewelle.de\\\/index.php\\\/author\\\/leinewelle\\\/\"}]}<\/script>\n<!-- \/ Yoast SEO plugin. -->","yoast_head_json":{"title":"CDU fordert die Aufnahme von 50 Gefl\u00fcchteten aus abgebranntem Lager \u201eMoria\u201c im Landkreis G\u00f6ttingen - Radio Leinewelle","robots":{"index":"index","follow":"follow","max-snippet":"max-snippet:-1","max-image-preview":"max-image-preview:large","max-video-preview":"max-video-preview:-1"},"canonical":"https:\/\/radioleinewelle.de\/index.php\/2020\/09\/12\/cdu-fordert-die-aufnahme-von-50-gefluechteten-ausabgebranntem-lager-moria-im-landkreis-goettingen\/","og_locale":"de_DE","og_type":"article","og_title":"CDU fordert die Aufnahme von 50 Gefl\u00fcchteten aus abgebranntem Lager \u201eMoria\u201c im Landkreis G\u00f6ttingen - Radio Leinewelle","og_description":"Humanit\u00e4re Katastrophe beenden: Europ\u00e4ische L\u00f6sung f\u00fcr Asyl- und Migrationspaket \u2013 CDU fordert die Aufnahme von 50 Gefl\u00fcchteten ausabgebranntem Lager \u201eMoria\u201c im Landkreis G\u00f6ttingen.\u00a0Mit einem Antrag zur kommenden Sitzung des Kreistages am 30.09.2020 richtet die CDU einen Appell an die Europ\u00e4ische Kommission, eine gemeinsame europ\u00e4ische L\u00f6sung f\u00fcr einen fairen Verteilschl\u00fcssel Gefl\u00fcchteter sowie das Asyl- und Migrationspaket [&hellip;]","og_url":"https:\/\/radioleinewelle.de\/index.php\/2020\/09\/12\/cdu-fordert-die-aufnahme-von-50-gefluechteten-ausabgebranntem-lager-moria-im-landkreis-goettingen\/","og_site_name":"Radio Leinewelle","article_publisher":"https:\/\/www.facebook.com\/radioleinewelle","article_author":"https:\/\/www.facebook.com\/radioleinewelle","article_published_time":"2020-09-12T03:38:06+00:00","author":"Leinewelle","twitter_card":"summary_large_image","twitter_creator":"@https:\/\/twitter.com\/RLeinewelle?ref_src=twsrcgoogletwcampserptwgrauthor","twitter_site":"@RLeinewelle","twitter_misc":{"Verfasst von":"Leinewelle","Gesch\u00e4tzte Lesezeit":"1\u00a0Minute"},"schema":{"@context":"https:\/\/schema.org","@graph":[{"@type":"Article","@id":"https:\/\/radioleinewelle.de\/index.php\/2020\/09\/12\/cdu-fordert-die-aufnahme-von-50-gefluechteten-ausabgebranntem-lager-moria-im-landkreis-goettingen\/#article","isPartOf":{"@id":"https:\/\/radioleinewelle.de\/index.php\/2020\/09\/12\/cdu-fordert-die-aufnahme-von-50-gefluechteten-ausabgebranntem-lager-moria-im-landkreis-goettingen\/"},"author":{"name":"Leinewelle","@id":"https:\/\/radioleinewelle.de\/#\/schema\/person\/45606f348637df637192dc1b68399a63"},"headline":"CDU fordert die Aufnahme von 50 Gefl\u00fcchteten aus abgebranntem Lager \u201eMoria\u201c im Landkreis G\u00f6ttingen","datePublished":"2020-09-12T03:38:06+00:00","mainEntityOfPage":{"@id":"https:\/\/radioleinewelle.de\/index.php\/2020\/09\/12\/cdu-fordert-die-aufnahme-von-50-gefluechteten-ausabgebranntem-lager-moria-im-landkreis-goettingen\/"},"wordCount":260,"publisher":{"@id":"https:\/\/radioleinewelle.de\/#organization"},"articleSection":["Aktuelle Nachrichten"],"inLanguage":"de"},{"@type":"WebPage","@id":"https:\/\/radioleinewelle.de\/index.php\/2020\/09\/12\/cdu-fordert-die-aufnahme-von-50-gefluechteten-ausabgebranntem-lager-moria-im-landkreis-goettingen\/","url":"https:\/\/radioleinewelle.de\/index.php\/2020\/09\/12\/cdu-fordert-die-aufnahme-von-50-gefluechteten-ausabgebranntem-lager-moria-im-landkreis-goettingen\/","name":"CDU fordert die Aufnahme von 50 Gefl\u00fcchteten aus abgebranntem Lager \u201eMoria\u201c im Landkreis G\u00f6ttingen - Radio Leinewelle","isPartOf":{"@id":"https:\/\/radioleinewelle.de\/#website"},"datePublished":"2020-09-12T03:38:06+00:00","breadcrumb":{"@id":"https:\/\/radioleinewelle.de\/index.php\/2020\/09\/12\/cdu-fordert-die-aufnahme-von-50-gefluechteten-ausabgebranntem-lager-moria-im-landkreis-goettingen\/#breadcrumb"},"inLanguage":"de","potentialAction":[{"@type":"ReadAction","target":["https:\/\/radioleinewelle.de\/index.php\/2020\/09\/12\/cdu-fordert-die-aufnahme-von-50-gefluechteten-ausabgebranntem-lager-moria-im-landkreis-goettingen\/"]}]},{"@type":"BreadcrumbList","@id":"https:\/\/radioleinewelle.de\/index.php\/2020\/09\/12\/cdu-fordert-die-aufnahme-von-50-gefluechteten-ausabgebranntem-lager-moria-im-landkreis-goettingen\/#breadcrumb","itemListElement":[{"@type":"ListItem","position":1,"name":"Startseite","item":"https:\/\/radioleinewelle.de\/"},{"@type":"ListItem","position":2,"name":"CDU fordert die Aufnahme von 50 Gefl\u00fcchteten aus abgebranntem Lager \u201eMoria\u201c im Landkreis G\u00f6ttingen"}]},{"@type":"WebSite","@id":"https:\/\/radioleinewelle.de\/#website","url":"https:\/\/radioleinewelle.de\/","name":"Radio Leinewelle","description":"","publisher":{"@id":"https:\/\/radioleinewelle.de\/#organization"},"potentialAction":[{"@type":"SearchAction","target":{"@type":"EntryPoint","urlTemplate":"https:\/\/radioleinewelle.de\/?s={search_term_string}"},"query-input":{"@type":"PropertyValueSpecification","valueRequired":true,"valueName":"search_term_string"}}],"inLanguage":"de"},{"@type":"Organization","@id":"https:\/\/radioleinewelle.de\/#organization","name":"Radio Leinewelle","alternateName":"Mein Radio f\u00fcr S\u00fcdniedersachsen","url":"https:\/\/radioleinewelle.de\/","logo":{"@type":"ImageObject","inLanguage":"de","@id":"https:\/\/radioleinewelle.de\/#\/schema\/logo\/image\/","url":"https:\/\/radioleinewelle.de\/wp-content\/uploads\/2023\/11\/cropped-Leinewelle_Logo_weiss.png","contentUrl":"https:\/\/radioleinewelle.de\/wp-content\/uploads\/2023\/11\/cropped-Leinewelle_Logo_weiss.png","width":854,"height":260,"caption":"Radio Leinewelle"},"image":{"@id":"https:\/\/radioleinewelle.de\/#\/schema\/logo\/image\/"},"sameAs":["https:\/\/www.facebook.com\/radioleinewelle","https:\/\/x.com\/RLeinewelle","https:\/\/www.instagram.com\/radioleinewelle\/?hl=de"]},{"@type":"Person","@id":"https:\/\/radioleinewelle.de\/#\/schema\/person\/45606f348637df637192dc1b68399a63","name":"Leinewelle","image":{"@type":"ImageObject","inLanguage":"de","@id":"https:\/\/secure.gravatar.com\/avatar\/05c9a17bc973052ee5d91549bd32fb4dd0dc85b7b85ae94b2e2b4943476bbea5?s=96&d=blank&r=g","url":"https:\/\/secure.gravatar.com\/avatar\/05c9a17bc973052ee5d91549bd32fb4dd0dc85b7b85ae94b2e2b4943476bbea5?s=96&d=blank&r=g","contentUrl":"https:\/\/secure.gravatar.com\/avatar\/05c9a17bc973052ee5d91549bd32fb4dd0dc85b7b85ae94b2e2b4943476bbea5?s=96&d=blank&r=g","caption":"Leinewelle"},"sameAs":["http:\/\/localhost\/radio%20leinewelle\/wordpress","https:\/\/www.facebook.com\/radioleinewelle","https:\/\/www.instagram.com\/radioleinewelle","https:\/\/x.com\/https:\/\/twitter.com\/RLeinewelle?ref_src=twsrcgoogletwcampserptwgrauthor","https:\/\/soundcloud.com\/foerderverein-lokalradio?utm_source=clipboard&utm_medium=text&utm_campaign=social_sharing"],"url":"https:\/\/radioleinewelle.de\/index.php\/author\/leinewelle\/"}]}},"_links":{"self":[{"href":"https:\/\/radioleinewelle.de\/index.php\/wp-json\/wp\/v2\/posts\/1568","targetHints":{"allow":["GET"]}}],"collection":[{"href":"https:\/\/radioleinewelle.de\/index.php\/wp-json\/wp\/v2\/posts"}],"about":[{"href":"https:\/\/radioleinewelle.de\/index.php\/wp-json\/wp\/v2\/types\/post"}],"author":[{"embeddable":true,"href":"https:\/\/radioleinewelle.de\/index.php\/wp-json\/wp\/v2\/users\/1"}],"replies":[{"embeddable":true,"href":"https:\/\/radioleinewelle.de\/index.php\/wp-json\/wp\/v2\/comments?post=1568"}],"version-history":[{"count":0,"href":"https:\/\/radioleinewelle.de\/index.php\/wp-json\/wp\/v2\/posts\/1568\/revisions"}],"wp:attachment":[{"href":"https:\/\/radioleinewelle.de\/index.php\/wp-json\/wp\/v2\/media?parent=1568"}],"wp:term":[{"taxonomy":"category","embeddable":true,"href":"https:\/\/radioleinewelle.de\/index.php\/wp-json\/wp\/v2\/categories?post=1568"},{"taxonomy":"post_tag","embeddable":true,"href":"https:\/\/radioleinewelle.de\/index.php\/wp-json\/wp\/v2\/tags?post=1568"}],"curies":[{"name":"wp","href":"https:\/\/api.w.org\/{rel}","templated":true}]}}