{"id":1574,"date":"2020-09-14T08:13:36","date_gmt":"2020-09-14T06:13:36","guid":{"rendered":"https:\/\/radioleinewelle.de\/?p=1574"},"modified":"2020-09-14T08:13:36","modified_gmt":"2020-09-14T06:13:36","slug":"isabel-nuno-de-buen-erhaelt-sprengel-preis-fuer-bildende-kunst-2021","status":"publish","type":"post","link":"https:\/\/radioleinewelle.de\/index.php\/2020\/09\/14\/isabel-nuno-de-buen-erhaelt-sprengel-preis-fuer-bildende-kunst-2021\/","title":{"rendered":"Isabel Nu\u00f1o de Buen erh\u00e4lt Sprengel-Preis f\u00fcr Bildende Kunst 2021"},"content":{"rendered":"<p>Die Nieders\u00e4chsische Sparkassenstiftung und das Nieders\u00e4chsische Ministerium f\u00fcr Wissenschaft und Kultur zeichnen die in Hannover lebende K\u00fcnstlerin Isabel Nu\u00f1o de Buen mit dem Sprengel-Preis f\u00fcr Bildende Kunst 2021 aus. Der Preis wird in Kooperation mit dem Sprengel Museum Hannover vergeben und ist mit dem Reisestipendium \u201eNiedersachsen in Europa\u201c verkn\u00fcpft.<\/p>\n<p>\u201eMit dem Sprengel-Preis f\u00fcr Bildende Kunst ehren wir alle zwei Jahre K\u00fcnstlerinnen und K\u00fcnstler, die mit ihrem Schaffen einen wichtigen Beitrag zur zeitgen\u00f6ssischen Kunst leisten. Ich bin mir sicher, dass Isabel Nu\u00f1o de Buen insbesondere durch das mit dem Preis verbundene Reisestipendium viele neue k\u00fcnstlerische Impulse in ihre Arbeiten aufnehmen wird\u201c, sagt Niedersachsens Kulturminister Bj\u00f6rn Th\u00fcmler.<\/p>\n<p>\u201eDer neu konzipierte Sprengel-Preis f\u00fcr Bildende Kunst, den die Nieders\u00e4chsische Sparkassenstiftung seit 1991 vergibt, legt mit dem integrierten Reisestipendium einen Fokus auf den Kulturaustausch in Europa. Wir freuen uns, mit Isabel Nu\u00f1o de Buen eine erste Preistr\u00e4gerin auszeichnen zu k\u00f6nnen, die in Frankreich und Spanien Anregungen f\u00fcr ihre k\u00fcnstlerische Arbeit sammeln wird\u201c, f\u00fcgt Dr. Johannes Janssen, Stiftungsdirektor der Nieders\u00e4chsischen Sparkassenstiftung, hinzu.<\/p>\n<p>Die Preisjury begr\u00fcndet ihre Auswahl wie folgt: \u201eDie Jury hat Isabel Nu\u00f1o de Buen aus einer gro\u00dfen Zahl von sehr guten Bewerber*innen ausgew\u00e4hlt. Nu\u00f1o de Buens eigenwillige Position als Bildhauerin, die verschiedene Kulturen, Medien und Techniken in subtilen, zeichenhaften und skulpturalen Interventionen vereint, hat ebenso \u00fcberzeugt wie ihre j\u00fcngste Pr\u00e4sentation im gro\u00dfen Saal des Kunstvereins Hannover. Mit ihrer Beteiligung an der Publikationsinitiative Meta-Copy, die einen interessanten Beitrag zur Hannoverschen Kunstszene darstellt, verbindet sie sich mit weiteren K\u00fcnstler*innen und macht Kunst in Hannover sichtbar. Ihrer qualitativ herausragenden Arbeit wird gerade national und international gro\u00dfe Aufmerksamkeit zuteil. Zudem \u00fcberzeugte ihr Reisekonzept: Im Rahmen ihres Stipendiums plant Isabel Nu\u00f1o de Buen eine Reise durch Spanien und Frankreich, um dort historische Wandteppiche zu besichtigen und die eigene Arbeit in der unmittelbaren Auseinandersetzung mit diesen beeindruckenden Werken weiter zu entwickeln. Die Jury spricht Nu\u00f1o de Buen den Sprengel-Preis und das Reisestipendium an diesem wichtigen Zeitpunkt ihrer k\u00fcnstlerischen Laufbahn zu, um ihre vielversprechende Entwicklung der letzten Jahre weiter zu bef\u00f6rdern.\u201c<\/p>\n<p>Der Sprengel-Preis f\u00fcr Bildende Kunst ist mit 25.000 Euro dotiert. Davon stehen 12.500 Euro f\u00fcr einen bis zu sechsmonatigen Auslandsaufenthalt zur Verf\u00fcgung. Im Anschluss an den Auslandsaufenthalt finden im November 2021 die Verleihung des Sprengel-Preises f\u00fcr Bildende Kunst und eine Einzelausstellung im Sprengel Museum Hannover statt. Zur Er\u00f6ffnung der Ausstellung erscheint ein Katalog, der das Werk der Preistr\u00e4gerin sowie u.a. auch die Ergebnisse ihrer Reise dokumentiert.<\/p>\n<p><b>\u00dcber die K\u00fcnstlerin:<\/b><br \/>\nIsabel Nu\u00f1o de Buen wurde 1985 in Mexico City geboren und schloss 2014 ihr Studium an der HBK Braunschweig bei Bogomir Ecker ab. Sie lebt in Hannover. 2020 wurde sie mit dem F\u00f6rderpreis &#8222;Kataloge f\u00fcr junge K\u00fcnstler&#8220; der Alfried Krupp von Bohlen und Halbach Stiftung ausgezeichnet, 2016 erhielt sie den Preis des Kunstvereins Hannover und 2015 das Jahresstipendium des Landes Niedersachsen. Zuletzt war sie mit Einzelausstellungen im Kunstverein Hannover und in The 500 Capp Street Foundation in San Francisco zu sehen.<\/p>\n<p><b>\u00dcber die Jury:<\/b><br \/>\nDie F\u00f6rderung, die die Ausbildung herausragender junger K\u00fcnstlerinnen und K\u00fcnstler zum Ziel hat, erfolgt auf Empfehlung einer Jury. Mitglieder sind Stefan Becker (Vors. des Vereins der Freunde des Sprengel Museum Hannover), Julienne Lorz (Chefkuratorin, Martin-Gropius-Bau), Noor Mertens (K\u00fcnstlerische Leiterin, Kunstverein Langenhagen), Veronika Olbrich (Referentin f\u00fcr bildende Kunst, MWK), Dr. Carina Plath (stellvertretende Direktorin, Sprengel Museum Hannover), Prof. Thomas Rentmeister (Hochschule f\u00fcr Bildende K\u00fcnste Braunschweig) und Ulrike Schneider (Referentin f\u00fcr bildende Kunst, Nieders\u00e4chsische Sparkassenstiftung).<\/p>\n","protected":false},"excerpt":{"rendered":"<p>Die Nieders\u00e4chsische Sparkassenstiftung und das Nieders\u00e4chsische Ministerium f\u00fcr Wissenschaft und Kultur zeichnen die in Hannover lebende K\u00fcnstlerin Isabel Nu\u00f1o de Buen mit dem Sprengel-Preis f\u00fcr Bildende Kunst 2021 aus. Der Preis wird in Kooperation mit dem Sprengel Museum Hannover vergeben und ist mit dem Reisestipendium \u201eNiedersachsen in Europa\u201c verkn\u00fcpft. \u201eMit dem Sprengel-Preis f\u00fcr Bildende Kunst [&hellip;]<\/p>\n","protected":false},"author":1,"featured_media":1576,"comment_status":"closed","ping_status":"closed","sticky":false,"template":"","format":"standard","meta":{"saved_in_kubio":false,"footnotes":""},"categories":[1],"tags":[],"class_list":["post-1574","post","type-post","status-publish","format-standard","has-post-thumbnail","hentry","category-allgemein"],"yoast_head":"<!-- This site is optimized with the Yoast SEO plugin v27.5 - https:\/\/yoast.com\/product\/yoast-seo-wordpress\/ -->\n<title>Isabel Nu\u00f1o de Buen erh\u00e4lt Sprengel-Preis f\u00fcr Bildende Kunst 2021 - Radio Leinewelle<\/title>\n<meta name=\"robots\" content=\"index, follow, max-snippet:-1, max-image-preview:large, max-video-preview:-1\" \/>\n<link rel=\"canonical\" href=\"https:\/\/radioleinewelle.de\/index.php\/2020\/09\/14\/isabel-nuno-de-buen-erhaelt-sprengel-preis-fuer-bildende-kunst-2021\/\" \/>\n<meta property=\"og:locale\" content=\"de_DE\" \/>\n<meta property=\"og:type\" content=\"article\" \/>\n<meta property=\"og:title\" content=\"Isabel Nu\u00f1o de Buen erh\u00e4lt Sprengel-Preis f\u00fcr Bildende Kunst 2021 - Radio Leinewelle\" \/>\n<meta property=\"og:description\" content=\"Die Nieders\u00e4chsische Sparkassenstiftung und das Nieders\u00e4chsische Ministerium f\u00fcr Wissenschaft und Kultur zeichnen die in Hannover lebende K\u00fcnstlerin Isabel Nu\u00f1o de Buen mit dem Sprengel-Preis f\u00fcr Bildende Kunst 2021 aus. Der Preis wird in Kooperation mit dem Sprengel Museum Hannover vergeben und ist mit dem Reisestipendium \u201eNiedersachsen in Europa\u201c verkn\u00fcpft. \u201eMit dem Sprengel-Preis f\u00fcr Bildende Kunst [&hellip;]\" \/>\n<meta property=\"og:url\" content=\"https:\/\/radioleinewelle.de\/index.php\/2020\/09\/14\/isabel-nuno-de-buen-erhaelt-sprengel-preis-fuer-bildende-kunst-2021\/\" \/>\n<meta property=\"og:site_name\" content=\"Radio Leinewelle\" \/>\n<meta property=\"article:publisher\" content=\"https:\/\/www.facebook.com\/radioleinewelle\" \/>\n<meta property=\"article:author\" content=\"https:\/\/www.facebook.com\/radioleinewelle\" \/>\n<meta property=\"article:published_time\" content=\"2020-09-14T06:13:36+00:00\" \/>\n<meta property=\"og:image\" content=\"https:\/\/radioleinewelle.de\/wp-content\/uploads\/2020\/09\/Sprengel-Preis-2021-e1599858140218.jpg\" \/>\n\t<meta property=\"og:image:width\" content=\"300\" \/>\n\t<meta property=\"og:image:height\" content=\"200\" \/>\n\t<meta property=\"og:image:type\" content=\"image\/jpeg\" \/>\n<meta name=\"author\" content=\"Leinewelle\" \/>\n<meta name=\"twitter:card\" content=\"summary_large_image\" \/>\n<meta name=\"twitter:creator\" content=\"@https:\/\/twitter.com\/RLeinewelle?ref_src=twsrcgoogletwcampserptwgrauthor\" \/>\n<meta name=\"twitter:site\" content=\"@RLeinewelle\" \/>\n<meta name=\"twitter:label1\" content=\"Verfasst von\" \/>\n\t<meta name=\"twitter:data1\" content=\"Leinewelle\" \/>\n\t<meta name=\"twitter:label2\" content=\"Gesch\u00e4tzte Lesezeit\" \/>\n\t<meta name=\"twitter:data2\" content=\"3\u00a0Minuten\" \/>\n<script type=\"application\/ld+json\" class=\"yoast-schema-graph\">{\"@context\":\"https:\\\/\\\/schema.org\",\"@graph\":[{\"@type\":\"Article\",\"@id\":\"https:\\\/\\\/radioleinewelle.de\\\/index.php\\\/2020\\\/09\\\/14\\\/isabel-nuno-de-buen-erhaelt-sprengel-preis-fuer-bildende-kunst-2021\\\/#article\",\"isPartOf\":{\"@id\":\"https:\\\/\\\/radioleinewelle.de\\\/index.php\\\/2020\\\/09\\\/14\\\/isabel-nuno-de-buen-erhaelt-sprengel-preis-fuer-bildende-kunst-2021\\\/\"},\"author\":{\"name\":\"Leinewelle\",\"@id\":\"https:\\\/\\\/radioleinewelle.de\\\/#\\\/schema\\\/person\\\/45606f348637df637192dc1b68399a63\"},\"headline\":\"Isabel Nu\u00f1o de Buen erh\u00e4lt Sprengel-Preis f\u00fcr Bildende Kunst 2021\",\"datePublished\":\"2020-09-14T06:13:36+00:00\",\"mainEntityOfPage\":{\"@id\":\"https:\\\/\\\/radioleinewelle.de\\\/index.php\\\/2020\\\/09\\\/14\\\/isabel-nuno-de-buen-erhaelt-sprengel-preis-fuer-bildende-kunst-2021\\\/\"},\"wordCount\":618,\"publisher\":{\"@id\":\"https:\\\/\\\/radioleinewelle.de\\\/#organization\"},\"image\":{\"@id\":\"https:\\\/\\\/radioleinewelle.de\\\/index.php\\\/2020\\\/09\\\/14\\\/isabel-nuno-de-buen-erhaelt-sprengel-preis-fuer-bildende-kunst-2021\\\/#primaryimage\"},\"thumbnailUrl\":\"https:\\\/\\\/radioleinewelle.de\\\/wp-content\\\/uploads\\\/2020\\\/09\\\/Sprengel-Preis-2021-e1599858140218.jpg\",\"inLanguage\":\"de\"},{\"@type\":\"WebPage\",\"@id\":\"https:\\\/\\\/radioleinewelle.de\\\/index.php\\\/2020\\\/09\\\/14\\\/isabel-nuno-de-buen-erhaelt-sprengel-preis-fuer-bildende-kunst-2021\\\/\",\"url\":\"https:\\\/\\\/radioleinewelle.de\\\/index.php\\\/2020\\\/09\\\/14\\\/isabel-nuno-de-buen-erhaelt-sprengel-preis-fuer-bildende-kunst-2021\\\/\",\"name\":\"Isabel Nu\u00f1o de Buen erh\u00e4lt Sprengel-Preis f\u00fcr Bildende Kunst 2021 - Radio Leinewelle\",\"isPartOf\":{\"@id\":\"https:\\\/\\\/radioleinewelle.de\\\/#website\"},\"primaryImageOfPage\":{\"@id\":\"https:\\\/\\\/radioleinewelle.de\\\/index.php\\\/2020\\\/09\\\/14\\\/isabel-nuno-de-buen-erhaelt-sprengel-preis-fuer-bildende-kunst-2021\\\/#primaryimage\"},\"image\":{\"@id\":\"https:\\\/\\\/radioleinewelle.de\\\/index.php\\\/2020\\\/09\\\/14\\\/isabel-nuno-de-buen-erhaelt-sprengel-preis-fuer-bildende-kunst-2021\\\/#primaryimage\"},\"thumbnailUrl\":\"https:\\\/\\\/radioleinewelle.de\\\/wp-content\\\/uploads\\\/2020\\\/09\\\/Sprengel-Preis-2021-e1599858140218.jpg\",\"datePublished\":\"2020-09-14T06:13:36+00:00\",\"breadcrumb\":{\"@id\":\"https:\\\/\\\/radioleinewelle.de\\\/index.php\\\/2020\\\/09\\\/14\\\/isabel-nuno-de-buen-erhaelt-sprengel-preis-fuer-bildende-kunst-2021\\\/#breadcrumb\"},\"inLanguage\":\"de\",\"potentialAction\":[{\"@type\":\"ReadAction\",\"target\":[\"https:\\\/\\\/radioleinewelle.de\\\/index.php\\\/2020\\\/09\\\/14\\\/isabel-nuno-de-buen-erhaelt-sprengel-preis-fuer-bildende-kunst-2021\\\/\"]}]},{\"@type\":\"ImageObject\",\"inLanguage\":\"de\",\"@id\":\"https:\\\/\\\/radioleinewelle.de\\\/index.php\\\/2020\\\/09\\\/14\\\/isabel-nuno-de-buen-erhaelt-sprengel-preis-fuer-bildende-kunst-2021\\\/#primaryimage\",\"url\":\"https:\\\/\\\/radioleinewelle.de\\\/wp-content\\\/uploads\\\/2020\\\/09\\\/Sprengel-Preis-2021-e1599858140218.jpg\",\"contentUrl\":\"https:\\\/\\\/radioleinewelle.de\\\/wp-content\\\/uploads\\\/2020\\\/09\\\/Sprengel-Preis-2021-e1599858140218.jpg\",\"width\":300,\"height\":200,\"caption\":\"Kunstverein Hannover - Stipendiaten Villa Minimo 2017\\\/18: Isabel Nu\u00f1o de Buen\"},{\"@type\":\"BreadcrumbList\",\"@id\":\"https:\\\/\\\/radioleinewelle.de\\\/index.php\\\/2020\\\/09\\\/14\\\/isabel-nuno-de-buen-erhaelt-sprengel-preis-fuer-bildende-kunst-2021\\\/#breadcrumb\",\"itemListElement\":[{\"@type\":\"ListItem\",\"position\":1,\"name\":\"Startseite\",\"item\":\"https:\\\/\\\/radioleinewelle.de\\\/\"},{\"@type\":\"ListItem\",\"position\":2,\"name\":\"Isabel Nu\u00f1o de Buen erh\u00e4lt Sprengel-Preis f\u00fcr Bildende Kunst 2021\"}]},{\"@type\":\"WebSite\",\"@id\":\"https:\\\/\\\/radioleinewelle.de\\\/#website\",\"url\":\"https:\\\/\\\/radioleinewelle.de\\\/\",\"name\":\"Radio Leinewelle\",\"description\":\"\",\"publisher\":{\"@id\":\"https:\\\/\\\/radioleinewelle.de\\\/#organization\"},\"potentialAction\":[{\"@type\":\"SearchAction\",\"target\":{\"@type\":\"EntryPoint\",\"urlTemplate\":\"https:\\\/\\\/radioleinewelle.de\\\/?s={search_term_string}\"},\"query-input\":{\"@type\":\"PropertyValueSpecification\",\"valueRequired\":true,\"valueName\":\"search_term_string\"}}],\"inLanguage\":\"de\"},{\"@type\":\"Organization\",\"@id\":\"https:\\\/\\\/radioleinewelle.de\\\/#organization\",\"name\":\"Radio Leinewelle\",\"alternateName\":\"Mein Radio f\u00fcr S\u00fcdniedersachsen\",\"url\":\"https:\\\/\\\/radioleinewelle.de\\\/\",\"logo\":{\"@type\":\"ImageObject\",\"inLanguage\":\"de\",\"@id\":\"https:\\\/\\\/radioleinewelle.de\\\/#\\\/schema\\\/logo\\\/image\\\/\",\"url\":\"https:\\\/\\\/radioleinewelle.de\\\/wp-content\\\/uploads\\\/2023\\\/11\\\/cropped-Leinewelle_Logo_weiss.png\",\"contentUrl\":\"https:\\\/\\\/radioleinewelle.de\\\/wp-content\\\/uploads\\\/2023\\\/11\\\/cropped-Leinewelle_Logo_weiss.png\",\"width\":854,\"height\":260,\"caption\":\"Radio Leinewelle\"},\"image\":{\"@id\":\"https:\\\/\\\/radioleinewelle.de\\\/#\\\/schema\\\/logo\\\/image\\\/\"},\"sameAs\":[\"https:\\\/\\\/www.facebook.com\\\/radioleinewelle\",\"https:\\\/\\\/x.com\\\/RLeinewelle\",\"https:\\\/\\\/www.instagram.com\\\/radioleinewelle\\\/?hl=de\"]},{\"@type\":\"Person\",\"@id\":\"https:\\\/\\\/radioleinewelle.de\\\/#\\\/schema\\\/person\\\/45606f348637df637192dc1b68399a63\",\"name\":\"Leinewelle\",\"image\":{\"@type\":\"ImageObject\",\"inLanguage\":\"de\",\"@id\":\"https:\\\/\\\/secure.gravatar.com\\\/avatar\\\/05c9a17bc973052ee5d91549bd32fb4dd0dc85b7b85ae94b2e2b4943476bbea5?s=96&d=blank&r=g\",\"url\":\"https:\\\/\\\/secure.gravatar.com\\\/avatar\\\/05c9a17bc973052ee5d91549bd32fb4dd0dc85b7b85ae94b2e2b4943476bbea5?s=96&d=blank&r=g\",\"contentUrl\":\"https:\\\/\\\/secure.gravatar.com\\\/avatar\\\/05c9a17bc973052ee5d91549bd32fb4dd0dc85b7b85ae94b2e2b4943476bbea5?s=96&d=blank&r=g\",\"caption\":\"Leinewelle\"},\"sameAs\":[\"http:\\\/\\\/localhost\\\/radio%20leinewelle\\\/wordpress\",\"https:\\\/\\\/www.facebook.com\\\/radioleinewelle\",\"https:\\\/\\\/www.instagram.com\\\/radioleinewelle\",\"https:\\\/\\\/x.com\\\/https:\\\/\\\/twitter.com\\\/RLeinewelle?ref_src=twsrcgoogletwcampserptwgrauthor\",\"https:\\\/\\\/soundcloud.com\\\/foerderverein-lokalradio?utm_source=clipboard&utm_medium=text&utm_campaign=social_sharing\"],\"url\":\"https:\\\/\\\/radioleinewelle.de\\\/index.php\\\/author\\\/leinewelle\\\/\"}]}<\/script>\n<!-- \/ Yoast SEO plugin. -->","yoast_head_json":{"title":"Isabel Nu\u00f1o de Buen erh\u00e4lt Sprengel-Preis f\u00fcr Bildende Kunst 2021 - Radio Leinewelle","robots":{"index":"index","follow":"follow","max-snippet":"max-snippet:-1","max-image-preview":"max-image-preview:large","max-video-preview":"max-video-preview:-1"},"canonical":"https:\/\/radioleinewelle.de\/index.php\/2020\/09\/14\/isabel-nuno-de-buen-erhaelt-sprengel-preis-fuer-bildende-kunst-2021\/","og_locale":"de_DE","og_type":"article","og_title":"Isabel Nu\u00f1o de Buen erh\u00e4lt Sprengel-Preis f\u00fcr Bildende Kunst 2021 - Radio Leinewelle","og_description":"Die Nieders\u00e4chsische Sparkassenstiftung und das Nieders\u00e4chsische Ministerium f\u00fcr Wissenschaft und Kultur zeichnen die in Hannover lebende K\u00fcnstlerin Isabel Nu\u00f1o de Buen mit dem Sprengel-Preis f\u00fcr Bildende Kunst 2021 aus. Der Preis wird in Kooperation mit dem Sprengel Museum Hannover vergeben und ist mit dem Reisestipendium \u201eNiedersachsen in Europa\u201c verkn\u00fcpft. \u201eMit dem Sprengel-Preis f\u00fcr Bildende Kunst [&hellip;]","og_url":"https:\/\/radioleinewelle.de\/index.php\/2020\/09\/14\/isabel-nuno-de-buen-erhaelt-sprengel-preis-fuer-bildende-kunst-2021\/","og_site_name":"Radio Leinewelle","article_publisher":"https:\/\/www.facebook.com\/radioleinewelle","article_author":"https:\/\/www.facebook.com\/radioleinewelle","article_published_time":"2020-09-14T06:13:36+00:00","og_image":[{"width":300,"height":200,"url":"https:\/\/radioleinewelle.de\/wp-content\/uploads\/2020\/09\/Sprengel-Preis-2021-e1599858140218.jpg","type":"image\/jpeg"}],"author":"Leinewelle","twitter_card":"summary_large_image","twitter_creator":"@https:\/\/twitter.com\/RLeinewelle?ref_src=twsrcgoogletwcampserptwgrauthor","twitter_site":"@RLeinewelle","twitter_misc":{"Verfasst von":"Leinewelle","Gesch\u00e4tzte Lesezeit":"3\u00a0Minuten"},"schema":{"@context":"https:\/\/schema.org","@graph":[{"@type":"Article","@id":"https:\/\/radioleinewelle.de\/index.php\/2020\/09\/14\/isabel-nuno-de-buen-erhaelt-sprengel-preis-fuer-bildende-kunst-2021\/#article","isPartOf":{"@id":"https:\/\/radioleinewelle.de\/index.php\/2020\/09\/14\/isabel-nuno-de-buen-erhaelt-sprengel-preis-fuer-bildende-kunst-2021\/"},"author":{"name":"Leinewelle","@id":"https:\/\/radioleinewelle.de\/#\/schema\/person\/45606f348637df637192dc1b68399a63"},"headline":"Isabel Nu\u00f1o de Buen erh\u00e4lt Sprengel-Preis f\u00fcr Bildende Kunst 2021","datePublished":"2020-09-14T06:13:36+00:00","mainEntityOfPage":{"@id":"https:\/\/radioleinewelle.de\/index.php\/2020\/09\/14\/isabel-nuno-de-buen-erhaelt-sprengel-preis-fuer-bildende-kunst-2021\/"},"wordCount":618,"publisher":{"@id":"https:\/\/radioleinewelle.de\/#organization"},"image":{"@id":"https:\/\/radioleinewelle.de\/index.php\/2020\/09\/14\/isabel-nuno-de-buen-erhaelt-sprengel-preis-fuer-bildende-kunst-2021\/#primaryimage"},"thumbnailUrl":"https:\/\/radioleinewelle.de\/wp-content\/uploads\/2020\/09\/Sprengel-Preis-2021-e1599858140218.jpg","inLanguage":"de"},{"@type":"WebPage","@id":"https:\/\/radioleinewelle.de\/index.php\/2020\/09\/14\/isabel-nuno-de-buen-erhaelt-sprengel-preis-fuer-bildende-kunst-2021\/","url":"https:\/\/radioleinewelle.de\/index.php\/2020\/09\/14\/isabel-nuno-de-buen-erhaelt-sprengel-preis-fuer-bildende-kunst-2021\/","name":"Isabel Nu\u00f1o de Buen erh\u00e4lt Sprengel-Preis f\u00fcr Bildende Kunst 2021 - Radio Leinewelle","isPartOf":{"@id":"https:\/\/radioleinewelle.de\/#website"},"primaryImageOfPage":{"@id":"https:\/\/radioleinewelle.de\/index.php\/2020\/09\/14\/isabel-nuno-de-buen-erhaelt-sprengel-preis-fuer-bildende-kunst-2021\/#primaryimage"},"image":{"@id":"https:\/\/radioleinewelle.de\/index.php\/2020\/09\/14\/isabel-nuno-de-buen-erhaelt-sprengel-preis-fuer-bildende-kunst-2021\/#primaryimage"},"thumbnailUrl":"https:\/\/radioleinewelle.de\/wp-content\/uploads\/2020\/09\/Sprengel-Preis-2021-e1599858140218.jpg","datePublished":"2020-09-14T06:13:36+00:00","breadcrumb":{"@id":"https:\/\/radioleinewelle.de\/index.php\/2020\/09\/14\/isabel-nuno-de-buen-erhaelt-sprengel-preis-fuer-bildende-kunst-2021\/#breadcrumb"},"inLanguage":"de","potentialAction":[{"@type":"ReadAction","target":["https:\/\/radioleinewelle.de\/index.php\/2020\/09\/14\/isabel-nuno-de-buen-erhaelt-sprengel-preis-fuer-bildende-kunst-2021\/"]}]},{"@type":"ImageObject","inLanguage":"de","@id":"https:\/\/radioleinewelle.de\/index.php\/2020\/09\/14\/isabel-nuno-de-buen-erhaelt-sprengel-preis-fuer-bildende-kunst-2021\/#primaryimage","url":"https:\/\/radioleinewelle.de\/wp-content\/uploads\/2020\/09\/Sprengel-Preis-2021-e1599858140218.jpg","contentUrl":"https:\/\/radioleinewelle.de\/wp-content\/uploads\/2020\/09\/Sprengel-Preis-2021-e1599858140218.jpg","width":300,"height":200,"caption":"Kunstverein Hannover - Stipendiaten Villa Minimo 2017\/18: Isabel Nu\u00f1o de Buen"},{"@type":"BreadcrumbList","@id":"https:\/\/radioleinewelle.de\/index.php\/2020\/09\/14\/isabel-nuno-de-buen-erhaelt-sprengel-preis-fuer-bildende-kunst-2021\/#breadcrumb","itemListElement":[{"@type":"ListItem","position":1,"name":"Startseite","item":"https:\/\/radioleinewelle.de\/"},{"@type":"ListItem","position":2,"name":"Isabel Nu\u00f1o de Buen erh\u00e4lt Sprengel-Preis f\u00fcr Bildende Kunst 2021"}]},{"@type":"WebSite","@id":"https:\/\/radioleinewelle.de\/#website","url":"https:\/\/radioleinewelle.de\/","name":"Radio Leinewelle","description":"","publisher":{"@id":"https:\/\/radioleinewelle.de\/#organization"},"potentialAction":[{"@type":"SearchAction","target":{"@type":"EntryPoint","urlTemplate":"https:\/\/radioleinewelle.de\/?s={search_term_string}"},"query-input":{"@type":"PropertyValueSpecification","valueRequired":true,"valueName":"search_term_string"}}],"inLanguage":"de"},{"@type":"Organization","@id":"https:\/\/radioleinewelle.de\/#organization","name":"Radio Leinewelle","alternateName":"Mein Radio f\u00fcr S\u00fcdniedersachsen","url":"https:\/\/radioleinewelle.de\/","logo":{"@type":"ImageObject","inLanguage":"de","@id":"https:\/\/radioleinewelle.de\/#\/schema\/logo\/image\/","url":"https:\/\/radioleinewelle.de\/wp-content\/uploads\/2023\/11\/cropped-Leinewelle_Logo_weiss.png","contentUrl":"https:\/\/radioleinewelle.de\/wp-content\/uploads\/2023\/11\/cropped-Leinewelle_Logo_weiss.png","width":854,"height":260,"caption":"Radio Leinewelle"},"image":{"@id":"https:\/\/radioleinewelle.de\/#\/schema\/logo\/image\/"},"sameAs":["https:\/\/www.facebook.com\/radioleinewelle","https:\/\/x.com\/RLeinewelle","https:\/\/www.instagram.com\/radioleinewelle\/?hl=de"]},{"@type":"Person","@id":"https:\/\/radioleinewelle.de\/#\/schema\/person\/45606f348637df637192dc1b68399a63","name":"Leinewelle","image":{"@type":"ImageObject","inLanguage":"de","@id":"https:\/\/secure.gravatar.com\/avatar\/05c9a17bc973052ee5d91549bd32fb4dd0dc85b7b85ae94b2e2b4943476bbea5?s=96&d=blank&r=g","url":"https:\/\/secure.gravatar.com\/avatar\/05c9a17bc973052ee5d91549bd32fb4dd0dc85b7b85ae94b2e2b4943476bbea5?s=96&d=blank&r=g","contentUrl":"https:\/\/secure.gravatar.com\/avatar\/05c9a17bc973052ee5d91549bd32fb4dd0dc85b7b85ae94b2e2b4943476bbea5?s=96&d=blank&r=g","caption":"Leinewelle"},"sameAs":["http:\/\/localhost\/radio%20leinewelle\/wordpress","https:\/\/www.facebook.com\/radioleinewelle","https:\/\/www.instagram.com\/radioleinewelle","https:\/\/x.com\/https:\/\/twitter.com\/RLeinewelle?ref_src=twsrcgoogletwcampserptwgrauthor","https:\/\/soundcloud.com\/foerderverein-lokalradio?utm_source=clipboard&utm_medium=text&utm_campaign=social_sharing"],"url":"https:\/\/radioleinewelle.de\/index.php\/author\/leinewelle\/"}]}},"_links":{"self":[{"href":"https:\/\/radioleinewelle.de\/index.php\/wp-json\/wp\/v2\/posts\/1574","targetHints":{"allow":["GET"]}}],"collection":[{"href":"https:\/\/radioleinewelle.de\/index.php\/wp-json\/wp\/v2\/posts"}],"about":[{"href":"https:\/\/radioleinewelle.de\/index.php\/wp-json\/wp\/v2\/types\/post"}],"author":[{"embeddable":true,"href":"https:\/\/radioleinewelle.de\/index.php\/wp-json\/wp\/v2\/users\/1"}],"replies":[{"embeddable":true,"href":"https:\/\/radioleinewelle.de\/index.php\/wp-json\/wp\/v2\/comments?post=1574"}],"version-history":[{"count":0,"href":"https:\/\/radioleinewelle.de\/index.php\/wp-json\/wp\/v2\/posts\/1574\/revisions"}],"wp:featuredmedia":[{"embeddable":true,"href":"https:\/\/radioleinewelle.de\/index.php\/wp-json\/wp\/v2\/media\/1576"}],"wp:attachment":[{"href":"https:\/\/radioleinewelle.de\/index.php\/wp-json\/wp\/v2\/media?parent=1574"}],"wp:term":[{"taxonomy":"category","embeddable":true,"href":"https:\/\/radioleinewelle.de\/index.php\/wp-json\/wp\/v2\/categories?post=1574"},{"taxonomy":"post_tag","embeddable":true,"href":"https:\/\/radioleinewelle.de\/index.php\/wp-json\/wp\/v2\/tags?post=1574"}],"curies":[{"name":"wp","href":"https:\/\/api.w.org\/{rel}","templated":true}]}}